{"id":6025,"date":"2023-01-10T00:41:00","date_gmt":"2023-01-09T23:41:00","guid":{"rendered":"https:\/\/magazin.ikk-suedwest.de\/februar-2023\/?p=6025"},"modified":"2023-02-02T08:26:43","modified_gmt":"2023-02-02T07:26:43","slug":"weihnachtliche-spenden-fuer-die-gute-sache","status":"publish","type":"post","link":"https:\/\/magazin.ikk-suedwest.de\/februar-2023\/weihnachtliche-spenden-fuer-die-gute-sache\/","title":{"rendered":"Weihnachtliche Spenden f\u00fcr die gute Sache"},"content":{"rendered":"<div class=\"shariff shariff-align-left shariff-widget-align-left\"><ul class=\"shariff-buttons theme-round orientation-horizontal buttonsize-medium\"><li class=\"shariff-button twitter shariff-nocustomcolor\" style=\"background-color:#595959\"><a href=\"https:\/\/twitter.com\/share?url=https%3A%2F%2Fmagazin.ikk-suedwest.de%2Ffebruar-2023%2Fweihnachtliche-spenden-fuer-die-gute-sache%2F&text=Weihnachtliche%20Spenden%20f%C3%BCr%20die%20gute%20Sache\" title=\"Bei X teilen\" aria-label=\"Bei X teilen\" role=\"button\" rel=\"noopener nofollow\" class=\"shariff-link\" style=\"; background-color:#000; color:#fff\" target=\"_blank\"><span class=\"shariff-icon\" style=\"\"><svg width=\"32px\" height=\"20px\" xmlns=\"http:\/\/www.w3.org\/2000\/svg\" viewBox=\"0 0 24 24\"><path fill=\"#000\" d=\"M14.258 10.152L23.176 0h-2.113l-7.747 8.813L7.133 0H0l9.352 13.328L0 23.973h2.113l8.176-9.309 6.531 9.309h7.133zm-2.895 3.293l-.949-1.328L2.875 1.56h3.246l6.086 8.523.945 1.328 7.91 11.078h-3.246zm0 0\"\/><\/svg><\/span><\/a><\/li><li class=\"shariff-button facebook shariff-nocustomcolor\" style=\"background-color:#4273c8\"><a href=\"https:\/\/www.facebook.com\/sharer\/sharer.php?u=https%3A%2F%2Fmagazin.ikk-suedwest.de%2Ffebruar-2023%2Fweihnachtliche-spenden-fuer-die-gute-sache%2F\" title=\"Bei Facebook teilen\" aria-label=\"Bei Facebook teilen\" role=\"button\" rel=\"nofollow\" class=\"shariff-link\" style=\"; background-color:#3b5998; color:#fff\" target=\"_blank\"><span class=\"shariff-icon\" style=\"\"><svg width=\"32px\" height=\"20px\" xmlns=\"http:\/\/www.w3.org\/2000\/svg\" viewBox=\"0 0 18 32\"><path fill=\"#3b5998\" d=\"M17.1 0.2v4.7h-2.8q-1.5 0-2.1 0.6t-0.5 1.9v3.4h5.2l-0.7 5.3h-4.5v13.6h-5.5v-13.6h-4.5v-5.3h4.5v-3.9q0-3.3 1.9-5.2t5-1.8q2.6 0 4.1 0.2z\"\/><\/svg><\/span><\/a><\/li><li class=\"shariff-button whatsapp shariff-nocustomcolor\" style=\"background-color:#5cbe4a\"><a href=\"https:\/\/api.whatsapp.com\/send?text=https%3A%2F%2Fmagazin.ikk-suedwest.de%2Ffebruar-2023%2Fweihnachtliche-spenden-fuer-die-gute-sache%2F%20Weihnachtliche%20Spenden%20f%C3%BCr%20die%20gute%20Sache\" title=\"Bei Whatsapp teilen\" aria-label=\"Bei Whatsapp teilen\" role=\"button\" rel=\"noopener nofollow\" class=\"shariff-link\" style=\"; background-color:#34af23; color:#fff\" target=\"_blank\"><span class=\"shariff-icon\" style=\"\"><svg width=\"32px\" height=\"20px\" xmlns=\"http:\/\/www.w3.org\/2000\/svg\" viewBox=\"0 0 32 32\"><path fill=\"#34af23\" d=\"M17.6 17.4q0.2 0 1.7 0.8t1.6 0.9q0 0.1 0 0.3 0 0.6-0.3 1.4-0.3 0.7-1.3 1.2t-1.8 0.5q-1 0-3.4-1.1-1.7-0.8-3-2.1t-2.6-3.3q-1.3-1.9-1.3-3.5v-0.1q0.1-1.6 1.3-2.8 0.4-0.4 0.9-0.4 0.1 0 0.3 0t0.3 0q0.3 0 0.5 0.1t0.3 0.5q0.1 0.4 0.6 1.6t0.4 1.3q0 0.4-0.6 1t-0.6 0.8q0 0.1 0.1 0.3 0.6 1.3 1.8 2.4 1 0.9 2.7 1.8 0.2 0.1 0.4 0.1 0.3 0 1-0.9t0.9-0.9zM14 26.9q2.3 0 4.3-0.9t3.6-2.4 2.4-3.6 0.9-4.3-0.9-4.3-2.4-3.6-3.6-2.4-4.3-0.9-4.3 0.9-3.6 2.4-2.4 3.6-0.9 4.3q0 3.6 2.1 6.6l-1.4 4.2 4.3-1.4q2.8 1.9 6.2 1.9zM14 2.2q2.7 0 5.2 1.1t4.3 2.9 2.9 4.3 1.1 5.2-1.1 5.2-2.9 4.3-4.3 2.9-5.2 1.1q-3.5 0-6.5-1.7l-7.4 2.4 2.4-7.2q-1.9-3.2-1.9-6.9 0-2.7 1.1-5.2t2.9-4.3 4.3-2.9 5.2-1.1z\"\/><\/svg><\/span><\/a><\/li><li class=\"shariff-button mailto shariff-nocustomcolor\" style=\"background-color:#a8a8a8\"><a href=\"mailto:?body=https%3A%2F%2Fmagazin.ikk-suedwest.de%2Ffebruar-2023%2Fweihnachtliche-spenden-fuer-die-gute-sache%2F&subject=Weihnachtliche%20Spenden%20f%C3%BCr%20die%20gute%20Sache\" title=\"Per E-Mail versenden\" aria-label=\"Per E-Mail versenden\" role=\"button\" rel=\"noopener nofollow\" class=\"shariff-link\" style=\"; background-color:#999; color:#fff\"><span class=\"shariff-icon\" style=\"\"><svg width=\"32px\" height=\"20px\" xmlns=\"http:\/\/www.w3.org\/2000\/svg\" viewBox=\"0 0 32 32\"><path fill=\"#999\" d=\"M32 12.7v14.2q0 1.2-0.8 2t-2 0.9h-26.3q-1.2 0-2-0.9t-0.8-2v-14.2q0.8 0.9 1.8 1.6 6.5 4.4 8.9 6.1 1 0.8 1.6 1.2t1.7 0.9 2 0.4h0.1q0.9 0 2-0.4t1.7-0.9 1.6-1.2q3-2.2 8.9-6.1 1-0.7 1.8-1.6zM32 7.4q0 1.4-0.9 2.7t-2.2 2.2q-6.7 4.7-8.4 5.8-0.2 0.1-0.7 0.5t-1 0.7-0.9 0.6-1.1 0.5-0.9 0.2h-0.1q-0.4 0-0.9-0.2t-1.1-0.5-0.9-0.6-1-0.7-0.7-0.5q-1.6-1.1-4.7-3.2t-3.6-2.6q-1.1-0.7-2.1-2t-1-2.5q0-1.4 0.7-2.3t2.1-0.9h26.3q1.2 0 2 0.8t0.9 2z\"\/><\/svg><\/span><\/a><\/li><\/ul><\/div>\n\n\n\n<figure class=\"wp-block-image size-full\"><img loading=\"lazy\" decoding=\"async\" width=\"620\" height=\"328\" src=\"https:\/\/magazin.ikk-suedwest.de\/februar-2023\/wp-content\/uploads\/sites\/9\/2023\/01\/ikk_fm_2301_beitragsbild_s32_scheckuebergabe.jpg\" alt=\"\" class=\"wp-image-6027\" srcset=\"https:\/\/magazin.ikk-suedwest.de\/februar-2023\/wp-content\/uploads\/sites\/9\/2023\/01\/ikk_fm_2301_beitragsbild_s32_scheckuebergabe.jpg 620w, https:\/\/magazin.ikk-suedwest.de\/februar-2023\/wp-content\/uploads\/sites\/9\/2023\/01\/ikk_fm_2301_beitragsbild_s32_scheckuebergabe-300x159.jpg 300w, https:\/\/magazin.ikk-suedwest.de\/februar-2023\/wp-content\/uploads\/sites\/9\/2023\/01\/ikk_fm_2301_beitragsbild_s32_scheckuebergabe-370x196.jpg 370w, https:\/\/magazin.ikk-suedwest.de\/februar-2023\/wp-content\/uploads\/sites\/9\/2023\/01\/ikk_fm_2301_beitragsbild_s32_scheckuebergabe-270x143.jpg 270w, https:\/\/magazin.ikk-suedwest.de\/februar-2023\/wp-content\/uploads\/sites\/9\/2023\/01\/ikk_fm_2301_beitragsbild_s32_scheckuebergabe-570x302.jpg 570w\" sizes=\"auto, (max-width: 620px) 100vw, 620px\" \/><\/figure>\n\n\n\n<h1 class=\"wp-block-heading has-gridlove-acc-color has-text-color\">Weihnachtliche Spenden f\u00fcr die gute Sache<\/h1>\n\n\n\n<p class=\"wp-block-paragraph\">F\u00fcr die Menschen in Hessen, Rheinland-Pfalz und dem Saarland da sein \u2013 das hat sich die IKK S\u00fcdwest als Krankenkasse aus der Region auf die Fahne geschrieben. Und auch bei den Mitarbeitern der IKK wird das Engagement f\u00fcr die gute Sache gro\u00dfgeschrieben.<\/p>\n\n\n\n<p class=\"wp-block-paragraph\">Darum initiierte der Personalrat im Saarland eine Weihnachtsaktion, bei der die gro\u00dfartige Spendensumme von 1.600 Euro zusammenkam.<\/p>\n\n\n\n<figure class=\"wp-block-image size-large\"><img loading=\"lazy\" decoding=\"async\" width=\"1024\" height=\"684\" src=\"https:\/\/magazin.ikk-suedwest.de\/februar-2023\/wp-content\/uploads\/sites\/9\/2023\/01\/ikk_fm_2301_s32_spenden-1024x684.jpg\" alt=\"\" class=\"wp-image-6026\" srcset=\"https:\/\/magazin.ikk-suedwest.de\/februar-2023\/wp-content\/uploads\/sites\/9\/2023\/01\/ikk_fm_2301_s32_spenden-1024x684.jpg 1024w, https:\/\/magazin.ikk-suedwest.de\/februar-2023\/wp-content\/uploads\/sites\/9\/2023\/01\/ikk_fm_2301_s32_spenden-300x200.jpg 300w, https:\/\/magazin.ikk-suedwest.de\/februar-2023\/wp-content\/uploads\/sites\/9\/2023\/01\/ikk_fm_2301_s32_spenden-768x513.jpg 768w, https:\/\/magazin.ikk-suedwest.de\/februar-2023\/wp-content\/uploads\/sites\/9\/2023\/01\/ikk_fm_2301_s32_spenden-370x247.jpg 370w, https:\/\/magazin.ikk-suedwest.de\/februar-2023\/wp-content\/uploads\/sites\/9\/2023\/01\/ikk_fm_2301_s32_spenden-270x180.jpg 270w, https:\/\/magazin.ikk-suedwest.de\/februar-2023\/wp-content\/uploads\/sites\/9\/2023\/01\/ikk_fm_2301_s32_spenden-570x381.jpg 570w, https:\/\/magazin.ikk-suedwest.de\/februar-2023\/wp-content\/uploads\/sites\/9\/2023\/01\/ikk_fm_2301_s32_spenden-749x500.jpg 749w, https:\/\/magazin.ikk-suedwest.de\/februar-2023\/wp-content\/uploads\/sites\/9\/2023\/01\/ikk_fm_2301_s32_spenden-740x494.jpg 740w, https:\/\/magazin.ikk-suedwest.de\/februar-2023\/wp-content\/uploads\/sites\/9\/2023\/01\/ikk_fm_2301_s32_spenden.jpg 1225w\" sizes=\"auto, (max-width: 1024px) 100vw, 1024px\" \/><\/figure>\n\n\n\n<p class=\"wp-block-paragraph\">Ein toller Erfolg, von dem inzwischen auch die Louis-Braille-Schule in Lebach (oben), die Grundschule Gutberg in Saarwellingen (Mitte) sowie die Palliativstation der Kinderklinik Kohlhof in Neunkirchen profitieren. Unsere Personalr\u00e4te Daniel Fries und Nicole Kleber sowie IKK-Vorstand Prof. Dr. J\u00f6rg Loth freuten sich, die Spenden \u00fcberreichen zu k\u00f6nnen, und lobten die hervorragende Arbeit, die die Empf\u00e4nger jeden Tag leisten.<\/p>\n\n\n\n<figure class=\"wp-block-image size-full\"><img loading=\"lazy\" decoding=\"async\" width=\"620\" height=\"328\" src=\"https:\/\/magazin.ikk-suedwest.de\/februar-2023\/wp-content\/uploads\/sites\/9\/2023\/01\/ikk_fm_2301_beitragsbild_s32_scheckuebergabe_02.jpg\" alt=\"\" class=\"wp-image-6028\" srcset=\"https:\/\/magazin.ikk-suedwest.de\/februar-2023\/wp-content\/uploads\/sites\/9\/2023\/01\/ikk_fm_2301_beitragsbild_s32_scheckuebergabe_02.jpg 620w, https:\/\/magazin.ikk-suedwest.de\/februar-2023\/wp-content\/uploads\/sites\/9\/2023\/01\/ikk_fm_2301_beitragsbild_s32_scheckuebergabe_02-300x159.jpg 300w, https:\/\/magazin.ikk-suedwest.de\/februar-2023\/wp-content\/uploads\/sites\/9\/2023\/01\/ikk_fm_2301_beitragsbild_s32_scheckuebergabe_02-370x196.jpg 370w, https:\/\/magazin.ikk-suedwest.de\/februar-2023\/wp-content\/uploads\/sites\/9\/2023\/01\/ikk_fm_2301_beitragsbild_s32_scheckuebergabe_02-270x143.jpg 270w, https:\/\/magazin.ikk-suedwest.de\/februar-2023\/wp-content\/uploads\/sites\/9\/2023\/01\/ikk_fm_2301_beitragsbild_s32_scheckuebergabe_02-570x302.jpg 570w\" sizes=\"auto, (max-width: 620px) 100vw, 620px\" \/><\/figure>\n\n\n<div class=\"shariff shariff-align-left shariff-widget-align-left\"><ul class=\"shariff-buttons theme-round orientation-horizontal buttonsize-medium\"><li class=\"shariff-button twitter shariff-nocustomcolor\" style=\"background-color:#595959\"><a href=\"https:\/\/twitter.com\/share?url=https%3A%2F%2Fmagazin.ikk-suedwest.de%2Ffebruar-2023%2Fweihnachtliche-spenden-fuer-die-gute-sache%2F&text=Weihnachtliche%20Spenden%20f%C3%BCr%20die%20gute%20Sache\" title=\"Bei X teilen\" aria-label=\"Bei X teilen\" role=\"button\" rel=\"noopener nofollow\" class=\"shariff-link\" style=\"; background-color:#000; color:#fff\" target=\"_blank\"><span class=\"shariff-icon\" style=\"\"><svg width=\"32px\" height=\"20px\" xmlns=\"http:\/\/www.w3.org\/2000\/svg\" viewBox=\"0 0 24 24\"><path fill=\"#000\" d=\"M14.258 10.152L23.176 0h-2.113l-7.747 8.813L7.133 0H0l9.352 13.328L0 23.973h2.113l8.176-9.309 6.531 9.309h7.133zm-2.895 3.293l-.949-1.328L2.875 1.56h3.246l6.086 8.523.945 1.328 7.91 11.078h-3.246zm0 0\"\/><\/svg><\/span><\/a><\/li><li class=\"shariff-button facebook shariff-nocustomcolor\" style=\"background-color:#4273c8\"><a href=\"https:\/\/www.facebook.com\/sharer\/sharer.php?u=https%3A%2F%2Fmagazin.ikk-suedwest.de%2Ffebruar-2023%2Fweihnachtliche-spenden-fuer-die-gute-sache%2F\" title=\"Bei Facebook teilen\" aria-label=\"Bei Facebook teilen\" role=\"button\" rel=\"nofollow\" class=\"shariff-link\" style=\"; background-color:#3b5998; color:#fff\" target=\"_blank\"><span class=\"shariff-icon\" style=\"\"><svg width=\"32px\" height=\"20px\" xmlns=\"http:\/\/www.w3.org\/2000\/svg\" viewBox=\"0 0 18 32\"><path fill=\"#3b5998\" d=\"M17.1 0.2v4.7h-2.8q-1.5 0-2.1 0.6t-0.5 1.9v3.4h5.2l-0.7 5.3h-4.5v13.6h-5.5v-13.6h-4.5v-5.3h4.5v-3.9q0-3.3 1.9-5.2t5-1.8q2.6 0 4.1 0.2z\"\/><\/svg><\/span><\/a><\/li><li class=\"shariff-button whatsapp shariff-nocustomcolor\" style=\"background-color:#5cbe4a\"><a href=\"https:\/\/api.whatsapp.com\/send?text=https%3A%2F%2Fmagazin.ikk-suedwest.de%2Ffebruar-2023%2Fweihnachtliche-spenden-fuer-die-gute-sache%2F%20Weihnachtliche%20Spenden%20f%C3%BCr%20die%20gute%20Sache\" title=\"Bei Whatsapp teilen\" aria-label=\"Bei Whatsapp teilen\" role=\"button\" rel=\"noopener nofollow\" class=\"shariff-link\" style=\"; background-color:#34af23; color:#fff\" target=\"_blank\"><span class=\"shariff-icon\" style=\"\"><svg width=\"32px\" height=\"20px\" xmlns=\"http:\/\/www.w3.org\/2000\/svg\" viewBox=\"0 0 32 32\"><path fill=\"#34af23\" d=\"M17.6 17.4q0.2 0 1.7 0.8t1.6 0.9q0 0.1 0 0.3 0 0.6-0.3 1.4-0.3 0.7-1.3 1.2t-1.8 0.5q-1 0-3.4-1.1-1.7-0.8-3-2.1t-2.6-3.3q-1.3-1.9-1.3-3.5v-0.1q0.1-1.6 1.3-2.8 0.4-0.4 0.9-0.4 0.1 0 0.3 0t0.3 0q0.3 0 0.5 0.1t0.3 0.5q0.1 0.4 0.6 1.6t0.4 1.3q0 0.4-0.6 1t-0.6 0.8q0 0.1 0.1 0.3 0.6 1.3 1.8 2.4 1 0.9 2.7 1.8 0.2 0.1 0.4 0.1 0.3 0 1-0.9t0.9-0.9zM14 26.9q2.3 0 4.3-0.9t3.6-2.4 2.4-3.6 0.9-4.3-0.9-4.3-2.4-3.6-3.6-2.4-4.3-0.9-4.3 0.9-3.6 2.4-2.4 3.6-0.9 4.3q0 3.6 2.1 6.6l-1.4 4.2 4.3-1.4q2.8 1.9 6.2 1.9zM14 2.2q2.7 0 5.2 1.1t4.3 2.9 2.9 4.3 1.1 5.2-1.1 5.2-2.9 4.3-4.3 2.9-5.2 1.1q-3.5 0-6.5-1.7l-7.4 2.4 2.4-7.2q-1.9-3.2-1.9-6.9 0-2.7 1.1-5.2t2.9-4.3 4.3-2.9 5.2-1.1z\"\/><\/svg><\/span><\/a><\/li><li class=\"shariff-button mailto shariff-nocustomcolor\" style=\"background-color:#a8a8a8\"><a href=\"mailto:?body=https%3A%2F%2Fmagazin.ikk-suedwest.de%2Ffebruar-2023%2Fweihnachtliche-spenden-fuer-die-gute-sache%2F&subject=Weihnachtliche%20Spenden%20f%C3%BCr%20die%20gute%20Sache\" title=\"Per E-Mail versenden\" aria-label=\"Per E-Mail versenden\" role=\"button\" rel=\"noopener nofollow\" class=\"shariff-link\" style=\"; background-color:#999; color:#fff\"><span class=\"shariff-icon\" style=\"\"><svg width=\"32px\" height=\"20px\" xmlns=\"http:\/\/www.w3.org\/2000\/svg\" viewBox=\"0 0 32 32\"><path fill=\"#999\" d=\"M32 12.7v14.2q0 1.2-0.8 2t-2 0.9h-26.3q-1.2 0-2-0.9t-0.8-2v-14.2q0.8 0.9 1.8 1.6 6.5 4.4 8.9 6.1 1 0.8 1.6 1.2t1.7 0.9 2 0.4h0.1q0.9 0 2-0.4t1.7-0.9 1.6-1.2q3-2.2 8.9-6.1 1-0.7 1.8-1.6zM32 7.4q0 1.4-0.9 2.7t-2.2 2.2q-6.7 4.7-8.4 5.8-0.2 0.1-0.7 0.5t-1 0.7-0.9 0.6-1.1 0.5-0.9 0.2h-0.1q-0.4 0-0.9-0.2t-1.1-0.5-0.9-0.6-1-0.7-0.7-0.5q-1.6-1.1-4.7-3.2t-3.6-2.6q-1.1-0.7-2.1-2t-1-2.5q0-1.4 0.7-2.3t2.1-0.9h26.3q1.2 0 2 0.8t0.9 2z\"\/><\/svg><\/span><\/a><\/li><\/ul><\/div>\n\n\n\n<p class=\"wp-block-paragraph\"><\/p>\n\n\n\n<div class=\"wp-block-buttons is-horizontal is-content-justification-left is-layout-flex wp-container-core-buttons-is-layout-39697d9b wp-block-buttons-is-layout-flex\">\n<div class=\"wp-block-button\"><a class=\"wp-block-button__link has-background wp-element-button\" href=\"javascript:history.back()\" style=\"background-color:#009fe3\">Zur\u00fcck<\/a><\/div>\n<\/div>\n","protected":false},"excerpt":{"rendered":"<p>F\u00fcr die Menschen in Hessen, Rheinland-Pfalz und dem Saarland da sein &#8230;<\/p>\n","protected":false},"author":1,"featured_media":6665,"comment_status":"closed","ping_status":"closed","sticky":false,"template":"","format":"standard","meta":{"_acf_changed":false,"_crdt_document":"","favoriteCount":0,"footnotes":""},"categories":[2],"tags":[],"class_list":["post-6025","post","type-post","status-publish","format-standard","has-post-thumbnail","hentry","category-aus-der-region"],"acf":[],"yoast_head":"<!-- This site is optimized with the Yoast SEO plugin v27.4 - https:\/\/yoast.com\/product\/yoast-seo-wordpress\/ -->\n<title>Weihnachtliche Spenden f\u00fcr die gute Sache - Februar 2023<\/title>\n<meta name=\"robots\" content=\"noindex, follow, max-snippet:-1, max-image-preview:large, max-video-preview:-1\" \/>\n<meta property=\"og:locale\" content=\"de_DE\" \/>\n<meta property=\"og:type\" content=\"article\" \/>\n<meta property=\"og:title\" content=\"Weihnachtliche Spenden f\u00fcr die gute Sache - Februar 2023\" \/>\n<meta property=\"og:description\" content=\"F\u00fcr die Menschen in Hessen, Rheinland-Pfalz und dem Saarland da sein ...\" \/>\n<meta property=\"og:url\" content=\"https:\/\/magazin.ikk-suedwest.de\/februar-2023\/weihnachtliche-spenden-fuer-die-gute-sache\/\" \/>\n<meta property=\"og:site_name\" content=\"Februar 2023\" \/>\n<meta property=\"article:published_time\" content=\"2023-01-09T23:41:00+00:00\" \/>\n<meta property=\"article:modified_time\" content=\"2023-02-02T07:26:43+00:00\" \/>\n<meta property=\"og:image\" content=\"https:\/\/magazin.ikk-suedwest.de\/februar-2023\/wp-content\/uploads\/sites\/9\/2023\/02\/ikk_fm_2301_beitragsbild_s32_scheckuebergabe_Kachel-1.jpg\" \/>\n\t<meta property=\"og:image:width\" content=\"620\" \/>\n\t<meta property=\"og:image:height\" content=\"328\" \/>\n\t<meta property=\"og:image:type\" content=\"image\/jpeg\" \/>\n<meta name=\"author\" content=\"fbo_master\" \/>\n<meta name=\"twitter:card\" content=\"summary_large_image\" \/>\n<meta name=\"twitter:label1\" content=\"Geschrieben von\" \/>\n\t<meta name=\"twitter:data1\" content=\"fbo_master\" \/>\n\t<meta name=\"twitter:label2\" content=\"Gesch\u00e4tzte Lesezeit\" \/>\n\t<meta name=\"twitter:data2\" content=\"2\u00a0Minuten\" \/>\n<script type=\"application\/ld+json\" class=\"yoast-schema-graph\">{\"@context\":\"https:\\\/\\\/schema.org\",\"@graph\":[{\"@type\":\"Article\",\"@id\":\"https:\\\/\\\/magazin.ikk-suedwest.de\\\/februar-2023\\\/weihnachtliche-spenden-fuer-die-gute-sache\\\/#article\",\"isPartOf\":{\"@id\":\"https:\\\/\\\/magazin.ikk-suedwest.de\\\/februar-2023\\\/weihnachtliche-spenden-fuer-die-gute-sache\\\/\"},\"author\":{\"name\":\"fbo_master\",\"@id\":\"https:\\\/\\\/magazin.ikk-suedwest.de\\\/februar-2023\\\/#\\\/schema\\\/person\\\/636237f711a5aed151e44ddcc2de114a\"},\"headline\":\"Weihnachtliche Spenden f\u00fcr die gute Sache\",\"datePublished\":\"2023-01-09T23:41:00+00:00\",\"dateModified\":\"2023-02-02T07:26:43+00:00\",\"mainEntityOfPage\":{\"@id\":\"https:\\\/\\\/magazin.ikk-suedwest.de\\\/februar-2023\\\/weihnachtliche-spenden-fuer-die-gute-sache\\\/\"},\"wordCount\":142,\"image\":{\"@id\":\"https:\\\/\\\/magazin.ikk-suedwest.de\\\/februar-2023\\\/weihnachtliche-spenden-fuer-die-gute-sache\\\/#primaryimage\"},\"thumbnailUrl\":\"https:\\\/\\\/magazin.ikk-suedwest.de\\\/februar-2023\\\/wp-content\\\/uploads\\\/sites\\\/9\\\/2023\\\/02\\\/ikk_fm_2301_beitragsbild_s32_scheckuebergabe_Kachel-1.jpg\",\"articleSection\":[\"Aus der Region\"],\"inLanguage\":\"de\"},{\"@type\":\"WebPage\",\"@id\":\"https:\\\/\\\/magazin.ikk-suedwest.de\\\/februar-2023\\\/weihnachtliche-spenden-fuer-die-gute-sache\\\/\",\"url\":\"https:\\\/\\\/magazin.ikk-suedwest.de\\\/februar-2023\\\/weihnachtliche-spenden-fuer-die-gute-sache\\\/\",\"name\":\"Weihnachtliche Spenden f\u00fcr die gute Sache - Februar 2023\",\"isPartOf\":{\"@id\":\"https:\\\/\\\/magazin.ikk-suedwest.de\\\/februar-2023\\\/#website\"},\"primaryImageOfPage\":{\"@id\":\"https:\\\/\\\/magazin.ikk-suedwest.de\\\/februar-2023\\\/weihnachtliche-spenden-fuer-die-gute-sache\\\/#primaryimage\"},\"image\":{\"@id\":\"https:\\\/\\\/magazin.ikk-suedwest.de\\\/februar-2023\\\/weihnachtliche-spenden-fuer-die-gute-sache\\\/#primaryimage\"},\"thumbnailUrl\":\"https:\\\/\\\/magazin.ikk-suedwest.de\\\/februar-2023\\\/wp-content\\\/uploads\\\/sites\\\/9\\\/2023\\\/02\\\/ikk_fm_2301_beitragsbild_s32_scheckuebergabe_Kachel-1.jpg\",\"datePublished\":\"2023-01-09T23:41:00+00:00\",\"dateModified\":\"2023-02-02T07:26:43+00:00\",\"author\":{\"@id\":\"https:\\\/\\\/magazin.ikk-suedwest.de\\\/februar-2023\\\/#\\\/schema\\\/person\\\/636237f711a5aed151e44ddcc2de114a\"},\"breadcrumb\":{\"@id\":\"https:\\\/\\\/magazin.ikk-suedwest.de\\\/februar-2023\\\/weihnachtliche-spenden-fuer-die-gute-sache\\\/#breadcrumb\"},\"inLanguage\":\"de\",\"potentialAction\":[{\"@type\":\"ReadAction\",\"target\":[\"https:\\\/\\\/magazin.ikk-suedwest.de\\\/februar-2023\\\/weihnachtliche-spenden-fuer-die-gute-sache\\\/\"]}]},{\"@type\":\"ImageObject\",\"inLanguage\":\"de\",\"@id\":\"https:\\\/\\\/magazin.ikk-suedwest.de\\\/februar-2023\\\/weihnachtliche-spenden-fuer-die-gute-sache\\\/#primaryimage\",\"url\":\"https:\\\/\\\/magazin.ikk-suedwest.de\\\/februar-2023\\\/wp-content\\\/uploads\\\/sites\\\/9\\\/2023\\\/02\\\/ikk_fm_2301_beitragsbild_s32_scheckuebergabe_Kachel-1.jpg\",\"contentUrl\":\"https:\\\/\\\/magazin.ikk-suedwest.de\\\/februar-2023\\\/wp-content\\\/uploads\\\/sites\\\/9\\\/2023\\\/02\\\/ikk_fm_2301_beitragsbild_s32_scheckuebergabe_Kachel-1.jpg\",\"width\":620,\"height\":328},{\"@type\":\"BreadcrumbList\",\"@id\":\"https:\\\/\\\/magazin.ikk-suedwest.de\\\/februar-2023\\\/weihnachtliche-spenden-fuer-die-gute-sache\\\/#breadcrumb\",\"itemListElement\":[{\"@type\":\"ListItem\",\"position\":1,\"name\":\"Startseite\",\"item\":\"https:\\\/\\\/magazin.ikk-suedwest.de\\\/februar-2023\\\/\"},{\"@type\":\"ListItem\",\"position\":2,\"name\":\"Weihnachtliche Spenden f\u00fcr die gute Sache\"}]},{\"@type\":\"WebSite\",\"@id\":\"https:\\\/\\\/magazin.ikk-suedwest.de\\\/februar-2023\\\/#website\",\"url\":\"https:\\\/\\\/magazin.ikk-suedwest.de\\\/februar-2023\\\/\",\"name\":\"Februar 2023\",\"description\":\"Eine weitere IKK Magazin Ausgaben Website\",\"potentialAction\":[{\"@type\":\"SearchAction\",\"target\":{\"@type\":\"EntryPoint\",\"urlTemplate\":\"https:\\\/\\\/magazin.ikk-suedwest.de\\\/februar-2023\\\/?s={search_term_string}\"},\"query-input\":{\"@type\":\"PropertyValueSpecification\",\"valueRequired\":true,\"valueName\":\"search_term_string\"}}],\"inLanguage\":\"de\"},{\"@type\":\"Person\",\"@id\":\"https:\\\/\\\/magazin.ikk-suedwest.de\\\/februar-2023\\\/#\\\/schema\\\/person\\\/636237f711a5aed151e44ddcc2de114a\",\"name\":\"fbo_master\",\"image\":{\"@type\":\"ImageObject\",\"inLanguage\":\"de\",\"@id\":\"https:\\\/\\\/secure.gravatar.com\\\/avatar\\\/5e042e587c1d6c68d3fadd024e871a65399da22a9ef5e23b274af331bde574af?s=96&d=mm&r=g\",\"url\":\"https:\\\/\\\/secure.gravatar.com\\\/avatar\\\/5e042e587c1d6c68d3fadd024e871a65399da22a9ef5e23b274af331bde574af?s=96&d=mm&r=g\",\"contentUrl\":\"https:\\\/\\\/secure.gravatar.com\\\/avatar\\\/5e042e587c1d6c68d3fadd024e871a65399da22a9ef5e23b274af331bde574af?s=96&d=mm&r=g\",\"caption\":\"fbo_master\"},\"sameAs\":[\"https:\\\/\\\/magazin.ikk-suedwest.de\"],\"url\":\"https:\\\/\\\/magazin.ikk-suedwest.de\\\/februar-2023\\\/author\\\/fbo_master\\\/\"}]}<\/script>\n<!-- \/ Yoast SEO plugin. -->","yoast_head_json":{"title":"Weihnachtliche Spenden f\u00fcr die gute Sache - Februar 2023","robots":{"index":"noindex","follow":"follow","max-snippet":"max-snippet:-1","max-image-preview":"max-image-preview:large","max-video-preview":"max-video-preview:-1"},"og_locale":"de_DE","og_type":"article","og_title":"Weihnachtliche Spenden f\u00fcr die gute Sache - Februar 2023","og_description":"F\u00fcr die Menschen in Hessen, Rheinland-Pfalz und dem Saarland da sein ...","og_url":"https:\/\/magazin.ikk-suedwest.de\/februar-2023\/weihnachtliche-spenden-fuer-die-gute-sache\/","og_site_name":"Februar 2023","article_published_time":"2023-01-09T23:41:00+00:00","article_modified_time":"2023-02-02T07:26:43+00:00","og_image":[{"width":620,"height":328,"url":"https:\/\/magazin.ikk-suedwest.de\/februar-2023\/wp-content\/uploads\/sites\/9\/2023\/02\/ikk_fm_2301_beitragsbild_s32_scheckuebergabe_Kachel-1.jpg","type":"image\/jpeg"}],"author":"fbo_master","twitter_card":"summary_large_image","twitter_misc":{"Geschrieben von":"fbo_master","Gesch\u00e4tzte Lesezeit":"2\u00a0Minuten"},"schema":{"@context":"https:\/\/schema.org","@graph":[{"@type":"Article","@id":"https:\/\/magazin.ikk-suedwest.de\/februar-2023\/weihnachtliche-spenden-fuer-die-gute-sache\/#article","isPartOf":{"@id":"https:\/\/magazin.ikk-suedwest.de\/februar-2023\/weihnachtliche-spenden-fuer-die-gute-sache\/"},"author":{"name":"fbo_master","@id":"https:\/\/magazin.ikk-suedwest.de\/februar-2023\/#\/schema\/person\/636237f711a5aed151e44ddcc2de114a"},"headline":"Weihnachtliche Spenden f\u00fcr die gute Sache","datePublished":"2023-01-09T23:41:00+00:00","dateModified":"2023-02-02T07:26:43+00:00","mainEntityOfPage":{"@id":"https:\/\/magazin.ikk-suedwest.de\/februar-2023\/weihnachtliche-spenden-fuer-die-gute-sache\/"},"wordCount":142,"image":{"@id":"https:\/\/magazin.ikk-suedwest.de\/februar-2023\/weihnachtliche-spenden-fuer-die-gute-sache\/#primaryimage"},"thumbnailUrl":"https:\/\/magazin.ikk-suedwest.de\/februar-2023\/wp-content\/uploads\/sites\/9\/2023\/02\/ikk_fm_2301_beitragsbild_s32_scheckuebergabe_Kachel-1.jpg","articleSection":["Aus der Region"],"inLanguage":"de"},{"@type":"WebPage","@id":"https:\/\/magazin.ikk-suedwest.de\/februar-2023\/weihnachtliche-spenden-fuer-die-gute-sache\/","url":"https:\/\/magazin.ikk-suedwest.de\/februar-2023\/weihnachtliche-spenden-fuer-die-gute-sache\/","name":"Weihnachtliche Spenden f\u00fcr die gute Sache - Februar 2023","isPartOf":{"@id":"https:\/\/magazin.ikk-suedwest.de\/februar-2023\/#website"},"primaryImageOfPage":{"@id":"https:\/\/magazin.ikk-suedwest.de\/februar-2023\/weihnachtliche-spenden-fuer-die-gute-sache\/#primaryimage"},"image":{"@id":"https:\/\/magazin.ikk-suedwest.de\/februar-2023\/weihnachtliche-spenden-fuer-die-gute-sache\/#primaryimage"},"thumbnailUrl":"https:\/\/magazin.ikk-suedwest.de\/februar-2023\/wp-content\/uploads\/sites\/9\/2023\/02\/ikk_fm_2301_beitragsbild_s32_scheckuebergabe_Kachel-1.jpg","datePublished":"2023-01-09T23:41:00+00:00","dateModified":"2023-02-02T07:26:43+00:00","author":{"@id":"https:\/\/magazin.ikk-suedwest.de\/februar-2023\/#\/schema\/person\/636237f711a5aed151e44ddcc2de114a"},"breadcrumb":{"@id":"https:\/\/magazin.ikk-suedwest.de\/februar-2023\/weihnachtliche-spenden-fuer-die-gute-sache\/#breadcrumb"},"inLanguage":"de","potentialAction":[{"@type":"ReadAction","target":["https:\/\/magazin.ikk-suedwest.de\/februar-2023\/weihnachtliche-spenden-fuer-die-gute-sache\/"]}]},{"@type":"ImageObject","inLanguage":"de","@id":"https:\/\/magazin.ikk-suedwest.de\/februar-2023\/weihnachtliche-spenden-fuer-die-gute-sache\/#primaryimage","url":"https:\/\/magazin.ikk-suedwest.de\/februar-2023\/wp-content\/uploads\/sites\/9\/2023\/02\/ikk_fm_2301_beitragsbild_s32_scheckuebergabe_Kachel-1.jpg","contentUrl":"https:\/\/magazin.ikk-suedwest.de\/februar-2023\/wp-content\/uploads\/sites\/9\/2023\/02\/ikk_fm_2301_beitragsbild_s32_scheckuebergabe_Kachel-1.jpg","width":620,"height":328},{"@type":"BreadcrumbList","@id":"https:\/\/magazin.ikk-suedwest.de\/februar-2023\/weihnachtliche-spenden-fuer-die-gute-sache\/#breadcrumb","itemListElement":[{"@type":"ListItem","position":1,"name":"Startseite","item":"https:\/\/magazin.ikk-suedwest.de\/februar-2023\/"},{"@type":"ListItem","position":2,"name":"Weihnachtliche Spenden f\u00fcr die gute Sache"}]},{"@type":"WebSite","@id":"https:\/\/magazin.ikk-suedwest.de\/februar-2023\/#website","url":"https:\/\/magazin.ikk-suedwest.de\/februar-2023\/","name":"Februar 2023","description":"Eine weitere IKK Magazin Ausgaben Website","potentialAction":[{"@type":"SearchAction","target":{"@type":"EntryPoint","urlTemplate":"https:\/\/magazin.ikk-suedwest.de\/februar-2023\/?s={search_term_string}"},"query-input":{"@type":"PropertyValueSpecification","valueRequired":true,"valueName":"search_term_string"}}],"inLanguage":"de"},{"@type":"Person","@id":"https:\/\/magazin.ikk-suedwest.de\/februar-2023\/#\/schema\/person\/636237f711a5aed151e44ddcc2de114a","name":"fbo_master","image":{"@type":"ImageObject","inLanguage":"de","@id":"https:\/\/secure.gravatar.com\/avatar\/5e042e587c1d6c68d3fadd024e871a65399da22a9ef5e23b274af331bde574af?s=96&d=mm&r=g","url":"https:\/\/secure.gravatar.com\/avatar\/5e042e587c1d6c68d3fadd024e871a65399da22a9ef5e23b274af331bde574af?s=96&d=mm&r=g","contentUrl":"https:\/\/secure.gravatar.com\/avatar\/5e042e587c1d6c68d3fadd024e871a65399da22a9ef5e23b274af331bde574af?s=96&d=mm&r=g","caption":"fbo_master"},"sameAs":["https:\/\/magazin.ikk-suedwest.de"],"url":"https:\/\/magazin.ikk-suedwest.de\/februar-2023\/author\/fbo_master\/"}]}},"_links":{"self":[{"href":"https:\/\/magazin.ikk-suedwest.de\/februar-2023\/wp-json\/wp\/v2\/posts\/6025","targetHints":{"allow":["GET"]}}],"collection":[{"href":"https:\/\/magazin.ikk-suedwest.de\/februar-2023\/wp-json\/wp\/v2\/posts"}],"about":[{"href":"https:\/\/magazin.ikk-suedwest.de\/februar-2023\/wp-json\/wp\/v2\/types\/post"}],"author":[{"embeddable":true,"href":"https:\/\/magazin.ikk-suedwest.de\/februar-2023\/wp-json\/wp\/v2\/users\/1"}],"replies":[{"embeddable":true,"href":"https:\/\/magazin.ikk-suedwest.de\/februar-2023\/wp-json\/wp\/v2\/comments?post=6025"}],"version-history":[{"count":5,"href":"https:\/\/magazin.ikk-suedwest.de\/februar-2023\/wp-json\/wp\/v2\/posts\/6025\/revisions"}],"predecessor-version":[{"id":6667,"href":"https:\/\/magazin.ikk-suedwest.de\/februar-2023\/wp-json\/wp\/v2\/posts\/6025\/revisions\/6667"}],"wp:featuredmedia":[{"embeddable":true,"href":"https:\/\/magazin.ikk-suedwest.de\/februar-2023\/wp-json\/wp\/v2\/media\/6665"}],"wp:attachment":[{"href":"https:\/\/magazin.ikk-suedwest.de\/februar-2023\/wp-json\/wp\/v2\/media?parent=6025"}],"wp:term":[{"taxonomy":"category","embeddable":true,"href":"https:\/\/magazin.ikk-suedwest.de\/februar-2023\/wp-json\/wp\/v2\/categories?post=6025"},{"taxonomy":"post_tag","embeddable":true,"href":"https:\/\/magazin.ikk-suedwest.de\/februar-2023\/wp-json\/wp\/v2\/tags?post=6025"}],"curies":[{"name":"wp","href":"https:\/\/api.w.org\/{rel}","templated":true}]}}