{"id":6139,"date":"2023-01-10T00:02:41","date_gmt":"2023-01-09T23:02:41","guid":{"rendered":"https:\/\/magazin.ikk-suedwest.de\/februar-2023\/?p=6139"},"modified":"2023-02-02T09:56:37","modified_gmt":"2023-02-02T08:56:37","slug":"das-plus-fu%cc%88r-ihre-gesundheit","status":"publish","type":"post","link":"https:\/\/magazin.ikk-suedwest.de\/februar-2023\/das-plus-fu%cc%88r-ihre-gesundheit\/","title":{"rendered":"Das Plus fu\u0308r Ihre Gesundheit"},"content":{"rendered":"<div class=\"shariff shariff-align-left shariff-widget-align-left\"><ul class=\"shariff-buttons theme-round orientation-horizontal buttonsize-medium\"><li class=\"shariff-button twitter shariff-nocustomcolor\" style=\"background-color:#595959\"><a href=\"https:\/\/twitter.com\/share?url=https%3A%2F%2Fmagazin.ikk-suedwest.de%2Ffebruar-2023%2Fdas-plus-fu%25cc%2588r-ihre-gesundheit%2F&text=Das%20Plus%20fu%CC%88r%20Ihre%20Gesundheit\" title=\"Bei X teilen\" aria-label=\"Bei X teilen\" role=\"button\" rel=\"noopener nofollow\" class=\"shariff-link\" style=\"; background-color:#000; color:#fff\" target=\"_blank\"><span class=\"shariff-icon\" style=\"\"><svg width=\"32px\" height=\"20px\" xmlns=\"http:\/\/www.w3.org\/2000\/svg\" viewBox=\"0 0 24 24\"><path fill=\"#000\" d=\"M14.258 10.152L23.176 0h-2.113l-7.747 8.813L7.133 0H0l9.352 13.328L0 23.973h2.113l8.176-9.309 6.531 9.309h7.133zm-2.895 3.293l-.949-1.328L2.875 1.56h3.246l6.086 8.523.945 1.328 7.91 11.078h-3.246zm0 0\"\/><\/svg><\/span><\/a><\/li><li class=\"shariff-button facebook shariff-nocustomcolor\" style=\"background-color:#4273c8\"><a href=\"https:\/\/www.facebook.com\/sharer\/sharer.php?u=https%3A%2F%2Fmagazin.ikk-suedwest.de%2Ffebruar-2023%2Fdas-plus-fu%25cc%2588r-ihre-gesundheit%2F\" title=\"Bei Facebook teilen\" aria-label=\"Bei Facebook teilen\" role=\"button\" rel=\"nofollow\" class=\"shariff-link\" style=\"; background-color:#3b5998; color:#fff\" target=\"_blank\"><span class=\"shariff-icon\" style=\"\"><svg width=\"32px\" height=\"20px\" xmlns=\"http:\/\/www.w3.org\/2000\/svg\" viewBox=\"0 0 18 32\"><path fill=\"#3b5998\" d=\"M17.1 0.2v4.7h-2.8q-1.5 0-2.1 0.6t-0.5 1.9v3.4h5.2l-0.7 5.3h-4.5v13.6h-5.5v-13.6h-4.5v-5.3h4.5v-3.9q0-3.3 1.9-5.2t5-1.8q2.6 0 4.1 0.2z\"\/><\/svg><\/span><\/a><\/li><li class=\"shariff-button whatsapp shariff-nocustomcolor\" style=\"background-color:#5cbe4a\"><a href=\"https:\/\/api.whatsapp.com\/send?text=https%3A%2F%2Fmagazin.ikk-suedwest.de%2Ffebruar-2023%2Fdas-plus-fu%25cc%2588r-ihre-gesundheit%2F%20Das%20Plus%20fu%CC%88r%20Ihre%20Gesundheit\" title=\"Bei Whatsapp teilen\" aria-label=\"Bei Whatsapp teilen\" role=\"button\" rel=\"noopener nofollow\" class=\"shariff-link\" style=\"; background-color:#34af23; color:#fff\" target=\"_blank\"><span class=\"shariff-icon\" style=\"\"><svg width=\"32px\" height=\"20px\" xmlns=\"http:\/\/www.w3.org\/2000\/svg\" viewBox=\"0 0 32 32\"><path fill=\"#34af23\" d=\"M17.6 17.4q0.2 0 1.7 0.8t1.6 0.9q0 0.1 0 0.3 0 0.6-0.3 1.4-0.3 0.7-1.3 1.2t-1.8 0.5q-1 0-3.4-1.1-1.7-0.8-3-2.1t-2.6-3.3q-1.3-1.9-1.3-3.5v-0.1q0.1-1.6 1.3-2.8 0.4-0.4 0.9-0.4 0.1 0 0.3 0t0.3 0q0.3 0 0.5 0.1t0.3 0.5q0.1 0.4 0.6 1.6t0.4 1.3q0 0.4-0.6 1t-0.6 0.8q0 0.1 0.1 0.3 0.6 1.3 1.8 2.4 1 0.9 2.7 1.8 0.2 0.1 0.4 0.1 0.3 0 1-0.9t0.9-0.9zM14 26.9q2.3 0 4.3-0.9t3.6-2.4 2.4-3.6 0.9-4.3-0.9-4.3-2.4-3.6-3.6-2.4-4.3-0.9-4.3 0.9-3.6 2.4-2.4 3.6-0.9 4.3q0 3.6 2.1 6.6l-1.4 4.2 4.3-1.4q2.8 1.9 6.2 1.9zM14 2.2q2.7 0 5.2 1.1t4.3 2.9 2.9 4.3 1.1 5.2-1.1 5.2-2.9 4.3-4.3 2.9-5.2 1.1q-3.5 0-6.5-1.7l-7.4 2.4 2.4-7.2q-1.9-3.2-1.9-6.9 0-2.7 1.1-5.2t2.9-4.3 4.3-2.9 5.2-1.1z\"\/><\/svg><\/span><\/a><\/li><li class=\"shariff-button mailto shariff-nocustomcolor\" style=\"background-color:#a8a8a8\"><a href=\"mailto:?body=https%3A%2F%2Fmagazin.ikk-suedwest.de%2Ffebruar-2023%2Fdas-plus-fu%25cc%2588r-ihre-gesundheit%2F&subject=Das%20Plus%20fu%CC%88r%20Ihre%20Gesundheit\" title=\"Per E-Mail versenden\" aria-label=\"Per E-Mail versenden\" role=\"button\" rel=\"noopener nofollow\" class=\"shariff-link\" style=\"; background-color:#999; color:#fff\"><span class=\"shariff-icon\" style=\"\"><svg width=\"32px\" height=\"20px\" xmlns=\"http:\/\/www.w3.org\/2000\/svg\" viewBox=\"0 0 32 32\"><path fill=\"#999\" d=\"M32 12.7v14.2q0 1.2-0.8 2t-2 0.9h-26.3q-1.2 0-2-0.9t-0.8-2v-14.2q0.8 0.9 1.8 1.6 6.5 4.4 8.9 6.1 1 0.8 1.6 1.2t1.7 0.9 2 0.4h0.1q0.9 0 2-0.4t1.7-0.9 1.6-1.2q3-2.2 8.9-6.1 1-0.7 1.8-1.6zM32 7.4q0 1.4-0.9 2.7t-2.2 2.2q-6.7 4.7-8.4 5.8-0.2 0.1-0.7 0.5t-1 0.7-0.9 0.6-1.1 0.5-0.9 0.2h-0.1q-0.4 0-0.9-0.2t-1.1-0.5-0.9-0.6-1-0.7-0.7-0.5q-1.6-1.1-4.7-3.2t-3.6-2.6q-1.1-0.7-2.1-2t-1-2.5q0-1.4 0.7-2.3t2.1-0.9h26.3q1.2 0 2 0.8t0.9 2z\"\/><\/svg><\/span><\/a><\/li><\/ul><\/div>\n\n\n\n<figure class=\"wp-block-image size-large\"><img loading=\"lazy\" decoding=\"async\" width=\"1024\" height=\"684\" src=\"https:\/\/magazin.ikk-suedwest.de\/februar-2023\/wp-content\/uploads\/sites\/9\/2023\/01\/ikk_fm_2301_s4_plus_gesundheit-1024x684.jpg\" alt=\"\" class=\"wp-image-6141\" srcset=\"https:\/\/magazin.ikk-suedwest.de\/februar-2023\/wp-content\/uploads\/sites\/9\/2023\/01\/ikk_fm_2301_s4_plus_gesundheit-1024x684.jpg 1024w, https:\/\/magazin.ikk-suedwest.de\/februar-2023\/wp-content\/uploads\/sites\/9\/2023\/01\/ikk_fm_2301_s4_plus_gesundheit-300x200.jpg 300w, https:\/\/magazin.ikk-suedwest.de\/februar-2023\/wp-content\/uploads\/sites\/9\/2023\/01\/ikk_fm_2301_s4_plus_gesundheit-768x513.jpg 768w, https:\/\/magazin.ikk-suedwest.de\/februar-2023\/wp-content\/uploads\/sites\/9\/2023\/01\/ikk_fm_2301_s4_plus_gesundheit-370x247.jpg 370w, https:\/\/magazin.ikk-suedwest.de\/februar-2023\/wp-content\/uploads\/sites\/9\/2023\/01\/ikk_fm_2301_s4_plus_gesundheit-270x180.jpg 270w, https:\/\/magazin.ikk-suedwest.de\/februar-2023\/wp-content\/uploads\/sites\/9\/2023\/01\/ikk_fm_2301_s4_plus_gesundheit-570x381.jpg 570w, https:\/\/magazin.ikk-suedwest.de\/februar-2023\/wp-content\/uploads\/sites\/9\/2023\/01\/ikk_fm_2301_s4_plus_gesundheit-749x500.jpg 749w, https:\/\/magazin.ikk-suedwest.de\/februar-2023\/wp-content\/uploads\/sites\/9\/2023\/01\/ikk_fm_2301_s4_plus_gesundheit-740x494.jpg 740w, https:\/\/magazin.ikk-suedwest.de\/februar-2023\/wp-content\/uploads\/sites\/9\/2023\/01\/ikk_fm_2301_s4_plus_gesundheit.jpg 1225w\" sizes=\"auto, (max-width: 1024px) 100vw, 1024px\" \/><\/figure>\n\n\n\n<h1 class=\"wp-block-heading\">Das Plus fu\u0308r Ihre Gesundheit<\/h1>\n\n\n\n<p class=\"has-gridlove-acc-color has-text-color has-large-font-size wp-block-paragraph\">Zu alt, zu dick, zu h\u00e4sslich \u2013 die gesellschaftliche Norm ist nicht immer leicht zu erf\u00fcllen, aber muss das \u00fcberhaupt sein? Wir sagen: Nein. Gerade beim eigenen K\u00f6rpergewicht ist entscheidend, ob man sich wohlf\u00fchlt, genau so, wie man ist. Erst wenn Gesundheit und Wohlbefinden auf der Strecke bleiben, wird es Zeit, etwas zu unternehmen. Mit \u201eGesundheit PLUS\u201c unterst\u00fctzen wir Sie auf Ihrem Weg zu mehr Lebensqualit\u00e4t. Und helfen Ihnen dabei, Folgeerkrankungen fr\u00fchzeitig entgegenzuwirken.<\/p>\n\n\n\n<p class=\"wp-block-paragraph\">Die Zahlen sind alarmierend: Nach Angaben des Robert Koch-Instituts sind rund zwei Drittel der M\u00e4nner und etwas mehr als die H\u00e4lfte der Frauen in unserem Land \u00fcbergewichtig. Tendenz steigend.<\/p>\n\n\n\n<p class=\"wp-block-paragraph\">Um Menschen, die mit \u00fcbersch\u00fcssigen Kilos zu k\u00e4mpfen haben, und adip\u00f6s Erkrankten zu einer besseren Lebensqualit\u00e4t zu verhelfen sowie etwaige Folgeerkrankungen fr\u00fchzeitig zu entdecken, haben wir das Programm \u201eGesundheit PLUS\u201c in unser Versorgungsangebot aufgenommen.<\/p>\n\n\n\n<h2 class=\"wp-block-heading\">Was beinhaltet das Programm?<\/h2>\n\n\n\n<p class=\"wp-block-paragraph\">Zu Beginn wird der aktuelle Gesundheitsstatus des Patienten erhoben. Nach einem ausf\u00fchrlichen und individuellen Gespr\u00e4ch mit dem behandelnden Arzt erfolgt dann die Therapieplanung, gegebenenfalls vereinbaren Arzt und Patient dabei auch entsprechende Therapieziele. Hinweise zu geeigneten Pr\u00e4ventionsangeboten runden das Programm ab.<\/p>\n\n\n\n<h2 class=\"wp-block-heading\">Wer kann an \u201eGesundheit PLUS\u201c teilnehmen?<\/h2>\n\n\n\n<p class=\"wp-block-paragraph\">Teilnehmen k\u00f6nnen Versicherte in Rheinland-Pfalz, die sich aufgrund der gesicherten Diagnose Adipositas Grad I bis III in \u00e4rztlicher Behandlung befinden, sowie Versicherte mit einem Body-Mass-Index (BMI) &gt; 25 und auff\u00e4lligem Fettverteilungsmuster. Die Teilnahme an \u201eGesundheit PLUS\u201c ist f\u00fcr unsere Versicherten kostenfrei.<\/p>\n\n\n\n<h2 class=\"wp-block-heading\">Welche Vorteile bietet das Programm?<\/h2>\n\n\n\n<p class=\"wp-block-paragraph\">Etwaige Begleit- und Folgeerkrankungen werden fr\u00fchzeitig erkannt und die Wahrscheinlichkeit schwerer Krankheitsverl\u00e4ufe vermindert. Die Lebensqualit\u00e4t Betroffener sowie deren Gesundheitskompetenz werden hingegen im Zuge der Behandlung gesteigert.<\/p>\n\n\n\n<h2 class=\"wp-block-heading\">Welche \u00c4rzte sind dabei?<\/h2>\n\n\n\n<p class=\"no-ext-link wp-block-paragraph\">Welche Vertrags\u00e4rzte aus Rheinland-Pfalz am Versorgungsprogramm teilnehmen, erfahren Sie von <em><a href=\"https:\/\/www.ikk-suedwest.de\/ihr-persoenlicher-ansprechpartner\/\" target=\"_blank\" rel=\"noreferrer noopener\"><strong>Ihrem pers\u00f6nlichen Kundenberater<\/strong><\/a>.<\/em><\/p>\n\n\n\n<p class=\"wp-block-paragraph\"><\/p>\n\n\n\n<div class=\"wp-block-group has-background is-layout-constrained wp-block-group-is-layout-constrained\" style=\"background-color:#dbdbdb\">\n<figure class=\"wp-block-image alignright size-full\"><img loading=\"lazy\" decoding=\"async\" width=\"250\" height=\"250\" src=\"https:\/\/magazin.ikk-suedwest.de\/februar-2023\/wp-content\/uploads\/sites\/9\/2023\/01\/ikk_fm_2301_beitragsbild_s06_schippel_coressel.png\" alt=\"\" class=\"wp-image-6142\" srcset=\"https:\/\/magazin.ikk-suedwest.de\/februar-2023\/wp-content\/uploads\/sites\/9\/2023\/01\/ikk_fm_2301_beitragsbild_s06_schippel_coressel.png 250w, https:\/\/magazin.ikk-suedwest.de\/februar-2023\/wp-content\/uploads\/sites\/9\/2023\/01\/ikk_fm_2301_beitragsbild_s06_schippel_coressel-150x150.png 150w\" sizes=\"auto, (max-width: 250px) 100vw, 250px\" \/><\/figure>\n\n\n\n<p class=\"wp-block-paragraph\">Dr. Katja Schippel-Coressel, Haus\u00e4rztin, Diabetologin und Spezialistin f\u00fcr die Behandlung von Adipositas in Edesheim, zu \u201eGesundheit PLUS\u201c: \u201eMit dem zus\u00e4tzlichen Angebot f\u00fcr Menschen mit \u00dcbergewicht erweitert die IKK ihr Versorgungsangebot und gibt betroffenen Versicherten die M\u00f6glichkeit, Folgeerkrankungen zu vermeiden und ihr Wohlbefinden zu verbessern. Dabei k\u00f6nnen sie sich nun an ihren Hausarzt wenden und dort Hilfe bei der Gewichtsabnahme erwarten.\u201c<\/p>\n\n\n\n<p class=\"wp-block-paragraph\"><\/p>\n<\/div>\n\n\n\n<p class=\"wp-block-paragraph\"><a href=\"https:\/\/www.ikk-suedwest.de\/leistung\/innovative-versorgung\/adipositas\" target=\"_blank\" rel=\"noreferrer noopener\"><strong> Mehr zu <\/strong>\u201e<em>Gesundheit PLUS&#8221;<\/em><\/a><\/p>\n\n\n<div class=\"shariff shariff-align-left shariff-widget-align-left\"><ul class=\"shariff-buttons theme-round orientation-horizontal buttonsize-medium\"><li class=\"shariff-button twitter shariff-nocustomcolor\" style=\"background-color:#595959\"><a href=\"https:\/\/twitter.com\/share?url=https%3A%2F%2Fmagazin.ikk-suedwest.de%2Ffebruar-2023%2Fdas-plus-fu%25cc%2588r-ihre-gesundheit%2F&text=Das%20Plus%20fu%CC%88r%20Ihre%20Gesundheit\" title=\"Bei X teilen\" aria-label=\"Bei X teilen\" role=\"button\" rel=\"noopener nofollow\" class=\"shariff-link\" style=\"; background-color:#000; color:#fff\" target=\"_blank\"><span class=\"shariff-icon\" style=\"\"><svg width=\"32px\" height=\"20px\" xmlns=\"http:\/\/www.w3.org\/2000\/svg\" viewBox=\"0 0 24 24\"><path fill=\"#000\" d=\"M14.258 10.152L23.176 0h-2.113l-7.747 8.813L7.133 0H0l9.352 13.328L0 23.973h2.113l8.176-9.309 6.531 9.309h7.133zm-2.895 3.293l-.949-1.328L2.875 1.56h3.246l6.086 8.523.945 1.328 7.91 11.078h-3.246zm0 0\"\/><\/svg><\/span><\/a><\/li><li class=\"shariff-button facebook shariff-nocustomcolor\" style=\"background-color:#4273c8\"><a href=\"https:\/\/www.facebook.com\/sharer\/sharer.php?u=https%3A%2F%2Fmagazin.ikk-suedwest.de%2Ffebruar-2023%2Fdas-plus-fu%25cc%2588r-ihre-gesundheit%2F\" title=\"Bei Facebook teilen\" aria-label=\"Bei Facebook teilen\" role=\"button\" rel=\"nofollow\" class=\"shariff-link\" style=\"; background-color:#3b5998; color:#fff\" target=\"_blank\"><span class=\"shariff-icon\" style=\"\"><svg width=\"32px\" height=\"20px\" xmlns=\"http:\/\/www.w3.org\/2000\/svg\" viewBox=\"0 0 18 32\"><path fill=\"#3b5998\" d=\"M17.1 0.2v4.7h-2.8q-1.5 0-2.1 0.6t-0.5 1.9v3.4h5.2l-0.7 5.3h-4.5v13.6h-5.5v-13.6h-4.5v-5.3h4.5v-3.9q0-3.3 1.9-5.2t5-1.8q2.6 0 4.1 0.2z\"\/><\/svg><\/span><\/a><\/li><li class=\"shariff-button whatsapp shariff-nocustomcolor\" style=\"background-color:#5cbe4a\"><a href=\"https:\/\/api.whatsapp.com\/send?text=https%3A%2F%2Fmagazin.ikk-suedwest.de%2Ffebruar-2023%2Fdas-plus-fu%25cc%2588r-ihre-gesundheit%2F%20Das%20Plus%20fu%CC%88r%20Ihre%20Gesundheit\" title=\"Bei Whatsapp teilen\" aria-label=\"Bei Whatsapp teilen\" role=\"button\" rel=\"noopener nofollow\" class=\"shariff-link\" style=\"; background-color:#34af23; color:#fff\" target=\"_blank\"><span class=\"shariff-icon\" style=\"\"><svg width=\"32px\" height=\"20px\" xmlns=\"http:\/\/www.w3.org\/2000\/svg\" viewBox=\"0 0 32 32\"><path fill=\"#34af23\" d=\"M17.6 17.4q0.2 0 1.7 0.8t1.6 0.9q0 0.1 0 0.3 0 0.6-0.3 1.4-0.3 0.7-1.3 1.2t-1.8 0.5q-1 0-3.4-1.1-1.7-0.8-3-2.1t-2.6-3.3q-1.3-1.9-1.3-3.5v-0.1q0.1-1.6 1.3-2.8 0.4-0.4 0.9-0.4 0.1 0 0.3 0t0.3 0q0.3 0 0.5 0.1t0.3 0.5q0.1 0.4 0.6 1.6t0.4 1.3q0 0.4-0.6 1t-0.6 0.8q0 0.1 0.1 0.3 0.6 1.3 1.8 2.4 1 0.9 2.7 1.8 0.2 0.1 0.4 0.1 0.3 0 1-0.9t0.9-0.9zM14 26.9q2.3 0 4.3-0.9t3.6-2.4 2.4-3.6 0.9-4.3-0.9-4.3-2.4-3.6-3.6-2.4-4.3-0.9-4.3 0.9-3.6 2.4-2.4 3.6-0.9 4.3q0 3.6 2.1 6.6l-1.4 4.2 4.3-1.4q2.8 1.9 6.2 1.9zM14 2.2q2.7 0 5.2 1.1t4.3 2.9 2.9 4.3 1.1 5.2-1.1 5.2-2.9 4.3-4.3 2.9-5.2 1.1q-3.5 0-6.5-1.7l-7.4 2.4 2.4-7.2q-1.9-3.2-1.9-6.9 0-2.7 1.1-5.2t2.9-4.3 4.3-2.9 5.2-1.1z\"\/><\/svg><\/span><\/a><\/li><li class=\"shariff-button mailto shariff-nocustomcolor\" style=\"background-color:#a8a8a8\"><a href=\"mailto:?body=https%3A%2F%2Fmagazin.ikk-suedwest.de%2Ffebruar-2023%2Fdas-plus-fu%25cc%2588r-ihre-gesundheit%2F&subject=Das%20Plus%20fu%CC%88r%20Ihre%20Gesundheit\" title=\"Per E-Mail versenden\" aria-label=\"Per E-Mail versenden\" role=\"button\" rel=\"noopener nofollow\" class=\"shariff-link\" style=\"; background-color:#999; color:#fff\"><span class=\"shariff-icon\" style=\"\"><svg width=\"32px\" height=\"20px\" xmlns=\"http:\/\/www.w3.org\/2000\/svg\" viewBox=\"0 0 32 32\"><path fill=\"#999\" d=\"M32 12.7v14.2q0 1.2-0.8 2t-2 0.9h-26.3q-1.2 0-2-0.9t-0.8-2v-14.2q0.8 0.9 1.8 1.6 6.5 4.4 8.9 6.1 1 0.8 1.6 1.2t1.7 0.9 2 0.4h0.1q0.9 0 2-0.4t1.7-0.9 1.6-1.2q3-2.2 8.9-6.1 1-0.7 1.8-1.6zM32 7.4q0 1.4-0.9 2.7t-2.2 2.2q-6.7 4.7-8.4 5.8-0.2 0.1-0.7 0.5t-1 0.7-0.9 0.6-1.1 0.5-0.9 0.2h-0.1q-0.4 0-0.9-0.2t-1.1-0.5-0.9-0.6-1-0.7-0.7-0.5q-1.6-1.1-4.7-3.2t-3.6-2.6q-1.1-0.7-2.1-2t-1-2.5q0-1.4 0.7-2.3t2.1-0.9h26.3q1.2 0 2 0.8t0.9 2z\"\/><\/svg><\/span><\/a><\/li><\/ul><\/div>\n\n\n\n<p class=\"wp-block-paragraph\"><\/p>\n\n\n\n<div class=\"wp-block-buttons is-horizontal is-content-justification-left is-layout-flex wp-container-core-buttons-is-layout-39697d9b wp-block-buttons-is-layout-flex\">\n<div class=\"wp-block-button\"><a class=\"wp-block-button__link has-background wp-element-button\" href=\"javascript:history.back()\" style=\"background-color:#009de9\">Zur\u00fcck<\/a><\/div>\n<\/div>\n","protected":false},"excerpt":{"rendered":"<p>Zu alt, zu dick, zu h\u00e4sslich \u2013 die gesellschaftliche Norm ist nicht immer leicht zu erf\u00fcllen, aber muss das \u00fcberhaupt sein? Wir sagen: Nein. Gerade beim eigenen K\u00f6rpergewicht ist entscheidend, ob man sich wohlf\u00fchlt, genau so, wie man ist &#8230;<\/p>\n","protected":false},"author":1,"featured_media":6141,"comment_status":"closed","ping_status":"open","sticky":false,"template":"","format":"standard","meta":{"_acf_changed":false,"_crdt_document":"","favoriteCount":1,"footnotes":""},"categories":[54],"tags":[],"class_list":["post-6139","post","type-post","status-publish","format-standard","has-post-thumbnail","hentry","category-service"],"acf":[],"yoast_head":"<!-- This site is optimized with the Yoast SEO plugin v27.4 - https:\/\/yoast.com\/product\/yoast-seo-wordpress\/ -->\n<title>Das Plus fu\u0308r Ihre Gesundheit - Februar 2023<\/title>\n<meta name=\"robots\" content=\"noindex, follow, max-snippet:-1, max-image-preview:large, max-video-preview:-1\" \/>\n<meta property=\"og:locale\" content=\"de_DE\" \/>\n<meta property=\"og:type\" content=\"article\" \/>\n<meta property=\"og:title\" content=\"Das Plus fu\u0308r Ihre Gesundheit - Februar 2023\" \/>\n<meta property=\"og:description\" content=\"Zu alt, zu dick, zu h\u00e4sslich \u2013 die gesellschaftliche Norm ist nicht immer leicht zu erf\u00fcllen, aber muss das \u00fcberhaupt sein? Wir sagen: Nein. Gerade beim eigenen K\u00f6rpergewicht ist entscheidend, ob man sich wohlf\u00fchlt, genau so, wie man ist ...\" \/>\n<meta property=\"og:url\" content=\"https:\/\/magazin.ikk-suedwest.de\/februar-2023\/das-plus-fu\u0308r-ihre-gesundheit\/\" \/>\n<meta property=\"og:site_name\" content=\"Februar 2023\" \/>\n<meta property=\"article:published_time\" content=\"2023-01-09T23:02:41+00:00\" \/>\n<meta property=\"article:modified_time\" content=\"2023-02-02T08:56:37+00:00\" \/>\n<meta property=\"og:image\" content=\"https:\/\/magazin.ikk-suedwest.de\/februar-2023\/wp-content\/uploads\/sites\/9\/2023\/01\/ikk_fm_2301_s4_plus_gesundheit.jpg\" \/>\n\t<meta property=\"og:image:width\" content=\"1225\" \/>\n\t<meta property=\"og:image:height\" content=\"818\" \/>\n\t<meta property=\"og:image:type\" content=\"image\/jpeg\" \/>\n<meta name=\"author\" content=\"fbo_master\" \/>\n<meta name=\"twitter:card\" content=\"summary_large_image\" \/>\n<meta name=\"twitter:label1\" content=\"Geschrieben von\" \/>\n\t<meta name=\"twitter:data1\" content=\"fbo_master\" \/>\n\t<meta name=\"twitter:label2\" content=\"Gesch\u00e4tzte Lesezeit\" \/>\n\t<meta name=\"twitter:data2\" content=\"3\u00a0Minuten\" \/>\n<script type=\"application\/ld+json\" class=\"yoast-schema-graph\">{\"@context\":\"https:\\\/\\\/schema.org\",\"@graph\":[{\"@type\":\"Article\",\"@id\":\"https:\\\/\\\/magazin.ikk-suedwest.de\\\/februar-2023\\\/das-plus-fu%cc%88r-ihre-gesundheit\\\/#article\",\"isPartOf\":{\"@id\":\"https:\\\/\\\/magazin.ikk-suedwest.de\\\/februar-2023\\\/das-plus-fu%cc%88r-ihre-gesundheit\\\/\"},\"author\":{\"name\":\"fbo_master\",\"@id\":\"https:\\\/\\\/magazin.ikk-suedwest.de\\\/februar-2023\\\/#\\\/schema\\\/person\\\/636237f711a5aed151e44ddcc2de114a\"},\"headline\":\"Das Plus fu\u0308r Ihre Gesundheit\",\"datePublished\":\"2023-01-09T23:02:41+00:00\",\"dateModified\":\"2023-02-02T08:56:37+00:00\",\"mainEntityOfPage\":{\"@id\":\"https:\\\/\\\/magazin.ikk-suedwest.de\\\/februar-2023\\\/das-plus-fu%cc%88r-ihre-gesundheit\\\/\"},\"wordCount\":384,\"image\":{\"@id\":\"https:\\\/\\\/magazin.ikk-suedwest.de\\\/februar-2023\\\/das-plus-fu%cc%88r-ihre-gesundheit\\\/#primaryimage\"},\"thumbnailUrl\":\"https:\\\/\\\/magazin.ikk-suedwest.de\\\/februar-2023\\\/wp-content\\\/uploads\\\/sites\\\/9\\\/2023\\\/01\\\/ikk_fm_2301_s4_plus_gesundheit.jpg\",\"articleSection\":[\"Service\"],\"inLanguage\":\"de\"},{\"@type\":\"WebPage\",\"@id\":\"https:\\\/\\\/magazin.ikk-suedwest.de\\\/februar-2023\\\/das-plus-fu%cc%88r-ihre-gesundheit\\\/\",\"url\":\"https:\\\/\\\/magazin.ikk-suedwest.de\\\/februar-2023\\\/das-plus-fu%cc%88r-ihre-gesundheit\\\/\",\"name\":\"Das Plus fu\u0308r Ihre Gesundheit - Februar 2023\",\"isPartOf\":{\"@id\":\"https:\\\/\\\/magazin.ikk-suedwest.de\\\/februar-2023\\\/#website\"},\"primaryImageOfPage\":{\"@id\":\"https:\\\/\\\/magazin.ikk-suedwest.de\\\/februar-2023\\\/das-plus-fu%cc%88r-ihre-gesundheit\\\/#primaryimage\"},\"image\":{\"@id\":\"https:\\\/\\\/magazin.ikk-suedwest.de\\\/februar-2023\\\/das-plus-fu%cc%88r-ihre-gesundheit\\\/#primaryimage\"},\"thumbnailUrl\":\"https:\\\/\\\/magazin.ikk-suedwest.de\\\/februar-2023\\\/wp-content\\\/uploads\\\/sites\\\/9\\\/2023\\\/01\\\/ikk_fm_2301_s4_plus_gesundheit.jpg\",\"datePublished\":\"2023-01-09T23:02:41+00:00\",\"dateModified\":\"2023-02-02T08:56:37+00:00\",\"author\":{\"@id\":\"https:\\\/\\\/magazin.ikk-suedwest.de\\\/februar-2023\\\/#\\\/schema\\\/person\\\/636237f711a5aed151e44ddcc2de114a\"},\"breadcrumb\":{\"@id\":\"https:\\\/\\\/magazin.ikk-suedwest.de\\\/februar-2023\\\/das-plus-fu%cc%88r-ihre-gesundheit\\\/#breadcrumb\"},\"inLanguage\":\"de\",\"potentialAction\":[{\"@type\":\"ReadAction\",\"target\":[\"https:\\\/\\\/magazin.ikk-suedwest.de\\\/februar-2023\\\/das-plus-fu%cc%88r-ihre-gesundheit\\\/\"]}]},{\"@type\":\"ImageObject\",\"inLanguage\":\"de\",\"@id\":\"https:\\\/\\\/magazin.ikk-suedwest.de\\\/februar-2023\\\/das-plus-fu%cc%88r-ihre-gesundheit\\\/#primaryimage\",\"url\":\"https:\\\/\\\/magazin.ikk-suedwest.de\\\/februar-2023\\\/wp-content\\\/uploads\\\/sites\\\/9\\\/2023\\\/01\\\/ikk_fm_2301_s4_plus_gesundheit.jpg\",\"contentUrl\":\"https:\\\/\\\/magazin.ikk-suedwest.de\\\/februar-2023\\\/wp-content\\\/uploads\\\/sites\\\/9\\\/2023\\\/01\\\/ikk_fm_2301_s4_plus_gesundheit.jpg\",\"width\":1225,\"height\":818},{\"@type\":\"BreadcrumbList\",\"@id\":\"https:\\\/\\\/magazin.ikk-suedwest.de\\\/februar-2023\\\/das-plus-fu%cc%88r-ihre-gesundheit\\\/#breadcrumb\",\"itemListElement\":[{\"@type\":\"ListItem\",\"position\":1,\"name\":\"Startseite\",\"item\":\"https:\\\/\\\/magazin.ikk-suedwest.de\\\/februar-2023\\\/\"},{\"@type\":\"ListItem\",\"position\":2,\"name\":\"Das Plus fu\u0308r Ihre Gesundheit\"}]},{\"@type\":\"WebSite\",\"@id\":\"https:\\\/\\\/magazin.ikk-suedwest.de\\\/februar-2023\\\/#website\",\"url\":\"https:\\\/\\\/magazin.ikk-suedwest.de\\\/februar-2023\\\/\",\"name\":\"Februar 2023\",\"description\":\"Eine weitere IKK Magazin Ausgaben Website\",\"potentialAction\":[{\"@type\":\"SearchAction\",\"target\":{\"@type\":\"EntryPoint\",\"urlTemplate\":\"https:\\\/\\\/magazin.ikk-suedwest.de\\\/februar-2023\\\/?s={search_term_string}\"},\"query-input\":{\"@type\":\"PropertyValueSpecification\",\"valueRequired\":true,\"valueName\":\"search_term_string\"}}],\"inLanguage\":\"de\"},{\"@type\":\"Person\",\"@id\":\"https:\\\/\\\/magazin.ikk-suedwest.de\\\/februar-2023\\\/#\\\/schema\\\/person\\\/636237f711a5aed151e44ddcc2de114a\",\"name\":\"fbo_master\",\"image\":{\"@type\":\"ImageObject\",\"inLanguage\":\"de\",\"@id\":\"https:\\\/\\\/secure.gravatar.com\\\/avatar\\\/5e042e587c1d6c68d3fadd024e871a65399da22a9ef5e23b274af331bde574af?s=96&d=mm&r=g\",\"url\":\"https:\\\/\\\/secure.gravatar.com\\\/avatar\\\/5e042e587c1d6c68d3fadd024e871a65399da22a9ef5e23b274af331bde574af?s=96&d=mm&r=g\",\"contentUrl\":\"https:\\\/\\\/secure.gravatar.com\\\/avatar\\\/5e042e587c1d6c68d3fadd024e871a65399da22a9ef5e23b274af331bde574af?s=96&d=mm&r=g\",\"caption\":\"fbo_master\"},\"sameAs\":[\"https:\\\/\\\/magazin.ikk-suedwest.de\"],\"url\":\"https:\\\/\\\/magazin.ikk-suedwest.de\\\/februar-2023\\\/author\\\/fbo_master\\\/\"}]}<\/script>\n<!-- \/ Yoast SEO plugin. -->","yoast_head_json":{"title":"Das Plus fu\u0308r Ihre Gesundheit - Februar 2023","robots":{"index":"noindex","follow":"follow","max-snippet":"max-snippet:-1","max-image-preview":"max-image-preview:large","max-video-preview":"max-video-preview:-1"},"og_locale":"de_DE","og_type":"article","og_title":"Das Plus fu\u0308r Ihre Gesundheit - Februar 2023","og_description":"Zu alt, zu dick, zu h\u00e4sslich \u2013 die gesellschaftliche Norm ist nicht immer leicht zu erf\u00fcllen, aber muss das \u00fcberhaupt sein? Wir sagen: Nein. Gerade beim eigenen K\u00f6rpergewicht ist entscheidend, ob man sich wohlf\u00fchlt, genau so, wie man ist ...","og_url":"https:\/\/magazin.ikk-suedwest.de\/februar-2023\/das-plus-fu\u0308r-ihre-gesundheit\/","og_site_name":"Februar 2023","article_published_time":"2023-01-09T23:02:41+00:00","article_modified_time":"2023-02-02T08:56:37+00:00","og_image":[{"width":1225,"height":818,"url":"https:\/\/magazin.ikk-suedwest.de\/februar-2023\/wp-content\/uploads\/sites\/9\/2023\/01\/ikk_fm_2301_s4_plus_gesundheit.jpg","type":"image\/jpeg"}],"author":"fbo_master","twitter_card":"summary_large_image","twitter_misc":{"Geschrieben von":"fbo_master","Gesch\u00e4tzte Lesezeit":"3\u00a0Minuten"},"schema":{"@context":"https:\/\/schema.org","@graph":[{"@type":"Article","@id":"https:\/\/magazin.ikk-suedwest.de\/februar-2023\/das-plus-fu%cc%88r-ihre-gesundheit\/#article","isPartOf":{"@id":"https:\/\/magazin.ikk-suedwest.de\/februar-2023\/das-plus-fu%cc%88r-ihre-gesundheit\/"},"author":{"name":"fbo_master","@id":"https:\/\/magazin.ikk-suedwest.de\/februar-2023\/#\/schema\/person\/636237f711a5aed151e44ddcc2de114a"},"headline":"Das Plus fu\u0308r Ihre Gesundheit","datePublished":"2023-01-09T23:02:41+00:00","dateModified":"2023-02-02T08:56:37+00:00","mainEntityOfPage":{"@id":"https:\/\/magazin.ikk-suedwest.de\/februar-2023\/das-plus-fu%cc%88r-ihre-gesundheit\/"},"wordCount":384,"image":{"@id":"https:\/\/magazin.ikk-suedwest.de\/februar-2023\/das-plus-fu%cc%88r-ihre-gesundheit\/#primaryimage"},"thumbnailUrl":"https:\/\/magazin.ikk-suedwest.de\/februar-2023\/wp-content\/uploads\/sites\/9\/2023\/01\/ikk_fm_2301_s4_plus_gesundheit.jpg","articleSection":["Service"],"inLanguage":"de"},{"@type":"WebPage","@id":"https:\/\/magazin.ikk-suedwest.de\/februar-2023\/das-plus-fu%cc%88r-ihre-gesundheit\/","url":"https:\/\/magazin.ikk-suedwest.de\/februar-2023\/das-plus-fu%cc%88r-ihre-gesundheit\/","name":"Das Plus fu\u0308r Ihre Gesundheit - Februar 2023","isPartOf":{"@id":"https:\/\/magazin.ikk-suedwest.de\/februar-2023\/#website"},"primaryImageOfPage":{"@id":"https:\/\/magazin.ikk-suedwest.de\/februar-2023\/das-plus-fu%cc%88r-ihre-gesundheit\/#primaryimage"},"image":{"@id":"https:\/\/magazin.ikk-suedwest.de\/februar-2023\/das-plus-fu%cc%88r-ihre-gesundheit\/#primaryimage"},"thumbnailUrl":"https:\/\/magazin.ikk-suedwest.de\/februar-2023\/wp-content\/uploads\/sites\/9\/2023\/01\/ikk_fm_2301_s4_plus_gesundheit.jpg","datePublished":"2023-01-09T23:02:41+00:00","dateModified":"2023-02-02T08:56:37+00:00","author":{"@id":"https:\/\/magazin.ikk-suedwest.de\/februar-2023\/#\/schema\/person\/636237f711a5aed151e44ddcc2de114a"},"breadcrumb":{"@id":"https:\/\/magazin.ikk-suedwest.de\/februar-2023\/das-plus-fu%cc%88r-ihre-gesundheit\/#breadcrumb"},"inLanguage":"de","potentialAction":[{"@type":"ReadAction","target":["https:\/\/magazin.ikk-suedwest.de\/februar-2023\/das-plus-fu%cc%88r-ihre-gesundheit\/"]}]},{"@type":"ImageObject","inLanguage":"de","@id":"https:\/\/magazin.ikk-suedwest.de\/februar-2023\/das-plus-fu%cc%88r-ihre-gesundheit\/#primaryimage","url":"https:\/\/magazin.ikk-suedwest.de\/februar-2023\/wp-content\/uploads\/sites\/9\/2023\/01\/ikk_fm_2301_s4_plus_gesundheit.jpg","contentUrl":"https:\/\/magazin.ikk-suedwest.de\/februar-2023\/wp-content\/uploads\/sites\/9\/2023\/01\/ikk_fm_2301_s4_plus_gesundheit.jpg","width":1225,"height":818},{"@type":"BreadcrumbList","@id":"https:\/\/magazin.ikk-suedwest.de\/februar-2023\/das-plus-fu%cc%88r-ihre-gesundheit\/#breadcrumb","itemListElement":[{"@type":"ListItem","position":1,"name":"Startseite","item":"https:\/\/magazin.ikk-suedwest.de\/februar-2023\/"},{"@type":"ListItem","position":2,"name":"Das Plus fu\u0308r Ihre Gesundheit"}]},{"@type":"WebSite","@id":"https:\/\/magazin.ikk-suedwest.de\/februar-2023\/#website","url":"https:\/\/magazin.ikk-suedwest.de\/februar-2023\/","name":"Februar 2023","description":"Eine weitere IKK Magazin Ausgaben Website","potentialAction":[{"@type":"SearchAction","target":{"@type":"EntryPoint","urlTemplate":"https:\/\/magazin.ikk-suedwest.de\/februar-2023\/?s={search_term_string}"},"query-input":{"@type":"PropertyValueSpecification","valueRequired":true,"valueName":"search_term_string"}}],"inLanguage":"de"},{"@type":"Person","@id":"https:\/\/magazin.ikk-suedwest.de\/februar-2023\/#\/schema\/person\/636237f711a5aed151e44ddcc2de114a","name":"fbo_master","image":{"@type":"ImageObject","inLanguage":"de","@id":"https:\/\/secure.gravatar.com\/avatar\/5e042e587c1d6c68d3fadd024e871a65399da22a9ef5e23b274af331bde574af?s=96&d=mm&r=g","url":"https:\/\/secure.gravatar.com\/avatar\/5e042e587c1d6c68d3fadd024e871a65399da22a9ef5e23b274af331bde574af?s=96&d=mm&r=g","contentUrl":"https:\/\/secure.gravatar.com\/avatar\/5e042e587c1d6c68d3fadd024e871a65399da22a9ef5e23b274af331bde574af?s=96&d=mm&r=g","caption":"fbo_master"},"sameAs":["https:\/\/magazin.ikk-suedwest.de"],"url":"https:\/\/magazin.ikk-suedwest.de\/februar-2023\/author\/fbo_master\/"}]}},"_links":{"self":[{"href":"https:\/\/magazin.ikk-suedwest.de\/februar-2023\/wp-json\/wp\/v2\/posts\/6139","targetHints":{"allow":["GET"]}}],"collection":[{"href":"https:\/\/magazin.ikk-suedwest.de\/februar-2023\/wp-json\/wp\/v2\/posts"}],"about":[{"href":"https:\/\/magazin.ikk-suedwest.de\/februar-2023\/wp-json\/wp\/v2\/types\/post"}],"author":[{"embeddable":true,"href":"https:\/\/magazin.ikk-suedwest.de\/februar-2023\/wp-json\/wp\/v2\/users\/1"}],"replies":[{"embeddable":true,"href":"https:\/\/magazin.ikk-suedwest.de\/februar-2023\/wp-json\/wp\/v2\/comments?post=6139"}],"version-history":[{"count":11,"href":"https:\/\/magazin.ikk-suedwest.de\/februar-2023\/wp-json\/wp\/v2\/posts\/6139\/revisions"}],"predecessor-version":[{"id":6683,"href":"https:\/\/magazin.ikk-suedwest.de\/februar-2023\/wp-json\/wp\/v2\/posts\/6139\/revisions\/6683"}],"wp:featuredmedia":[{"embeddable":true,"href":"https:\/\/magazin.ikk-suedwest.de\/februar-2023\/wp-json\/wp\/v2\/media\/6141"}],"wp:attachment":[{"href":"https:\/\/magazin.ikk-suedwest.de\/februar-2023\/wp-json\/wp\/v2\/media?parent=6139"}],"wp:term":[{"taxonomy":"category","embeddable":true,"href":"https:\/\/magazin.ikk-suedwest.de\/februar-2023\/wp-json\/wp\/v2\/categories?post=6139"},{"taxonomy":"post_tag","embeddable":true,"href":"https:\/\/magazin.ikk-suedwest.de\/februar-2023\/wp-json\/wp\/v2\/tags?post=6139"}],"curies":[{"name":"wp","href":"https:\/\/api.w.org\/{rel}","templated":true}]}}