{"id":6607,"date":"2023-01-10T00:17:00","date_gmt":"2023-01-09T23:17:00","guid":{"rendered":"https:\/\/magazin.ikk-suedwest.de\/februar-2023\/?p=6607"},"modified":"2023-02-02T08:25:47","modified_gmt":"2023-02-02T07:25:47","slug":"den-profifussball-fest-im-blick","status":"publish","type":"post","link":"https:\/\/magazin.ikk-suedwest.de\/februar-2023\/den-profifussball-fest-im-blick\/","title":{"rendered":"Den Profifu\u00dfball fest im Blick"},"content":{"rendered":"<div class=\"shariff shariff-align-left shariff-widget-align-left\"><ul class=\"shariff-buttons theme-round orientation-horizontal buttonsize-medium\"><li class=\"shariff-button twitter shariff-nocustomcolor\" style=\"background-color:#595959\"><a href=\"https:\/\/twitter.com\/share?url=https%3A%2F%2Fmagazin.ikk-suedwest.de%2Ffebruar-2023%2Fden-profifussball-fest-im-blick%2F&text=Den%20Profifu%C3%9Fball%20fest%20im%20Blick\" title=\"Bei X teilen\" aria-label=\"Bei X teilen\" role=\"button\" rel=\"noopener nofollow\" class=\"shariff-link\" style=\"; background-color:#000; color:#fff\" target=\"_blank\"><span class=\"shariff-icon\" style=\"\"><svg width=\"32px\" height=\"20px\" xmlns=\"http:\/\/www.w3.org\/2000\/svg\" viewBox=\"0 0 24 24\"><path fill=\"#000\" d=\"M14.258 10.152L23.176 0h-2.113l-7.747 8.813L7.133 0H0l9.352 13.328L0 23.973h2.113l8.176-9.309 6.531 9.309h7.133zm-2.895 3.293l-.949-1.328L2.875 1.56h3.246l6.086 8.523.945 1.328 7.91 11.078h-3.246zm0 0\"\/><\/svg><\/span><\/a><\/li><li class=\"shariff-button facebook shariff-nocustomcolor\" style=\"background-color:#4273c8\"><a href=\"https:\/\/www.facebook.com\/sharer\/sharer.php?u=https%3A%2F%2Fmagazin.ikk-suedwest.de%2Ffebruar-2023%2Fden-profifussball-fest-im-blick%2F\" title=\"Bei Facebook teilen\" aria-label=\"Bei Facebook teilen\" role=\"button\" rel=\"nofollow\" class=\"shariff-link\" style=\"; background-color:#3b5998; color:#fff\" target=\"_blank\"><span class=\"shariff-icon\" style=\"\"><svg width=\"32px\" height=\"20px\" xmlns=\"http:\/\/www.w3.org\/2000\/svg\" viewBox=\"0 0 18 32\"><path fill=\"#3b5998\" d=\"M17.1 0.2v4.7h-2.8q-1.5 0-2.1 0.6t-0.5 1.9v3.4h5.2l-0.7 5.3h-4.5v13.6h-5.5v-13.6h-4.5v-5.3h4.5v-3.9q0-3.3 1.9-5.2t5-1.8q2.6 0 4.1 0.2z\"\/><\/svg><\/span><\/a><\/li><li class=\"shariff-button whatsapp shariff-nocustomcolor\" style=\"background-color:#5cbe4a\"><a href=\"https:\/\/api.whatsapp.com\/send?text=https%3A%2F%2Fmagazin.ikk-suedwest.de%2Ffebruar-2023%2Fden-profifussball-fest-im-blick%2F%20Den%20Profifu%C3%9Fball%20fest%20im%20Blick\" title=\"Bei Whatsapp teilen\" aria-label=\"Bei Whatsapp teilen\" role=\"button\" rel=\"noopener nofollow\" class=\"shariff-link\" style=\"; background-color:#34af23; color:#fff\" target=\"_blank\"><span class=\"shariff-icon\" style=\"\"><svg width=\"32px\" height=\"20px\" xmlns=\"http:\/\/www.w3.org\/2000\/svg\" viewBox=\"0 0 32 32\"><path fill=\"#34af23\" d=\"M17.6 17.4q0.2 0 1.7 0.8t1.6 0.9q0 0.1 0 0.3 0 0.6-0.3 1.4-0.3 0.7-1.3 1.2t-1.8 0.5q-1 0-3.4-1.1-1.7-0.8-3-2.1t-2.6-3.3q-1.3-1.9-1.3-3.5v-0.1q0.1-1.6 1.3-2.8 0.4-0.4 0.9-0.4 0.1 0 0.3 0t0.3 0q0.3 0 0.5 0.1t0.3 0.5q0.1 0.4 0.6 1.6t0.4 1.3q0 0.4-0.6 1t-0.6 0.8q0 0.1 0.1 0.3 0.6 1.3 1.8 2.4 1 0.9 2.7 1.8 0.2 0.1 0.4 0.1 0.3 0 1-0.9t0.9-0.9zM14 26.9q2.3 0 4.3-0.9t3.6-2.4 2.4-3.6 0.9-4.3-0.9-4.3-2.4-3.6-3.6-2.4-4.3-0.9-4.3 0.9-3.6 2.4-2.4 3.6-0.9 4.3q0 3.6 2.1 6.6l-1.4 4.2 4.3-1.4q2.8 1.9 6.2 1.9zM14 2.2q2.7 0 5.2 1.1t4.3 2.9 2.9 4.3 1.1 5.2-1.1 5.2-2.9 4.3-4.3 2.9-5.2 1.1q-3.5 0-6.5-1.7l-7.4 2.4 2.4-7.2q-1.9-3.2-1.9-6.9 0-2.7 1.1-5.2t2.9-4.3 4.3-2.9 5.2-1.1z\"\/><\/svg><\/span><\/a><\/li><li class=\"shariff-button mailto shariff-nocustomcolor\" style=\"background-color:#a8a8a8\"><a href=\"mailto:?body=https%3A%2F%2Fmagazin.ikk-suedwest.de%2Ffebruar-2023%2Fden-profifussball-fest-im-blick%2F&subject=Den%20Profifu%C3%9Fball%20fest%20im%20Blick\" title=\"Per E-Mail versenden\" aria-label=\"Per E-Mail versenden\" role=\"button\" rel=\"noopener nofollow\" class=\"shariff-link\" style=\"; background-color:#999; color:#fff\"><span class=\"shariff-icon\" style=\"\"><svg width=\"32px\" height=\"20px\" xmlns=\"http:\/\/www.w3.org\/2000\/svg\" viewBox=\"0 0 32 32\"><path fill=\"#999\" d=\"M32 12.7v14.2q0 1.2-0.8 2t-2 0.9h-26.3q-1.2 0-2-0.9t-0.8-2v-14.2q0.8 0.9 1.8 1.6 6.5 4.4 8.9 6.1 1 0.8 1.6 1.2t1.7 0.9 2 0.4h0.1q0.9 0 2-0.4t1.7-0.9 1.6-1.2q3-2.2 8.9-6.1 1-0.7 1.8-1.6zM32 7.4q0 1.4-0.9 2.7t-2.2 2.2q-6.7 4.7-8.4 5.8-0.2 0.1-0.7 0.5t-1 0.7-0.9 0.6-1.1 0.5-0.9 0.2h-0.1q-0.4 0-0.9-0.2t-1.1-0.5-0.9-0.6-1-0.7-0.7-0.5q-1.6-1.1-4.7-3.2t-3.6-2.6q-1.1-0.7-2.1-2t-1-2.5q0-1.4 0.7-2.3t2.1-0.9h26.3q1.2 0 2 0.8t0.9 2z\"\/><\/svg><\/span><\/a><\/li><\/ul><\/div>\n\n\n\n<figure class=\"wp-block-image size-large\"><img loading=\"lazy\" decoding=\"async\" width=\"1024\" height=\"684\" src=\"https:\/\/magazin.ikk-suedwest.de\/februar-2023\/wp-content\/uploads\/sites\/9\/2023\/01\/ikk_fm_2301_s26_fussball-1024x684.jpg\" alt=\"\" class=\"wp-image-6616\" srcset=\"https:\/\/magazin.ikk-suedwest.de\/februar-2023\/wp-content\/uploads\/sites\/9\/2023\/01\/ikk_fm_2301_s26_fussball-1024x684.jpg 1024w, https:\/\/magazin.ikk-suedwest.de\/februar-2023\/wp-content\/uploads\/sites\/9\/2023\/01\/ikk_fm_2301_s26_fussball-300x200.jpg 300w, https:\/\/magazin.ikk-suedwest.de\/februar-2023\/wp-content\/uploads\/sites\/9\/2023\/01\/ikk_fm_2301_s26_fussball-768x513.jpg 768w, https:\/\/magazin.ikk-suedwest.de\/februar-2023\/wp-content\/uploads\/sites\/9\/2023\/01\/ikk_fm_2301_s26_fussball-370x247.jpg 370w, https:\/\/magazin.ikk-suedwest.de\/februar-2023\/wp-content\/uploads\/sites\/9\/2023\/01\/ikk_fm_2301_s26_fussball-270x180.jpg 270w, https:\/\/magazin.ikk-suedwest.de\/februar-2023\/wp-content\/uploads\/sites\/9\/2023\/01\/ikk_fm_2301_s26_fussball-570x381.jpg 570w, https:\/\/magazin.ikk-suedwest.de\/februar-2023\/wp-content\/uploads\/sites\/9\/2023\/01\/ikk_fm_2301_s26_fussball-749x500.jpg 749w, https:\/\/magazin.ikk-suedwest.de\/februar-2023\/wp-content\/uploads\/sites\/9\/2023\/01\/ikk_fm_2301_s26_fussball-740x494.jpg 740w, https:\/\/magazin.ikk-suedwest.de\/februar-2023\/wp-content\/uploads\/sites\/9\/2023\/01\/ikk_fm_2301_s26_fussball.jpg 1225w\" sizes=\"auto, (max-width: 1024px) 100vw, 1024px\" \/><\/figure>\n\n\n\n<h1 class=\"wp-block-heading has-gridlove-acc-color has-text-color\">Den Profifu\u00dfball fest im Blick<\/h1>\n\n\n\n<p class=\"has-gridlove-acc-color has-text-color has-large-font-size wp-block-paragraph\">Schule, Freizeit, Wochenende \u2013 so sieht das Leben der meisten 15-J\u00e4hrigen aus. Nicht so fu\u0308r Montrell Culbreath, der nicht nur fu\u0308r den FC Kaiserslautern aufl\u00e4uft, sondern seit Kurzem auch das Trikot der deutschen und der US-amerikanischen Junioren-Nationalmannschaften tr\u00e4gt. Wer seine Vorbilder sind und wie er so viel Fu\u00dfball und Schule unter einen Hut bringt, hat er fu\u0308r mich im Interview erz\u00e4hlt.<\/p>\n\n\n\n<p class=\"has-gridlove-acc-color has-text-color wp-block-paragraph\"><strong><em>Hallo Montrell. Erst einmal herzlichen Glu\u0308ckwunsch zur Berufung in die deutsche Nationalmannschaft. Wei\u00dft Du noch, wo Dich die Nachricht erreicht hat?<\/em><\/strong><\/p>\n\n\n\n<p class=\"wp-block-paragraph\"><strong>Montrell Culbreath:<\/strong> Hallo und vielen Dank. Ja klar wei\u00df ich das noch, das war auf dem Nachhauseweg von der Schule. Ich habe gleich meine Mama angerufen, weil ich mir nicht sicher war, ob ich wirklich im Kader bin, oder nur auf Abruf stehe. Ich habe mich unglaublich gefreut.<\/p>\n\n\n\n<p class=\"has-gridlove-acc-color has-text-color wp-block-paragraph\"><strong><em>Zum Einstand gab es im September ein 3:0 gegen \u00d6sterreich. Wie war das erste Spiel auf internationaler Bu\u0308hne fu\u0308r Dich?<\/em><\/strong><\/p>\n\n\n\n<p class=\"wp-block-paragraph\">Es war sehr aufregend und eine sehr sch\u00f6ne Erfahrung.<\/p>\n\n\n\n<figure class=\"wp-block-image size-full\"><img loading=\"lazy\" decoding=\"async\" width=\"257\" height=\"323\" src=\"https:\/\/magazin.ikk-suedwest.de\/februar-2023\/wp-content\/uploads\/sites\/9\/2023\/01\/ikk_fm_2301_beitragsbild_s26_fussball.png\" alt=\"\" class=\"wp-image-6619\" srcset=\"https:\/\/magazin.ikk-suedwest.de\/februar-2023\/wp-content\/uploads\/sites\/9\/2023\/01\/ikk_fm_2301_beitragsbild_s26_fussball.png 257w, https:\/\/magazin.ikk-suedwest.de\/februar-2023\/wp-content\/uploads\/sites\/9\/2023\/01\/ikk_fm_2301_beitragsbild_s26_fussball-239x300.png 239w\" sizes=\"auto, (max-width: 257px) 100vw, 257px\" \/><\/figure>\n\n\n\n<p class=\"has-gridlove-acc-color has-text-color wp-block-paragraph\"><strong><em>2022 hatte aber noch mehr in petto, im November wurdest Du auch fu\u0308r die US-Junioren nominiert \u2013 kein Problem dank doppelter Staatsbu\u0308rgerschaft. Was war bewegender fu\u0308r Dich?<\/em><\/strong><\/p>\n\n\n\n<p class=\"wp-block-paragraph\">Ich wu\u0308rde sagen, es war genauso aufregend, da es ja fu\u0308r die USA auch meine erste Nominierung war. Daher kamen dort auch sehr viele neue Eindru\u0308cke und Erfahrungen auf mich zu.<\/p>\n\n\n\n<p class=\"has-gridlove-acc-color has-text-color wp-block-paragraph\"><strong><em>Fu\u0308r Deutschland und den FCK l\u00e4ufst Du im Mittelfeld auf, bei den USA als rechte Spitze. Wo fu\u0308hlst Du Dich wohler?<\/em><\/strong><\/p>\n\n\n\n<p class=\"wp-block-paragraph\">Ich werde beim FCK eigentlich auch meistens als rechter Flu\u0308gel eingesetzt \u2013 das ist schon meine Hauptposition, auf der ich mich sehr wohlfu\u0308hle. Aber im Mittelfeld spiele ich auch ab und an.<\/p>\n\n\n\n<p class=\"has-gridlove-acc-color has-text-color wp-block-paragraph\"><strong><em>Wer sind Deine gro\u00dfen Vorbilder? Und was findest Du an ihnen besonders gut?<\/em><\/strong><\/p>\n\n\n\n<p class=\"wp-block-paragraph\">Mein Vorbild ist Kylian Mbapp\u00e9. Ich mag, wie er spielt. Er ist sehr schnell und schafft es wie kaum ein anderer, sich mit Finten perfekte Abschlusssituationen herauszuspielen.<\/p>\n\n\n\n<figure class=\"wp-block-image size-full\"><img loading=\"lazy\" decoding=\"async\" width=\"620\" height=\"328\" src=\"https:\/\/magazin.ikk-suedwest.de\/februar-2023\/wp-content\/uploads\/sites\/9\/2023\/01\/ikk_fm_2301_beitragsbild_s26_fussball_01.jpg\" alt=\"\" class=\"wp-image-6618\" srcset=\"https:\/\/magazin.ikk-suedwest.de\/februar-2023\/wp-content\/uploads\/sites\/9\/2023\/01\/ikk_fm_2301_beitragsbild_s26_fussball_01.jpg 620w, https:\/\/magazin.ikk-suedwest.de\/februar-2023\/wp-content\/uploads\/sites\/9\/2023\/01\/ikk_fm_2301_beitragsbild_s26_fussball_01-300x159.jpg 300w, https:\/\/magazin.ikk-suedwest.de\/februar-2023\/wp-content\/uploads\/sites\/9\/2023\/01\/ikk_fm_2301_beitragsbild_s26_fussball_01-370x196.jpg 370w, https:\/\/magazin.ikk-suedwest.de\/februar-2023\/wp-content\/uploads\/sites\/9\/2023\/01\/ikk_fm_2301_beitragsbild_s26_fussball_01-270x143.jpg 270w, https:\/\/magazin.ikk-suedwest.de\/februar-2023\/wp-content\/uploads\/sites\/9\/2023\/01\/ikk_fm_2301_beitragsbild_s26_fussball_01-570x302.jpg 570w\" sizes=\"auto, (max-width: 620px) 100vw, 620px\" \/><\/figure>\n\n\n\n<p class=\"has-gridlove-acc-color has-text-color wp-block-paragraph\"><strong><em>Mit den Spielen im Verein, den Nationalteams und der Schule hast Du einiges zu tun. Wie bekommst Du das alles unter einen Hut?<\/em><\/strong><\/p>\n\n\n\n<p class=\"wp-block-paragraph\">Manchmal ist es ein bisschen schwer, aber ich habe eine tolle Schule, die mich bestm\u00f6glich unterstu\u0308tzt. Wenn ich fu\u0308r Lehrg\u00e4nge oder Spiele fehlen sollte, kann ich den Stoff anderweitig nachholen. Auch wenn ich eine Arbeit verpasse, bekomme ich die M\u00f6glichkeit, diese nachzuschreiben.<\/p>\n\n\n\n<p class=\"has-gridlove-acc-color has-text-color wp-block-paragraph\"><strong><em>Bleibt da u\u0308berhaupt noch Zeit fu\u0308r andere Hobbys und Freunde? Oder einfach mal relaxen?<\/em><\/strong><\/p>\n\n\n\n<p class=\"wp-block-paragraph\">Fu\u0308r andere Hobbys bleibt nicht wirklich viel Zeit. Meine Freunde treffe ich schon, wenn ich Zeit habe.<\/p>\n\n\n\n<p class=\"has-gridlove-acc-color has-text-color wp-block-paragraph\"><strong><em>Was machst Du am liebsten, wenn sich mal nicht alles um Fu\u00dfball dreht?<\/em><\/strong><\/p>\n\n\n\n<p class=\"wp-block-paragraph\">Playstation mit Freunden spielen oder einfach nur Netflix schauen.<\/p>\n\n\n\n<p class=\"has-gridlove-acc-color has-text-color wp-block-paragraph\"><strong><em>Du hast mit 15 schon eine Menge erreicht \u2013 Du spielst bei einem der traditionsreichsten Vereine Deutschlands und in zwei Nationalmannschaften. Was sind Deine Ziele fu\u0308r die Zukunft?<\/em><\/strong><\/p>\n\n\n\n<p class=\"wp-block-paragraph\">Wie bei jedem Spieler ist es natu\u0308rlich mein Ziel, im Profifu\u00dfball anzukommen. Dafu\u0308r arbeite ich jeden Tag. Aber ich wei\u00df auch, dass das ein sehr langer Weg ist. Wenn ich dann w\u00e4hrend meiner Karriere den einen oder anderen Titel gewinnen wu\u0308rde, w\u00e4re das wirklich u\u0308berragend. Auch davon tr\u00e4umt wahrscheinlich jeder Fu\u00dfballer in meinem Alter.<\/p>\n\n\n\n<figure class=\"wp-block-image size-full\"><img loading=\"lazy\" decoding=\"async\" width=\"620\" height=\"328\" src=\"https:\/\/magazin.ikk-suedwest.de\/februar-2023\/wp-content\/uploads\/sites\/9\/2023\/01\/ikk_fm_2301_beitragsbild_s26_fussball_02.jpg\" alt=\"\" class=\"wp-image-6617\" srcset=\"https:\/\/magazin.ikk-suedwest.de\/februar-2023\/wp-content\/uploads\/sites\/9\/2023\/01\/ikk_fm_2301_beitragsbild_s26_fussball_02.jpg 620w, https:\/\/magazin.ikk-suedwest.de\/februar-2023\/wp-content\/uploads\/sites\/9\/2023\/01\/ikk_fm_2301_beitragsbild_s26_fussball_02-300x159.jpg 300w, https:\/\/magazin.ikk-suedwest.de\/februar-2023\/wp-content\/uploads\/sites\/9\/2023\/01\/ikk_fm_2301_beitragsbild_s26_fussball_02-370x196.jpg 370w, https:\/\/magazin.ikk-suedwest.de\/februar-2023\/wp-content\/uploads\/sites\/9\/2023\/01\/ikk_fm_2301_beitragsbild_s26_fussball_02-270x143.jpg 270w, https:\/\/magazin.ikk-suedwest.de\/februar-2023\/wp-content\/uploads\/sites\/9\/2023\/01\/ikk_fm_2301_beitragsbild_s26_fussball_02-570x302.jpg 570w\" sizes=\"auto, (max-width: 620px) 100vw, 620px\" \/><\/figure>\n\n\n\n<p class=\"has-gridlove-acc-color has-text-color wp-block-paragraph\"><strong><em>Und jetzt nicht ganz so weit vorausgeschaut: Was steht fu\u0308r Dich als n\u00e4chstes an?<\/em><\/strong><\/p>\n\n\n\n<p class=\"wp-block-paragraph\">Mein n\u00e4chster Schritt ist einfach, mich weiterzuentwickeln. Alles andere lasse ich auf mich zukommen.<\/p>\n\n\n\n<p class=\"has-gridlove-acc-color has-text-color wp-block-paragraph\"><strong><em>Vielen Dank fu\u0308r das Interview, Montrell. Wir wu\u0308nschen Dir viel Erfolg fu\u0308r die Zukunft!<\/em><\/strong><\/p>\n\n\n<div class=\"shariff shariff-align-left shariff-widget-align-left\"><ul class=\"shariff-buttons theme-round orientation-horizontal buttonsize-medium\"><li class=\"shariff-button twitter shariff-nocustomcolor\" style=\"background-color:#595959\"><a href=\"https:\/\/twitter.com\/share?url=https%3A%2F%2Fmagazin.ikk-suedwest.de%2Ffebruar-2023%2Fden-profifussball-fest-im-blick%2F&text=Den%20Profifu%C3%9Fball%20fest%20im%20Blick\" title=\"Bei X teilen\" aria-label=\"Bei X teilen\" role=\"button\" rel=\"noopener nofollow\" class=\"shariff-link\" style=\"; background-color:#000; color:#fff\" target=\"_blank\"><span class=\"shariff-icon\" style=\"\"><svg width=\"32px\" height=\"20px\" xmlns=\"http:\/\/www.w3.org\/2000\/svg\" viewBox=\"0 0 24 24\"><path fill=\"#000\" d=\"M14.258 10.152L23.176 0h-2.113l-7.747 8.813L7.133 0H0l9.352 13.328L0 23.973h2.113l8.176-9.309 6.531 9.309h7.133zm-2.895 3.293l-.949-1.328L2.875 1.56h3.246l6.086 8.523.945 1.328 7.91 11.078h-3.246zm0 0\"\/><\/svg><\/span><\/a><\/li><li class=\"shariff-button facebook shariff-nocustomcolor\" style=\"background-color:#4273c8\"><a href=\"https:\/\/www.facebook.com\/sharer\/sharer.php?u=https%3A%2F%2Fmagazin.ikk-suedwest.de%2Ffebruar-2023%2Fden-profifussball-fest-im-blick%2F\" title=\"Bei Facebook teilen\" aria-label=\"Bei Facebook teilen\" role=\"button\" rel=\"nofollow\" class=\"shariff-link\" style=\"; background-color:#3b5998; color:#fff\" target=\"_blank\"><span class=\"shariff-icon\" style=\"\"><svg width=\"32px\" height=\"20px\" xmlns=\"http:\/\/www.w3.org\/2000\/svg\" viewBox=\"0 0 18 32\"><path fill=\"#3b5998\" d=\"M17.1 0.2v4.7h-2.8q-1.5 0-2.1 0.6t-0.5 1.9v3.4h5.2l-0.7 5.3h-4.5v13.6h-5.5v-13.6h-4.5v-5.3h4.5v-3.9q0-3.3 1.9-5.2t5-1.8q2.6 0 4.1 0.2z\"\/><\/svg><\/span><\/a><\/li><li class=\"shariff-button whatsapp shariff-nocustomcolor\" style=\"background-color:#5cbe4a\"><a href=\"https:\/\/api.whatsapp.com\/send?text=https%3A%2F%2Fmagazin.ikk-suedwest.de%2Ffebruar-2023%2Fden-profifussball-fest-im-blick%2F%20Den%20Profifu%C3%9Fball%20fest%20im%20Blick\" title=\"Bei Whatsapp teilen\" aria-label=\"Bei Whatsapp teilen\" role=\"button\" rel=\"noopener nofollow\" class=\"shariff-link\" style=\"; background-color:#34af23; color:#fff\" target=\"_blank\"><span class=\"shariff-icon\" style=\"\"><svg width=\"32px\" height=\"20px\" xmlns=\"http:\/\/www.w3.org\/2000\/svg\" viewBox=\"0 0 32 32\"><path fill=\"#34af23\" d=\"M17.6 17.4q0.2 0 1.7 0.8t1.6 0.9q0 0.1 0 0.3 0 0.6-0.3 1.4-0.3 0.7-1.3 1.2t-1.8 0.5q-1 0-3.4-1.1-1.7-0.8-3-2.1t-2.6-3.3q-1.3-1.9-1.3-3.5v-0.1q0.1-1.6 1.3-2.8 0.4-0.4 0.9-0.4 0.1 0 0.3 0t0.3 0q0.3 0 0.5 0.1t0.3 0.5q0.1 0.4 0.6 1.6t0.4 1.3q0 0.4-0.6 1t-0.6 0.8q0 0.1 0.1 0.3 0.6 1.3 1.8 2.4 1 0.9 2.7 1.8 0.2 0.1 0.4 0.1 0.3 0 1-0.9t0.9-0.9zM14 26.9q2.3 0 4.3-0.9t3.6-2.4 2.4-3.6 0.9-4.3-0.9-4.3-2.4-3.6-3.6-2.4-4.3-0.9-4.3 0.9-3.6 2.4-2.4 3.6-0.9 4.3q0 3.6 2.1 6.6l-1.4 4.2 4.3-1.4q2.8 1.9 6.2 1.9zM14 2.2q2.7 0 5.2 1.1t4.3 2.9 2.9 4.3 1.1 5.2-1.1 5.2-2.9 4.3-4.3 2.9-5.2 1.1q-3.5 0-6.5-1.7l-7.4 2.4 2.4-7.2q-1.9-3.2-1.9-6.9 0-2.7 1.1-5.2t2.9-4.3 4.3-2.9 5.2-1.1z\"\/><\/svg><\/span><\/a><\/li><li class=\"shariff-button mailto shariff-nocustomcolor\" style=\"background-color:#a8a8a8\"><a href=\"mailto:?body=https%3A%2F%2Fmagazin.ikk-suedwest.de%2Ffebruar-2023%2Fden-profifussball-fest-im-blick%2F&subject=Den%20Profifu%C3%9Fball%20fest%20im%20Blick\" title=\"Per E-Mail versenden\" aria-label=\"Per E-Mail versenden\" role=\"button\" rel=\"noopener nofollow\" class=\"shariff-link\" style=\"; background-color:#999; color:#fff\"><span class=\"shariff-icon\" style=\"\"><svg width=\"32px\" height=\"20px\" xmlns=\"http:\/\/www.w3.org\/2000\/svg\" viewBox=\"0 0 32 32\"><path fill=\"#999\" d=\"M32 12.7v14.2q0 1.2-0.8 2t-2 0.9h-26.3q-1.2 0-2-0.9t-0.8-2v-14.2q0.8 0.9 1.8 1.6 6.5 4.4 8.9 6.1 1 0.8 1.6 1.2t1.7 0.9 2 0.4h0.1q0.9 0 2-0.4t1.7-0.9 1.6-1.2q3-2.2 8.9-6.1 1-0.7 1.8-1.6zM32 7.4q0 1.4-0.9 2.7t-2.2 2.2q-6.7 4.7-8.4 5.8-0.2 0.1-0.7 0.5t-1 0.7-0.9 0.6-1.1 0.5-0.9 0.2h-0.1q-0.4 0-0.9-0.2t-1.1-0.5-0.9-0.6-1-0.7-0.7-0.5q-1.6-1.1-4.7-3.2t-3.6-2.6q-1.1-0.7-2.1-2t-1-2.5q0-1.4 0.7-2.3t2.1-0.9h26.3q1.2 0 2 0.8t0.9 2z\"\/><\/svg><\/span><\/a><\/li><\/ul><\/div>\n\n\n\n<p class=\"wp-block-paragraph\"><\/p>\n\n\n\n<div class=\"wp-block-buttons is-horizontal is-content-justification-left is-layout-flex wp-container-core-buttons-is-layout-39697d9b wp-block-buttons-is-layout-flex\">\n<div class=\"wp-block-button\"><a class=\"wp-block-button__link has-background wp-element-button\" href=\"javascript:history.back()\" style=\"background-color:#009fe3\">Zur\u00fcck<\/a><\/div>\n<\/div>\n","protected":false},"excerpt":{"rendered":"<p>Schule, Freizeit, Wochenende \u2013 so sieht das Leben der meisten 15-J\u00e4hrigen aus &#8230;<\/p>\n","protected":false},"author":1,"featured_media":6616,"comment_status":"closed","ping_status":"closed","sticky":false,"template":"","format":"standard","meta":{"_acf_changed":false,"_crdt_document":"","favoriteCount":1,"footnotes":""},"categories":[54],"tags":[],"class_list":["post-6607","post","type-post","status-publish","format-standard","has-post-thumbnail","hentry","category-service"],"acf":[],"yoast_head":"<!-- This site is optimized with the Yoast SEO plugin v27.4 - https:\/\/yoast.com\/product\/yoast-seo-wordpress\/ -->\n<title>Den Profifu\u00dfball fest im Blick - Februar 2023<\/title>\n<meta name=\"robots\" content=\"noindex, follow, max-snippet:-1, max-image-preview:large, max-video-preview:-1\" \/>\n<meta property=\"og:locale\" content=\"de_DE\" \/>\n<meta property=\"og:type\" content=\"article\" \/>\n<meta property=\"og:title\" content=\"Den Profifu\u00dfball fest im Blick - Februar 2023\" \/>\n<meta property=\"og:description\" content=\"Schule, Freizeit, Wochenende \u2013 so sieht das Leben der meisten 15-J\u00e4hrigen aus ...\" \/>\n<meta property=\"og:url\" content=\"https:\/\/magazin.ikk-suedwest.de\/februar-2023\/den-profifussball-fest-im-blick\/\" \/>\n<meta property=\"og:site_name\" content=\"Februar 2023\" \/>\n<meta property=\"article:published_time\" content=\"2023-01-09T23:17:00+00:00\" \/>\n<meta property=\"article:modified_time\" content=\"2023-02-02T07:25:47+00:00\" \/>\n<meta property=\"og:image\" content=\"https:\/\/magazin.ikk-suedwest.de\/februar-2023\/wp-content\/uploads\/sites\/9\/2023\/01\/ikk_fm_2301_s26_fussball.jpg\" \/>\n\t<meta property=\"og:image:width\" content=\"1225\" \/>\n\t<meta property=\"og:image:height\" content=\"818\" \/>\n\t<meta property=\"og:image:type\" content=\"image\/jpeg\" \/>\n<meta name=\"author\" content=\"fbo_master\" \/>\n<meta name=\"twitter:card\" content=\"summary_large_image\" \/>\n<meta name=\"twitter:label1\" content=\"Geschrieben von\" \/>\n\t<meta name=\"twitter:data1\" content=\"fbo_master\" \/>\n\t<meta name=\"twitter:label2\" content=\"Gesch\u00e4tzte Lesezeit\" \/>\n\t<meta name=\"twitter:data2\" content=\"4\u00a0Minuten\" \/>\n<script type=\"application\/ld+json\" class=\"yoast-schema-graph\">{\"@context\":\"https:\\\/\\\/schema.org\",\"@graph\":[{\"@type\":\"Article\",\"@id\":\"https:\\\/\\\/magazin.ikk-suedwest.de\\\/februar-2023\\\/den-profifussball-fest-im-blick\\\/#article\",\"isPartOf\":{\"@id\":\"https:\\\/\\\/magazin.ikk-suedwest.de\\\/februar-2023\\\/den-profifussball-fest-im-blick\\\/\"},\"author\":{\"name\":\"fbo_master\",\"@id\":\"https:\\\/\\\/magazin.ikk-suedwest.de\\\/februar-2023\\\/#\\\/schema\\\/person\\\/636237f711a5aed151e44ddcc2de114a\"},\"headline\":\"Den Profifu\u00dfball fest im Blick\",\"datePublished\":\"2023-01-09T23:17:00+00:00\",\"dateModified\":\"2023-02-02T07:25:47+00:00\",\"mainEntityOfPage\":{\"@id\":\"https:\\\/\\\/magazin.ikk-suedwest.de\\\/februar-2023\\\/den-profifussball-fest-im-blick\\\/\"},\"wordCount\":611,\"image\":{\"@id\":\"https:\\\/\\\/magazin.ikk-suedwest.de\\\/februar-2023\\\/den-profifussball-fest-im-blick\\\/#primaryimage\"},\"thumbnailUrl\":\"https:\\\/\\\/magazin.ikk-suedwest.de\\\/februar-2023\\\/wp-content\\\/uploads\\\/sites\\\/9\\\/2023\\\/01\\\/ikk_fm_2301_s26_fussball.jpg\",\"articleSection\":[\"Service\"],\"inLanguage\":\"de\"},{\"@type\":\"WebPage\",\"@id\":\"https:\\\/\\\/magazin.ikk-suedwest.de\\\/februar-2023\\\/den-profifussball-fest-im-blick\\\/\",\"url\":\"https:\\\/\\\/magazin.ikk-suedwest.de\\\/februar-2023\\\/den-profifussball-fest-im-blick\\\/\",\"name\":\"Den Profifu\u00dfball fest im Blick - Februar 2023\",\"isPartOf\":{\"@id\":\"https:\\\/\\\/magazin.ikk-suedwest.de\\\/februar-2023\\\/#website\"},\"primaryImageOfPage\":{\"@id\":\"https:\\\/\\\/magazin.ikk-suedwest.de\\\/februar-2023\\\/den-profifussball-fest-im-blick\\\/#primaryimage\"},\"image\":{\"@id\":\"https:\\\/\\\/magazin.ikk-suedwest.de\\\/februar-2023\\\/den-profifussball-fest-im-blick\\\/#primaryimage\"},\"thumbnailUrl\":\"https:\\\/\\\/magazin.ikk-suedwest.de\\\/februar-2023\\\/wp-content\\\/uploads\\\/sites\\\/9\\\/2023\\\/01\\\/ikk_fm_2301_s26_fussball.jpg\",\"datePublished\":\"2023-01-09T23:17:00+00:00\",\"dateModified\":\"2023-02-02T07:25:47+00:00\",\"author\":{\"@id\":\"https:\\\/\\\/magazin.ikk-suedwest.de\\\/februar-2023\\\/#\\\/schema\\\/person\\\/636237f711a5aed151e44ddcc2de114a\"},\"breadcrumb\":{\"@id\":\"https:\\\/\\\/magazin.ikk-suedwest.de\\\/februar-2023\\\/den-profifussball-fest-im-blick\\\/#breadcrumb\"},\"inLanguage\":\"de\",\"potentialAction\":[{\"@type\":\"ReadAction\",\"target\":[\"https:\\\/\\\/magazin.ikk-suedwest.de\\\/februar-2023\\\/den-profifussball-fest-im-blick\\\/\"]}]},{\"@type\":\"ImageObject\",\"inLanguage\":\"de\",\"@id\":\"https:\\\/\\\/magazin.ikk-suedwest.de\\\/februar-2023\\\/den-profifussball-fest-im-blick\\\/#primaryimage\",\"url\":\"https:\\\/\\\/magazin.ikk-suedwest.de\\\/februar-2023\\\/wp-content\\\/uploads\\\/sites\\\/9\\\/2023\\\/01\\\/ikk_fm_2301_s26_fussball.jpg\",\"contentUrl\":\"https:\\\/\\\/magazin.ikk-suedwest.de\\\/februar-2023\\\/wp-content\\\/uploads\\\/sites\\\/9\\\/2023\\\/01\\\/ikk_fm_2301_s26_fussball.jpg\",\"width\":1225,\"height\":818},{\"@type\":\"BreadcrumbList\",\"@id\":\"https:\\\/\\\/magazin.ikk-suedwest.de\\\/februar-2023\\\/den-profifussball-fest-im-blick\\\/#breadcrumb\",\"itemListElement\":[{\"@type\":\"ListItem\",\"position\":1,\"name\":\"Startseite\",\"item\":\"https:\\\/\\\/magazin.ikk-suedwest.de\\\/februar-2023\\\/\"},{\"@type\":\"ListItem\",\"position\":2,\"name\":\"Den Profifu\u00dfball fest im Blick\"}]},{\"@type\":\"WebSite\",\"@id\":\"https:\\\/\\\/magazin.ikk-suedwest.de\\\/februar-2023\\\/#website\",\"url\":\"https:\\\/\\\/magazin.ikk-suedwest.de\\\/februar-2023\\\/\",\"name\":\"Februar 2023\",\"description\":\"Eine weitere IKK Magazin Ausgaben Website\",\"potentialAction\":[{\"@type\":\"SearchAction\",\"target\":{\"@type\":\"EntryPoint\",\"urlTemplate\":\"https:\\\/\\\/magazin.ikk-suedwest.de\\\/februar-2023\\\/?s={search_term_string}\"},\"query-input\":{\"@type\":\"PropertyValueSpecification\",\"valueRequired\":true,\"valueName\":\"search_term_string\"}}],\"inLanguage\":\"de\"},{\"@type\":\"Person\",\"@id\":\"https:\\\/\\\/magazin.ikk-suedwest.de\\\/februar-2023\\\/#\\\/schema\\\/person\\\/636237f711a5aed151e44ddcc2de114a\",\"name\":\"fbo_master\",\"image\":{\"@type\":\"ImageObject\",\"inLanguage\":\"de\",\"@id\":\"https:\\\/\\\/secure.gravatar.com\\\/avatar\\\/5e042e587c1d6c68d3fadd024e871a65399da22a9ef5e23b274af331bde574af?s=96&d=mm&r=g\",\"url\":\"https:\\\/\\\/secure.gravatar.com\\\/avatar\\\/5e042e587c1d6c68d3fadd024e871a65399da22a9ef5e23b274af331bde574af?s=96&d=mm&r=g\",\"contentUrl\":\"https:\\\/\\\/secure.gravatar.com\\\/avatar\\\/5e042e587c1d6c68d3fadd024e871a65399da22a9ef5e23b274af331bde574af?s=96&d=mm&r=g\",\"caption\":\"fbo_master\"},\"sameAs\":[\"https:\\\/\\\/magazin.ikk-suedwest.de\"],\"url\":\"https:\\\/\\\/magazin.ikk-suedwest.de\\\/februar-2023\\\/author\\\/fbo_master\\\/\"}]}<\/script>\n<!-- \/ Yoast SEO plugin. -->","yoast_head_json":{"title":"Den Profifu\u00dfball fest im Blick - Februar 2023","robots":{"index":"noindex","follow":"follow","max-snippet":"max-snippet:-1","max-image-preview":"max-image-preview:large","max-video-preview":"max-video-preview:-1"},"og_locale":"de_DE","og_type":"article","og_title":"Den Profifu\u00dfball fest im Blick - Februar 2023","og_description":"Schule, Freizeit, Wochenende \u2013 so sieht das Leben der meisten 15-J\u00e4hrigen aus ...","og_url":"https:\/\/magazin.ikk-suedwest.de\/februar-2023\/den-profifussball-fest-im-blick\/","og_site_name":"Februar 2023","article_published_time":"2023-01-09T23:17:00+00:00","article_modified_time":"2023-02-02T07:25:47+00:00","og_image":[{"width":1225,"height":818,"url":"https:\/\/magazin.ikk-suedwest.de\/februar-2023\/wp-content\/uploads\/sites\/9\/2023\/01\/ikk_fm_2301_s26_fussball.jpg","type":"image\/jpeg"}],"author":"fbo_master","twitter_card":"summary_large_image","twitter_misc":{"Geschrieben von":"fbo_master","Gesch\u00e4tzte Lesezeit":"4\u00a0Minuten"},"schema":{"@context":"https:\/\/schema.org","@graph":[{"@type":"Article","@id":"https:\/\/magazin.ikk-suedwest.de\/februar-2023\/den-profifussball-fest-im-blick\/#article","isPartOf":{"@id":"https:\/\/magazin.ikk-suedwest.de\/februar-2023\/den-profifussball-fest-im-blick\/"},"author":{"name":"fbo_master","@id":"https:\/\/magazin.ikk-suedwest.de\/februar-2023\/#\/schema\/person\/636237f711a5aed151e44ddcc2de114a"},"headline":"Den Profifu\u00dfball fest im Blick","datePublished":"2023-01-09T23:17:00+00:00","dateModified":"2023-02-02T07:25:47+00:00","mainEntityOfPage":{"@id":"https:\/\/magazin.ikk-suedwest.de\/februar-2023\/den-profifussball-fest-im-blick\/"},"wordCount":611,"image":{"@id":"https:\/\/magazin.ikk-suedwest.de\/februar-2023\/den-profifussball-fest-im-blick\/#primaryimage"},"thumbnailUrl":"https:\/\/magazin.ikk-suedwest.de\/februar-2023\/wp-content\/uploads\/sites\/9\/2023\/01\/ikk_fm_2301_s26_fussball.jpg","articleSection":["Service"],"inLanguage":"de"},{"@type":"WebPage","@id":"https:\/\/magazin.ikk-suedwest.de\/februar-2023\/den-profifussball-fest-im-blick\/","url":"https:\/\/magazin.ikk-suedwest.de\/februar-2023\/den-profifussball-fest-im-blick\/","name":"Den Profifu\u00dfball fest im Blick - Februar 2023","isPartOf":{"@id":"https:\/\/magazin.ikk-suedwest.de\/februar-2023\/#website"},"primaryImageOfPage":{"@id":"https:\/\/magazin.ikk-suedwest.de\/februar-2023\/den-profifussball-fest-im-blick\/#primaryimage"},"image":{"@id":"https:\/\/magazin.ikk-suedwest.de\/februar-2023\/den-profifussball-fest-im-blick\/#primaryimage"},"thumbnailUrl":"https:\/\/magazin.ikk-suedwest.de\/februar-2023\/wp-content\/uploads\/sites\/9\/2023\/01\/ikk_fm_2301_s26_fussball.jpg","datePublished":"2023-01-09T23:17:00+00:00","dateModified":"2023-02-02T07:25:47+00:00","author":{"@id":"https:\/\/magazin.ikk-suedwest.de\/februar-2023\/#\/schema\/person\/636237f711a5aed151e44ddcc2de114a"},"breadcrumb":{"@id":"https:\/\/magazin.ikk-suedwest.de\/februar-2023\/den-profifussball-fest-im-blick\/#breadcrumb"},"inLanguage":"de","potentialAction":[{"@type":"ReadAction","target":["https:\/\/magazin.ikk-suedwest.de\/februar-2023\/den-profifussball-fest-im-blick\/"]}]},{"@type":"ImageObject","inLanguage":"de","@id":"https:\/\/magazin.ikk-suedwest.de\/februar-2023\/den-profifussball-fest-im-blick\/#primaryimage","url":"https:\/\/magazin.ikk-suedwest.de\/februar-2023\/wp-content\/uploads\/sites\/9\/2023\/01\/ikk_fm_2301_s26_fussball.jpg","contentUrl":"https:\/\/magazin.ikk-suedwest.de\/februar-2023\/wp-content\/uploads\/sites\/9\/2023\/01\/ikk_fm_2301_s26_fussball.jpg","width":1225,"height":818},{"@type":"BreadcrumbList","@id":"https:\/\/magazin.ikk-suedwest.de\/februar-2023\/den-profifussball-fest-im-blick\/#breadcrumb","itemListElement":[{"@type":"ListItem","position":1,"name":"Startseite","item":"https:\/\/magazin.ikk-suedwest.de\/februar-2023\/"},{"@type":"ListItem","position":2,"name":"Den Profifu\u00dfball fest im Blick"}]},{"@type":"WebSite","@id":"https:\/\/magazin.ikk-suedwest.de\/februar-2023\/#website","url":"https:\/\/magazin.ikk-suedwest.de\/februar-2023\/","name":"Februar 2023","description":"Eine weitere IKK Magazin Ausgaben Website","potentialAction":[{"@type":"SearchAction","target":{"@type":"EntryPoint","urlTemplate":"https:\/\/magazin.ikk-suedwest.de\/februar-2023\/?s={search_term_string}"},"query-input":{"@type":"PropertyValueSpecification","valueRequired":true,"valueName":"search_term_string"}}],"inLanguage":"de"},{"@type":"Person","@id":"https:\/\/magazin.ikk-suedwest.de\/februar-2023\/#\/schema\/person\/636237f711a5aed151e44ddcc2de114a","name":"fbo_master","image":{"@type":"ImageObject","inLanguage":"de","@id":"https:\/\/secure.gravatar.com\/avatar\/5e042e587c1d6c68d3fadd024e871a65399da22a9ef5e23b274af331bde574af?s=96&d=mm&r=g","url":"https:\/\/secure.gravatar.com\/avatar\/5e042e587c1d6c68d3fadd024e871a65399da22a9ef5e23b274af331bde574af?s=96&d=mm&r=g","contentUrl":"https:\/\/secure.gravatar.com\/avatar\/5e042e587c1d6c68d3fadd024e871a65399da22a9ef5e23b274af331bde574af?s=96&d=mm&r=g","caption":"fbo_master"},"sameAs":["https:\/\/magazin.ikk-suedwest.de"],"url":"https:\/\/magazin.ikk-suedwest.de\/februar-2023\/author\/fbo_master\/"}]}},"_links":{"self":[{"href":"https:\/\/magazin.ikk-suedwest.de\/februar-2023\/wp-json\/wp\/v2\/posts\/6607","targetHints":{"allow":["GET"]}}],"collection":[{"href":"https:\/\/magazin.ikk-suedwest.de\/februar-2023\/wp-json\/wp\/v2\/posts"}],"about":[{"href":"https:\/\/magazin.ikk-suedwest.de\/februar-2023\/wp-json\/wp\/v2\/types\/post"}],"author":[{"embeddable":true,"href":"https:\/\/magazin.ikk-suedwest.de\/februar-2023\/wp-json\/wp\/v2\/users\/1"}],"replies":[{"embeddable":true,"href":"https:\/\/magazin.ikk-suedwest.de\/februar-2023\/wp-json\/wp\/v2\/comments?post=6607"}],"version-history":[{"count":7,"href":"https:\/\/magazin.ikk-suedwest.de\/februar-2023\/wp-json\/wp\/v2\/posts\/6607\/revisions"}],"predecessor-version":[{"id":6666,"href":"https:\/\/magazin.ikk-suedwest.de\/februar-2023\/wp-json\/wp\/v2\/posts\/6607\/revisions\/6666"}],"wp:featuredmedia":[{"embeddable":true,"href":"https:\/\/magazin.ikk-suedwest.de\/februar-2023\/wp-json\/wp\/v2\/media\/6616"}],"wp:attachment":[{"href":"https:\/\/magazin.ikk-suedwest.de\/februar-2023\/wp-json\/wp\/v2\/media?parent=6607"}],"wp:term":[{"taxonomy":"category","embeddable":true,"href":"https:\/\/magazin.ikk-suedwest.de\/februar-2023\/wp-json\/wp\/v2\/categories?post=6607"},{"taxonomy":"post_tag","embeddable":true,"href":"https:\/\/magazin.ikk-suedwest.de\/februar-2023\/wp-json\/wp\/v2\/tags?post=6607"}],"curies":[{"name":"wp","href":"https:\/\/api.w.org\/{rel}","templated":true}]}}