{"id":7144,"date":"2024-01-17T10:55:52","date_gmt":"2024-01-17T09:55:52","guid":{"rendered":"https:\/\/magazin.ikk-suedwest.de\/februar-2024\/?p=7144"},"modified":"2024-01-31T11:45:19","modified_gmt":"2024-01-31T10:45:19","slug":"40-jahre-fuer-die-ikk-suedwest","status":"publish","type":"post","link":"https:\/\/magazin.ikk-suedwest.de\/februar-2024\/40-jahre-fuer-die-ikk-suedwest\/","title":{"rendered":"40 Jahre f\u00fcr die IKK S\u00fcdwest"},"content":{"rendered":"<div class=\"shariff shariff-align-left shariff-widget-align-left\"><ul class=\"shariff-buttons theme-round orientation-horizontal buttonsize-medium\"><li class=\"shariff-button facebook shariff-nocustomcolor\" style=\"background-color:#4273c8\"><a href=\"https:\/\/www.facebook.com\/sharer\/sharer.php?u=https%3A%2F%2Fmagazin.ikk-suedwest.de%2Ffebruar-2024%2F40-jahre-fuer-die-ikk-suedwest%2F\" title=\"Bei Facebook teilen\" aria-label=\"Bei Facebook teilen\" role=\"button\" rel=\"nofollow\" class=\"shariff-link\" style=\"; background-color:#3b5998; color:#fff\" target=\"_blank\"><span class=\"shariff-icon\" style=\"\"><svg width=\"32px\" height=\"20px\" xmlns=\"http:\/\/www.w3.org\/2000\/svg\" viewBox=\"0 0 18 32\"><path fill=\"#3b5998\" d=\"M17.1 0.2v4.7h-2.8q-1.5 0-2.1 0.6t-0.5 1.9v3.4h5.2l-0.7 5.3h-4.5v13.6h-5.5v-13.6h-4.5v-5.3h4.5v-3.9q0-3.3 1.9-5.2t5-1.8q2.6 0 4.1 0.2z\"\/><\/svg><\/span><\/a><\/li><li class=\"shariff-button whatsapp shariff-nocustomcolor\" style=\"background-color:#5cbe4a\"><a href=\"https:\/\/api.whatsapp.com\/send?text=https%3A%2F%2Fmagazin.ikk-suedwest.de%2Ffebruar-2024%2F40-jahre-fuer-die-ikk-suedwest%2F%2040%20Jahre%20f%C3%BCr%20die%20IKK%20S%C3%BCdwest\" title=\"Bei Whatsapp teilen\" aria-label=\"Bei Whatsapp teilen\" role=\"button\" rel=\"noopener nofollow\" class=\"shariff-link\" style=\"; background-color:#34af23; color:#fff\" target=\"_blank\"><span class=\"shariff-icon\" style=\"\"><svg width=\"32px\" height=\"20px\" xmlns=\"http:\/\/www.w3.org\/2000\/svg\" viewBox=\"0 0 32 32\"><path fill=\"#34af23\" d=\"M17.6 17.4q0.2 0 1.7 0.8t1.6 0.9q0 0.1 0 0.3 0 0.6-0.3 1.4-0.3 0.7-1.3 1.2t-1.8 0.5q-1 0-3.4-1.1-1.7-0.8-3-2.1t-2.6-3.3q-1.3-1.9-1.3-3.5v-0.1q0.1-1.6 1.3-2.8 0.4-0.4 0.9-0.4 0.1 0 0.3 0t0.3 0q0.3 0 0.5 0.1t0.3 0.5q0.1 0.4 0.6 1.6t0.4 1.3q0 0.4-0.6 1t-0.6 0.8q0 0.1 0.1 0.3 0.6 1.3 1.8 2.4 1 0.9 2.7 1.8 0.2 0.1 0.4 0.1 0.3 0 1-0.9t0.9-0.9zM14 26.9q2.3 0 4.3-0.9t3.6-2.4 2.4-3.6 0.9-4.3-0.9-4.3-2.4-3.6-3.6-2.4-4.3-0.9-4.3 0.9-3.6 2.4-2.4 3.6-0.9 4.3q0 3.6 2.1 6.6l-1.4 4.2 4.3-1.4q2.8 1.9 6.2 1.9zM14 2.2q2.7 0 5.2 1.1t4.3 2.9 2.9 4.3 1.1 5.2-1.1 5.2-2.9 4.3-4.3 2.9-5.2 1.1q-3.5 0-6.5-1.7l-7.4 2.4 2.4-7.2q-1.9-3.2-1.9-6.9 0-2.7 1.1-5.2t2.9-4.3 4.3-2.9 5.2-1.1z\"\/><\/svg><\/span><\/a><\/li><li class=\"shariff-button mailto shariff-nocustomcolor\" style=\"background-color:#a8a8a8\"><a href=\"mailto:?body=https%3A%2F%2Fmagazin.ikk-suedwest.de%2Ffebruar-2024%2F40-jahre-fuer-die-ikk-suedwest%2F&subject=40%20Jahre%20f%C3%BCr%20die%20IKK%20S%C3%BCdwest\" title=\"Per E-Mail versenden\" aria-label=\"Per E-Mail versenden\" role=\"button\" rel=\"noopener nofollow\" class=\"shariff-link\" style=\"; background-color:#999; color:#fff\"><span class=\"shariff-icon\" style=\"\"><svg width=\"32px\" height=\"20px\" xmlns=\"http:\/\/www.w3.org\/2000\/svg\" viewBox=\"0 0 32 32\"><path fill=\"#999\" d=\"M32 12.7v14.2q0 1.2-0.8 2t-2 0.9h-26.3q-1.2 0-2-0.9t-0.8-2v-14.2q0.8 0.9 1.8 1.6 6.5 4.4 8.9 6.1 1 0.8 1.6 1.2t1.7 0.9 2 0.4h0.1q0.9 0 2-0.4t1.7-0.9 1.6-1.2q3-2.2 8.9-6.1 1-0.7 1.8-1.6zM32 7.4q0 1.4-0.9 2.7t-2.2 2.2q-6.7 4.7-8.4 5.8-0.2 0.1-0.7 0.5t-1 0.7-0.9 0.6-1.1 0.5-0.9 0.2h-0.1q-0.4 0-0.9-0.2t-1.1-0.5-0.9-0.6-1-0.7-0.7-0.5q-1.6-1.1-4.7-3.2t-3.6-2.6q-1.1-0.7-2.1-2t-1-2.5q0-1.4 0.7-2.3t2.1-0.9h26.3q1.2 0 2 0.8t0.9 2z\"\/><\/svg><\/span><\/a><\/li><\/ul><\/div>\n\n\n\n<figure class=\"wp-block-image size-large\"><img loading=\"lazy\" decoding=\"async\" width=\"1024\" height=\"684\" src=\"https:\/\/magazin.ikk-suedwest.de\/februar-2024\/wp-content\/uploads\/sites\/11\/2024\/01\/ikk_fm_2401_s04_40_jahre_optim-1024x684.jpg\" alt=\"\" class=\"wp-image-7247\" srcset=\"https:\/\/magazin.ikk-suedwest.de\/februar-2024\/wp-content\/uploads\/sites\/11\/2024\/01\/ikk_fm_2401_s04_40_jahre_optim-1024x684.jpg 1024w, https:\/\/magazin.ikk-suedwest.de\/februar-2024\/wp-content\/uploads\/sites\/11\/2024\/01\/ikk_fm_2401_s04_40_jahre_optim-300x200.jpg 300w, https:\/\/magazin.ikk-suedwest.de\/februar-2024\/wp-content\/uploads\/sites\/11\/2024\/01\/ikk_fm_2401_s04_40_jahre_optim-768x513.jpg 768w, https:\/\/magazin.ikk-suedwest.de\/februar-2024\/wp-content\/uploads\/sites\/11\/2024\/01\/ikk_fm_2401_s04_40_jahre_optim-370x247.jpg 370w, https:\/\/magazin.ikk-suedwest.de\/februar-2024\/wp-content\/uploads\/sites\/11\/2024\/01\/ikk_fm_2401_s04_40_jahre_optim-270x180.jpg 270w, https:\/\/magazin.ikk-suedwest.de\/februar-2024\/wp-content\/uploads\/sites\/11\/2024\/01\/ikk_fm_2401_s04_40_jahre_optim-570x381.jpg 570w, https:\/\/magazin.ikk-suedwest.de\/februar-2024\/wp-content\/uploads\/sites\/11\/2024\/01\/ikk_fm_2401_s04_40_jahre_optim-749x500.jpg 749w, https:\/\/magazin.ikk-suedwest.de\/februar-2024\/wp-content\/uploads\/sites\/11\/2024\/01\/ikk_fm_2401_s04_40_jahre_optim-740x494.jpg 740w, https:\/\/magazin.ikk-suedwest.de\/februar-2024\/wp-content\/uploads\/sites\/11\/2024\/01\/ikk_fm_2401_s04_40_jahre_optim.jpg 1225w\" sizes=\"auto, (max-width: 1024px) 100vw, 1024px\" \/><figcaption class=\"wp-element-caption\">Gerd Benzmu\u0308ller (4. v. l.) gratulierte Lothar Weishaar (M.) zum 40-j\u00e4hrigen Jubil\u00e4um zusammen mit Daniel Schilling (l.), Prof. Dr. J\u00f6rg Loth (2. v. l.) sowie Gu\u0308nter Eller<\/figcaption><\/figure>\n\n\n\n<h1 class=\"wp-block-heading\"><strong>40 Jahre f\u00fcr die IKK S\u00fcdwest<\/strong><\/h1>\n\n\n\n<p class=\"has-gridlove-acc-color has-text-color has-link-color has-large-font-size wp-elements-c5400a46b1823a504b7f333ecf49fdd1 wp-block-paragraph\">Seit Oktober 1983 ist Lothar Weishaar im Verwaltungsrat der IKK S\u00fcdwest und ihrer Vorg\u00e4ngerinstitutionen t\u00e4tig. F\u00fcr dieses herausragende Engagement im Ehrenamt wurde er im vergangenen Dezember im Rahmen einer Verwaltungsratssitzung geehrt.<\/p>\n\n\n\n<p class=\"wp-block-paragraph\">Der Weg von Lothar Weishaar im Verwaltungsrat der Innungskrankenkassen im S\u00fcdwesten begann im Jahr 1983. Seitdem hat er viel erlebt und bewegt. Er gestaltet seit vier Jahrzehnten aktiv die Entwicklung und das Wachstum der IKK mit und begleitete mehrere Fusionen, zuletzt die Fusion der IKK S\u00fcdwest-Plus und der IKK S\u00fcdwest-Direkt zur IKK S\u00fcdwest. Inzwischen hat sich die IKK S\u00fcdwest als feste Gr\u00f6\u00dfe unter den gesetzlichen Krankenkassen und eine der besten regionalen Krankenkassen in Deutschland etabliert.<\/p>\n\n\n\n<p class=\"wp-block-paragraph\">In seinem Ehrenamt engagiert sich Lothar Weishaar als Vertreter der Versichertenseite immer f\u00fcr die Interessen der Menschen in der Region. Dar\u00fcber hinaus vertritt er bundesweit die IKK als Mitglied des Verwaltungsrates des Medizinischen Dienstes Bund und setzt sich auch in diesem Gremium f\u00fcr die Belange der Versicherten ein. Beruflich blieb Lothar Weishaar fast 45 Jahre der Firma Elektro-Weber in Trier als Prokurist treu.<\/p>\n\n\n\n<p class=\"wp-block-paragraph\">Das herausragende Engagement in der Selbstverwaltung ehrte der Verwaltungsratsvorsitzende der Arbeitgeberseite Gerd Benzm\u00fcller \u2013 auch im Namen seines leider verhinderten Pendants auf Versichertenseite Ralf Reinst\u00e4dtler \u2013 in der Verwaltungsratssitzung am 14. Dezember 2023. In seiner Laudatio w\u00fcrdigte er das Herzblut, mit dem Lothar Weishaar auch heute noch ans Werk gehe. In der konstruktiven und offenen Zusammenarbeit st\u00fcnden f\u00fcr ihn immer der Leistungs- und Servicegedanke im Vordergrund. Ein so gro\u00dfer Einsatz \u00fcber Jahrzehnte hinweg sei keineswegs eine Selbstverst\u00e4ndlichkeit und verdiene gro\u00dfen Respekt und Anerkennung.<\/p>\n\n\n\n<p class=\"wp-block-paragraph\">Diesen Gl\u00fcckw\u00fcnschen schlossen sich auch die beiden Vorst\u00e4nde der IKK S\u00fcdwest, Prof. Dr. J\u00f6rg Loth und Daniel Schilling, sowie Gesch\u00e4ftsf\u00fchrer G\u00fcnter Eller an. Und waren sich einig: \u201eWir freuen uns auch in Zukunft auf eine gute und vertrauensvolle Zusammenarbeit.\u201c<\/p>\n\n\n\n<div class=\"wp-block-group has-background is-layout-constrained wp-block-group-is-layout-constrained\" style=\"background-color:#dbdbdb\">\n<p class=\"wp-block-paragraph\">Zum Verantwortungsbereich des Verwaltungsrats geh\u00f6ren auch die Vorstandsvertr\u00e4ge. Die darin enthaltenen Geh\u00e4lter ver\u00f6ffentlichen wir gern im Sinne des Transparenzgedankens. F\u00fcr das Jahr 2023 ergeben sich folgende Verg\u00fctungselemente:<\/p>\n\n\n\n<p class=\"wp-block-paragraph\">Prof. Dr. J\u00f6rg Loth:<br>Bruttojahresverg\u00fctung einschl. Beitrag zur betrieblichen Altersversorgung: <br>201.077,16 Euro<br>Nutzung Dienstwagen: 8.952,00 Euro<\/p>\n\n\n\n<p class=\"wp-block-paragraph\">Daniel Schilling:<br>Bruttojahresverg\u00fctung einschl. Beitrag zur betrieblichen Altersversorgung: <br>200.159,79 Euro<br>Nutzung Dienstwagen: 9.172,00 Euro<\/p>\n\n\n\n<p class=\"has-gridlove-acc-color has-text-color has-link-color wp-elements-dd18dda8c6be4efddffe49c05d2f47e5 wp-block-paragraph\"><a href=\"https:\/\/www.ikk-suedwest.de\/ueber-uns\/die-ikk-suedwest\/vorstand-und-verwaltungsrat\/\" target=\"_blank\" rel=\"noreferrer noopener\"><strong>Mehr zum<\/strong> <em>Vewaltungsrat<\/em><\/a><\/p>\n<\/div>\n\n\n\n<p class=\"wp-block-paragraph\"><\/p>\n\n\n\n<p class=\"wp-block-paragraph\"><\/p>\n\n\n\n<p class=\"wp-block-paragraph\"><\/p>\n\n\n\n<p class=\"has-text-color wp-block-paragraph\" style=\"color:#009fe3\"><\/p>\n\n\n<div class=\"shariff shariff-align-left shariff-widget-align-left\"><ul class=\"shariff-buttons theme-round orientation-horizontal buttonsize-medium\"><li class=\"shariff-button facebook shariff-nocustomcolor\" style=\"background-color:#4273c8\"><a href=\"https:\/\/www.facebook.com\/sharer\/sharer.php?u=https%3A%2F%2Fmagazin.ikk-suedwest.de%2Ffebruar-2024%2F40-jahre-fuer-die-ikk-suedwest%2F\" title=\"Bei Facebook teilen\" aria-label=\"Bei Facebook teilen\" role=\"button\" rel=\"nofollow\" class=\"shariff-link\" style=\"; background-color:#3b5998; color:#fff\" target=\"_blank\"><span class=\"shariff-icon\" style=\"\"><svg width=\"32px\" height=\"20px\" xmlns=\"http:\/\/www.w3.org\/2000\/svg\" viewBox=\"0 0 18 32\"><path fill=\"#3b5998\" d=\"M17.1 0.2v4.7h-2.8q-1.5 0-2.1 0.6t-0.5 1.9v3.4h5.2l-0.7 5.3h-4.5v13.6h-5.5v-13.6h-4.5v-5.3h4.5v-3.9q0-3.3 1.9-5.2t5-1.8q2.6 0 4.1 0.2z\"\/><\/svg><\/span><\/a><\/li><li class=\"shariff-button whatsapp shariff-nocustomcolor\" style=\"background-color:#5cbe4a\"><a href=\"https:\/\/api.whatsapp.com\/send?text=https%3A%2F%2Fmagazin.ikk-suedwest.de%2Ffebruar-2024%2F40-jahre-fuer-die-ikk-suedwest%2F%2040%20Jahre%20f%C3%BCr%20die%20IKK%20S%C3%BCdwest\" title=\"Bei Whatsapp teilen\" aria-label=\"Bei Whatsapp teilen\" role=\"button\" rel=\"noopener nofollow\" class=\"shariff-link\" style=\"; background-color:#34af23; color:#fff\" target=\"_blank\"><span class=\"shariff-icon\" style=\"\"><svg width=\"32px\" height=\"20px\" xmlns=\"http:\/\/www.w3.org\/2000\/svg\" viewBox=\"0 0 32 32\"><path fill=\"#34af23\" d=\"M17.6 17.4q0.2 0 1.7 0.8t1.6 0.9q0 0.1 0 0.3 0 0.6-0.3 1.4-0.3 0.7-1.3 1.2t-1.8 0.5q-1 0-3.4-1.1-1.7-0.8-3-2.1t-2.6-3.3q-1.3-1.9-1.3-3.5v-0.1q0.1-1.6 1.3-2.8 0.4-0.4 0.9-0.4 0.1 0 0.3 0t0.3 0q0.3 0 0.5 0.1t0.3 0.5q0.1 0.4 0.6 1.6t0.4 1.3q0 0.4-0.6 1t-0.6 0.8q0 0.1 0.1 0.3 0.6 1.3 1.8 2.4 1 0.9 2.7 1.8 0.2 0.1 0.4 0.1 0.3 0 1-0.9t0.9-0.9zM14 26.9q2.3 0 4.3-0.9t3.6-2.4 2.4-3.6 0.9-4.3-0.9-4.3-2.4-3.6-3.6-2.4-4.3-0.9-4.3 0.9-3.6 2.4-2.4 3.6-0.9 4.3q0 3.6 2.1 6.6l-1.4 4.2 4.3-1.4q2.8 1.9 6.2 1.9zM14 2.2q2.7 0 5.2 1.1t4.3 2.9 2.9 4.3 1.1 5.2-1.1 5.2-2.9 4.3-4.3 2.9-5.2 1.1q-3.5 0-6.5-1.7l-7.4 2.4 2.4-7.2q-1.9-3.2-1.9-6.9 0-2.7 1.1-5.2t2.9-4.3 4.3-2.9 5.2-1.1z\"\/><\/svg><\/span><\/a><\/li><li class=\"shariff-button mailto shariff-nocustomcolor\" style=\"background-color:#a8a8a8\"><a href=\"mailto:?body=https%3A%2F%2Fmagazin.ikk-suedwest.de%2Ffebruar-2024%2F40-jahre-fuer-die-ikk-suedwest%2F&subject=40%20Jahre%20f%C3%BCr%20die%20IKK%20S%C3%BCdwest\" title=\"Per E-Mail versenden\" aria-label=\"Per E-Mail versenden\" role=\"button\" rel=\"noopener nofollow\" class=\"shariff-link\" style=\"; background-color:#999; color:#fff\"><span class=\"shariff-icon\" style=\"\"><svg width=\"32px\" height=\"20px\" xmlns=\"http:\/\/www.w3.org\/2000\/svg\" viewBox=\"0 0 32 32\"><path fill=\"#999\" d=\"M32 12.7v14.2q0 1.2-0.8 2t-2 0.9h-26.3q-1.2 0-2-0.9t-0.8-2v-14.2q0.8 0.9 1.8 1.6 6.5 4.4 8.9 6.1 1 0.8 1.6 1.2t1.7 0.9 2 0.4h0.1q0.9 0 2-0.4t1.7-0.9 1.6-1.2q3-2.2 8.9-6.1 1-0.7 1.8-1.6zM32 7.4q0 1.4-0.9 2.7t-2.2 2.2q-6.7 4.7-8.4 5.8-0.2 0.1-0.7 0.5t-1 0.7-0.9 0.6-1.1 0.5-0.9 0.2h-0.1q-0.4 0-0.9-0.2t-1.1-0.5-0.9-0.6-1-0.7-0.7-0.5q-1.6-1.1-4.7-3.2t-3.6-2.6q-1.1-0.7-2.1-2t-1-2.5q0-1.4 0.7-2.3t2.1-0.9h26.3q1.2 0 2 0.8t0.9 2z\"\/><\/svg><\/span><\/a><\/li><\/ul><\/div>\n\n\n\n<p class=\"wp-block-paragraph\"><\/p>\n\n\n\n<div class=\"wp-block-buttons is-horizontal is-content-justification-left is-layout-flex wp-container-core-buttons-is-layout-39697d9b wp-block-buttons-is-layout-flex\">\n<div class=\"wp-block-button\"><a class=\"wp-block-button__link has-background wp-element-button\" href=\"javascript:history.back()\" style=\"background-color:#009de9\">Zur\u00fcck<\/a><\/div>\n<\/div>\n","protected":false},"excerpt":{"rendered":"<p>Seit Oktober 1983 ist Lothar Weishaar im Verwaltungsrat der IKK S\u00fcdwest und ihrer &#8230;<\/p>\n","protected":false},"author":1,"featured_media":7247,"comment_status":"closed","ping_status":"open","sticky":false,"template":"","format":"standard","meta":{"_acf_changed":false,"_crdt_document":"","favoriteCount":4,"footnotes":""},"categories":[53],"tags":[],"class_list":["post-7144","post","type-post","status-publish","format-standard","has-post-thumbnail","hentry","category-neues-vom-verwaltungsrat"],"acf":[],"yoast_head":"<!-- This site is optimized with the Yoast SEO plugin v27.4 - https:\/\/yoast.com\/product\/yoast-seo-wordpress\/ -->\n<title>40 Jahre f\u00fcr die IKK S\u00fcdwest - Februar 2024<\/title>\n<meta name=\"robots\" content=\"noindex, follow, max-snippet:-1, max-image-preview:large, max-video-preview:-1\" \/>\n<meta property=\"og:locale\" content=\"de_DE\" \/>\n<meta property=\"og:type\" content=\"article\" \/>\n<meta property=\"og:title\" content=\"40 Jahre f\u00fcr die IKK S\u00fcdwest - Februar 2024\" \/>\n<meta property=\"og:description\" content=\"Seit Oktober 1983 ist Lothar Weishaar im Verwaltungsrat der IKK S\u00fcdwest und ihrer ...\" \/>\n<meta property=\"og:url\" content=\"https:\/\/magazin.ikk-suedwest.de\/februar-2024\/40-jahre-fuer-die-ikk-suedwest\/\" \/>\n<meta property=\"og:site_name\" content=\"Februar 2024\" \/>\n<meta property=\"article:published_time\" content=\"2024-01-17T09:55:52+00:00\" \/>\n<meta property=\"article:modified_time\" content=\"2024-01-31T10:45:19+00:00\" \/>\n<meta property=\"og:image\" content=\"https:\/\/magazin.ikk-suedwest.de\/februar-2024\/wp-content\/uploads\/sites\/11\/2024\/01\/ikk_fm_2401_s04_40_jahre_optim.jpg\" \/>\n\t<meta property=\"og:image:width\" content=\"1225\" \/>\n\t<meta property=\"og:image:height\" content=\"818\" \/>\n\t<meta property=\"og:image:type\" content=\"image\/jpeg\" \/>\n<meta name=\"author\" content=\"fbo_master\" \/>\n<meta name=\"twitter:card\" content=\"summary_large_image\" \/>\n<meta name=\"twitter:label1\" content=\"Geschrieben von\" \/>\n\t<meta name=\"twitter:data1\" content=\"fbo_master\" \/>\n\t<meta name=\"twitter:label2\" content=\"Gesch\u00e4tzte Lesezeit\" \/>\n\t<meta name=\"twitter:data2\" content=\"3\u00a0Minuten\" \/>\n<script type=\"application\/ld+json\" class=\"yoast-schema-graph\">{\"@context\":\"https:\\\/\\\/schema.org\",\"@graph\":[{\"@type\":\"Article\",\"@id\":\"https:\\\/\\\/magazin.ikk-suedwest.de\\\/februar-2024\\\/40-jahre-fuer-die-ikk-suedwest\\\/#article\",\"isPartOf\":{\"@id\":\"https:\\\/\\\/magazin.ikk-suedwest.de\\\/februar-2024\\\/40-jahre-fuer-die-ikk-suedwest\\\/\"},\"author\":{\"name\":\"fbo_master\",\"@id\":\"https:\\\/\\\/magazin.ikk-suedwest.de\\\/februar-2024\\\/#\\\/schema\\\/person\\\/636237f711a5aed151e44ddcc2de114a\"},\"headline\":\"40 Jahre f\u00fcr die IKK S\u00fcdwest\",\"datePublished\":\"2024-01-17T09:55:52+00:00\",\"dateModified\":\"2024-01-31T10:45:19+00:00\",\"mainEntityOfPage\":{\"@id\":\"https:\\\/\\\/magazin.ikk-suedwest.de\\\/februar-2024\\\/40-jahre-fuer-die-ikk-suedwest\\\/\"},\"wordCount\":423,\"image\":{\"@id\":\"https:\\\/\\\/magazin.ikk-suedwest.de\\\/februar-2024\\\/40-jahre-fuer-die-ikk-suedwest\\\/#primaryimage\"},\"thumbnailUrl\":\"https:\\\/\\\/magazin.ikk-suedwest.de\\\/februar-2024\\\/wp-content\\\/uploads\\\/sites\\\/11\\\/2024\\\/01\\\/ikk_fm_2401_s04_40_jahre_optim.jpg\",\"articleSection\":[\"Neues vom Verwaltungsrat\"],\"inLanguage\":\"de\"},{\"@type\":\"WebPage\",\"@id\":\"https:\\\/\\\/magazin.ikk-suedwest.de\\\/februar-2024\\\/40-jahre-fuer-die-ikk-suedwest\\\/\",\"url\":\"https:\\\/\\\/magazin.ikk-suedwest.de\\\/februar-2024\\\/40-jahre-fuer-die-ikk-suedwest\\\/\",\"name\":\"40 Jahre f\u00fcr die IKK S\u00fcdwest - Februar 2024\",\"isPartOf\":{\"@id\":\"https:\\\/\\\/magazin.ikk-suedwest.de\\\/februar-2024\\\/#website\"},\"primaryImageOfPage\":{\"@id\":\"https:\\\/\\\/magazin.ikk-suedwest.de\\\/februar-2024\\\/40-jahre-fuer-die-ikk-suedwest\\\/#primaryimage\"},\"image\":{\"@id\":\"https:\\\/\\\/magazin.ikk-suedwest.de\\\/februar-2024\\\/40-jahre-fuer-die-ikk-suedwest\\\/#primaryimage\"},\"thumbnailUrl\":\"https:\\\/\\\/magazin.ikk-suedwest.de\\\/februar-2024\\\/wp-content\\\/uploads\\\/sites\\\/11\\\/2024\\\/01\\\/ikk_fm_2401_s04_40_jahre_optim.jpg\",\"datePublished\":\"2024-01-17T09:55:52+00:00\",\"dateModified\":\"2024-01-31T10:45:19+00:00\",\"author\":{\"@id\":\"https:\\\/\\\/magazin.ikk-suedwest.de\\\/februar-2024\\\/#\\\/schema\\\/person\\\/636237f711a5aed151e44ddcc2de114a\"},\"breadcrumb\":{\"@id\":\"https:\\\/\\\/magazin.ikk-suedwest.de\\\/februar-2024\\\/40-jahre-fuer-die-ikk-suedwest\\\/#breadcrumb\"},\"inLanguage\":\"de\",\"potentialAction\":[{\"@type\":\"ReadAction\",\"target\":[\"https:\\\/\\\/magazin.ikk-suedwest.de\\\/februar-2024\\\/40-jahre-fuer-die-ikk-suedwest\\\/\"]}]},{\"@type\":\"ImageObject\",\"inLanguage\":\"de\",\"@id\":\"https:\\\/\\\/magazin.ikk-suedwest.de\\\/februar-2024\\\/40-jahre-fuer-die-ikk-suedwest\\\/#primaryimage\",\"url\":\"https:\\\/\\\/magazin.ikk-suedwest.de\\\/februar-2024\\\/wp-content\\\/uploads\\\/sites\\\/11\\\/2024\\\/01\\\/ikk_fm_2401_s04_40_jahre_optim.jpg\",\"contentUrl\":\"https:\\\/\\\/magazin.ikk-suedwest.de\\\/februar-2024\\\/wp-content\\\/uploads\\\/sites\\\/11\\\/2024\\\/01\\\/ikk_fm_2401_s04_40_jahre_optim.jpg\",\"width\":1225,\"height\":818},{\"@type\":\"BreadcrumbList\",\"@id\":\"https:\\\/\\\/magazin.ikk-suedwest.de\\\/februar-2024\\\/40-jahre-fuer-die-ikk-suedwest\\\/#breadcrumb\",\"itemListElement\":[{\"@type\":\"ListItem\",\"position\":1,\"name\":\"Startseite\",\"item\":\"https:\\\/\\\/magazin.ikk-suedwest.de\\\/februar-2024\\\/\"},{\"@type\":\"ListItem\",\"position\":2,\"name\":\"40 Jahre f\u00fcr die IKK S\u00fcdwest\"}]},{\"@type\":\"WebSite\",\"@id\":\"https:\\\/\\\/magazin.ikk-suedwest.de\\\/februar-2024\\\/#website\",\"url\":\"https:\\\/\\\/magazin.ikk-suedwest.de\\\/februar-2024\\\/\",\"name\":\"Februar 2024\",\"description\":\"Eine weitere IKK Magazin Ausgaben Website\",\"potentialAction\":[{\"@type\":\"SearchAction\",\"target\":{\"@type\":\"EntryPoint\",\"urlTemplate\":\"https:\\\/\\\/magazin.ikk-suedwest.de\\\/februar-2024\\\/?s={search_term_string}\"},\"query-input\":{\"@type\":\"PropertyValueSpecification\",\"valueRequired\":true,\"valueName\":\"search_term_string\"}}],\"inLanguage\":\"de\"},{\"@type\":\"Person\",\"@id\":\"https:\\\/\\\/magazin.ikk-suedwest.de\\\/februar-2024\\\/#\\\/schema\\\/person\\\/636237f711a5aed151e44ddcc2de114a\",\"name\":\"fbo_master\",\"image\":{\"@type\":\"ImageObject\",\"inLanguage\":\"de\",\"@id\":\"https:\\\/\\\/secure.gravatar.com\\\/avatar\\\/5e042e587c1d6c68d3fadd024e871a65399da22a9ef5e23b274af331bde574af?s=96&d=mm&r=g\",\"url\":\"https:\\\/\\\/secure.gravatar.com\\\/avatar\\\/5e042e587c1d6c68d3fadd024e871a65399da22a9ef5e23b274af331bde574af?s=96&d=mm&r=g\",\"contentUrl\":\"https:\\\/\\\/secure.gravatar.com\\\/avatar\\\/5e042e587c1d6c68d3fadd024e871a65399da22a9ef5e23b274af331bde574af?s=96&d=mm&r=g\",\"caption\":\"fbo_master\"},\"sameAs\":[\"https:\\\/\\\/magazin.ikk-suedwest.de\"],\"url\":\"https:\\\/\\\/magazin.ikk-suedwest.de\\\/februar-2024\\\/author\\\/fbo_master\\\/\"}]}<\/script>\n<!-- \/ Yoast SEO plugin. -->","yoast_head_json":{"title":"40 Jahre f\u00fcr die IKK S\u00fcdwest - Februar 2024","robots":{"index":"noindex","follow":"follow","max-snippet":"max-snippet:-1","max-image-preview":"max-image-preview:large","max-video-preview":"max-video-preview:-1"},"og_locale":"de_DE","og_type":"article","og_title":"40 Jahre f\u00fcr die IKK S\u00fcdwest - Februar 2024","og_description":"Seit Oktober 1983 ist Lothar Weishaar im Verwaltungsrat der IKK S\u00fcdwest und ihrer ...","og_url":"https:\/\/magazin.ikk-suedwest.de\/februar-2024\/40-jahre-fuer-die-ikk-suedwest\/","og_site_name":"Februar 2024","article_published_time":"2024-01-17T09:55:52+00:00","article_modified_time":"2024-01-31T10:45:19+00:00","og_image":[{"width":1225,"height":818,"url":"https:\/\/magazin.ikk-suedwest.de\/februar-2024\/wp-content\/uploads\/sites\/11\/2024\/01\/ikk_fm_2401_s04_40_jahre_optim.jpg","type":"image\/jpeg"}],"author":"fbo_master","twitter_card":"summary_large_image","twitter_misc":{"Geschrieben von":"fbo_master","Gesch\u00e4tzte Lesezeit":"3\u00a0Minuten"},"schema":{"@context":"https:\/\/schema.org","@graph":[{"@type":"Article","@id":"https:\/\/magazin.ikk-suedwest.de\/februar-2024\/40-jahre-fuer-die-ikk-suedwest\/#article","isPartOf":{"@id":"https:\/\/magazin.ikk-suedwest.de\/februar-2024\/40-jahre-fuer-die-ikk-suedwest\/"},"author":{"name":"fbo_master","@id":"https:\/\/magazin.ikk-suedwest.de\/februar-2024\/#\/schema\/person\/636237f711a5aed151e44ddcc2de114a"},"headline":"40 Jahre f\u00fcr die IKK S\u00fcdwest","datePublished":"2024-01-17T09:55:52+00:00","dateModified":"2024-01-31T10:45:19+00:00","mainEntityOfPage":{"@id":"https:\/\/magazin.ikk-suedwest.de\/februar-2024\/40-jahre-fuer-die-ikk-suedwest\/"},"wordCount":423,"image":{"@id":"https:\/\/magazin.ikk-suedwest.de\/februar-2024\/40-jahre-fuer-die-ikk-suedwest\/#primaryimage"},"thumbnailUrl":"https:\/\/magazin.ikk-suedwest.de\/februar-2024\/wp-content\/uploads\/sites\/11\/2024\/01\/ikk_fm_2401_s04_40_jahre_optim.jpg","articleSection":["Neues vom Verwaltungsrat"],"inLanguage":"de"},{"@type":"WebPage","@id":"https:\/\/magazin.ikk-suedwest.de\/februar-2024\/40-jahre-fuer-die-ikk-suedwest\/","url":"https:\/\/magazin.ikk-suedwest.de\/februar-2024\/40-jahre-fuer-die-ikk-suedwest\/","name":"40 Jahre f\u00fcr die IKK S\u00fcdwest - Februar 2024","isPartOf":{"@id":"https:\/\/magazin.ikk-suedwest.de\/februar-2024\/#website"},"primaryImageOfPage":{"@id":"https:\/\/magazin.ikk-suedwest.de\/februar-2024\/40-jahre-fuer-die-ikk-suedwest\/#primaryimage"},"image":{"@id":"https:\/\/magazin.ikk-suedwest.de\/februar-2024\/40-jahre-fuer-die-ikk-suedwest\/#primaryimage"},"thumbnailUrl":"https:\/\/magazin.ikk-suedwest.de\/februar-2024\/wp-content\/uploads\/sites\/11\/2024\/01\/ikk_fm_2401_s04_40_jahre_optim.jpg","datePublished":"2024-01-17T09:55:52+00:00","dateModified":"2024-01-31T10:45:19+00:00","author":{"@id":"https:\/\/magazin.ikk-suedwest.de\/februar-2024\/#\/schema\/person\/636237f711a5aed151e44ddcc2de114a"},"breadcrumb":{"@id":"https:\/\/magazin.ikk-suedwest.de\/februar-2024\/40-jahre-fuer-die-ikk-suedwest\/#breadcrumb"},"inLanguage":"de","potentialAction":[{"@type":"ReadAction","target":["https:\/\/magazin.ikk-suedwest.de\/februar-2024\/40-jahre-fuer-die-ikk-suedwest\/"]}]},{"@type":"ImageObject","inLanguage":"de","@id":"https:\/\/magazin.ikk-suedwest.de\/februar-2024\/40-jahre-fuer-die-ikk-suedwest\/#primaryimage","url":"https:\/\/magazin.ikk-suedwest.de\/februar-2024\/wp-content\/uploads\/sites\/11\/2024\/01\/ikk_fm_2401_s04_40_jahre_optim.jpg","contentUrl":"https:\/\/magazin.ikk-suedwest.de\/februar-2024\/wp-content\/uploads\/sites\/11\/2024\/01\/ikk_fm_2401_s04_40_jahre_optim.jpg","width":1225,"height":818},{"@type":"BreadcrumbList","@id":"https:\/\/magazin.ikk-suedwest.de\/februar-2024\/40-jahre-fuer-die-ikk-suedwest\/#breadcrumb","itemListElement":[{"@type":"ListItem","position":1,"name":"Startseite","item":"https:\/\/magazin.ikk-suedwest.de\/februar-2024\/"},{"@type":"ListItem","position":2,"name":"40 Jahre f\u00fcr die IKK S\u00fcdwest"}]},{"@type":"WebSite","@id":"https:\/\/magazin.ikk-suedwest.de\/februar-2024\/#website","url":"https:\/\/magazin.ikk-suedwest.de\/februar-2024\/","name":"Februar 2024","description":"Eine weitere IKK Magazin Ausgaben Website","potentialAction":[{"@type":"SearchAction","target":{"@type":"EntryPoint","urlTemplate":"https:\/\/magazin.ikk-suedwest.de\/februar-2024\/?s={search_term_string}"},"query-input":{"@type":"PropertyValueSpecification","valueRequired":true,"valueName":"search_term_string"}}],"inLanguage":"de"},{"@type":"Person","@id":"https:\/\/magazin.ikk-suedwest.de\/februar-2024\/#\/schema\/person\/636237f711a5aed151e44ddcc2de114a","name":"fbo_master","image":{"@type":"ImageObject","inLanguage":"de","@id":"https:\/\/secure.gravatar.com\/avatar\/5e042e587c1d6c68d3fadd024e871a65399da22a9ef5e23b274af331bde574af?s=96&d=mm&r=g","url":"https:\/\/secure.gravatar.com\/avatar\/5e042e587c1d6c68d3fadd024e871a65399da22a9ef5e23b274af331bde574af?s=96&d=mm&r=g","contentUrl":"https:\/\/secure.gravatar.com\/avatar\/5e042e587c1d6c68d3fadd024e871a65399da22a9ef5e23b274af331bde574af?s=96&d=mm&r=g","caption":"fbo_master"},"sameAs":["https:\/\/magazin.ikk-suedwest.de"],"url":"https:\/\/magazin.ikk-suedwest.de\/februar-2024\/author\/fbo_master\/"}]}},"_links":{"self":[{"href":"https:\/\/magazin.ikk-suedwest.de\/februar-2024\/wp-json\/wp\/v2\/posts\/7144","targetHints":{"allow":["GET"]}}],"collection":[{"href":"https:\/\/magazin.ikk-suedwest.de\/februar-2024\/wp-json\/wp\/v2\/posts"}],"about":[{"href":"https:\/\/magazin.ikk-suedwest.de\/februar-2024\/wp-json\/wp\/v2\/types\/post"}],"author":[{"embeddable":true,"href":"https:\/\/magazin.ikk-suedwest.de\/februar-2024\/wp-json\/wp\/v2\/users\/1"}],"replies":[{"embeddable":true,"href":"https:\/\/magazin.ikk-suedwest.de\/februar-2024\/wp-json\/wp\/v2\/comments?post=7144"}],"version-history":[{"count":10,"href":"https:\/\/magazin.ikk-suedwest.de\/februar-2024\/wp-json\/wp\/v2\/posts\/7144\/revisions"}],"predecessor-version":[{"id":7348,"href":"https:\/\/magazin.ikk-suedwest.de\/februar-2024\/wp-json\/wp\/v2\/posts\/7144\/revisions\/7348"}],"wp:featuredmedia":[{"embeddable":true,"href":"https:\/\/magazin.ikk-suedwest.de\/februar-2024\/wp-json\/wp\/v2\/media\/7247"}],"wp:attachment":[{"href":"https:\/\/magazin.ikk-suedwest.de\/februar-2024\/wp-json\/wp\/v2\/media?parent=7144"}],"wp:term":[{"taxonomy":"category","embeddable":true,"href":"https:\/\/magazin.ikk-suedwest.de\/februar-2024\/wp-json\/wp\/v2\/categories?post=7144"},{"taxonomy":"post_tag","embeddable":true,"href":"https:\/\/magazin.ikk-suedwest.de\/februar-2024\/wp-json\/wp\/v2\/tags?post=7144"}],"curies":[{"name":"wp","href":"https:\/\/api.w.org\/{rel}","templated":true}]}}