{"id":7169,"date":"2024-01-24T11:45:37","date_gmt":"2024-01-24T10:45:37","guid":{"rendered":"https:\/\/magazin.ikk-suedwest.de\/februar-2024\/?p=7169"},"modified":"2024-02-01T15:54:07","modified_gmt":"2024-02-01T14:54:07","slug":"ehrenamt-im-einsatz-fuer-mensch-und-tier","status":"publish","type":"post","link":"https:\/\/magazin.ikk-suedwest.de\/februar-2024\/ehrenamt-im-einsatz-fuer-mensch-und-tier\/","title":{"rendered":"Ehrenamt \u2013 Im Einsatz f\u00fcr Mensch und Tier"},"content":{"rendered":"<div class=\"shariff shariff-align-left shariff-widget-align-left\"><ul class=\"shariff-buttons theme-round orientation-horizontal buttonsize-medium\"><li class=\"shariff-button facebook shariff-nocustomcolor\" style=\"background-color:#4273c8\"><a href=\"https:\/\/www.facebook.com\/sharer\/sharer.php?u=https%3A%2F%2Fmagazin.ikk-suedwest.de%2Ffebruar-2024%2Fehrenamt-im-einsatz-fuer-mensch-und-tier%2F\" title=\"Bei Facebook teilen\" aria-label=\"Bei Facebook teilen\" role=\"button\" rel=\"nofollow\" class=\"shariff-link\" style=\"; background-color:#3b5998; color:#fff\" target=\"_blank\"><span class=\"shariff-icon\" style=\"\"><svg width=\"32px\" height=\"20px\" xmlns=\"http:\/\/www.w3.org\/2000\/svg\" viewBox=\"0 0 18 32\"><path fill=\"#3b5998\" d=\"M17.1 0.2v4.7h-2.8q-1.5 0-2.1 0.6t-0.5 1.9v3.4h5.2l-0.7 5.3h-4.5v13.6h-5.5v-13.6h-4.5v-5.3h4.5v-3.9q0-3.3 1.9-5.2t5-1.8q2.6 0 4.1 0.2z\"\/><\/svg><\/span><\/a><\/li><li class=\"shariff-button whatsapp shariff-nocustomcolor\" style=\"background-color:#5cbe4a\"><a href=\"https:\/\/api.whatsapp.com\/send?text=https%3A%2F%2Fmagazin.ikk-suedwest.de%2Ffebruar-2024%2Fehrenamt-im-einsatz-fuer-mensch-und-tier%2F%20Ehrenamt%20%E2%80%93%20Im%20Einsatz%20f%C3%BCr%20Mensch%20und%20Tier\" title=\"Bei Whatsapp teilen\" aria-label=\"Bei Whatsapp teilen\" role=\"button\" rel=\"noopener nofollow\" class=\"shariff-link\" style=\"; background-color:#34af23; color:#fff\" target=\"_blank\"><span class=\"shariff-icon\" style=\"\"><svg width=\"32px\" height=\"20px\" xmlns=\"http:\/\/www.w3.org\/2000\/svg\" viewBox=\"0 0 32 32\"><path fill=\"#34af23\" d=\"M17.6 17.4q0.2 0 1.7 0.8t1.6 0.9q0 0.1 0 0.3 0 0.6-0.3 1.4-0.3 0.7-1.3 1.2t-1.8 0.5q-1 0-3.4-1.1-1.7-0.8-3-2.1t-2.6-3.3q-1.3-1.9-1.3-3.5v-0.1q0.1-1.6 1.3-2.8 0.4-0.4 0.9-0.4 0.1 0 0.3 0t0.3 0q0.3 0 0.5 0.1t0.3 0.5q0.1 0.4 0.6 1.6t0.4 1.3q0 0.4-0.6 1t-0.6 0.8q0 0.1 0.1 0.3 0.6 1.3 1.8 2.4 1 0.9 2.7 1.8 0.2 0.1 0.4 0.1 0.3 0 1-0.9t0.9-0.9zM14 26.9q2.3 0 4.3-0.9t3.6-2.4 2.4-3.6 0.9-4.3-0.9-4.3-2.4-3.6-3.6-2.4-4.3-0.9-4.3 0.9-3.6 2.4-2.4 3.6-0.9 4.3q0 3.6 2.1 6.6l-1.4 4.2 4.3-1.4q2.8 1.9 6.2 1.9zM14 2.2q2.7 0 5.2 1.1t4.3 2.9 2.9 4.3 1.1 5.2-1.1 5.2-2.9 4.3-4.3 2.9-5.2 1.1q-3.5 0-6.5-1.7l-7.4 2.4 2.4-7.2q-1.9-3.2-1.9-6.9 0-2.7 1.1-5.2t2.9-4.3 4.3-2.9 5.2-1.1z\"\/><\/svg><\/span><\/a><\/li><li class=\"shariff-button mailto shariff-nocustomcolor\" style=\"background-color:#a8a8a8\"><a href=\"mailto:?body=https%3A%2F%2Fmagazin.ikk-suedwest.de%2Ffebruar-2024%2Fehrenamt-im-einsatz-fuer-mensch-und-tier%2F&subject=Ehrenamt%20%E2%80%93%20Im%20Einsatz%20f%C3%BCr%20Mensch%20und%20Tier\" title=\"Per E-Mail versenden\" aria-label=\"Per E-Mail versenden\" role=\"button\" rel=\"noopener nofollow\" class=\"shariff-link\" style=\"; background-color:#999; color:#fff\"><span class=\"shariff-icon\" style=\"\"><svg width=\"32px\" height=\"20px\" xmlns=\"http:\/\/www.w3.org\/2000\/svg\" viewBox=\"0 0 32 32\"><path fill=\"#999\" d=\"M32 12.7v14.2q0 1.2-0.8 2t-2 0.9h-26.3q-1.2 0-2-0.9t-0.8-2v-14.2q0.8 0.9 1.8 1.6 6.5 4.4 8.9 6.1 1 0.8 1.6 1.2t1.7 0.9 2 0.4h0.1q0.9 0 2-0.4t1.7-0.9 1.6-1.2q3-2.2 8.9-6.1 1-0.7 1.8-1.6zM32 7.4q0 1.4-0.9 2.7t-2.2 2.2q-6.7 4.7-8.4 5.8-0.2 0.1-0.7 0.5t-1 0.7-0.9 0.6-1.1 0.5-0.9 0.2h-0.1q-0.4 0-0.9-0.2t-1.1-0.5-0.9-0.6-1-0.7-0.7-0.5q-1.6-1.1-4.7-3.2t-3.6-2.6q-1.1-0.7-2.1-2t-1-2.5q0-1.4 0.7-2.3t2.1-0.9h26.3q1.2 0 2 0.8t0.9 2z\"\/><\/svg><\/span><\/a><\/li><\/ul><\/div>\n\n\n\n<div style=\"height:25px\" aria-hidden=\"true\" class=\"wp-block-spacer\"><\/div>\n\n\n\n<h1 class=\"wp-block-heading\"><strong>Ehrenamt \u2013 Im Einsatz f\u00fcr Mensch und Tier<\/strong><\/h1>\n\n\n\n<p class=\"has-gridlove-acc-color has-text-color has-link-color has-large-font-size wp-elements-f93928fbcbbf1a0b559567d194ae38ff wp-block-paragraph\">Als Krankenkasse aus der Region wollen wir den Menschen nah sein und da helfen, wo wir gebraucht werden. Viele unserer Mitarbeiter engagieren sich aber auch dar\u00fcber hinaus. F\u00fcnf von ihnen erz\u00e4hlen hier, welche Projekte sie in ihrer Freizeit unterst\u00fctzen \u2013 und wie sie diese Arbeit erf\u00fcllt.<\/p>\n\n\n\n<figure class=\"wp-block-image alignleft size-full is-resized\"><img loading=\"lazy\" decoding=\"async\" width=\"280\" height=\"328\" src=\"https:\/\/magazin.ikk-suedwest.de\/februar-2024\/wp-content\/uploads\/sites\/11\/2024\/02\/ikk_fm_2401_beitragsbild_s14_thomas_bost.png\" alt=\"\" class=\"wp-image-7537\" style=\"width:272px\" srcset=\"https:\/\/magazin.ikk-suedwest.de\/februar-2024\/wp-content\/uploads\/sites\/11\/2024\/02\/ikk_fm_2401_beitragsbild_s14_thomas_bost.png 280w, https:\/\/magazin.ikk-suedwest.de\/februar-2024\/wp-content\/uploads\/sites\/11\/2024\/02\/ikk_fm_2401_beitragsbild_s14_thomas_bost-256x300.png 256w, https:\/\/magazin.ikk-suedwest.de\/februar-2024\/wp-content\/uploads\/sites\/11\/2024\/02\/ikk_fm_2401_beitragsbild_s14_thomas_bost-270x316.png 270w\" sizes=\"auto, (max-width: 280px) 100vw, 280px\" \/><\/figure>\n\n\n\n<p class=\"wp-block-paragraph\"><mark style=\"background-color:rgba(0, 0, 0, 0)\" class=\"has-inline-color has-gridlove-acc-color\">Name:<\/mark> Thomas Bost<br><mark style=\"background-color:rgba(0, 0, 0, 0);color:#0693e3\" class=\"has-inline-color\">Engagement:<\/mark> fu\u0308r ukrainische Geflu\u0308chtete<\/p>\n\n\n\n<p class=\"wp-block-paragraph\">Der Ausbruch des Krieges war fu\u0308r meine Partnerin, eine gebu\u0308rtige Ukrainerin, und mich ein traumatisches Erlebnis. Uns war direkt klar: Wir mu\u0308ssen helfen.<\/p>\n\n\n\n<p class=\"wp-block-paragraph\">Wir sind daher in den ersten Monaten des Kriegs zweimal an die polnisch-ukrainische Grenze gefahren. Seit alles besser organisiert ist, helfe ich hier im Saarland, vor allem als Vermittler und Ansprechpartner, bei Wohnungssuche, Beh\u00f6rdeng\u00e4ngen oder der Beschaffung von Notwendigem fu\u0308r den t\u00e4glichen Bedarf.<\/p>\n\n\n\n<p class=\"wp-block-paragraph\">Mit dem Engagement verbinde ich vor allem das Gefu\u0308hl von Zufriedenheit. Und Glu\u0308ck \u2013 gerade, wenn ich Kindern helfen und wieder Hoffnung geben kann. Das sind tolle Momente.<\/p>\n\n\n\n<div style=\"height:35px\" aria-hidden=\"true\" class=\"wp-block-spacer\"><\/div>\n\n\n\n<figure class=\"wp-block-image alignright size-full\"><img loading=\"lazy\" decoding=\"async\" width=\"300\" height=\"328\" src=\"https:\/\/magazin.ikk-suedwest.de\/februar-2024\/wp-content\/uploads\/sites\/11\/2024\/02\/ikk_fm_2401_beitragsbild_s14_daniel_volksheimer.png\" alt=\"\" class=\"wp-image-7538\" style=\"object-fit:cover\" srcset=\"https:\/\/magazin.ikk-suedwest.de\/februar-2024\/wp-content\/uploads\/sites\/11\/2024\/02\/ikk_fm_2401_beitragsbild_s14_daniel_volksheimer.png 300w, https:\/\/magazin.ikk-suedwest.de\/februar-2024\/wp-content\/uploads\/sites\/11\/2024\/02\/ikk_fm_2401_beitragsbild_s14_daniel_volksheimer-274x300.png 274w, https:\/\/magazin.ikk-suedwest.de\/februar-2024\/wp-content\/uploads\/sites\/11\/2024\/02\/ikk_fm_2401_beitragsbild_s14_daniel_volksheimer-270x295.png 270w\" sizes=\"auto, (max-width: 300px) 100vw, 300px\" \/><\/figure>\n\n\n\n<p class=\"wp-block-paragraph\"><mark style=\"background-color:rgba(0, 0, 0, 0)\" class=\"has-inline-color has-gridlove-acc-color\">Name:<\/mark> Daniel Volksheimer<br><mark style=\"background-color:rgba(0, 0, 0, 0)\" class=\"has-inline-color has-gridlove-acc-color\">Engagement:<\/mark> EURwanda Handcraft Foundation e. V.<\/p>\n\n\n\n<p class=\"wp-block-paragraph\">Wie begeistern wir junge Menschen fu\u0308r das Handwerk und k\u00f6nnen gleichzeitig Gutes bewirken? Aus diesem Gedanken heraus haben wir den Verein EURwanda Handcraft Foundation gegru\u0308ndet, in dem ich seit 2018 als zweiter Vorsitzender t\u00e4tig bin.<\/p>\n\n\n\n<p class=\"wp-block-paragraph\">Seitdem haben wir mit unseren Partnern eine ganz Menge erreicht. Dreimal war ich schon in Ruanda, wo wir mit unserem Know-how bei der Umsetzung sozialer Projekte helfen \u2013 im Oktober 2023 haben wir beispielsweise ein Kinder- und Jugendzentrum saniert.<\/p>\n\n\n\n<p class=\"wp-block-paragraph\">Unsere Reisegruppe ist immer ein bunter Haufen aus motivierten Menschen, die meisten aus dem Handwerk. Es macht einfach Spa\u00df, sich mit ihnen in diese Abenteuer zu stu\u0308rzen.<\/p>\n\n\n\n<div style=\"height:35px\" aria-hidden=\"true\" class=\"wp-block-spacer\"><\/div>\n\n\n\n<figure class=\"wp-block-image alignleft size-full\"><img loading=\"lazy\" decoding=\"async\" width=\"293\" height=\"328\" src=\"https:\/\/magazin.ikk-suedwest.de\/februar-2024\/wp-content\/uploads\/sites\/11\/2024\/02\/ikk_fm_2401_beitragsbild_s15_marina_wein.png\" alt=\"\" class=\"wp-image-7539\" srcset=\"https:\/\/magazin.ikk-suedwest.de\/februar-2024\/wp-content\/uploads\/sites\/11\/2024\/02\/ikk_fm_2401_beitragsbild_s15_marina_wein.png 293w, https:\/\/magazin.ikk-suedwest.de\/februar-2024\/wp-content\/uploads\/sites\/11\/2024\/02\/ikk_fm_2401_beitragsbild_s15_marina_wein-268x300.png 268w, https:\/\/magazin.ikk-suedwest.de\/februar-2024\/wp-content\/uploads\/sites\/11\/2024\/02\/ikk_fm_2401_beitragsbild_s15_marina_wein-270x302.png 270w\" sizes=\"auto, (max-width: 293px) 100vw, 293px\" \/><\/figure>\n\n\n\n<p class=\"wp-block-paragraph\"><mark style=\"background-color:rgba(0, 0, 0, 0)\" class=\"has-inline-color has-gridlove-acc-color\">Name:<\/mark> Marina Wein<br><mark style=\"background-color:rgba(0, 0, 0, 0)\" class=\"has-inline-color has-gridlove-acc-color\">Engagement:<\/mark> Zentrale Wildvogelauffangstation des Saarlandes<\/p>\n\n\n\n<p class=\"wp-block-paragraph\">Zur Wildvogelauffangstation bin ich durch einen Zeitungsartikel gekommen. Anfangs habe ich ausgeholfen, zwei Jahre sp\u00e4ter war ich Schichtfu\u0308hrerin.<\/p>\n\n\n\n<p class=\"wp-block-paragraph\">Unser Ziel: Die V\u00f6gel aufp\u00e4ppeln, um sie wieder auszuwildern. Bis dahin ist es aber ein langer Weg mit Medikamenten, Behandlungen oder sogar OPs. Zugv\u00f6gel mu\u0308ssen wir manchmal auch u\u0308ber Winter behalten.<\/p>\n\n\n\n<p class=\"wp-block-paragraph\">In der Hauptsaison steht unser Telefon kaum still, da k\u00f6nnen alle paar Stunden zehn bis 20 neue Tiere zu uns kommen. Das ist viel Stress \u2013 und trotzdem ist man immer wieder happy, wenn man einem verletzten Vogel wieder auf die Beine helfen konnte.<\/p>\n\n\n\n<div style=\"height:35px\" aria-hidden=\"true\" class=\"wp-block-spacer\"><\/div>\n\n\n\n<figure class=\"wp-block-image alignright size-full\"><img loading=\"lazy\" decoding=\"async\" width=\"282\" height=\"328\" src=\"https:\/\/magazin.ikk-suedwest.de\/februar-2024\/wp-content\/uploads\/sites\/11\/2024\/02\/ikk_fm_2401_beitragsbild_s15_christian_eller.png\" alt=\"\" class=\"wp-image-7540\" srcset=\"https:\/\/magazin.ikk-suedwest.de\/februar-2024\/wp-content\/uploads\/sites\/11\/2024\/02\/ikk_fm_2401_beitragsbild_s15_christian_eller.png 282w, https:\/\/magazin.ikk-suedwest.de\/februar-2024\/wp-content\/uploads\/sites\/11\/2024\/02\/ikk_fm_2401_beitragsbild_s15_christian_eller-258x300.png 258w, https:\/\/magazin.ikk-suedwest.de\/februar-2024\/wp-content\/uploads\/sites\/11\/2024\/02\/ikk_fm_2401_beitragsbild_s15_christian_eller-270x314.png 270w\" sizes=\"auto, (max-width: 282px) 100vw, 282px\" \/><\/figure>\n\n\n\n<p class=\"wp-block-paragraph\"><mark style=\"background-color:rgba(0, 0, 0, 0)\" class=\"has-inline-color has-gridlove-acc-color\">Name:<\/mark> Christian Eller<br><mark style=\"background-color:rgba(0, 0, 0, 0)\" class=\"has-inline-color has-gridlove-acc-color\">Engagement:<\/mark> Mitglied der freiwilligen Feuerwehr<\/p>\n\n\n\n<p class=\"wp-block-paragraph\">Seit 34 Jahren bin ich in der freiwilligen Feuerwehr der Kreisstadt St. Wendel im L\u00f6schbezirk Werschweiler t\u00e4tig. 1990 trat ich in die Jugendfeuerwehr ein, sechs Jahre sp\u00e4ter wechselte ich in die aktive Wehr.<\/p>\n\n\n\n<p class=\"wp-block-paragraph\">Von kleineren technischen Hilfseins\u00e4tzen bis hin zu gro\u00dfen Brandeins\u00e4tzen \u2013 in all den Jahren, die ich als Atemschutzger\u00e4tetr\u00e4ger im Angriffstrupp und Zugfu\u0308hrer aktiv bin, habe ich so einiges erlebt und gesehen. Rund 20 Eins\u00e4tze absolviert unsere Truppe im Jahresdurchschnitt.<\/p>\n\n\n\n<p class=\"wp-block-paragraph\">Was ich an der freiwilligen Feuerwehr sch\u00e4tze? Das ist die Kameradschaft, der Zusammenhalt im Team. Und das gute Gefu\u0308hl, Menschen, die in Not sind, zu helfen.<\/p>\n\n\n\n<div style=\"height:35px\" aria-hidden=\"true\" class=\"wp-block-spacer\"><\/div>\n\n\n\n<figure class=\"wp-block-image alignleft size-full\"><img loading=\"lazy\" decoding=\"async\" width=\"270\" height=\"328\" src=\"https:\/\/magazin.ikk-suedwest.de\/februar-2024\/wp-content\/uploads\/sites\/11\/2024\/02\/ikk_fm_2401_beitragsbild_s15_mareike_buehl.png\" alt=\"\" class=\"wp-image-7541\" srcset=\"https:\/\/magazin.ikk-suedwest.de\/februar-2024\/wp-content\/uploads\/sites\/11\/2024\/02\/ikk_fm_2401_beitragsbild_s15_mareike_buehl.png 270w, https:\/\/magazin.ikk-suedwest.de\/februar-2024\/wp-content\/uploads\/sites\/11\/2024\/02\/ikk_fm_2401_beitragsbild_s15_mareike_buehl-247x300.png 247w\" sizes=\"auto, (max-width: 270px) 100vw, 270px\" \/><\/figure>\n\n\n\n<p class=\"wp-block-paragraph\"><mark style=\"background-color:rgba(0, 0, 0, 0)\" class=\"has-inline-color has-gridlove-acc-color\">Name:<\/mark> Mareike Bu\u0308hl<br><mark style=\"background-color:rgba(0, 0, 0, 0)\" class=\"has-inline-color has-gridlove-acc-color\">Engagement:<\/mark> ist gemeinsam mit ihrem Hund als Besuchshunde-Team unterwegs<\/p>\n\n\n\n<p class=\"wp-block-paragraph\">Schon fru\u0308h habe ich gemerkt, dass Rubito sehr gut auf Menschen zugehen kann. Und dass das nicht nur ihm, sondern auch den Menschen guttut.<\/p>\n\n\n\n<p class=\"wp-block-paragraph\">So war schnell die Idee geboren, Rubito zum Besuchshund auszubilden. Und seit dem Abschluss der Ausbildung am 12. Juli 2023 sind wir ganz offiziell im Einsatz.<\/p>\n\n\n\n<p class=\"wp-block-paragraph\">Rubito genie\u00dft es, wenn er in Einrichtungen wie Schulen und Altenheimen seine Tricks vorfu\u0308hren kann und mit ganz vielen Streicheleinheiten belohnt wird. Zu sehen, wie die Menschen dank Rubitos Anwesenheit aufblu\u0308hen, ist fu\u0308r mich eine pure Freude.<\/p>\n\n\n\n<div class=\"wp-block-group has-background is-layout-constrained wp-block-group-is-layout-constrained\" style=\"background-color:#dbdbdb\">\n<p class=\"wp-block-paragraph\"><strong>Unser Seminarangebot fu\u0308r Einsatzkr\u00e4fte<\/strong><br>Mit unserem vielseitigen und kostenfreien Seminarangebot unterstu\u0308tzen wir die Arbeit von Einsatzkr\u00e4ften. Kurse wie \u201eAnti-Stress Speed Dating \u2013 10 Techniken fu\u0308r mehr Wohlbefinden\u201c oder \u201eSchwierige Entscheidungen selbstsicher treffen\u201c liefern ihnen hilfreiche Impulse fu\u0308r den Umgang mit herausfordernden Situationen.<\/p>\n\n\n\n<p class=\"wp-block-paragraph\"><a href=\"https:\/\/gesundbleiben.ikk-suedwest.de\/public\/overview?tagid1=33155&amp;tagid2=147652%20\" target=\"_blank\" rel=\"noreferrer noopener\"><strong>Unsere Seminare finden Sie im<\/strong> <em>Veranstaltungskalender<\/em><\/a><\/p>\n<\/div>\n\n\n\n<p class=\"has-text-color wp-block-paragraph\" style=\"color:#009fe3\"><\/p>\n\n\n<div class=\"shariff shariff-align-left shariff-widget-align-left\"><ul class=\"shariff-buttons theme-round orientation-horizontal buttonsize-medium\"><li class=\"shariff-button facebook shariff-nocustomcolor\" style=\"background-color:#4273c8\"><a href=\"https:\/\/www.facebook.com\/sharer\/sharer.php?u=https%3A%2F%2Fmagazin.ikk-suedwest.de%2Ffebruar-2024%2Fehrenamt-im-einsatz-fuer-mensch-und-tier%2F\" title=\"Bei Facebook teilen\" aria-label=\"Bei Facebook teilen\" role=\"button\" rel=\"nofollow\" class=\"shariff-link\" style=\"; background-color:#3b5998; color:#fff\" target=\"_blank\"><span class=\"shariff-icon\" style=\"\"><svg width=\"32px\" height=\"20px\" xmlns=\"http:\/\/www.w3.org\/2000\/svg\" viewBox=\"0 0 18 32\"><path fill=\"#3b5998\" d=\"M17.1 0.2v4.7h-2.8q-1.5 0-2.1 0.6t-0.5 1.9v3.4h5.2l-0.7 5.3h-4.5v13.6h-5.5v-13.6h-4.5v-5.3h4.5v-3.9q0-3.3 1.9-5.2t5-1.8q2.6 0 4.1 0.2z\"\/><\/svg><\/span><\/a><\/li><li class=\"shariff-button whatsapp shariff-nocustomcolor\" style=\"background-color:#5cbe4a\"><a href=\"https:\/\/api.whatsapp.com\/send?text=https%3A%2F%2Fmagazin.ikk-suedwest.de%2Ffebruar-2024%2Fehrenamt-im-einsatz-fuer-mensch-und-tier%2F%20Ehrenamt%20%E2%80%93%20Im%20Einsatz%20f%C3%BCr%20Mensch%20und%20Tier\" title=\"Bei Whatsapp teilen\" aria-label=\"Bei Whatsapp teilen\" role=\"button\" rel=\"noopener nofollow\" class=\"shariff-link\" style=\"; background-color:#34af23; color:#fff\" target=\"_blank\"><span class=\"shariff-icon\" style=\"\"><svg width=\"32px\" height=\"20px\" xmlns=\"http:\/\/www.w3.org\/2000\/svg\" viewBox=\"0 0 32 32\"><path fill=\"#34af23\" d=\"M17.6 17.4q0.2 0 1.7 0.8t1.6 0.9q0 0.1 0 0.3 0 0.6-0.3 1.4-0.3 0.7-1.3 1.2t-1.8 0.5q-1 0-3.4-1.1-1.7-0.8-3-2.1t-2.6-3.3q-1.3-1.9-1.3-3.5v-0.1q0.1-1.6 1.3-2.8 0.4-0.4 0.9-0.4 0.1 0 0.3 0t0.3 0q0.3 0 0.5 0.1t0.3 0.5q0.1 0.4 0.6 1.6t0.4 1.3q0 0.4-0.6 1t-0.6 0.8q0 0.1 0.1 0.3 0.6 1.3 1.8 2.4 1 0.9 2.7 1.8 0.2 0.1 0.4 0.1 0.3 0 1-0.9t0.9-0.9zM14 26.9q2.3 0 4.3-0.9t3.6-2.4 2.4-3.6 0.9-4.3-0.9-4.3-2.4-3.6-3.6-2.4-4.3-0.9-4.3 0.9-3.6 2.4-2.4 3.6-0.9 4.3q0 3.6 2.1 6.6l-1.4 4.2 4.3-1.4q2.8 1.9 6.2 1.9zM14 2.2q2.7 0 5.2 1.1t4.3 2.9 2.9 4.3 1.1 5.2-1.1 5.2-2.9 4.3-4.3 2.9-5.2 1.1q-3.5 0-6.5-1.7l-7.4 2.4 2.4-7.2q-1.9-3.2-1.9-6.9 0-2.7 1.1-5.2t2.9-4.3 4.3-2.9 5.2-1.1z\"\/><\/svg><\/span><\/a><\/li><li class=\"shariff-button mailto shariff-nocustomcolor\" style=\"background-color:#a8a8a8\"><a href=\"mailto:?body=https%3A%2F%2Fmagazin.ikk-suedwest.de%2Ffebruar-2024%2Fehrenamt-im-einsatz-fuer-mensch-und-tier%2F&subject=Ehrenamt%20%E2%80%93%20Im%20Einsatz%20f%C3%BCr%20Mensch%20und%20Tier\" title=\"Per E-Mail versenden\" aria-label=\"Per E-Mail versenden\" role=\"button\" rel=\"noopener nofollow\" class=\"shariff-link\" style=\"; background-color:#999; color:#fff\"><span class=\"shariff-icon\" style=\"\"><svg width=\"32px\" height=\"20px\" xmlns=\"http:\/\/www.w3.org\/2000\/svg\" viewBox=\"0 0 32 32\"><path fill=\"#999\" d=\"M32 12.7v14.2q0 1.2-0.8 2t-2 0.9h-26.3q-1.2 0-2-0.9t-0.8-2v-14.2q0.8 0.9 1.8 1.6 6.5 4.4 8.9 6.1 1 0.8 1.6 1.2t1.7 0.9 2 0.4h0.1q0.9 0 2-0.4t1.7-0.9 1.6-1.2q3-2.2 8.9-6.1 1-0.7 1.8-1.6zM32 7.4q0 1.4-0.9 2.7t-2.2 2.2q-6.7 4.7-8.4 5.8-0.2 0.1-0.7 0.5t-1 0.7-0.9 0.6-1.1 0.5-0.9 0.2h-0.1q-0.4 0-0.9-0.2t-1.1-0.5-0.9-0.6-1-0.7-0.7-0.5q-1.6-1.1-4.7-3.2t-3.6-2.6q-1.1-0.7-2.1-2t-1-2.5q0-1.4 0.7-2.3t2.1-0.9h26.3q1.2 0 2 0.8t0.9 2z\"\/><\/svg><\/span><\/a><\/li><\/ul><\/div>\n\n\n\n<p class=\"wp-block-paragraph\"><\/p>\n\n\n\n<div class=\"wp-block-buttons is-horizontal is-content-justification-left is-layout-flex wp-container-core-buttons-is-layout-39697d9b wp-block-buttons-is-layout-flex\">\n<div class=\"wp-block-button\"><a class=\"wp-block-button__link has-background wp-element-button\" href=\"javascript:history.back()\" style=\"background-color:#009de9\">Zur\u00fcck<\/a><\/div>\n<\/div>\n","protected":false},"excerpt":{"rendered":"<p>Als Krankenkasse aus der Region wollen wir den Menschen nah sein und da helfen &#8230;<\/p>\n","protected":false},"author":1,"featured_media":7277,"comment_status":"closed","ping_status":"open","sticky":false,"template":"","format":"standard","meta":{"_acf_changed":false,"_crdt_document":"","favoriteCount":5,"footnotes":""},"categories":[54],"tags":[],"class_list":["post-7169","post","type-post","status-publish","format-standard","has-post-thumbnail","hentry","category-service"],"acf":[],"yoast_head":"<!-- This site is optimized with the Yoast SEO plugin v27.4 - https:\/\/yoast.com\/product\/yoast-seo-wordpress\/ -->\n<title>Ehrenamt \u2013 Im Einsatz f\u00fcr Mensch und Tier - Februar 2024<\/title>\n<meta name=\"robots\" content=\"noindex, follow, max-snippet:-1, max-image-preview:large, max-video-preview:-1\" \/>\n<meta property=\"og:locale\" content=\"de_DE\" \/>\n<meta property=\"og:type\" content=\"article\" \/>\n<meta property=\"og:title\" content=\"Ehrenamt \u2013 Im Einsatz f\u00fcr Mensch und Tier - Februar 2024\" \/>\n<meta property=\"og:description\" content=\"Als Krankenkasse aus der Region wollen wir den Menschen nah sein und da helfen ...\" \/>\n<meta property=\"og:url\" content=\"https:\/\/magazin.ikk-suedwest.de\/februar-2024\/ehrenamt-im-einsatz-fuer-mensch-und-tier\/\" \/>\n<meta property=\"og:site_name\" content=\"Februar 2024\" \/>\n<meta property=\"article:published_time\" content=\"2024-01-24T10:45:37+00:00\" \/>\n<meta property=\"article:modified_time\" content=\"2024-02-01T14:54:07+00:00\" \/>\n<meta property=\"og:image\" content=\"https:\/\/magazin.ikk-suedwest.de\/februar-2024\/wp-content\/uploads\/sites\/11\/2024\/01\/ikk_fm_2401_s14_ehrenamt_optim.jpg\" \/>\n\t<meta property=\"og:image:width\" content=\"1225\" \/>\n\t<meta property=\"og:image:height\" content=\"818\" \/>\n\t<meta property=\"og:image:type\" content=\"image\/jpeg\" \/>\n<meta name=\"author\" content=\"fbo_master\" \/>\n<meta name=\"twitter:card\" content=\"summary_large_image\" \/>\n<meta name=\"twitter:label1\" content=\"Geschrieben von\" \/>\n\t<meta name=\"twitter:data1\" content=\"fbo_master\" \/>\n\t<meta name=\"twitter:label2\" content=\"Gesch\u00e4tzte Lesezeit\" \/>\n\t<meta name=\"twitter:data2\" content=\"5\u00a0Minuten\" \/>\n<script type=\"application\/ld+json\" class=\"yoast-schema-graph\">{\"@context\":\"https:\\\/\\\/schema.org\",\"@graph\":[{\"@type\":\"Article\",\"@id\":\"https:\\\/\\\/magazin.ikk-suedwest.de\\\/februar-2024\\\/ehrenamt-im-einsatz-fuer-mensch-und-tier\\\/#article\",\"isPartOf\":{\"@id\":\"https:\\\/\\\/magazin.ikk-suedwest.de\\\/februar-2024\\\/ehrenamt-im-einsatz-fuer-mensch-und-tier\\\/\"},\"author\":{\"name\":\"fbo_master\",\"@id\":\"https:\\\/\\\/magazin.ikk-suedwest.de\\\/februar-2024\\\/#\\\/schema\\\/person\\\/636237f711a5aed151e44ddcc2de114a\"},\"headline\":\"Ehrenamt \u2013 Im Einsatz f\u00fcr Mensch und Tier\",\"datePublished\":\"2024-01-24T10:45:37+00:00\",\"dateModified\":\"2024-02-01T14:54:07+00:00\",\"mainEntityOfPage\":{\"@id\":\"https:\\\/\\\/magazin.ikk-suedwest.de\\\/februar-2024\\\/ehrenamt-im-einsatz-fuer-mensch-und-tier\\\/\"},\"wordCount\":669,\"image\":{\"@id\":\"https:\\\/\\\/magazin.ikk-suedwest.de\\\/februar-2024\\\/ehrenamt-im-einsatz-fuer-mensch-und-tier\\\/#primaryimage\"},\"thumbnailUrl\":\"https:\\\/\\\/magazin.ikk-suedwest.de\\\/februar-2024\\\/wp-content\\\/uploads\\\/sites\\\/11\\\/2024\\\/01\\\/ikk_fm_2401_s14_ehrenamt_optim.jpg\",\"articleSection\":[\"Service\"],\"inLanguage\":\"de\"},{\"@type\":\"WebPage\",\"@id\":\"https:\\\/\\\/magazin.ikk-suedwest.de\\\/februar-2024\\\/ehrenamt-im-einsatz-fuer-mensch-und-tier\\\/\",\"url\":\"https:\\\/\\\/magazin.ikk-suedwest.de\\\/februar-2024\\\/ehrenamt-im-einsatz-fuer-mensch-und-tier\\\/\",\"name\":\"Ehrenamt \u2013 Im Einsatz f\u00fcr Mensch und Tier - Februar 2024\",\"isPartOf\":{\"@id\":\"https:\\\/\\\/magazin.ikk-suedwest.de\\\/februar-2024\\\/#website\"},\"primaryImageOfPage\":{\"@id\":\"https:\\\/\\\/magazin.ikk-suedwest.de\\\/februar-2024\\\/ehrenamt-im-einsatz-fuer-mensch-und-tier\\\/#primaryimage\"},\"image\":{\"@id\":\"https:\\\/\\\/magazin.ikk-suedwest.de\\\/februar-2024\\\/ehrenamt-im-einsatz-fuer-mensch-und-tier\\\/#primaryimage\"},\"thumbnailUrl\":\"https:\\\/\\\/magazin.ikk-suedwest.de\\\/februar-2024\\\/wp-content\\\/uploads\\\/sites\\\/11\\\/2024\\\/01\\\/ikk_fm_2401_s14_ehrenamt_optim.jpg\",\"datePublished\":\"2024-01-24T10:45:37+00:00\",\"dateModified\":\"2024-02-01T14:54:07+00:00\",\"author\":{\"@id\":\"https:\\\/\\\/magazin.ikk-suedwest.de\\\/februar-2024\\\/#\\\/schema\\\/person\\\/636237f711a5aed151e44ddcc2de114a\"},\"breadcrumb\":{\"@id\":\"https:\\\/\\\/magazin.ikk-suedwest.de\\\/februar-2024\\\/ehrenamt-im-einsatz-fuer-mensch-und-tier\\\/#breadcrumb\"},\"inLanguage\":\"de\",\"potentialAction\":[{\"@type\":\"ReadAction\",\"target\":[\"https:\\\/\\\/magazin.ikk-suedwest.de\\\/februar-2024\\\/ehrenamt-im-einsatz-fuer-mensch-und-tier\\\/\"]}]},{\"@type\":\"ImageObject\",\"inLanguage\":\"de\",\"@id\":\"https:\\\/\\\/magazin.ikk-suedwest.de\\\/februar-2024\\\/ehrenamt-im-einsatz-fuer-mensch-und-tier\\\/#primaryimage\",\"url\":\"https:\\\/\\\/magazin.ikk-suedwest.de\\\/februar-2024\\\/wp-content\\\/uploads\\\/sites\\\/11\\\/2024\\\/01\\\/ikk_fm_2401_s14_ehrenamt_optim.jpg\",\"contentUrl\":\"https:\\\/\\\/magazin.ikk-suedwest.de\\\/februar-2024\\\/wp-content\\\/uploads\\\/sites\\\/11\\\/2024\\\/01\\\/ikk_fm_2401_s14_ehrenamt_optim.jpg\",\"width\":1225,\"height\":818},{\"@type\":\"BreadcrumbList\",\"@id\":\"https:\\\/\\\/magazin.ikk-suedwest.de\\\/februar-2024\\\/ehrenamt-im-einsatz-fuer-mensch-und-tier\\\/#breadcrumb\",\"itemListElement\":[{\"@type\":\"ListItem\",\"position\":1,\"name\":\"Startseite\",\"item\":\"https:\\\/\\\/magazin.ikk-suedwest.de\\\/februar-2024\\\/\"},{\"@type\":\"ListItem\",\"position\":2,\"name\":\"Ehrenamt \u2013 Im Einsatz f\u00fcr Mensch und Tier\"}]},{\"@type\":\"WebSite\",\"@id\":\"https:\\\/\\\/magazin.ikk-suedwest.de\\\/februar-2024\\\/#website\",\"url\":\"https:\\\/\\\/magazin.ikk-suedwest.de\\\/februar-2024\\\/\",\"name\":\"Februar 2024\",\"description\":\"Eine weitere IKK Magazin Ausgaben Website\",\"potentialAction\":[{\"@type\":\"SearchAction\",\"target\":{\"@type\":\"EntryPoint\",\"urlTemplate\":\"https:\\\/\\\/magazin.ikk-suedwest.de\\\/februar-2024\\\/?s={search_term_string}\"},\"query-input\":{\"@type\":\"PropertyValueSpecification\",\"valueRequired\":true,\"valueName\":\"search_term_string\"}}],\"inLanguage\":\"de\"},{\"@type\":\"Person\",\"@id\":\"https:\\\/\\\/magazin.ikk-suedwest.de\\\/februar-2024\\\/#\\\/schema\\\/person\\\/636237f711a5aed151e44ddcc2de114a\",\"name\":\"fbo_master\",\"image\":{\"@type\":\"ImageObject\",\"inLanguage\":\"de\",\"@id\":\"https:\\\/\\\/secure.gravatar.com\\\/avatar\\\/5e042e587c1d6c68d3fadd024e871a65399da22a9ef5e23b274af331bde574af?s=96&d=mm&r=g\",\"url\":\"https:\\\/\\\/secure.gravatar.com\\\/avatar\\\/5e042e587c1d6c68d3fadd024e871a65399da22a9ef5e23b274af331bde574af?s=96&d=mm&r=g\",\"contentUrl\":\"https:\\\/\\\/secure.gravatar.com\\\/avatar\\\/5e042e587c1d6c68d3fadd024e871a65399da22a9ef5e23b274af331bde574af?s=96&d=mm&r=g\",\"caption\":\"fbo_master\"},\"sameAs\":[\"https:\\\/\\\/magazin.ikk-suedwest.de\"],\"url\":\"https:\\\/\\\/magazin.ikk-suedwest.de\\\/februar-2024\\\/author\\\/fbo_master\\\/\"}]}<\/script>\n<!-- \/ Yoast SEO plugin. -->","yoast_head_json":{"title":"Ehrenamt \u2013 Im Einsatz f\u00fcr Mensch und Tier - Februar 2024","robots":{"index":"noindex","follow":"follow","max-snippet":"max-snippet:-1","max-image-preview":"max-image-preview:large","max-video-preview":"max-video-preview:-1"},"og_locale":"de_DE","og_type":"article","og_title":"Ehrenamt \u2013 Im Einsatz f\u00fcr Mensch und Tier - Februar 2024","og_description":"Als Krankenkasse aus der Region wollen wir den Menschen nah sein und da helfen ...","og_url":"https:\/\/magazin.ikk-suedwest.de\/februar-2024\/ehrenamt-im-einsatz-fuer-mensch-und-tier\/","og_site_name":"Februar 2024","article_published_time":"2024-01-24T10:45:37+00:00","article_modified_time":"2024-02-01T14:54:07+00:00","og_image":[{"width":1225,"height":818,"url":"https:\/\/magazin.ikk-suedwest.de\/februar-2024\/wp-content\/uploads\/sites\/11\/2024\/01\/ikk_fm_2401_s14_ehrenamt_optim.jpg","type":"image\/jpeg"}],"author":"fbo_master","twitter_card":"summary_large_image","twitter_misc":{"Geschrieben von":"fbo_master","Gesch\u00e4tzte Lesezeit":"5\u00a0Minuten"},"schema":{"@context":"https:\/\/schema.org","@graph":[{"@type":"Article","@id":"https:\/\/magazin.ikk-suedwest.de\/februar-2024\/ehrenamt-im-einsatz-fuer-mensch-und-tier\/#article","isPartOf":{"@id":"https:\/\/magazin.ikk-suedwest.de\/februar-2024\/ehrenamt-im-einsatz-fuer-mensch-und-tier\/"},"author":{"name":"fbo_master","@id":"https:\/\/magazin.ikk-suedwest.de\/februar-2024\/#\/schema\/person\/636237f711a5aed151e44ddcc2de114a"},"headline":"Ehrenamt \u2013 Im Einsatz f\u00fcr Mensch und Tier","datePublished":"2024-01-24T10:45:37+00:00","dateModified":"2024-02-01T14:54:07+00:00","mainEntityOfPage":{"@id":"https:\/\/magazin.ikk-suedwest.de\/februar-2024\/ehrenamt-im-einsatz-fuer-mensch-und-tier\/"},"wordCount":669,"image":{"@id":"https:\/\/magazin.ikk-suedwest.de\/februar-2024\/ehrenamt-im-einsatz-fuer-mensch-und-tier\/#primaryimage"},"thumbnailUrl":"https:\/\/magazin.ikk-suedwest.de\/februar-2024\/wp-content\/uploads\/sites\/11\/2024\/01\/ikk_fm_2401_s14_ehrenamt_optim.jpg","articleSection":["Service"],"inLanguage":"de"},{"@type":"WebPage","@id":"https:\/\/magazin.ikk-suedwest.de\/februar-2024\/ehrenamt-im-einsatz-fuer-mensch-und-tier\/","url":"https:\/\/magazin.ikk-suedwest.de\/februar-2024\/ehrenamt-im-einsatz-fuer-mensch-und-tier\/","name":"Ehrenamt \u2013 Im Einsatz f\u00fcr Mensch und Tier - Februar 2024","isPartOf":{"@id":"https:\/\/magazin.ikk-suedwest.de\/februar-2024\/#website"},"primaryImageOfPage":{"@id":"https:\/\/magazin.ikk-suedwest.de\/februar-2024\/ehrenamt-im-einsatz-fuer-mensch-und-tier\/#primaryimage"},"image":{"@id":"https:\/\/magazin.ikk-suedwest.de\/februar-2024\/ehrenamt-im-einsatz-fuer-mensch-und-tier\/#primaryimage"},"thumbnailUrl":"https:\/\/magazin.ikk-suedwest.de\/februar-2024\/wp-content\/uploads\/sites\/11\/2024\/01\/ikk_fm_2401_s14_ehrenamt_optim.jpg","datePublished":"2024-01-24T10:45:37+00:00","dateModified":"2024-02-01T14:54:07+00:00","author":{"@id":"https:\/\/magazin.ikk-suedwest.de\/februar-2024\/#\/schema\/person\/636237f711a5aed151e44ddcc2de114a"},"breadcrumb":{"@id":"https:\/\/magazin.ikk-suedwest.de\/februar-2024\/ehrenamt-im-einsatz-fuer-mensch-und-tier\/#breadcrumb"},"inLanguage":"de","potentialAction":[{"@type":"ReadAction","target":["https:\/\/magazin.ikk-suedwest.de\/februar-2024\/ehrenamt-im-einsatz-fuer-mensch-und-tier\/"]}]},{"@type":"ImageObject","inLanguage":"de","@id":"https:\/\/magazin.ikk-suedwest.de\/februar-2024\/ehrenamt-im-einsatz-fuer-mensch-und-tier\/#primaryimage","url":"https:\/\/magazin.ikk-suedwest.de\/februar-2024\/wp-content\/uploads\/sites\/11\/2024\/01\/ikk_fm_2401_s14_ehrenamt_optim.jpg","contentUrl":"https:\/\/magazin.ikk-suedwest.de\/februar-2024\/wp-content\/uploads\/sites\/11\/2024\/01\/ikk_fm_2401_s14_ehrenamt_optim.jpg","width":1225,"height":818},{"@type":"BreadcrumbList","@id":"https:\/\/magazin.ikk-suedwest.de\/februar-2024\/ehrenamt-im-einsatz-fuer-mensch-und-tier\/#breadcrumb","itemListElement":[{"@type":"ListItem","position":1,"name":"Startseite","item":"https:\/\/magazin.ikk-suedwest.de\/februar-2024\/"},{"@type":"ListItem","position":2,"name":"Ehrenamt \u2013 Im Einsatz f\u00fcr Mensch und Tier"}]},{"@type":"WebSite","@id":"https:\/\/magazin.ikk-suedwest.de\/februar-2024\/#website","url":"https:\/\/magazin.ikk-suedwest.de\/februar-2024\/","name":"Februar 2024","description":"Eine weitere IKK Magazin Ausgaben Website","potentialAction":[{"@type":"SearchAction","target":{"@type":"EntryPoint","urlTemplate":"https:\/\/magazin.ikk-suedwest.de\/februar-2024\/?s={search_term_string}"},"query-input":{"@type":"PropertyValueSpecification","valueRequired":true,"valueName":"search_term_string"}}],"inLanguage":"de"},{"@type":"Person","@id":"https:\/\/magazin.ikk-suedwest.de\/februar-2024\/#\/schema\/person\/636237f711a5aed151e44ddcc2de114a","name":"fbo_master","image":{"@type":"ImageObject","inLanguage":"de","@id":"https:\/\/secure.gravatar.com\/avatar\/5e042e587c1d6c68d3fadd024e871a65399da22a9ef5e23b274af331bde574af?s=96&d=mm&r=g","url":"https:\/\/secure.gravatar.com\/avatar\/5e042e587c1d6c68d3fadd024e871a65399da22a9ef5e23b274af331bde574af?s=96&d=mm&r=g","contentUrl":"https:\/\/secure.gravatar.com\/avatar\/5e042e587c1d6c68d3fadd024e871a65399da22a9ef5e23b274af331bde574af?s=96&d=mm&r=g","caption":"fbo_master"},"sameAs":["https:\/\/magazin.ikk-suedwest.de"],"url":"https:\/\/magazin.ikk-suedwest.de\/februar-2024\/author\/fbo_master\/"}]}},"_links":{"self":[{"href":"https:\/\/magazin.ikk-suedwest.de\/februar-2024\/wp-json\/wp\/v2\/posts\/7169","targetHints":{"allow":["GET"]}}],"collection":[{"href":"https:\/\/magazin.ikk-suedwest.de\/februar-2024\/wp-json\/wp\/v2\/posts"}],"about":[{"href":"https:\/\/magazin.ikk-suedwest.de\/februar-2024\/wp-json\/wp\/v2\/types\/post"}],"author":[{"embeddable":true,"href":"https:\/\/magazin.ikk-suedwest.de\/februar-2024\/wp-json\/wp\/v2\/users\/1"}],"replies":[{"embeddable":true,"href":"https:\/\/magazin.ikk-suedwest.de\/februar-2024\/wp-json\/wp\/v2\/comments?post=7169"}],"version-history":[{"count":10,"href":"https:\/\/magazin.ikk-suedwest.de\/februar-2024\/wp-json\/wp\/v2\/posts\/7169\/revisions"}],"predecessor-version":[{"id":7552,"href":"https:\/\/magazin.ikk-suedwest.de\/februar-2024\/wp-json\/wp\/v2\/posts\/7169\/revisions\/7552"}],"wp:featuredmedia":[{"embeddable":true,"href":"https:\/\/magazin.ikk-suedwest.de\/februar-2024\/wp-json\/wp\/v2\/media\/7277"}],"wp:attachment":[{"href":"https:\/\/magazin.ikk-suedwest.de\/februar-2024\/wp-json\/wp\/v2\/media?parent=7169"}],"wp:term":[{"taxonomy":"category","embeddable":true,"href":"https:\/\/magazin.ikk-suedwest.de\/februar-2024\/wp-json\/wp\/v2\/categories?post=7169"},{"taxonomy":"post_tag","embeddable":true,"href":"https:\/\/magazin.ikk-suedwest.de\/februar-2024\/wp-json\/wp\/v2\/tags?post=7169"}],"curies":[{"name":"wp","href":"https:\/\/api.w.org\/{rel}","templated":true}]}}