{"id":7175,"date":"2024-01-24T13:06:09","date_gmt":"2024-01-24T12:06:09","guid":{"rendered":"https:\/\/magazin.ikk-suedwest.de\/februar-2024\/?p=7175"},"modified":"2024-02-01T16:06:05","modified_gmt":"2024-02-01T15:06:05","slug":"we-are-family","status":"publish","type":"post","link":"https:\/\/magazin.ikk-suedwest.de\/februar-2024\/we-are-family\/","title":{"rendered":"WE ARE FAMILY \u2013 Der Podcast f\u00fcr junge Eltern"},"content":{"rendered":"<div class=\"shariff shariff-align-left shariff-widget-align-left\"><ul class=\"shariff-buttons theme-round orientation-horizontal buttonsize-medium\"><li class=\"shariff-button facebook shariff-nocustomcolor\" style=\"background-color:#4273c8\"><a href=\"https:\/\/www.facebook.com\/sharer\/sharer.php?u=https%3A%2F%2Fmagazin.ikk-suedwest.de%2Ffebruar-2024%2Fwe-are-family%2F\" title=\"Bei Facebook teilen\" aria-label=\"Bei Facebook teilen\" role=\"button\" rel=\"nofollow\" class=\"shariff-link\" style=\"; background-color:#3b5998; color:#fff\" target=\"_blank\"><span class=\"shariff-icon\" style=\"\"><svg width=\"32px\" height=\"20px\" xmlns=\"http:\/\/www.w3.org\/2000\/svg\" viewBox=\"0 0 18 32\"><path fill=\"#3b5998\" d=\"M17.1 0.2v4.7h-2.8q-1.5 0-2.1 0.6t-0.5 1.9v3.4h5.2l-0.7 5.3h-4.5v13.6h-5.5v-13.6h-4.5v-5.3h4.5v-3.9q0-3.3 1.9-5.2t5-1.8q2.6 0 4.1 0.2z\"\/><\/svg><\/span><\/a><\/li><li class=\"shariff-button whatsapp shariff-nocustomcolor\" style=\"background-color:#5cbe4a\"><a href=\"https:\/\/api.whatsapp.com\/send?text=https%3A%2F%2Fmagazin.ikk-suedwest.de%2Ffebruar-2024%2Fwe-are-family%2F%20WE%20ARE%20FAMILY%20%E2%80%93%20Der%20Podcast%20f%C3%BCr%20junge%20Eltern\" title=\"Bei Whatsapp teilen\" aria-label=\"Bei Whatsapp teilen\" role=\"button\" rel=\"noopener nofollow\" class=\"shariff-link\" style=\"; background-color:#34af23; color:#fff\" target=\"_blank\"><span class=\"shariff-icon\" style=\"\"><svg width=\"32px\" height=\"20px\" xmlns=\"http:\/\/www.w3.org\/2000\/svg\" viewBox=\"0 0 32 32\"><path fill=\"#34af23\" d=\"M17.6 17.4q0.2 0 1.7 0.8t1.6 0.9q0 0.1 0 0.3 0 0.6-0.3 1.4-0.3 0.7-1.3 1.2t-1.8 0.5q-1 0-3.4-1.1-1.7-0.8-3-2.1t-2.6-3.3q-1.3-1.9-1.3-3.5v-0.1q0.1-1.6 1.3-2.8 0.4-0.4 0.9-0.4 0.1 0 0.3 0t0.3 0q0.3 0 0.5 0.1t0.3 0.5q0.1 0.4 0.6 1.6t0.4 1.3q0 0.4-0.6 1t-0.6 0.8q0 0.1 0.1 0.3 0.6 1.3 1.8 2.4 1 0.9 2.7 1.8 0.2 0.1 0.4 0.1 0.3 0 1-0.9t0.9-0.9zM14 26.9q2.3 0 4.3-0.9t3.6-2.4 2.4-3.6 0.9-4.3-0.9-4.3-2.4-3.6-3.6-2.4-4.3-0.9-4.3 0.9-3.6 2.4-2.4 3.6-0.9 4.3q0 3.6 2.1 6.6l-1.4 4.2 4.3-1.4q2.8 1.9 6.2 1.9zM14 2.2q2.7 0 5.2 1.1t4.3 2.9 2.9 4.3 1.1 5.2-1.1 5.2-2.9 4.3-4.3 2.9-5.2 1.1q-3.5 0-6.5-1.7l-7.4 2.4 2.4-7.2q-1.9-3.2-1.9-6.9 0-2.7 1.1-5.2t2.9-4.3 4.3-2.9 5.2-1.1z\"\/><\/svg><\/span><\/a><\/li><li class=\"shariff-button mailto shariff-nocustomcolor\" style=\"background-color:#a8a8a8\"><a href=\"mailto:?body=https%3A%2F%2Fmagazin.ikk-suedwest.de%2Ffebruar-2024%2Fwe-are-family%2F&subject=WE%20ARE%20FAMILY%20%E2%80%93%20Der%20Podcast%20f%C3%BCr%20junge%20Eltern\" title=\"Per E-Mail versenden\" aria-label=\"Per E-Mail versenden\" role=\"button\" rel=\"noopener nofollow\" class=\"shariff-link\" style=\"; background-color:#999; color:#fff\"><span class=\"shariff-icon\" style=\"\"><svg width=\"32px\" height=\"20px\" xmlns=\"http:\/\/www.w3.org\/2000\/svg\" viewBox=\"0 0 32 32\"><path fill=\"#999\" d=\"M32 12.7v14.2q0 1.2-0.8 2t-2 0.9h-26.3q-1.2 0-2-0.9t-0.8-2v-14.2q0.8 0.9 1.8 1.6 6.5 4.4 8.9 6.1 1 0.8 1.6 1.2t1.7 0.9 2 0.4h0.1q0.9 0 2-0.4t1.7-0.9 1.6-1.2q3-2.2 8.9-6.1 1-0.7 1.8-1.6zM32 7.4q0 1.4-0.9 2.7t-2.2 2.2q-6.7 4.7-8.4 5.8-0.2 0.1-0.7 0.5t-1 0.7-0.9 0.6-1.1 0.5-0.9 0.2h-0.1q-0.4 0-0.9-0.2t-1.1-0.5-0.9-0.6-1-0.7-0.7-0.5q-1.6-1.1-4.7-3.2t-3.6-2.6q-1.1-0.7-2.1-2t-1-2.5q0-1.4 0.7-2.3t2.1-0.9h26.3q1.2 0 2 0.8t0.9 2z\"\/><\/svg><\/span><\/a><\/li><\/ul><\/div>\n\n\n\n<figure class=\"wp-block-image size-large\"><img loading=\"lazy\" decoding=\"async\" width=\"1024\" height=\"684\" src=\"https:\/\/magazin.ikk-suedwest.de\/februar-2024\/wp-content\/uploads\/sites\/11\/2024\/02\/ikk_fm_2401_s22_we_are_family_optim-2-1024x684.jpg\" alt=\"\" class=\"wp-image-7553\" srcset=\"https:\/\/magazin.ikk-suedwest.de\/februar-2024\/wp-content\/uploads\/sites\/11\/2024\/02\/ikk_fm_2401_s22_we_are_family_optim-2-1024x684.jpg 1024w, https:\/\/magazin.ikk-suedwest.de\/februar-2024\/wp-content\/uploads\/sites\/11\/2024\/02\/ikk_fm_2401_s22_we_are_family_optim-2-300x200.jpg 300w, https:\/\/magazin.ikk-suedwest.de\/februar-2024\/wp-content\/uploads\/sites\/11\/2024\/02\/ikk_fm_2401_s22_we_are_family_optim-2-768x513.jpg 768w, https:\/\/magazin.ikk-suedwest.de\/februar-2024\/wp-content\/uploads\/sites\/11\/2024\/02\/ikk_fm_2401_s22_we_are_family_optim-2-370x247.jpg 370w, https:\/\/magazin.ikk-suedwest.de\/februar-2024\/wp-content\/uploads\/sites\/11\/2024\/02\/ikk_fm_2401_s22_we_are_family_optim-2-270x180.jpg 270w, https:\/\/magazin.ikk-suedwest.de\/februar-2024\/wp-content\/uploads\/sites\/11\/2024\/02\/ikk_fm_2401_s22_we_are_family_optim-2-570x381.jpg 570w, https:\/\/magazin.ikk-suedwest.de\/februar-2024\/wp-content\/uploads\/sites\/11\/2024\/02\/ikk_fm_2401_s22_we_are_family_optim-2-749x500.jpg 749w, https:\/\/magazin.ikk-suedwest.de\/februar-2024\/wp-content\/uploads\/sites\/11\/2024\/02\/ikk_fm_2401_s22_we_are_family_optim-2-740x494.jpg 740w, https:\/\/magazin.ikk-suedwest.de\/februar-2024\/wp-content\/uploads\/sites\/11\/2024\/02\/ikk_fm_2401_s22_we_are_family_optim-2.jpg 1225w\" sizes=\"auto, (max-width: 1024px) 100vw, 1024px\" \/><\/figure>\n\n\n\n<p class=\"has-gridlove-acc-color has-text-color has-link-color has-large-font-size wp-elements-578bc1a1bd4c05d96a21c8c79c7d67d4 wp-block-paragraph\">Als Krankenkasse aus der Region sind wir nah dran an unseren Versicherten. Und den Themen rund um die Gesundheit, die gerade Familien besonders bewegen. Unser brandneuer Podcast ist hierf\u00fcr das beste Beispiel.<\/p>\n\n\n\n<p class=\"wp-block-paragraph\">Wer selbst Mutter oder Vater ist, der wei\u00df: Die Gesundheit und das Wohlbefinden der Familie stehen immer an erster Stelle. Aber was kann ich selbst als Elternteil dazu beitragen, dass dies im besten\u2002Fall auch gelingt? Und: Wie gehe ich mit schwierigen und herausfordernden Situationen in der Familie um? Was beispielsweise, wenn mein Kind einen Notfall erleidet? Was gilt es, bei einer Diabetes-Diagnose zu beachten? Und was, wenn ein Elternteil zunehmend ausgebrannt ist? Wenn das Familienleben dadurch mehr und mehr belastet wird?<\/p>\n\n\n\n<p class=\"wp-block-paragraph\">Fragen wie diese bewegen tagt\u00e4glich viele junge Eltern. Mit unserem neuen Podcast WE ARE FAMILY geben wir Betroffenen Orientierung. Anhand ausgew\u00e4hlter Expertenstimmen sowie authentischer Geschichten von Familien aus der Region vermitteln wir unseren H\u00f6rern nicht nur wichtige Informationen, sondern vor allem ein elementares Wir-Gef\u00fchl, denn: \u201eWir sind eine Familie!\u201c<\/p>\n\n\n\n<h2 class=\"wp-block-heading\">Sicherheit geben \u2013 Gesundheit f\u00f6rdern<\/h2>\n\n\n\n<div class=\"wp-block-columns is-layout-flex wp-container-core-columns-is-layout-8f761849 wp-block-columns-is-layout-flex\">\n<div class=\"wp-block-column is-layout-flow wp-block-column-is-layout-flow\">\n<figure class=\"wp-block-image aligncenter size-full is-resized\"><img loading=\"lazy\" decoding=\"async\" width=\"300\" height=\"301\" src=\"https:\/\/magazin.ikk-suedwest.de\/februar-2024\/wp-content\/uploads\/sites\/11\/2024\/01\/ikk_fm_2401_beitragsbild_s23_mathias_gessner.png\" alt=\"\" class=\"wp-image-7293\" style=\"width:250px\" srcset=\"https:\/\/magazin.ikk-suedwest.de\/februar-2024\/wp-content\/uploads\/sites\/11\/2024\/01\/ikk_fm_2401_beitragsbild_s23_mathias_gessner.png 300w, https:\/\/magazin.ikk-suedwest.de\/februar-2024\/wp-content\/uploads\/sites\/11\/2024\/01\/ikk_fm_2401_beitragsbild_s23_mathias_gessner-150x150.png 150w, https:\/\/magazin.ikk-suedwest.de\/februar-2024\/wp-content\/uploads\/sites\/11\/2024\/01\/ikk_fm_2401_beitragsbild_s23_mathias_gessner-270x271.png 270w\" sizes=\"auto, (max-width: 300px) 100vw, 300px\" \/><\/figure>\n\n\n\n<p class=\"has-text-align-center wp-block-paragraph\"><em>Mathias Gessner,<br>Pressesprecher IKK Su\u0308dwest<\/em><\/p>\n<\/div>\n\n\n\n<div class=\"wp-block-column is-layout-flow wp-block-column-is-layout-flow\">\n<p class=\"wp-block-paragraph\">Mathias Gessner, Pressesprecher der IKK Su\u0308dwest und selbst Vater einer 3-j\u00e4hrigen Tochter, zum\u2002Konzept des neuen Podcasts fu\u0308r junge Eltern und ihre Familien: \u201eIn unserem Podcast stellen wir uns den Herausforderungen, die junge Eltern im Familienalltag erleben: Wie verhalte ich mich richtig, wenn meine Zweij\u00e4hrige Spielsachen verschluckt hat? Ist mein Sohn essenstechnisch nur ein Suppenkasper oder doch ein Supertaster? Wie entgehen Mu\u0308tter und V\u00e4ter dem Burnout? Aber auch andere aktuelle Themen wie der unerfu\u0308llte Kinderwunsch kommen vor.\u201c<\/p>\n<\/div>\n<\/div>\n\n\n\n<div style=\"height:57px\" aria-hidden=\"true\" class=\"wp-block-spacer\"><\/div>\n\n\n\n<p class=\"wp-block-paragraph\">So geht es bei WE ARE FAMILY um alltagsnahe Themen, in denen sich viele Eltern selbst erkennen. \u201eBei der Entwicklung des Konzepts haben wir besonders darauf geachtet, Themen zu finden, die die Menschen aus der Region auch wirklich bewegen \u2013 darum lassen wir sie mit ihren Geschichten zu Wort kommen. Da wird sich jedes Familienmitglied, das sich den Podcast anh\u00f6rt, sofort wiederfinden.\u201c<\/p>\n\n\n\n<p class=\"no-ext-link wp-block-paragraph\">Der Podcast, der im Dezember des letzten Jahres gestartet ist, erscheint im zweiw\u00f6chigen Rhythmus und steht auf allen g\u00e4ngigen Podcast-Plattformen wie <a href=\"https:\/\/music.amazon.de\/podcasts\/fbcfc967-0a5e-4afa-b9e3-a15c2c4e6feb\/we-are-family\" target=\"_blank\" rel=\"noreferrer noopener\"><em>Amazon Music<\/em><\/a>, <a href=\"https:\/\/podcasts.apple.com\/de\/podcast\/we-are-family\/id1721322707\" target=\"_blank\" rel=\"noreferrer noopener\"><em>Apple Podcasts<\/em><\/a> oder <a href=\"https:\/\/open.spotify.com\/show\/4HKIJXCUj1AQAzhrmF5cHZ\" target=\"_blank\" rel=\"noreferrer noopener\"><em>Spotify<\/em><\/a> zum Download und Streaming bereit. Das Besondere: Alle Folgen gibt\u2019s auf der IKK-Website auch als Video. So ist man rund um die Produktion \u201ehautnah dabei\u201c.<\/p>\n\n\n\n<h2 class=\"wp-block-heading\">Pers\u00f6nliche Erfahrungen und Expertenwissen<\/h2>\n\n\n\n<div class=\"wp-block-columns is-layout-flex wp-container-core-columns-is-layout-8f761849 wp-block-columns-is-layout-flex\">\n<div class=\"wp-block-column is-layout-flow wp-block-column-is-layout-flow\">\n<p class=\"wp-block-paragraph\">Moderiert wird der Junge-Eltern-Podcast der IKK Su\u0308dwest von Martina Straten. Die erfahrene\u2002Radiomoderatorin freut sich u\u0308ber eine stetig wachsende Zuh\u00f6rerschaft: \u201eDie Menschen,<br>die in unserem Podcast zu Wort kommen, die Geschichten, die sie zu erz\u00e4hlen haben, das ist das Besondere an unserer Sendereihe. Dadurch dass wir zus\u00e4tzlich Experten zu Wort kommen lassen, k\u00f6nnen wir die Themen aus unterschiedlichen Perspektiven beleuchten. Ein interessanter Mix aus<br>Erz\u00e4hlungen, die beru\u0308hren und bewegen, sowie analytischen Fakten, die fundiertes Wissen\u2002vermitteln. Einfach mal reinh\u00f6ren, es lohnt sich!\u201c<\/p>\n<\/div>\n\n\n\n<div class=\"wp-block-column is-layout-flow wp-block-column-is-layout-flow\">\n<figure class=\"wp-block-image aligncenter size-full is-resized\"><img loading=\"lazy\" decoding=\"async\" width=\"300\" height=\"301\" src=\"https:\/\/magazin.ikk-suedwest.de\/februar-2024\/wp-content\/uploads\/sites\/11\/2024\/01\/ikk_fm_2401_beitragsbild_s23_martina_straten.png\" alt=\"\" class=\"wp-image-7292\" style=\"width:250px\" srcset=\"https:\/\/magazin.ikk-suedwest.de\/februar-2024\/wp-content\/uploads\/sites\/11\/2024\/01\/ikk_fm_2401_beitragsbild_s23_martina_straten.png 300w, https:\/\/magazin.ikk-suedwest.de\/februar-2024\/wp-content\/uploads\/sites\/11\/2024\/01\/ikk_fm_2401_beitragsbild_s23_martina_straten-150x150.png 150w, https:\/\/magazin.ikk-suedwest.de\/februar-2024\/wp-content\/uploads\/sites\/11\/2024\/01\/ikk_fm_2401_beitragsbild_s23_martina_straten-270x271.png 270w\" sizes=\"auto, (max-width: 300px) 100vw, 300px\" \/><\/figure>\n\n\n\n<p class=\"has-text-align-center wp-block-paragraph\"><em>Martina Straten, Radiomoderatorin<\/em><\/p>\n<\/div>\n<\/div>\n\n\n\n<div style=\"height:57px\" aria-hidden=\"true\" class=\"wp-block-spacer\"><\/div>\n\n\n\n<p class=\"wp-block-paragraph\"><a href=\"https:\/\/www.ikk-suedwest.de\/podcast\/\" target=\"_blank\" rel=\"noreferrer noopener\"><strong>Mehr zum neuen<\/strong> <em>Junge-Eltern-Podcast WE ARE FAMILY<\/em><\/a><\/p>\n\n\n\n<p class=\"has-text-color wp-block-paragraph\" style=\"color:#009fe3\"><\/p>\n\n\n<div class=\"shariff shariff-align-left shariff-widget-align-left\"><ul class=\"shariff-buttons theme-round orientation-horizontal buttonsize-medium\"><li class=\"shariff-button facebook shariff-nocustomcolor\" style=\"background-color:#4273c8\"><a href=\"https:\/\/www.facebook.com\/sharer\/sharer.php?u=https%3A%2F%2Fmagazin.ikk-suedwest.de%2Ffebruar-2024%2Fwe-are-family%2F\" title=\"Bei Facebook teilen\" aria-label=\"Bei Facebook teilen\" role=\"button\" rel=\"nofollow\" class=\"shariff-link\" style=\"; background-color:#3b5998; color:#fff\" target=\"_blank\"><span class=\"shariff-icon\" style=\"\"><svg width=\"32px\" height=\"20px\" xmlns=\"http:\/\/www.w3.org\/2000\/svg\" viewBox=\"0 0 18 32\"><path fill=\"#3b5998\" d=\"M17.1 0.2v4.7h-2.8q-1.5 0-2.1 0.6t-0.5 1.9v3.4h5.2l-0.7 5.3h-4.5v13.6h-5.5v-13.6h-4.5v-5.3h4.5v-3.9q0-3.3 1.9-5.2t5-1.8q2.6 0 4.1 0.2z\"\/><\/svg><\/span><\/a><\/li><li class=\"shariff-button whatsapp shariff-nocustomcolor\" style=\"background-color:#5cbe4a\"><a href=\"https:\/\/api.whatsapp.com\/send?text=https%3A%2F%2Fmagazin.ikk-suedwest.de%2Ffebruar-2024%2Fwe-are-family%2F%20WE%20ARE%20FAMILY%20%E2%80%93%20Der%20Podcast%20f%C3%BCr%20junge%20Eltern\" title=\"Bei Whatsapp teilen\" aria-label=\"Bei Whatsapp teilen\" role=\"button\" rel=\"noopener nofollow\" class=\"shariff-link\" style=\"; background-color:#34af23; color:#fff\" target=\"_blank\"><span class=\"shariff-icon\" style=\"\"><svg width=\"32px\" height=\"20px\" xmlns=\"http:\/\/www.w3.org\/2000\/svg\" viewBox=\"0 0 32 32\"><path fill=\"#34af23\" d=\"M17.6 17.4q0.2 0 1.7 0.8t1.6 0.9q0 0.1 0 0.3 0 0.6-0.3 1.4-0.3 0.7-1.3 1.2t-1.8 0.5q-1 0-3.4-1.1-1.7-0.8-3-2.1t-2.6-3.3q-1.3-1.9-1.3-3.5v-0.1q0.1-1.6 1.3-2.8 0.4-0.4 0.9-0.4 0.1 0 0.3 0t0.3 0q0.3 0 0.5 0.1t0.3 0.5q0.1 0.4 0.6 1.6t0.4 1.3q0 0.4-0.6 1t-0.6 0.8q0 0.1 0.1 0.3 0.6 1.3 1.8 2.4 1 0.9 2.7 1.8 0.2 0.1 0.4 0.1 0.3 0 1-0.9t0.9-0.9zM14 26.9q2.3 0 4.3-0.9t3.6-2.4 2.4-3.6 0.9-4.3-0.9-4.3-2.4-3.6-3.6-2.4-4.3-0.9-4.3 0.9-3.6 2.4-2.4 3.6-0.9 4.3q0 3.6 2.1 6.6l-1.4 4.2 4.3-1.4q2.8 1.9 6.2 1.9zM14 2.2q2.7 0 5.2 1.1t4.3 2.9 2.9 4.3 1.1 5.2-1.1 5.2-2.9 4.3-4.3 2.9-5.2 1.1q-3.5 0-6.5-1.7l-7.4 2.4 2.4-7.2q-1.9-3.2-1.9-6.9 0-2.7 1.1-5.2t2.9-4.3 4.3-2.9 5.2-1.1z\"\/><\/svg><\/span><\/a><\/li><li class=\"shariff-button mailto shariff-nocustomcolor\" style=\"background-color:#a8a8a8\"><a href=\"mailto:?body=https%3A%2F%2Fmagazin.ikk-suedwest.de%2Ffebruar-2024%2Fwe-are-family%2F&subject=WE%20ARE%20FAMILY%20%E2%80%93%20Der%20Podcast%20f%C3%BCr%20junge%20Eltern\" title=\"Per E-Mail versenden\" aria-label=\"Per E-Mail versenden\" role=\"button\" rel=\"noopener nofollow\" class=\"shariff-link\" style=\"; background-color:#999; color:#fff\"><span class=\"shariff-icon\" style=\"\"><svg width=\"32px\" height=\"20px\" xmlns=\"http:\/\/www.w3.org\/2000\/svg\" viewBox=\"0 0 32 32\"><path fill=\"#999\" d=\"M32 12.7v14.2q0 1.2-0.8 2t-2 0.9h-26.3q-1.2 0-2-0.9t-0.8-2v-14.2q0.8 0.9 1.8 1.6 6.5 4.4 8.9 6.1 1 0.8 1.6 1.2t1.7 0.9 2 0.4h0.1q0.9 0 2-0.4t1.7-0.9 1.6-1.2q3-2.2 8.9-6.1 1-0.7 1.8-1.6zM32 7.4q0 1.4-0.9 2.7t-2.2 2.2q-6.7 4.7-8.4 5.8-0.2 0.1-0.7 0.5t-1 0.7-0.9 0.6-1.1 0.5-0.9 0.2h-0.1q-0.4 0-0.9-0.2t-1.1-0.5-0.9-0.6-1-0.7-0.7-0.5q-1.6-1.1-4.7-3.2t-3.6-2.6q-1.1-0.7-2.1-2t-1-2.5q0-1.4 0.7-2.3t2.1-0.9h26.3q1.2 0 2 0.8t0.9 2z\"\/><\/svg><\/span><\/a><\/li><\/ul><\/div>\n\n\n\n<p class=\"wp-block-paragraph\"><\/p>\n\n\n\n<div class=\"wp-block-buttons is-horizontal is-content-justification-left is-layout-flex wp-container-core-buttons-is-layout-39697d9b wp-block-buttons-is-layout-flex\">\n<div class=\"wp-block-button\"><a class=\"wp-block-button__link has-background wp-element-button\" href=\"javascript:history.back()\" style=\"background-color:#009de9\">Zur\u00fcck<\/a><\/div>\n<\/div>\n","protected":false},"excerpt":{"rendered":"<p>Als Krankenkasse aus der Region sind wir nah dran an unseren Versicherten. Und den Themen &#8230;<\/p>\n","protected":false},"author":1,"featured_media":7550,"comment_status":"closed","ping_status":"open","sticky":false,"template":"","format":"standard","meta":{"_acf_changed":false,"_crdt_document":"","favoriteCount":3,"footnotes":""},"categories":[54],"tags":[],"class_list":["post-7175","post","type-post","status-publish","format-standard","has-post-thumbnail","hentry","category-service"],"acf":[],"yoast_head":"<!-- This site is optimized with the Yoast SEO plugin v27.4 - https:\/\/yoast.com\/product\/yoast-seo-wordpress\/ -->\n<title>WE ARE FAMILY \u2013 Der Podcast f\u00fcr junge Eltern - Februar 2024<\/title>\n<meta name=\"robots\" content=\"noindex, follow, max-snippet:-1, max-image-preview:large, max-video-preview:-1\" \/>\n<meta property=\"og:locale\" content=\"de_DE\" \/>\n<meta property=\"og:type\" content=\"article\" \/>\n<meta property=\"og:title\" content=\"WE ARE FAMILY \u2013 Der Podcast f\u00fcr junge Eltern - Februar 2024\" \/>\n<meta property=\"og:description\" content=\"Als Krankenkasse aus der Region sind wir nah dran an unseren Versicherten. Und den Themen ...\" \/>\n<meta property=\"og:url\" content=\"https:\/\/magazin.ikk-suedwest.de\/februar-2024\/we-are-family\/\" \/>\n<meta property=\"og:site_name\" content=\"Februar 2024\" \/>\n<meta property=\"article:published_time\" content=\"2024-01-24T12:06:09+00:00\" \/>\n<meta property=\"article:modified_time\" content=\"2024-02-01T15:06:05+00:00\" \/>\n<meta property=\"og:image\" content=\"https:\/\/magazin.ikk-suedwest.de\/februar-2024\/wp-content\/uploads\/sites\/11\/2024\/02\/ikk_fm_2401_s22_we_are_family_optim-1.jpg\" \/>\n\t<meta property=\"og:image:width\" content=\"1225\" \/>\n\t<meta property=\"og:image:height\" content=\"818\" \/>\n\t<meta property=\"og:image:type\" content=\"image\/jpeg\" \/>\n<meta name=\"author\" content=\"fbo_master\" \/>\n<meta name=\"twitter:card\" content=\"summary_large_image\" \/>\n<meta name=\"twitter:label1\" content=\"Geschrieben von\" \/>\n\t<meta name=\"twitter:data1\" content=\"fbo_master\" \/>\n\t<meta name=\"twitter:label2\" content=\"Gesch\u00e4tzte Lesezeit\" \/>\n\t<meta name=\"twitter:data2\" content=\"4\u00a0Minuten\" \/>\n<script type=\"application\/ld+json\" class=\"yoast-schema-graph\">{\"@context\":\"https:\\\/\\\/schema.org\",\"@graph\":[{\"@type\":\"Article\",\"@id\":\"https:\\\/\\\/magazin.ikk-suedwest.de\\\/februar-2024\\\/we-are-family\\\/#article\",\"isPartOf\":{\"@id\":\"https:\\\/\\\/magazin.ikk-suedwest.de\\\/februar-2024\\\/we-are-family\\\/\"},\"author\":{\"name\":\"fbo_master\",\"@id\":\"https:\\\/\\\/magazin.ikk-suedwest.de\\\/februar-2024\\\/#\\\/schema\\\/person\\\/636237f711a5aed151e44ddcc2de114a\"},\"headline\":\"WE ARE FAMILY \u2013 Der Podcast f\u00fcr junge Eltern\",\"datePublished\":\"2024-01-24T12:06:09+00:00\",\"dateModified\":\"2024-02-01T15:06:05+00:00\",\"mainEntityOfPage\":{\"@id\":\"https:\\\/\\\/magazin.ikk-suedwest.de\\\/februar-2024\\\/we-are-family\\\/\"},\"wordCount\":498,\"image\":{\"@id\":\"https:\\\/\\\/magazin.ikk-suedwest.de\\\/februar-2024\\\/we-are-family\\\/#primaryimage\"},\"thumbnailUrl\":\"https:\\\/\\\/magazin.ikk-suedwest.de\\\/februar-2024\\\/wp-content\\\/uploads\\\/sites\\\/11\\\/2024\\\/02\\\/ikk_fm_2401_s22_we_are_family_optim-1.jpg\",\"articleSection\":[\"Service\"],\"inLanguage\":\"de\"},{\"@type\":\"WebPage\",\"@id\":\"https:\\\/\\\/magazin.ikk-suedwest.de\\\/februar-2024\\\/we-are-family\\\/\",\"url\":\"https:\\\/\\\/magazin.ikk-suedwest.de\\\/februar-2024\\\/we-are-family\\\/\",\"name\":\"WE ARE FAMILY \u2013 Der Podcast f\u00fcr junge Eltern - Februar 2024\",\"isPartOf\":{\"@id\":\"https:\\\/\\\/magazin.ikk-suedwest.de\\\/februar-2024\\\/#website\"},\"primaryImageOfPage\":{\"@id\":\"https:\\\/\\\/magazin.ikk-suedwest.de\\\/februar-2024\\\/we-are-family\\\/#primaryimage\"},\"image\":{\"@id\":\"https:\\\/\\\/magazin.ikk-suedwest.de\\\/februar-2024\\\/we-are-family\\\/#primaryimage\"},\"thumbnailUrl\":\"https:\\\/\\\/magazin.ikk-suedwest.de\\\/februar-2024\\\/wp-content\\\/uploads\\\/sites\\\/11\\\/2024\\\/02\\\/ikk_fm_2401_s22_we_are_family_optim-1.jpg\",\"datePublished\":\"2024-01-24T12:06:09+00:00\",\"dateModified\":\"2024-02-01T15:06:05+00:00\",\"author\":{\"@id\":\"https:\\\/\\\/magazin.ikk-suedwest.de\\\/februar-2024\\\/#\\\/schema\\\/person\\\/636237f711a5aed151e44ddcc2de114a\"},\"breadcrumb\":{\"@id\":\"https:\\\/\\\/magazin.ikk-suedwest.de\\\/februar-2024\\\/we-are-family\\\/#breadcrumb\"},\"inLanguage\":\"de\",\"potentialAction\":[{\"@type\":\"ReadAction\",\"target\":[\"https:\\\/\\\/magazin.ikk-suedwest.de\\\/februar-2024\\\/we-are-family\\\/\"]}]},{\"@type\":\"ImageObject\",\"inLanguage\":\"de\",\"@id\":\"https:\\\/\\\/magazin.ikk-suedwest.de\\\/februar-2024\\\/we-are-family\\\/#primaryimage\",\"url\":\"https:\\\/\\\/magazin.ikk-suedwest.de\\\/februar-2024\\\/wp-content\\\/uploads\\\/sites\\\/11\\\/2024\\\/02\\\/ikk_fm_2401_s22_we_are_family_optim-1.jpg\",\"contentUrl\":\"https:\\\/\\\/magazin.ikk-suedwest.de\\\/februar-2024\\\/wp-content\\\/uploads\\\/sites\\\/11\\\/2024\\\/02\\\/ikk_fm_2401_s22_we_are_family_optim-1.jpg\",\"width\":1225,\"height\":818},{\"@type\":\"BreadcrumbList\",\"@id\":\"https:\\\/\\\/magazin.ikk-suedwest.de\\\/februar-2024\\\/we-are-family\\\/#breadcrumb\",\"itemListElement\":[{\"@type\":\"ListItem\",\"position\":1,\"name\":\"Startseite\",\"item\":\"https:\\\/\\\/magazin.ikk-suedwest.de\\\/februar-2024\\\/\"},{\"@type\":\"ListItem\",\"position\":2,\"name\":\"WE ARE FAMILY \u2013 Der Podcast f\u00fcr junge Eltern\"}]},{\"@type\":\"WebSite\",\"@id\":\"https:\\\/\\\/magazin.ikk-suedwest.de\\\/februar-2024\\\/#website\",\"url\":\"https:\\\/\\\/magazin.ikk-suedwest.de\\\/februar-2024\\\/\",\"name\":\"Februar 2024\",\"description\":\"Eine weitere IKK Magazin Ausgaben Website\",\"potentialAction\":[{\"@type\":\"SearchAction\",\"target\":{\"@type\":\"EntryPoint\",\"urlTemplate\":\"https:\\\/\\\/magazin.ikk-suedwest.de\\\/februar-2024\\\/?s={search_term_string}\"},\"query-input\":{\"@type\":\"PropertyValueSpecification\",\"valueRequired\":true,\"valueName\":\"search_term_string\"}}],\"inLanguage\":\"de\"},{\"@type\":\"Person\",\"@id\":\"https:\\\/\\\/magazin.ikk-suedwest.de\\\/februar-2024\\\/#\\\/schema\\\/person\\\/636237f711a5aed151e44ddcc2de114a\",\"name\":\"fbo_master\",\"image\":{\"@type\":\"ImageObject\",\"inLanguage\":\"de\",\"@id\":\"https:\\\/\\\/secure.gravatar.com\\\/avatar\\\/5e042e587c1d6c68d3fadd024e871a65399da22a9ef5e23b274af331bde574af?s=96&d=mm&r=g\",\"url\":\"https:\\\/\\\/secure.gravatar.com\\\/avatar\\\/5e042e587c1d6c68d3fadd024e871a65399da22a9ef5e23b274af331bde574af?s=96&d=mm&r=g\",\"contentUrl\":\"https:\\\/\\\/secure.gravatar.com\\\/avatar\\\/5e042e587c1d6c68d3fadd024e871a65399da22a9ef5e23b274af331bde574af?s=96&d=mm&r=g\",\"caption\":\"fbo_master\"},\"sameAs\":[\"https:\\\/\\\/magazin.ikk-suedwest.de\"],\"url\":\"https:\\\/\\\/magazin.ikk-suedwest.de\\\/februar-2024\\\/author\\\/fbo_master\\\/\"}]}<\/script>\n<!-- \/ Yoast SEO plugin. -->","yoast_head_json":{"title":"WE ARE FAMILY \u2013 Der Podcast f\u00fcr junge Eltern - Februar 2024","robots":{"index":"noindex","follow":"follow","max-snippet":"max-snippet:-1","max-image-preview":"max-image-preview:large","max-video-preview":"max-video-preview:-1"},"og_locale":"de_DE","og_type":"article","og_title":"WE ARE FAMILY \u2013 Der Podcast f\u00fcr junge Eltern - Februar 2024","og_description":"Als Krankenkasse aus der Region sind wir nah dran an unseren Versicherten. Und den Themen ...","og_url":"https:\/\/magazin.ikk-suedwest.de\/februar-2024\/we-are-family\/","og_site_name":"Februar 2024","article_published_time":"2024-01-24T12:06:09+00:00","article_modified_time":"2024-02-01T15:06:05+00:00","og_image":[{"width":1225,"height":818,"url":"https:\/\/magazin.ikk-suedwest.de\/februar-2024\/wp-content\/uploads\/sites\/11\/2024\/02\/ikk_fm_2401_s22_we_are_family_optim-1.jpg","type":"image\/jpeg"}],"author":"fbo_master","twitter_card":"summary_large_image","twitter_misc":{"Geschrieben von":"fbo_master","Gesch\u00e4tzte Lesezeit":"4\u00a0Minuten"},"schema":{"@context":"https:\/\/schema.org","@graph":[{"@type":"Article","@id":"https:\/\/magazin.ikk-suedwest.de\/februar-2024\/we-are-family\/#article","isPartOf":{"@id":"https:\/\/magazin.ikk-suedwest.de\/februar-2024\/we-are-family\/"},"author":{"name":"fbo_master","@id":"https:\/\/magazin.ikk-suedwest.de\/februar-2024\/#\/schema\/person\/636237f711a5aed151e44ddcc2de114a"},"headline":"WE ARE FAMILY \u2013 Der Podcast f\u00fcr junge Eltern","datePublished":"2024-01-24T12:06:09+00:00","dateModified":"2024-02-01T15:06:05+00:00","mainEntityOfPage":{"@id":"https:\/\/magazin.ikk-suedwest.de\/februar-2024\/we-are-family\/"},"wordCount":498,"image":{"@id":"https:\/\/magazin.ikk-suedwest.de\/februar-2024\/we-are-family\/#primaryimage"},"thumbnailUrl":"https:\/\/magazin.ikk-suedwest.de\/februar-2024\/wp-content\/uploads\/sites\/11\/2024\/02\/ikk_fm_2401_s22_we_are_family_optim-1.jpg","articleSection":["Service"],"inLanguage":"de"},{"@type":"WebPage","@id":"https:\/\/magazin.ikk-suedwest.de\/februar-2024\/we-are-family\/","url":"https:\/\/magazin.ikk-suedwest.de\/februar-2024\/we-are-family\/","name":"WE ARE FAMILY \u2013 Der Podcast f\u00fcr junge Eltern - Februar 2024","isPartOf":{"@id":"https:\/\/magazin.ikk-suedwest.de\/februar-2024\/#website"},"primaryImageOfPage":{"@id":"https:\/\/magazin.ikk-suedwest.de\/februar-2024\/we-are-family\/#primaryimage"},"image":{"@id":"https:\/\/magazin.ikk-suedwest.de\/februar-2024\/we-are-family\/#primaryimage"},"thumbnailUrl":"https:\/\/magazin.ikk-suedwest.de\/februar-2024\/wp-content\/uploads\/sites\/11\/2024\/02\/ikk_fm_2401_s22_we_are_family_optim-1.jpg","datePublished":"2024-01-24T12:06:09+00:00","dateModified":"2024-02-01T15:06:05+00:00","author":{"@id":"https:\/\/magazin.ikk-suedwest.de\/februar-2024\/#\/schema\/person\/636237f711a5aed151e44ddcc2de114a"},"breadcrumb":{"@id":"https:\/\/magazin.ikk-suedwest.de\/februar-2024\/we-are-family\/#breadcrumb"},"inLanguage":"de","potentialAction":[{"@type":"ReadAction","target":["https:\/\/magazin.ikk-suedwest.de\/februar-2024\/we-are-family\/"]}]},{"@type":"ImageObject","inLanguage":"de","@id":"https:\/\/magazin.ikk-suedwest.de\/februar-2024\/we-are-family\/#primaryimage","url":"https:\/\/magazin.ikk-suedwest.de\/februar-2024\/wp-content\/uploads\/sites\/11\/2024\/02\/ikk_fm_2401_s22_we_are_family_optim-1.jpg","contentUrl":"https:\/\/magazin.ikk-suedwest.de\/februar-2024\/wp-content\/uploads\/sites\/11\/2024\/02\/ikk_fm_2401_s22_we_are_family_optim-1.jpg","width":1225,"height":818},{"@type":"BreadcrumbList","@id":"https:\/\/magazin.ikk-suedwest.de\/februar-2024\/we-are-family\/#breadcrumb","itemListElement":[{"@type":"ListItem","position":1,"name":"Startseite","item":"https:\/\/magazin.ikk-suedwest.de\/februar-2024\/"},{"@type":"ListItem","position":2,"name":"WE ARE FAMILY \u2013 Der Podcast f\u00fcr junge Eltern"}]},{"@type":"WebSite","@id":"https:\/\/magazin.ikk-suedwest.de\/februar-2024\/#website","url":"https:\/\/magazin.ikk-suedwest.de\/februar-2024\/","name":"Februar 2024","description":"Eine weitere IKK Magazin Ausgaben Website","potentialAction":[{"@type":"SearchAction","target":{"@type":"EntryPoint","urlTemplate":"https:\/\/magazin.ikk-suedwest.de\/februar-2024\/?s={search_term_string}"},"query-input":{"@type":"PropertyValueSpecification","valueRequired":true,"valueName":"search_term_string"}}],"inLanguage":"de"},{"@type":"Person","@id":"https:\/\/magazin.ikk-suedwest.de\/februar-2024\/#\/schema\/person\/636237f711a5aed151e44ddcc2de114a","name":"fbo_master","image":{"@type":"ImageObject","inLanguage":"de","@id":"https:\/\/secure.gravatar.com\/avatar\/5e042e587c1d6c68d3fadd024e871a65399da22a9ef5e23b274af331bde574af?s=96&d=mm&r=g","url":"https:\/\/secure.gravatar.com\/avatar\/5e042e587c1d6c68d3fadd024e871a65399da22a9ef5e23b274af331bde574af?s=96&d=mm&r=g","contentUrl":"https:\/\/secure.gravatar.com\/avatar\/5e042e587c1d6c68d3fadd024e871a65399da22a9ef5e23b274af331bde574af?s=96&d=mm&r=g","caption":"fbo_master"},"sameAs":["https:\/\/magazin.ikk-suedwest.de"],"url":"https:\/\/magazin.ikk-suedwest.de\/februar-2024\/author\/fbo_master\/"}]}},"_links":{"self":[{"href":"https:\/\/magazin.ikk-suedwest.de\/februar-2024\/wp-json\/wp\/v2\/posts\/7175","targetHints":{"allow":["GET"]}}],"collection":[{"href":"https:\/\/magazin.ikk-suedwest.de\/februar-2024\/wp-json\/wp\/v2\/posts"}],"about":[{"href":"https:\/\/magazin.ikk-suedwest.de\/februar-2024\/wp-json\/wp\/v2\/types\/post"}],"author":[{"embeddable":true,"href":"https:\/\/magazin.ikk-suedwest.de\/februar-2024\/wp-json\/wp\/v2\/users\/1"}],"replies":[{"embeddable":true,"href":"https:\/\/magazin.ikk-suedwest.de\/februar-2024\/wp-json\/wp\/v2\/comments?post=7175"}],"version-history":[{"count":10,"href":"https:\/\/magazin.ikk-suedwest.de\/februar-2024\/wp-json\/wp\/v2\/posts\/7175\/revisions"}],"predecessor-version":[{"id":7554,"href":"https:\/\/magazin.ikk-suedwest.de\/februar-2024\/wp-json\/wp\/v2\/posts\/7175\/revisions\/7554"}],"wp:featuredmedia":[{"embeddable":true,"href":"https:\/\/magazin.ikk-suedwest.de\/februar-2024\/wp-json\/wp\/v2\/media\/7550"}],"wp:attachment":[{"href":"https:\/\/magazin.ikk-suedwest.de\/februar-2024\/wp-json\/wp\/v2\/media?parent=7175"}],"wp:term":[{"taxonomy":"category","embeddable":true,"href":"https:\/\/magazin.ikk-suedwest.de\/februar-2024\/wp-json\/wp\/v2\/categories?post=7175"},{"taxonomy":"post_tag","embeddable":true,"href":"https:\/\/magazin.ikk-suedwest.de\/februar-2024\/wp-json\/wp\/v2\/tags?post=7175"}],"curies":[{"name":"wp","href":"https:\/\/api.w.org\/{rel}","templated":true}]}}