{"id":7402,"date":"2024-01-24T13:11:14","date_gmt":"2024-01-24T12:11:14","guid":{"rendered":"https:\/\/magazin.ikk-suedwest.de\/februar-2024\/?p=7402"},"modified":"2024-01-31T13:20:56","modified_gmt":"2024-01-31T12:20:56","slug":"gesundheitspreis-des-rheinland-pfaelzischen-handwerks","status":"publish","type":"post","link":"https:\/\/magazin.ikk-suedwest.de\/februar-2024\/gesundheitspreis-des-rheinland-pfaelzischen-handwerks\/","title":{"rendered":"Gesundheitspreis des rheinland-pf\u00e4lzischen Handwerks"},"content":{"rendered":"<div class=\"shariff shariff-align-left shariff-widget-align-left\"><ul class=\"shariff-buttons theme-round orientation-horizontal buttonsize-medium\"><li class=\"shariff-button facebook shariff-nocustomcolor\" style=\"background-color:#4273c8\"><a href=\"https:\/\/www.facebook.com\/sharer\/sharer.php?u=https%3A%2F%2Fmagazin.ikk-suedwest.de%2Ffebruar-2024%2Fgesundheitspreis-des-rheinland-pfaelzischen-handwerks%2F\" title=\"Bei Facebook teilen\" aria-label=\"Bei Facebook teilen\" role=\"button\" rel=\"nofollow\" class=\"shariff-link\" style=\"; background-color:#3b5998; color:#fff\" target=\"_blank\"><span class=\"shariff-icon\" style=\"\"><svg width=\"32px\" height=\"20px\" xmlns=\"http:\/\/www.w3.org\/2000\/svg\" viewBox=\"0 0 18 32\"><path fill=\"#3b5998\" d=\"M17.1 0.2v4.7h-2.8q-1.5 0-2.1 0.6t-0.5 1.9v3.4h5.2l-0.7 5.3h-4.5v13.6h-5.5v-13.6h-4.5v-5.3h4.5v-3.9q0-3.3 1.9-5.2t5-1.8q2.6 0 4.1 0.2z\"\/><\/svg><\/span><\/a><\/li><li class=\"shariff-button whatsapp shariff-nocustomcolor\" style=\"background-color:#5cbe4a\"><a href=\"https:\/\/api.whatsapp.com\/send?text=https%3A%2F%2Fmagazin.ikk-suedwest.de%2Ffebruar-2024%2Fgesundheitspreis-des-rheinland-pfaelzischen-handwerks%2F%20Gesundheitspreis%20des%20rheinland-pf%C3%A4lzischen%20Handwerks\" title=\"Bei Whatsapp teilen\" aria-label=\"Bei Whatsapp teilen\" role=\"button\" rel=\"noopener nofollow\" class=\"shariff-link\" style=\"; background-color:#34af23; color:#fff\" target=\"_blank\"><span class=\"shariff-icon\" style=\"\"><svg width=\"32px\" height=\"20px\" xmlns=\"http:\/\/www.w3.org\/2000\/svg\" viewBox=\"0 0 32 32\"><path fill=\"#34af23\" d=\"M17.6 17.4q0.2 0 1.7 0.8t1.6 0.9q0 0.1 0 0.3 0 0.6-0.3 1.4-0.3 0.7-1.3 1.2t-1.8 0.5q-1 0-3.4-1.1-1.7-0.8-3-2.1t-2.6-3.3q-1.3-1.9-1.3-3.5v-0.1q0.1-1.6 1.3-2.8 0.4-0.4 0.9-0.4 0.1 0 0.3 0t0.3 0q0.3 0 0.5 0.1t0.3 0.5q0.1 0.4 0.6 1.6t0.4 1.3q0 0.4-0.6 1t-0.6 0.8q0 0.1 0.1 0.3 0.6 1.3 1.8 2.4 1 0.9 2.7 1.8 0.2 0.1 0.4 0.1 0.3 0 1-0.9t0.9-0.9zM14 26.9q2.3 0 4.3-0.9t3.6-2.4 2.4-3.6 0.9-4.3-0.9-4.3-2.4-3.6-3.6-2.4-4.3-0.9-4.3 0.9-3.6 2.4-2.4 3.6-0.9 4.3q0 3.6 2.1 6.6l-1.4 4.2 4.3-1.4q2.8 1.9 6.2 1.9zM14 2.2q2.7 0 5.2 1.1t4.3 2.9 2.9 4.3 1.1 5.2-1.1 5.2-2.9 4.3-4.3 2.9-5.2 1.1q-3.5 0-6.5-1.7l-7.4 2.4 2.4-7.2q-1.9-3.2-1.9-6.9 0-2.7 1.1-5.2t2.9-4.3 4.3-2.9 5.2-1.1z\"\/><\/svg><\/span><\/a><\/li><li class=\"shariff-button mailto shariff-nocustomcolor\" style=\"background-color:#a8a8a8\"><a href=\"mailto:?body=https%3A%2F%2Fmagazin.ikk-suedwest.de%2Ffebruar-2024%2Fgesundheitspreis-des-rheinland-pfaelzischen-handwerks%2F&subject=Gesundheitspreis%20des%20rheinland-pf%C3%A4lzischen%20Handwerks\" title=\"Per E-Mail versenden\" aria-label=\"Per E-Mail versenden\" role=\"button\" rel=\"noopener nofollow\" class=\"shariff-link\" style=\"; background-color:#999; color:#fff\"><span class=\"shariff-icon\" style=\"\"><svg width=\"32px\" height=\"20px\" xmlns=\"http:\/\/www.w3.org\/2000\/svg\" viewBox=\"0 0 32 32\"><path fill=\"#999\" d=\"M32 12.7v14.2q0 1.2-0.8 2t-2 0.9h-26.3q-1.2 0-2-0.9t-0.8-2v-14.2q0.8 0.9 1.8 1.6 6.5 4.4 8.9 6.1 1 0.8 1.6 1.2t1.7 0.9 2 0.4h0.1q0.9 0 2-0.4t1.7-0.9 1.6-1.2q3-2.2 8.9-6.1 1-0.7 1.8-1.6zM32 7.4q0 1.4-0.9 2.7t-2.2 2.2q-6.7 4.7-8.4 5.8-0.2 0.1-0.7 0.5t-1 0.7-0.9 0.6-1.1 0.5-0.9 0.2h-0.1q-0.4 0-0.9-0.2t-1.1-0.5-0.9-0.6-1-0.7-0.7-0.5q-1.6-1.1-4.7-3.2t-3.6-2.6q-1.1-0.7-2.1-2t-1-2.5q0-1.4 0.7-2.3t2.1-0.9h26.3q1.2 0 2 0.8t0.9 2z\"\/><\/svg><\/span><\/a><\/li><\/ul><\/div>\n\n\n\n<figure class=\"wp-block-image size-large\"><img loading=\"lazy\" decoding=\"async\" width=\"1024\" height=\"684\" src=\"https:\/\/magazin.ikk-suedwest.de\/februar-2024\/wp-content\/uploads\/sites\/11\/2024\/01\/ikk_fm_2401_s28_gesundheitspreis_optim-1024x684.jpg\" alt=\"\" class=\"wp-image-7309\" srcset=\"https:\/\/magazin.ikk-suedwest.de\/februar-2024\/wp-content\/uploads\/sites\/11\/2024\/01\/ikk_fm_2401_s28_gesundheitspreis_optim-1024x684.jpg 1024w, https:\/\/magazin.ikk-suedwest.de\/februar-2024\/wp-content\/uploads\/sites\/11\/2024\/01\/ikk_fm_2401_s28_gesundheitspreis_optim-300x200.jpg 300w, https:\/\/magazin.ikk-suedwest.de\/februar-2024\/wp-content\/uploads\/sites\/11\/2024\/01\/ikk_fm_2401_s28_gesundheitspreis_optim-768x513.jpg 768w, https:\/\/magazin.ikk-suedwest.de\/februar-2024\/wp-content\/uploads\/sites\/11\/2024\/01\/ikk_fm_2401_s28_gesundheitspreis_optim-370x247.jpg 370w, https:\/\/magazin.ikk-suedwest.de\/februar-2024\/wp-content\/uploads\/sites\/11\/2024\/01\/ikk_fm_2401_s28_gesundheitspreis_optim-270x180.jpg 270w, https:\/\/magazin.ikk-suedwest.de\/februar-2024\/wp-content\/uploads\/sites\/11\/2024\/01\/ikk_fm_2401_s28_gesundheitspreis_optim-570x381.jpg 570w, https:\/\/magazin.ikk-suedwest.de\/februar-2024\/wp-content\/uploads\/sites\/11\/2024\/01\/ikk_fm_2401_s28_gesundheitspreis_optim-749x500.jpg 749w, https:\/\/magazin.ikk-suedwest.de\/februar-2024\/wp-content\/uploads\/sites\/11\/2024\/01\/ikk_fm_2401_s28_gesundheitspreis_optim-740x494.jpg 740w, https:\/\/magazin.ikk-suedwest.de\/februar-2024\/wp-content\/uploads\/sites\/11\/2024\/01\/ikk_fm_2401_s28_gesundheitspreis_optim.jpg 1225w\" sizes=\"auto, (max-width: 1024px) 100vw, 1024px\" \/><\/figure>\n\n\n\n<p class=\"wp-block-paragraph\">Mehr Gesundheit im Handwerk \u2013 daf\u00fcr engagieren wir als Innungskrankenkasse mit Wurzeln im Handwerk uns schon seit vielen Jahren. Mit dem Gesundheitspreis des rheinland-pf\u00e4lzischen Handwerks gehen wir diesen Weg konsequent weiter. Gemeinsam mit dem Landesverband der Kreishandwerkerschaften in Rheinland-Pfalz und dem Unternehmerverband Handwerk Rheinland-Pfalz e. V. zeichnen wir in diesem Jahr erstmals Innungsbetriebe aus, die sich f\u00fcr die Gesundheit ihrer Mitarbeiter starkmachen. Denn ein Engagement in Sachen betrieblicher Gesundheitsf\u00f6rderung ist nicht nur eine Investition in die Zukunft des eigenen Unternehmens, sondern in Zeiten des Fachkr\u00e4ftemangels ein immer wichtiger werdendes Qualit\u00e4tsmerkmal f\u00fcr Mitarbeiterbindung und -suche.<\/p>\n\n\n\n<h2 class=\"wp-block-heading\">Bewerben lohnt sich!<\/h2>\n\n\n\n<p class=\"wp-block-paragraph\">Wenn auch in Ihrem Betrieb gesundheitsf\u00f6rdernde Ma\u00dfnahmen umgesetzt werden, k\u00f6nnen Sie sich noch bis 28. M\u00e4rz 2024 bewerben. Zugelassen sind alle Innungsbetriebe mit Sitz in Rheinland-Pfalz, vom Klein- und Kleinstbetrieb bis hin zum Gro\u00dfunternehmen. Voraussetzung ist, dass ein Konzept f\u00fcr Gesundheitsf\u00f6rderung vorliegt oder bereits umgesetzt wird.<\/p>\n\n\n\n<p class=\"wp-block-paragraph\">Seien Sie dabei \u2013 wir freuen uns auf Ihre Bewerbung!<\/p>\n\n\n\n<p class=\"wp-block-paragraph\"><a href=\"http:\/\/www.gesundheitspreis-rlp.de\/\" target=\"_blank\" rel=\"noreferrer noopener\"><strong>Jetzt bewerben f\u00fcr den<\/strong> <em>Gesundheitspreis des rheinland-pf\u00e4lzischen Handwerks<\/em> <\/a><\/p>\n\n\n\n<p class=\"has-text-color wp-block-paragraph\" style=\"color:#009fe3\"><\/p>\n\n\n<div class=\"shariff shariff-align-left shariff-widget-align-left\"><ul class=\"shariff-buttons theme-round orientation-horizontal buttonsize-medium\"><li class=\"shariff-button facebook shariff-nocustomcolor\" style=\"background-color:#4273c8\"><a href=\"https:\/\/www.facebook.com\/sharer\/sharer.php?u=https%3A%2F%2Fmagazin.ikk-suedwest.de%2Ffebruar-2024%2Fgesundheitspreis-des-rheinland-pfaelzischen-handwerks%2F\" title=\"Bei Facebook teilen\" aria-label=\"Bei Facebook teilen\" role=\"button\" rel=\"nofollow\" class=\"shariff-link\" style=\"; background-color:#3b5998; color:#fff\" target=\"_blank\"><span class=\"shariff-icon\" style=\"\"><svg width=\"32px\" height=\"20px\" xmlns=\"http:\/\/www.w3.org\/2000\/svg\" viewBox=\"0 0 18 32\"><path fill=\"#3b5998\" d=\"M17.1 0.2v4.7h-2.8q-1.5 0-2.1 0.6t-0.5 1.9v3.4h5.2l-0.7 5.3h-4.5v13.6h-5.5v-13.6h-4.5v-5.3h4.5v-3.9q0-3.3 1.9-5.2t5-1.8q2.6 0 4.1 0.2z\"\/><\/svg><\/span><\/a><\/li><li class=\"shariff-button whatsapp shariff-nocustomcolor\" style=\"background-color:#5cbe4a\"><a href=\"https:\/\/api.whatsapp.com\/send?text=https%3A%2F%2Fmagazin.ikk-suedwest.de%2Ffebruar-2024%2Fgesundheitspreis-des-rheinland-pfaelzischen-handwerks%2F%20Gesundheitspreis%20des%20rheinland-pf%C3%A4lzischen%20Handwerks\" title=\"Bei Whatsapp teilen\" aria-label=\"Bei Whatsapp teilen\" role=\"button\" rel=\"noopener nofollow\" class=\"shariff-link\" style=\"; background-color:#34af23; color:#fff\" target=\"_blank\"><span class=\"shariff-icon\" style=\"\"><svg width=\"32px\" height=\"20px\" xmlns=\"http:\/\/www.w3.org\/2000\/svg\" viewBox=\"0 0 32 32\"><path fill=\"#34af23\" d=\"M17.6 17.4q0.2 0 1.7 0.8t1.6 0.9q0 0.1 0 0.3 0 0.6-0.3 1.4-0.3 0.7-1.3 1.2t-1.8 0.5q-1 0-3.4-1.1-1.7-0.8-3-2.1t-2.6-3.3q-1.3-1.9-1.3-3.5v-0.1q0.1-1.6 1.3-2.8 0.4-0.4 0.9-0.4 0.1 0 0.3 0t0.3 0q0.3 0 0.5 0.1t0.3 0.5q0.1 0.4 0.6 1.6t0.4 1.3q0 0.4-0.6 1t-0.6 0.8q0 0.1 0.1 0.3 0.6 1.3 1.8 2.4 1 0.9 2.7 1.8 0.2 0.1 0.4 0.1 0.3 0 1-0.9t0.9-0.9zM14 26.9q2.3 0 4.3-0.9t3.6-2.4 2.4-3.6 0.9-4.3-0.9-4.3-2.4-3.6-3.6-2.4-4.3-0.9-4.3 0.9-3.6 2.4-2.4 3.6-0.9 4.3q0 3.6 2.1 6.6l-1.4 4.2 4.3-1.4q2.8 1.9 6.2 1.9zM14 2.2q2.7 0 5.2 1.1t4.3 2.9 2.9 4.3 1.1 5.2-1.1 5.2-2.9 4.3-4.3 2.9-5.2 1.1q-3.5 0-6.5-1.7l-7.4 2.4 2.4-7.2q-1.9-3.2-1.9-6.9 0-2.7 1.1-5.2t2.9-4.3 4.3-2.9 5.2-1.1z\"\/><\/svg><\/span><\/a><\/li><li class=\"shariff-button mailto shariff-nocustomcolor\" style=\"background-color:#a8a8a8\"><a href=\"mailto:?body=https%3A%2F%2Fmagazin.ikk-suedwest.de%2Ffebruar-2024%2Fgesundheitspreis-des-rheinland-pfaelzischen-handwerks%2F&subject=Gesundheitspreis%20des%20rheinland-pf%C3%A4lzischen%20Handwerks\" title=\"Per E-Mail versenden\" aria-label=\"Per E-Mail versenden\" role=\"button\" rel=\"noopener nofollow\" class=\"shariff-link\" style=\"; background-color:#999; color:#fff\"><span class=\"shariff-icon\" style=\"\"><svg width=\"32px\" height=\"20px\" xmlns=\"http:\/\/www.w3.org\/2000\/svg\" viewBox=\"0 0 32 32\"><path fill=\"#999\" d=\"M32 12.7v14.2q0 1.2-0.8 2t-2 0.9h-26.3q-1.2 0-2-0.9t-0.8-2v-14.2q0.8 0.9 1.8 1.6 6.5 4.4 8.9 6.1 1 0.8 1.6 1.2t1.7 0.9 2 0.4h0.1q0.9 0 2-0.4t1.7-0.9 1.6-1.2q3-2.2 8.9-6.1 1-0.7 1.8-1.6zM32 7.4q0 1.4-0.9 2.7t-2.2 2.2q-6.7 4.7-8.4 5.8-0.2 0.1-0.7 0.5t-1 0.7-0.9 0.6-1.1 0.5-0.9 0.2h-0.1q-0.4 0-0.9-0.2t-1.1-0.5-0.9-0.6-1-0.7-0.7-0.5q-1.6-1.1-4.7-3.2t-3.6-2.6q-1.1-0.7-2.1-2t-1-2.5q0-1.4 0.7-2.3t2.1-0.9h26.3q1.2 0 2 0.8t0.9 2z\"\/><\/svg><\/span><\/a><\/li><\/ul><\/div>\n\n\n\n<p class=\"wp-block-paragraph\"><\/p>\n\n\n\n<div class=\"wp-block-buttons is-horizontal is-content-justification-left is-layout-flex wp-container-core-buttons-is-layout-39697d9b wp-block-buttons-is-layout-flex\">\n<div class=\"wp-block-button\"><a class=\"wp-block-button__link has-background wp-element-button\" href=\"javascript:history.back()\" style=\"background-color:#009de9\">Zur\u00fcck<\/a><\/div>\n<\/div>\n","protected":false},"excerpt":{"rendered":"<p>Mehr Gesundheit im Handwerk \u2013 daf\u00fcr engagieren wir als Innungskrankenkasse  &#8230;<\/p>\n","protected":false},"author":1,"featured_media":7490,"comment_status":"closed","ping_status":"open","sticky":false,"template":"","format":"standard","meta":{"_acf_changed":false,"_crdt_document":"","favoriteCount":4,"footnotes":""},"categories":[2],"tags":[],"class_list":["post-7402","post","type-post","status-publish","format-standard","has-post-thumbnail","hentry","category-aus-der-region"],"acf":[],"yoast_head":"<!-- This site is optimized with the Yoast SEO plugin v27.4 - https:\/\/yoast.com\/product\/yoast-seo-wordpress\/ -->\n<title>Gesundheitspreis des rheinland-pf\u00e4lzischen Handwerks - Februar 2024<\/title>\n<meta name=\"robots\" content=\"noindex, follow, max-snippet:-1, max-image-preview:large, max-video-preview:-1\" \/>\n<meta property=\"og:locale\" content=\"de_DE\" \/>\n<meta property=\"og:type\" content=\"article\" \/>\n<meta property=\"og:title\" content=\"Gesundheitspreis des rheinland-pf\u00e4lzischen Handwerks - Februar 2024\" \/>\n<meta property=\"og:description\" content=\"Mehr Gesundheit im Handwerk \u2013 daf\u00fcr engagieren wir als Innungskrankenkasse ...\" \/>\n<meta property=\"og:url\" content=\"https:\/\/magazin.ikk-suedwest.de\/februar-2024\/gesundheitspreis-des-rheinland-pfaelzischen-handwerks\/\" \/>\n<meta property=\"og:site_name\" content=\"Februar 2024\" \/>\n<meta property=\"article:published_time\" content=\"2024-01-24T12:11:14+00:00\" \/>\n<meta property=\"article:modified_time\" content=\"2024-01-31T12:20:56+00:00\" \/>\n<meta property=\"og:image\" content=\"https:\/\/magazin.ikk-suedwest.de\/februar-2024\/wp-content\/uploads\/sites\/11\/2024\/01\/ikk_fm_2401_s28_gesundheitspreis_625px-4.png\" \/>\n\t<meta property=\"og:image:width\" content=\"625\" \/>\n\t<meta property=\"og:image:height\" content=\"300\" \/>\n\t<meta property=\"og:image:type\" content=\"image\/png\" \/>\n<meta name=\"author\" content=\"fbo_master\" \/>\n<meta name=\"twitter:card\" content=\"summary_large_image\" \/>\n<meta name=\"twitter:label1\" content=\"Geschrieben von\" \/>\n\t<meta name=\"twitter:data1\" content=\"fbo_master\" \/>\n\t<meta name=\"twitter:label2\" content=\"Gesch\u00e4tzte Lesezeit\" \/>\n\t<meta name=\"twitter:data2\" content=\"2\u00a0Minuten\" \/>\n<script type=\"application\/ld+json\" class=\"yoast-schema-graph\">{\"@context\":\"https:\\\/\\\/schema.org\",\"@graph\":[{\"@type\":\"Article\",\"@id\":\"https:\\\/\\\/magazin.ikk-suedwest.de\\\/februar-2024\\\/gesundheitspreis-des-rheinland-pfaelzischen-handwerks\\\/#article\",\"isPartOf\":{\"@id\":\"https:\\\/\\\/magazin.ikk-suedwest.de\\\/februar-2024\\\/gesundheitspreis-des-rheinland-pfaelzischen-handwerks\\\/\"},\"author\":{\"name\":\"fbo_master\",\"@id\":\"https:\\\/\\\/magazin.ikk-suedwest.de\\\/februar-2024\\\/#\\\/schema\\\/person\\\/636237f711a5aed151e44ddcc2de114a\"},\"headline\":\"Gesundheitspreis des rheinland-pf\u00e4lzischen Handwerks\",\"datePublished\":\"2024-01-24T12:11:14+00:00\",\"dateModified\":\"2024-01-31T12:20:56+00:00\",\"mainEntityOfPage\":{\"@id\":\"https:\\\/\\\/magazin.ikk-suedwest.de\\\/februar-2024\\\/gesundheitspreis-des-rheinland-pfaelzischen-handwerks\\\/\"},\"wordCount\":182,\"image\":{\"@id\":\"https:\\\/\\\/magazin.ikk-suedwest.de\\\/februar-2024\\\/gesundheitspreis-des-rheinland-pfaelzischen-handwerks\\\/#primaryimage\"},\"thumbnailUrl\":\"https:\\\/\\\/magazin.ikk-suedwest.de\\\/februar-2024\\\/wp-content\\\/uploads\\\/sites\\\/11\\\/2024\\\/01\\\/ikk_fm_2401_s28_gesundheitspreis_625px-4.png\",\"articleSection\":[\"Aus der Region\"],\"inLanguage\":\"de\"},{\"@type\":\"WebPage\",\"@id\":\"https:\\\/\\\/magazin.ikk-suedwest.de\\\/februar-2024\\\/gesundheitspreis-des-rheinland-pfaelzischen-handwerks\\\/\",\"url\":\"https:\\\/\\\/magazin.ikk-suedwest.de\\\/februar-2024\\\/gesundheitspreis-des-rheinland-pfaelzischen-handwerks\\\/\",\"name\":\"Gesundheitspreis des rheinland-pf\u00e4lzischen Handwerks - Februar 2024\",\"isPartOf\":{\"@id\":\"https:\\\/\\\/magazin.ikk-suedwest.de\\\/februar-2024\\\/#website\"},\"primaryImageOfPage\":{\"@id\":\"https:\\\/\\\/magazin.ikk-suedwest.de\\\/februar-2024\\\/gesundheitspreis-des-rheinland-pfaelzischen-handwerks\\\/#primaryimage\"},\"image\":{\"@id\":\"https:\\\/\\\/magazin.ikk-suedwest.de\\\/februar-2024\\\/gesundheitspreis-des-rheinland-pfaelzischen-handwerks\\\/#primaryimage\"},\"thumbnailUrl\":\"https:\\\/\\\/magazin.ikk-suedwest.de\\\/februar-2024\\\/wp-content\\\/uploads\\\/sites\\\/11\\\/2024\\\/01\\\/ikk_fm_2401_s28_gesundheitspreis_625px-4.png\",\"datePublished\":\"2024-01-24T12:11:14+00:00\",\"dateModified\":\"2024-01-31T12:20:56+00:00\",\"author\":{\"@id\":\"https:\\\/\\\/magazin.ikk-suedwest.de\\\/februar-2024\\\/#\\\/schema\\\/person\\\/636237f711a5aed151e44ddcc2de114a\"},\"breadcrumb\":{\"@id\":\"https:\\\/\\\/magazin.ikk-suedwest.de\\\/februar-2024\\\/gesundheitspreis-des-rheinland-pfaelzischen-handwerks\\\/#breadcrumb\"},\"inLanguage\":\"de\",\"potentialAction\":[{\"@type\":\"ReadAction\",\"target\":[\"https:\\\/\\\/magazin.ikk-suedwest.de\\\/februar-2024\\\/gesundheitspreis-des-rheinland-pfaelzischen-handwerks\\\/\"]}]},{\"@type\":\"ImageObject\",\"inLanguage\":\"de\",\"@id\":\"https:\\\/\\\/magazin.ikk-suedwest.de\\\/februar-2024\\\/gesundheitspreis-des-rheinland-pfaelzischen-handwerks\\\/#primaryimage\",\"url\":\"https:\\\/\\\/magazin.ikk-suedwest.de\\\/februar-2024\\\/wp-content\\\/uploads\\\/sites\\\/11\\\/2024\\\/01\\\/ikk_fm_2401_s28_gesundheitspreis_625px-4.png\",\"contentUrl\":\"https:\\\/\\\/magazin.ikk-suedwest.de\\\/februar-2024\\\/wp-content\\\/uploads\\\/sites\\\/11\\\/2024\\\/01\\\/ikk_fm_2401_s28_gesundheitspreis_625px-4.png\",\"width\":625,\"height\":300},{\"@type\":\"BreadcrumbList\",\"@id\":\"https:\\\/\\\/magazin.ikk-suedwest.de\\\/februar-2024\\\/gesundheitspreis-des-rheinland-pfaelzischen-handwerks\\\/#breadcrumb\",\"itemListElement\":[{\"@type\":\"ListItem\",\"position\":1,\"name\":\"Startseite\",\"item\":\"https:\\\/\\\/magazin.ikk-suedwest.de\\\/februar-2024\\\/\"},{\"@type\":\"ListItem\",\"position\":2,\"name\":\"Gesundheitspreis des rheinland-pf\u00e4lzischen Handwerks\"}]},{\"@type\":\"WebSite\",\"@id\":\"https:\\\/\\\/magazin.ikk-suedwest.de\\\/februar-2024\\\/#website\",\"url\":\"https:\\\/\\\/magazin.ikk-suedwest.de\\\/februar-2024\\\/\",\"name\":\"Februar 2024\",\"description\":\"Eine weitere IKK Magazin Ausgaben Website\",\"potentialAction\":[{\"@type\":\"SearchAction\",\"target\":{\"@type\":\"EntryPoint\",\"urlTemplate\":\"https:\\\/\\\/magazin.ikk-suedwest.de\\\/februar-2024\\\/?s={search_term_string}\"},\"query-input\":{\"@type\":\"PropertyValueSpecification\",\"valueRequired\":true,\"valueName\":\"search_term_string\"}}],\"inLanguage\":\"de\"},{\"@type\":\"Person\",\"@id\":\"https:\\\/\\\/magazin.ikk-suedwest.de\\\/februar-2024\\\/#\\\/schema\\\/person\\\/636237f711a5aed151e44ddcc2de114a\",\"name\":\"fbo_master\",\"image\":{\"@type\":\"ImageObject\",\"inLanguage\":\"de\",\"@id\":\"https:\\\/\\\/secure.gravatar.com\\\/avatar\\\/5e042e587c1d6c68d3fadd024e871a65399da22a9ef5e23b274af331bde574af?s=96&d=mm&r=g\",\"url\":\"https:\\\/\\\/secure.gravatar.com\\\/avatar\\\/5e042e587c1d6c68d3fadd024e871a65399da22a9ef5e23b274af331bde574af?s=96&d=mm&r=g\",\"contentUrl\":\"https:\\\/\\\/secure.gravatar.com\\\/avatar\\\/5e042e587c1d6c68d3fadd024e871a65399da22a9ef5e23b274af331bde574af?s=96&d=mm&r=g\",\"caption\":\"fbo_master\"},\"sameAs\":[\"https:\\\/\\\/magazin.ikk-suedwest.de\"],\"url\":\"https:\\\/\\\/magazin.ikk-suedwest.de\\\/februar-2024\\\/author\\\/fbo_master\\\/\"}]}<\/script>\n<!-- \/ Yoast SEO plugin. -->","yoast_head_json":{"title":"Gesundheitspreis des rheinland-pf\u00e4lzischen Handwerks - Februar 2024","robots":{"index":"noindex","follow":"follow","max-snippet":"max-snippet:-1","max-image-preview":"max-image-preview:large","max-video-preview":"max-video-preview:-1"},"og_locale":"de_DE","og_type":"article","og_title":"Gesundheitspreis des rheinland-pf\u00e4lzischen Handwerks - Februar 2024","og_description":"Mehr Gesundheit im Handwerk \u2013 daf\u00fcr engagieren wir als Innungskrankenkasse ...","og_url":"https:\/\/magazin.ikk-suedwest.de\/februar-2024\/gesundheitspreis-des-rheinland-pfaelzischen-handwerks\/","og_site_name":"Februar 2024","article_published_time":"2024-01-24T12:11:14+00:00","article_modified_time":"2024-01-31T12:20:56+00:00","og_image":[{"width":625,"height":300,"url":"https:\/\/magazin.ikk-suedwest.de\/februar-2024\/wp-content\/uploads\/sites\/11\/2024\/01\/ikk_fm_2401_s28_gesundheitspreis_625px-4.png","type":"image\/png"}],"author":"fbo_master","twitter_card":"summary_large_image","twitter_misc":{"Geschrieben von":"fbo_master","Gesch\u00e4tzte Lesezeit":"2\u00a0Minuten"},"schema":{"@context":"https:\/\/schema.org","@graph":[{"@type":"Article","@id":"https:\/\/magazin.ikk-suedwest.de\/februar-2024\/gesundheitspreis-des-rheinland-pfaelzischen-handwerks\/#article","isPartOf":{"@id":"https:\/\/magazin.ikk-suedwest.de\/februar-2024\/gesundheitspreis-des-rheinland-pfaelzischen-handwerks\/"},"author":{"name":"fbo_master","@id":"https:\/\/magazin.ikk-suedwest.de\/februar-2024\/#\/schema\/person\/636237f711a5aed151e44ddcc2de114a"},"headline":"Gesundheitspreis des rheinland-pf\u00e4lzischen Handwerks","datePublished":"2024-01-24T12:11:14+00:00","dateModified":"2024-01-31T12:20:56+00:00","mainEntityOfPage":{"@id":"https:\/\/magazin.ikk-suedwest.de\/februar-2024\/gesundheitspreis-des-rheinland-pfaelzischen-handwerks\/"},"wordCount":182,"image":{"@id":"https:\/\/magazin.ikk-suedwest.de\/februar-2024\/gesundheitspreis-des-rheinland-pfaelzischen-handwerks\/#primaryimage"},"thumbnailUrl":"https:\/\/magazin.ikk-suedwest.de\/februar-2024\/wp-content\/uploads\/sites\/11\/2024\/01\/ikk_fm_2401_s28_gesundheitspreis_625px-4.png","articleSection":["Aus der Region"],"inLanguage":"de"},{"@type":"WebPage","@id":"https:\/\/magazin.ikk-suedwest.de\/februar-2024\/gesundheitspreis-des-rheinland-pfaelzischen-handwerks\/","url":"https:\/\/magazin.ikk-suedwest.de\/februar-2024\/gesundheitspreis-des-rheinland-pfaelzischen-handwerks\/","name":"Gesundheitspreis des rheinland-pf\u00e4lzischen Handwerks - Februar 2024","isPartOf":{"@id":"https:\/\/magazin.ikk-suedwest.de\/februar-2024\/#website"},"primaryImageOfPage":{"@id":"https:\/\/magazin.ikk-suedwest.de\/februar-2024\/gesundheitspreis-des-rheinland-pfaelzischen-handwerks\/#primaryimage"},"image":{"@id":"https:\/\/magazin.ikk-suedwest.de\/februar-2024\/gesundheitspreis-des-rheinland-pfaelzischen-handwerks\/#primaryimage"},"thumbnailUrl":"https:\/\/magazin.ikk-suedwest.de\/februar-2024\/wp-content\/uploads\/sites\/11\/2024\/01\/ikk_fm_2401_s28_gesundheitspreis_625px-4.png","datePublished":"2024-01-24T12:11:14+00:00","dateModified":"2024-01-31T12:20:56+00:00","author":{"@id":"https:\/\/magazin.ikk-suedwest.de\/februar-2024\/#\/schema\/person\/636237f711a5aed151e44ddcc2de114a"},"breadcrumb":{"@id":"https:\/\/magazin.ikk-suedwest.de\/februar-2024\/gesundheitspreis-des-rheinland-pfaelzischen-handwerks\/#breadcrumb"},"inLanguage":"de","potentialAction":[{"@type":"ReadAction","target":["https:\/\/magazin.ikk-suedwest.de\/februar-2024\/gesundheitspreis-des-rheinland-pfaelzischen-handwerks\/"]}]},{"@type":"ImageObject","inLanguage":"de","@id":"https:\/\/magazin.ikk-suedwest.de\/februar-2024\/gesundheitspreis-des-rheinland-pfaelzischen-handwerks\/#primaryimage","url":"https:\/\/magazin.ikk-suedwest.de\/februar-2024\/wp-content\/uploads\/sites\/11\/2024\/01\/ikk_fm_2401_s28_gesundheitspreis_625px-4.png","contentUrl":"https:\/\/magazin.ikk-suedwest.de\/februar-2024\/wp-content\/uploads\/sites\/11\/2024\/01\/ikk_fm_2401_s28_gesundheitspreis_625px-4.png","width":625,"height":300},{"@type":"BreadcrumbList","@id":"https:\/\/magazin.ikk-suedwest.de\/februar-2024\/gesundheitspreis-des-rheinland-pfaelzischen-handwerks\/#breadcrumb","itemListElement":[{"@type":"ListItem","position":1,"name":"Startseite","item":"https:\/\/magazin.ikk-suedwest.de\/februar-2024\/"},{"@type":"ListItem","position":2,"name":"Gesundheitspreis des rheinland-pf\u00e4lzischen Handwerks"}]},{"@type":"WebSite","@id":"https:\/\/magazin.ikk-suedwest.de\/februar-2024\/#website","url":"https:\/\/magazin.ikk-suedwest.de\/februar-2024\/","name":"Februar 2024","description":"Eine weitere IKK Magazin Ausgaben Website","potentialAction":[{"@type":"SearchAction","target":{"@type":"EntryPoint","urlTemplate":"https:\/\/magazin.ikk-suedwest.de\/februar-2024\/?s={search_term_string}"},"query-input":{"@type":"PropertyValueSpecification","valueRequired":true,"valueName":"search_term_string"}}],"inLanguage":"de"},{"@type":"Person","@id":"https:\/\/magazin.ikk-suedwest.de\/februar-2024\/#\/schema\/person\/636237f711a5aed151e44ddcc2de114a","name":"fbo_master","image":{"@type":"ImageObject","inLanguage":"de","@id":"https:\/\/secure.gravatar.com\/avatar\/5e042e587c1d6c68d3fadd024e871a65399da22a9ef5e23b274af331bde574af?s=96&d=mm&r=g","url":"https:\/\/secure.gravatar.com\/avatar\/5e042e587c1d6c68d3fadd024e871a65399da22a9ef5e23b274af331bde574af?s=96&d=mm&r=g","contentUrl":"https:\/\/secure.gravatar.com\/avatar\/5e042e587c1d6c68d3fadd024e871a65399da22a9ef5e23b274af331bde574af?s=96&d=mm&r=g","caption":"fbo_master"},"sameAs":["https:\/\/magazin.ikk-suedwest.de"],"url":"https:\/\/magazin.ikk-suedwest.de\/februar-2024\/author\/fbo_master\/"}]}},"_links":{"self":[{"href":"https:\/\/magazin.ikk-suedwest.de\/februar-2024\/wp-json\/wp\/v2\/posts\/7402","targetHints":{"allow":["GET"]}}],"collection":[{"href":"https:\/\/magazin.ikk-suedwest.de\/februar-2024\/wp-json\/wp\/v2\/posts"}],"about":[{"href":"https:\/\/magazin.ikk-suedwest.de\/februar-2024\/wp-json\/wp\/v2\/types\/post"}],"author":[{"embeddable":true,"href":"https:\/\/magazin.ikk-suedwest.de\/februar-2024\/wp-json\/wp\/v2\/users\/1"}],"replies":[{"embeddable":true,"href":"https:\/\/magazin.ikk-suedwest.de\/februar-2024\/wp-json\/wp\/v2\/comments?post=7402"}],"version-history":[{"count":7,"href":"https:\/\/magazin.ikk-suedwest.de\/februar-2024\/wp-json\/wp\/v2\/posts\/7402\/revisions"}],"predecessor-version":[{"id":7523,"href":"https:\/\/magazin.ikk-suedwest.de\/februar-2024\/wp-json\/wp\/v2\/posts\/7402\/revisions\/7523"}],"wp:featuredmedia":[{"embeddable":true,"href":"https:\/\/magazin.ikk-suedwest.de\/februar-2024\/wp-json\/wp\/v2\/media\/7490"}],"wp:attachment":[{"href":"https:\/\/magazin.ikk-suedwest.de\/februar-2024\/wp-json\/wp\/v2\/media?parent=7402"}],"wp:term":[{"taxonomy":"category","embeddable":true,"href":"https:\/\/magazin.ikk-suedwest.de\/februar-2024\/wp-json\/wp\/v2\/categories?post=7402"},{"taxonomy":"post_tag","embeddable":true,"href":"https:\/\/magazin.ikk-suedwest.de\/februar-2024\/wp-json\/wp\/v2\/tags?post=7402"}],"curies":[{"name":"wp","href":"https:\/\/api.w.org\/{rel}","templated":true}]}}