{"id":8006,"date":"2025-02-10T13:00:00","date_gmt":"2025-02-10T12:00:00","guid":{"rendered":"https:\/\/magazin.ikk-suedwest.de\/februar-2025\/?p=8006"},"modified":"2025-03-05T16:06:17","modified_gmt":"2025-03-05T15:06:17","slug":"der-ball-liegt-bei-der-politik","status":"publish","type":"post","link":"https:\/\/magazin.ikk-suedwest.de\/maerz-2025\/der-ball-liegt-bei-der-politik\/","title":{"rendered":"\u201eDer Ball liegt bei der Politik\u201c"},"content":{"rendered":"<div class=\"shariff shariff-align-left shariff-widget-align-left\"><ul class=\"shariff-buttons theme-round orientation-horizontal buttonsize-medium\"><li class=\"shariff-button facebook shariff-nocustomcolor\" style=\"background-color:#4273c8\"><a href=\"https:\/\/www.facebook.com\/sharer\/sharer.php?u=https%3A%2F%2Fmagazin.ikk-suedwest.de%2Fmaerz-2025%2Fder-ball-liegt-bei-der-politik%2F\" title=\"Bei Facebook teilen\" aria-label=\"Bei Facebook teilen\" role=\"button\" rel=\"nofollow\" class=\"shariff-link\" style=\"; background-color:#3b5998; color:#fff\" target=\"_blank\"><span class=\"shariff-icon\" style=\"\"><svg width=\"32px\" height=\"20px\" xmlns=\"http:\/\/www.w3.org\/2000\/svg\" viewBox=\"0 0 18 32\"><path fill=\"#3b5998\" d=\"M17.1 0.2v4.7h-2.8q-1.5 0-2.1 0.6t-0.5 1.9v3.4h5.2l-0.7 5.3h-4.5v13.6h-5.5v-13.6h-4.5v-5.3h4.5v-3.9q0-3.3 1.9-5.2t5-1.8q2.6 0 4.1 0.2z\"\/><\/svg><\/span><\/a><\/li><li class=\"shariff-button whatsapp shariff-nocustomcolor\" style=\"background-color:#5cbe4a\"><a href=\"https:\/\/api.whatsapp.com\/send?text=https%3A%2F%2Fmagazin.ikk-suedwest.de%2Fmaerz-2025%2Fder-ball-liegt-bei-der-politik%2F%20%E2%80%9EDer%20Ball%20liegt%20bei%20der%20Politik%E2%80%9C\" title=\"Bei Whatsapp teilen\" aria-label=\"Bei Whatsapp teilen\" role=\"button\" rel=\"noopener nofollow\" class=\"shariff-link\" style=\"; background-color:#34af23; color:#fff\" target=\"_blank\"><span class=\"shariff-icon\" style=\"\"><svg width=\"32px\" height=\"20px\" xmlns=\"http:\/\/www.w3.org\/2000\/svg\" viewBox=\"0 0 32 32\"><path fill=\"#34af23\" d=\"M17.6 17.4q0.2 0 1.7 0.8t1.6 0.9q0 0.1 0 0.3 0 0.6-0.3 1.4-0.3 0.7-1.3 1.2t-1.8 0.5q-1 0-3.4-1.1-1.7-0.8-3-2.1t-2.6-3.3q-1.3-1.9-1.3-3.5v-0.1q0.1-1.6 1.3-2.8 0.4-0.4 0.9-0.4 0.1 0 0.3 0t0.3 0q0.3 0 0.5 0.1t0.3 0.5q0.1 0.4 0.6 1.6t0.4 1.3q0 0.4-0.6 1t-0.6 0.8q0 0.1 0.1 0.3 0.6 1.3 1.8 2.4 1 0.9 2.7 1.8 0.2 0.1 0.4 0.1 0.3 0 1-0.9t0.9-0.9zM14 26.9q2.3 0 4.3-0.9t3.6-2.4 2.4-3.6 0.9-4.3-0.9-4.3-2.4-3.6-3.6-2.4-4.3-0.9-4.3 0.9-3.6 2.4-2.4 3.6-0.9 4.3q0 3.6 2.1 6.6l-1.4 4.2 4.3-1.4q2.8 1.9 6.2 1.9zM14 2.2q2.7 0 5.2 1.1t4.3 2.9 2.9 4.3 1.1 5.2-1.1 5.2-2.9 4.3-4.3 2.9-5.2 1.1q-3.5 0-6.5-1.7l-7.4 2.4 2.4-7.2q-1.9-3.2-1.9-6.9 0-2.7 1.1-5.2t2.9-4.3 4.3-2.9 5.2-1.1z\"\/><\/svg><\/span><\/a><\/li><li class=\"shariff-button mailto shariff-nocustomcolor\" style=\"background-color:#a8a8a8\"><a href=\"mailto:?body=https%3A%2F%2Fmagazin.ikk-suedwest.de%2Fmaerz-2025%2Fder-ball-liegt-bei-der-politik%2F&subject=%E2%80%9EDer%20Ball%20liegt%20bei%20der%20Politik%E2%80%9C\" title=\"Per E-Mail versenden\" aria-label=\"Per E-Mail versenden\" role=\"button\" rel=\"noopener nofollow\" class=\"shariff-link\" style=\"; background-color:#999; color:#fff\"><span class=\"shariff-icon\" style=\"\"><svg width=\"32px\" height=\"20px\" xmlns=\"http:\/\/www.w3.org\/2000\/svg\" viewBox=\"0 0 32 32\"><path fill=\"#999\" d=\"M32 12.7v14.2q0 1.2-0.8 2t-2 0.9h-26.3q-1.2 0-2-0.9t-0.8-2v-14.2q0.8 0.9 1.8 1.6 6.5 4.4 8.9 6.1 1 0.8 1.6 1.2t1.7 0.9 2 0.4h0.1q0.9 0 2-0.4t1.7-0.9 1.6-1.2q3-2.2 8.9-6.1 1-0.7 1.8-1.6zM32 7.4q0 1.4-0.9 2.7t-2.2 2.2q-6.7 4.7-8.4 5.8-0.2 0.1-0.7 0.5t-1 0.7-0.9 0.6-1.1 0.5-0.9 0.2h-0.1q-0.4 0-0.9-0.2t-1.1-0.5-0.9-0.6-1-0.7-0.7-0.5q-1.6-1.1-4.7-3.2t-3.6-2.6q-1.1-0.7-2.1-2t-1-2.5q0-1.4 0.7-2.3t2.1-0.9h26.3q1.2 0 2 0.8t0.9 2z\"\/><\/svg><\/span><\/a><\/li><\/ul><\/div>\n\n\n\n<figure class=\"wp-block-image size-large\"><img loading=\"lazy\" decoding=\"async\" width=\"1024\" height=\"684\" src=\"https:\/\/magazin.ikk-suedwest.de\/februar-2025\/wp-content\/uploads\/sites\/13\/2025\/01\/ikk_fm_2501_s04_vr_artikel_cae-1024x684.jpg\" alt=\"\" class=\"wp-image-8117\" srcset=\"https:\/\/magazin.ikk-suedwest.de\/maerz-2025\/wp-content\/uploads\/sites\/13\/2025\/01\/ikk_fm_2501_s04_vr_artikel_cae-1024x684.jpg 1024w, https:\/\/magazin.ikk-suedwest.de\/maerz-2025\/wp-content\/uploads\/sites\/13\/2025\/01\/ikk_fm_2501_s04_vr_artikel_cae-300x200.jpg 300w, https:\/\/magazin.ikk-suedwest.de\/maerz-2025\/wp-content\/uploads\/sites\/13\/2025\/01\/ikk_fm_2501_s04_vr_artikel_cae-768x513.jpg 768w, https:\/\/magazin.ikk-suedwest.de\/maerz-2025\/wp-content\/uploads\/sites\/13\/2025\/01\/ikk_fm_2501_s04_vr_artikel_cae-370x247.jpg 370w, https:\/\/magazin.ikk-suedwest.de\/maerz-2025\/wp-content\/uploads\/sites\/13\/2025\/01\/ikk_fm_2501_s04_vr_artikel_cae-270x180.jpg 270w, https:\/\/magazin.ikk-suedwest.de\/maerz-2025\/wp-content\/uploads\/sites\/13\/2025\/01\/ikk_fm_2501_s04_vr_artikel_cae-570x381.jpg 570w, https:\/\/magazin.ikk-suedwest.de\/maerz-2025\/wp-content\/uploads\/sites\/13\/2025\/01\/ikk_fm_2501_s04_vr_artikel_cae-749x500.jpg 749w, https:\/\/magazin.ikk-suedwest.de\/maerz-2025\/wp-content\/uploads\/sites\/13\/2025\/01\/ikk_fm_2501_s04_vr_artikel_cae-740x494.jpg 740w, https:\/\/magazin.ikk-suedwest.de\/maerz-2025\/wp-content\/uploads\/sites\/13\/2025\/01\/ikk_fm_2501_s04_vr_artikel_cae.jpg 1225w\" sizes=\"auto, (max-width: 1024px) 100vw, 1024px\" \/><\/figure>\n\n\n\n<h1 class=\"wp-block-heading\"><strong>\u201eDer Ball liegt bei der Politik\u201c<\/strong><\/h1>\n\n\n\n<p class=\"has-gridlove-acc-color has-text-color has-link-color has-medium-font-size wp-elements-3a541073f53ddd584d6cd41716662717 wp-block-paragraph\">Die Kosten im Gesundheitswesen steigen immer weiter und stellen eine zunehmende Herausforderung dar \u2013 doch was l\u00e4sst sich dagegen tun? Endlich das Z\u00f6gern und Zaudern beenden und l\u00e4ngst u\u0308berf\u00e4llige Reformen umsetzen, fordern Verwaltungsrat und Vorstand der IKK Su\u0308dwest.<\/p>\n\n\n\n<p class=\"wp-block-paragraph\">13,8 Milliarden Euro \u2013 so gro\u00df ist die Finanzierungslu\u0308cke, die der Sch\u00e4tzerkreis der Gesetzlichen Krankenversicherung (GKV) fu\u0308r das Jahr 2025 prognostiziert hat. Die daraus folgende Erh\u00f6hung des durchschnittlichen Zusatzbeitrags um 0,8 Prozentpunkte auf 2,5 Prozent erwies sich jedoch bereits unmittelbar nach ihrer Festlegung als Makulatur. Denn schon zum Jahresbeginn lagen die tats\u00e4chlichen Zusatzbeitr\u00e4ge teilweise deutlich u\u0308ber 3 Prozent \u2013 und damit rund 0,5 Prozent u\u0308ber dem proklamierten Durchschnittswert. Mit Blick auf die letzten beiden Quartale des vergangenen Jahres bleibt zudem zu befu\u0308rchten, dass das Defizit in der GKV noch h\u00f6her ausfallen k\u00f6nnte.<\/p>\n\n\n\n<p class=\"wp-block-paragraph\">Eine Situation, die fu\u0308r Gerd Benzmu\u0308ller, Verwaltungsratsvorsitzender der Arbeitgeberseite, und Ralf Reinst\u00e4dtler, versicherten seitiger Verwaltungsratsvorsitzender, nicht haltbar ist. Aber die durchaus vorhersehbar war, wenn man sich die letzten beiden Legislaturperioden anschaut. \u201eDie verfehlte Reformpolitik der letzten Jahre hat die finanzielle Lage im Gesundheitssystem deutlich verschlimmert. Die Ausgaben steigen immer schneller. Zus\u00e4tzlich hat der Gesetzgeber in den vergangenen Jahren die gesetzlichen Krankenkassen gezwungen, ihre Ru\u0308cklagen aufzul\u00f6sen. Diese Entwicklungen fu\u0308hren leider zwangsl\u00e4ufig zu h\u00f6heren Beitragss\u00e4tzen.\u201c<\/p>\n\n\n\n<p class=\"wp-block-paragraph\">Im Angesicht der historisch hohen finanziellen Belastungen fordern sie, dass die Politik endlich ihrer Aufgabe nachkommt, eine nachhaltige Finanzierung zu gew\u00e4hrleisten.<br><\/p>\n\n\n\n<div class=\"wp-block-columns are-vertically-aligned-center is-layout-flex wp-container-core-columns-is-layout-8f761849 wp-block-columns-is-layout-flex\">\n<div class=\"wp-block-column is-vertically-aligned-center is-layout-flow wp-block-column-is-layout-flow\" style=\"flex-basis:35%\">\n<figure class=\"wp-block-image aligncenter size-full\"><img loading=\"lazy\" decoding=\"async\" width=\"300\" height=\"301\" src=\"https:\/\/magazin.ikk-suedwest.de\/maerz-2025\/wp-content\/uploads\/sites\/13\/2025\/01\/ikk_fm_2501_beitragsbild_s05_gerd_benzmueller_cae.png\" alt=\"\" class=\"wp-image-8115\" srcset=\"https:\/\/magazin.ikk-suedwest.de\/maerz-2025\/wp-content\/uploads\/sites\/13\/2025\/01\/ikk_fm_2501_beitragsbild_s05_gerd_benzmueller_cae.png 300w, https:\/\/magazin.ikk-suedwest.de\/maerz-2025\/wp-content\/uploads\/sites\/13\/2025\/01\/ikk_fm_2501_beitragsbild_s05_gerd_benzmueller_cae-150x150.png 150w, https:\/\/magazin.ikk-suedwest.de\/maerz-2025\/wp-content\/uploads\/sites\/13\/2025\/01\/ikk_fm_2501_beitragsbild_s05_gerd_benzmueller_cae-270x271.png 270w\" sizes=\"auto, (max-width: 300px) 100vw, 300px\" \/><\/figure>\n\n\n\n<p class=\"has-text-align-center wp-block-paragraph\"><em>Gerd Benzm\u00fcller\u00a0<\/em><\/p>\n<\/div>\n\n\n\n<div class=\"wp-block-column is-vertically-aligned-center is-layout-flow wp-block-column-is-layout-flow\" style=\"flex-basis:70%\">\n<p class=\"has-text-align-left wp-block-paragraph\">\u201eDie entscheidende Basis unseres Gesundheitssystems ist die Solidargemeinschaft \u2013 und die muss sich darauf verlassen k\u00f6nnen, dass die Gesundheitsversorgung bezahlbar bleibt\u201c, sind sich Benzmu\u0308ller und Reinst\u00e4dtler einig. \u201eDie alleinige Erh\u00f6hung der Zusatzbeitr\u00e4ge und damit eine einseitige Belastung von Versicherten und Arbeitgebern sind ein Irrweg.\u201c<\/p>\n<\/div>\n<\/div>\n\n\n\n<p class=\"wp-block-paragraph\"><\/p>\n\n\n\n<div style=\"height:40px\" aria-hidden=\"true\" class=\"wp-block-spacer\"><\/div>\n\n\n\n<p class=\"wp-block-paragraph\">L\u00f6sungsans\u00e4tze h\u00e4tten die Innungskrankenkassen \u2013 und die IKK Su\u0308dwest im Speziellen \u2013 bereits vorgelegt, u\u0308ber einen Mangel an Vorschl\u00e4gen k\u00f6nne sich die Politik nicht beklagen. Es fehle allerdings der Wille zur Umsetzung. Den fordern die beiden Verwaltungsratsvorsitzenden sowie der Vorstand der IKK Su\u0308dwest nun vehement ein. \u201eDie kommende Regierung muss endlich Reformen auf den Weg bringen, die das Gesundheitssystem zukunftssicher machen. Dabei im Fokus: eine qualitativ hochwertige medizinische Versorgung.\u201c<\/p>\n\n\n\n<h2 class=\"wp-block-heading\"><strong>Finanzierung u\u0308berarbeiten und neu denken<\/strong><\/h2>\n\n\n\n<p class=\"wp-block-paragraph\">Einer der Vorschl\u00e4ge, den Benzmu\u0308ller und Reinst\u00e4dtler zusammen mit den Vorst\u00e4nden der IKK Su\u0308dwest, Prof. Dr. J\u00f6rg Loth und Daniel Schilling, bereits in der Vergangenheit formuliert haben, ist die Verbreiterung der Einnahmebasis der GKV durch eine Partizipation an Steuereinnahmen. Ganz konkret: Ein Anteil des Steuereinkommens auf verschiedene Steuerarten wird seitens des Bundes an die GKV abgefu\u0308hrt. Infrage k\u00e4me zum Beispiel ein Anteil an den Einnahmen des Staates aus Genusssteuern. Die Einnahmen k\u00f6nnten Teil neuer Finanzierungsmodelle sein, um das Gesundheitssystem nachhaltig zu st\u00e4rken.<\/p>\n\n\n\n<p class=\"wp-block-paragraph\">Ein weiterer Ansatzpunkt: Versicherungsfremde Leistungen sollen nicht weiter treuh\u00e4nderisch von den Krankenkassen \u00fcbernommen werden. Vornehmlich ist hier die Versorgung von B\u00fcrgergeld-Beziehern zu nennen, f\u00fcr die kostendeckende Beitr\u00e4ge zwingend zu entrichten sind. So k\u00f6nnte der Bund f\u00fcr eine deutliche Entlastung der Gesetzlichen Krankenversicherung sorgen.&nbsp;<\/p>\n\n\n\n<h2 class=\"wp-block-heading\"><strong>Fokus Pr\u00e4vention<\/strong><\/h2>\n\n\n\n<p class=\"wp-block-paragraph\">Aus Sicht der IKK Su\u0308dwest mu\u0308ssen Reformen zudem einen viel st\u00e4rkeren Fokus auf den Bereich Pr\u00e4vention legen. Wesentliches Ziel von Gesundheitspolitik muss die l\u00e4ngere Gesunderhaltung der Versicherten sein. Dies tr\u00e4gt zus\u00e4tzlich zu einer finanziellen Entlastung der Beitragszahlenden bei.<\/p>\n\n\n\n<p class=\"wp-block-paragraph\">Mit ihrem betrieblichen Gesundheitsmanagement und zahlreichen Angeboten fu\u0308r Versicherte u\u0308bernimmt die IKK Su\u0308dwest hier bereits seit Jahren Verantwortung, sieht aber gerade im Hinblick auf die demografische Entwicklung deutlichen Handlungsbedarf. Das Gesundheitssystem sollte nicht nur viel st\u00e4rker auf die Pr\u00e4vention ausgerichtet sein, Pr\u00e4vention sollte auch im Rahmen eigener Strategien Eingang in eine Vielzahl gesellschaftlicher Angebote finden \u2013 vor allem fru\u0308hkindliche Angebote in Kitas und Schulen sollten ausgebaut werden.<\/p>\n\n\n\n<div class=\"wp-block-columns are-vertically-aligned-center is-layout-flex wp-container-core-columns-is-layout-8f761849 wp-block-columns-is-layout-flex\">\n<div class=\"wp-block-column is-vertically-aligned-center is-layout-flow wp-block-column-is-layout-flow\" style=\"flex-basis:70%\">\n<p class=\"has-text-align-left wp-block-paragraph\">\u201eWir stehen vor enormen Herausforderungen\u201c, konstatieren Benzmu\u0308ller und Reinst\u00e4dtler. \u201eEinerseits sollten Versicherte und Betriebe, insbesondere im Handwerk, entlastet werden. Andererseits gilt es, die medizinische Versorgung zu gew\u00e4hrleisten \u2013 oder sogar auszubauen. Das sind gro\u00dfe Aufgaben, denen wir uns als Krankenkasse stellen. Wir haben unsere Hausaufgaben gemacht \u2013 der Ball liegt nun bei der Politik.\u201c<\/p>\n<\/div>\n\n\n\n<div class=\"wp-block-column is-vertically-aligned-center is-layout-flow wp-block-column-is-layout-flow\" style=\"flex-basis:35%\">\n<figure class=\"wp-block-image aligncenter size-full\"><img loading=\"lazy\" decoding=\"async\" width=\"300\" height=\"301\" src=\"https:\/\/magazin.ikk-suedwest.de\/februar-2025\/wp-content\/uploads\/sites\/13\/2025\/01\/ikk_fm_2501_beitragsbild_s05_ralf_reinstaedtler_cae.png\" alt=\"\" class=\"wp-image-8116\" srcset=\"https:\/\/magazin.ikk-suedwest.de\/maerz-2025\/wp-content\/uploads\/sites\/13\/2025\/01\/ikk_fm_2501_beitragsbild_s05_ralf_reinstaedtler_cae.png 300w, https:\/\/magazin.ikk-suedwest.de\/maerz-2025\/wp-content\/uploads\/sites\/13\/2025\/01\/ikk_fm_2501_beitragsbild_s05_ralf_reinstaedtler_cae-150x150.png 150w, https:\/\/magazin.ikk-suedwest.de\/maerz-2025\/wp-content\/uploads\/sites\/13\/2025\/01\/ikk_fm_2501_beitragsbild_s05_ralf_reinstaedtler_cae-270x271.png 270w\" sizes=\"auto, (max-width: 300px) 100vw, 300px\" \/><\/figure>\n\n\n\n<p class=\"has-text-align-center wp-block-paragraph\"><em>Ralf Reinst\u00e4dtler<\/em><\/p>\n<\/div>\n<\/div>\n\n\n\n<div style=\"height:50px\" aria-hidden=\"true\" class=\"wp-block-spacer\"><\/div>\n\n\n\n<div class=\"wp-block-group has-background is-vertical is-layout-flex wp-container-core-group-is-layout-4fc3f8e1 wp-block-group-is-layout-flex\" style=\"background-color:#e6e8e7\">\n<div class=\"wp-block-group is-layout-constrained wp-block-group-is-layout-constrained\">\n<p class=\"wp-block-paragraph\">Zum Verantwortungsbereich des Verwaltungsrats geh\u00f6ren auch die Vorstandsvertr\u00e4ge. Die darin enthaltenen Geh\u00e4lter ver\u00f6ffentlichen wir gern im Sinne des Transparenzgedankens. F\u00fcr das Jahr 2024 ergeben sich folgende Verg\u00fctungselemente:<\/p>\n\n\n\n<p class=\"wp-block-paragraph\">Prof. Dr. J\u00f6rg Loth:<br>Bruttojahresverg\u00fctung einschl. Beitrag zur betrieblichen Altersversorgung:<br>205.298,58 Euro<br>Nutzung Dienstwagen: 9.240,00 Euro<\/p>\n\n\n\n<p class=\"wp-block-paragraph\">Daniel Schilling:<br>Bruttojahresverg\u00fctung einschl. Beitrag zur betrieblichen Altersversorgung:<br>204.294,96 Euro<br>Nutzung Dienstwagen: 9.598,00 Euro<\/p>\n\n\n\n<p class=\"has-gridlove-acc-color has-text-color has-link-color wp-elements-abd9502ad2cea480ba4e7c839110d68f wp-block-paragraph\"><a href=\"https:\/\/www.ikk-suedwest.de\/ueber-uns\/die-ikk-suedwest\/vorstand-und-verwaltungsrat\/\" target=\"_blank\" rel=\"noreferrer noopener\"><strong>Mehr zum<\/strong> <em>Verwaltungsrat<\/em><\/a><\/p>\n<\/div>\n<\/div>\n\n\n\n<div style=\"height:20px\" aria-hidden=\"true\" class=\"wp-block-spacer\"><\/div>\n\n\n\n<div class=\"wp-block-group has-gridlove-txt-color has-text-color has-link-color wp-elements-af65e427060d344a63ef65c9a9ff6598 is-layout-constrained wp-block-group-is-layout-constrained\">\n<div class=\"wp-block-group is-layout-constrained wp-block-group-is-layout-constrained\"><div class=\"shariff shariff-align-left shariff-widget-align-left\"><ul class=\"shariff-buttons theme-round orientation-horizontal buttonsize-medium\"><li class=\"shariff-button facebook shariff-nocustomcolor\" style=\"background-color:#4273c8\"><a href=\"https:\/\/www.facebook.com\/sharer\/sharer.php?u=https%3A%2F%2Fmagazin.ikk-suedwest.de%2Fmaerz-2025%2Fder-ball-liegt-bei-der-politik%2F\" title=\"Bei Facebook teilen\" aria-label=\"Bei Facebook teilen\" role=\"button\" rel=\"nofollow\" class=\"shariff-link\" style=\"; background-color:#3b5998; color:#fff\" target=\"_blank\"><span class=\"shariff-icon\" style=\"\"><svg width=\"32px\" height=\"20px\" xmlns=\"http:\/\/www.w3.org\/2000\/svg\" viewBox=\"0 0 18 32\"><path fill=\"#3b5998\" d=\"M17.1 0.2v4.7h-2.8q-1.5 0-2.1 0.6t-0.5 1.9v3.4h5.2l-0.7 5.3h-4.5v13.6h-5.5v-13.6h-4.5v-5.3h4.5v-3.9q0-3.3 1.9-5.2t5-1.8q2.6 0 4.1 0.2z\"\/><\/svg><\/span><\/a><\/li><li class=\"shariff-button whatsapp shariff-nocustomcolor\" style=\"background-color:#5cbe4a\"><a href=\"https:\/\/api.whatsapp.com\/send?text=https%3A%2F%2Fmagazin.ikk-suedwest.de%2Fmaerz-2025%2Fder-ball-liegt-bei-der-politik%2F%20%E2%80%9EDer%20Ball%20liegt%20bei%20der%20Politik%E2%80%9C\" title=\"Bei Whatsapp teilen\" aria-label=\"Bei Whatsapp teilen\" role=\"button\" rel=\"noopener nofollow\" class=\"shariff-link\" style=\"; background-color:#34af23; color:#fff\" target=\"_blank\"><span class=\"shariff-icon\" style=\"\"><svg width=\"32px\" height=\"20px\" xmlns=\"http:\/\/www.w3.org\/2000\/svg\" viewBox=\"0 0 32 32\"><path fill=\"#34af23\" d=\"M17.6 17.4q0.2 0 1.7 0.8t1.6 0.9q0 0.1 0 0.3 0 0.6-0.3 1.4-0.3 0.7-1.3 1.2t-1.8 0.5q-1 0-3.4-1.1-1.7-0.8-3-2.1t-2.6-3.3q-1.3-1.9-1.3-3.5v-0.1q0.1-1.6 1.3-2.8 0.4-0.4 0.9-0.4 0.1 0 0.3 0t0.3 0q0.3 0 0.5 0.1t0.3 0.5q0.1 0.4 0.6 1.6t0.4 1.3q0 0.4-0.6 1t-0.6 0.8q0 0.1 0.1 0.3 0.6 1.3 1.8 2.4 1 0.9 2.7 1.8 0.2 0.1 0.4 0.1 0.3 0 1-0.9t0.9-0.9zM14 26.9q2.3 0 4.3-0.9t3.6-2.4 2.4-3.6 0.9-4.3-0.9-4.3-2.4-3.6-3.6-2.4-4.3-0.9-4.3 0.9-3.6 2.4-2.4 3.6-0.9 4.3q0 3.6 2.1 6.6l-1.4 4.2 4.3-1.4q2.8 1.9 6.2 1.9zM14 2.2q2.7 0 5.2 1.1t4.3 2.9 2.9 4.3 1.1 5.2-1.1 5.2-2.9 4.3-4.3 2.9-5.2 1.1q-3.5 0-6.5-1.7l-7.4 2.4 2.4-7.2q-1.9-3.2-1.9-6.9 0-2.7 1.1-5.2t2.9-4.3 4.3-2.9 5.2-1.1z\"\/><\/svg><\/span><\/a><\/li><li class=\"shariff-button mailto shariff-nocustomcolor\" style=\"background-color:#a8a8a8\"><a href=\"mailto:?body=https%3A%2F%2Fmagazin.ikk-suedwest.de%2Fmaerz-2025%2Fder-ball-liegt-bei-der-politik%2F&subject=%E2%80%9EDer%20Ball%20liegt%20bei%20der%20Politik%E2%80%9C\" title=\"Per E-Mail versenden\" aria-label=\"Per E-Mail versenden\" role=\"button\" rel=\"noopener nofollow\" class=\"shariff-link\" style=\"; background-color:#999; color:#fff\"><span class=\"shariff-icon\" style=\"\"><svg width=\"32px\" height=\"20px\" xmlns=\"http:\/\/www.w3.org\/2000\/svg\" viewBox=\"0 0 32 32\"><path fill=\"#999\" d=\"M32 12.7v14.2q0 1.2-0.8 2t-2 0.9h-26.3q-1.2 0-2-0.9t-0.8-2v-14.2q0.8 0.9 1.8 1.6 6.5 4.4 8.9 6.1 1 0.8 1.6 1.2t1.7 0.9 2 0.4h0.1q0.9 0 2-0.4t1.7-0.9 1.6-1.2q3-2.2 8.9-6.1 1-0.7 1.8-1.6zM32 7.4q0 1.4-0.9 2.7t-2.2 2.2q-6.7 4.7-8.4 5.8-0.2 0.1-0.7 0.5t-1 0.7-0.9 0.6-1.1 0.5-0.9 0.2h-0.1q-0.4 0-0.9-0.2t-1.1-0.5-0.9-0.6-1-0.7-0.7-0.5q-1.6-1.1-4.7-3.2t-3.6-2.6q-1.1-0.7-2.1-2t-1-2.5q0-1.4 0.7-2.3t2.1-0.9h26.3q1.2 0 2 0.8t0.9 2z\"\/><\/svg><\/span><\/a><\/li><\/ul><\/div>\n<\/div>\n<\/div>\n\n\n\n<p class=\"wp-block-paragraph\"><\/p>\n\n\n\n<div class=\"wp-block-buttons is-horizontal is-content-justification-left is-layout-flex wp-container-core-buttons-is-layout-39697d9b wp-block-buttons-is-layout-flex\">\n<div class=\"wp-block-button\"><a class=\"wp-block-button__link has-background wp-element-button\" href=\"javascript:history.back()\" style=\"background-color:#009de9\">Zur\u00fcck<\/a><\/div>\n<\/div>\n","protected":false},"excerpt":{"rendered":"<p>Die Kosten im Gesundheitswesen steigen immer weiter und stellen eine zunehmende Herausforderung dar &#8230;<\/p>\n","protected":false},"author":1,"featured_media":8117,"comment_status":"closed","ping_status":"open","sticky":false,"template":"","format":"standard","meta":{"_acf_changed":false,"_crdt_document":"","favoriteCount":7,"footnotes":""},"categories":[60],"tags":[],"class_list":["post-8006","post","type-post","status-publish","format-standard","has-post-thumbnail","hentry","category-service-unser-verwaltungsrat"],"acf":[],"yoast_head":"<!-- This site is optimized with the Yoast SEO plugin v27.4 - https:\/\/yoast.com\/product\/yoast-seo-wordpress\/ -->\n<title>\u201eDer Ball liegt bei der Politik\u201c - M\u00e4rz 2025<\/title>\n<meta name=\"robots\" content=\"noindex, follow, max-snippet:-1, max-image-preview:large, max-video-preview:-1\" \/>\n<meta property=\"og:locale\" content=\"de_DE\" \/>\n<meta property=\"og:type\" content=\"article\" \/>\n<meta property=\"og:title\" content=\"\u201eDer Ball liegt bei der Politik\u201c - M\u00e4rz 2025\" \/>\n<meta property=\"og:description\" content=\"Die Kosten im Gesundheitswesen steigen immer weiter und stellen eine zunehmende Herausforderung dar ...\" \/>\n<meta property=\"og:url\" content=\"https:\/\/magazin.ikk-suedwest.de\/maerz-2025\/der-ball-liegt-bei-der-politik\/\" \/>\n<meta property=\"og:site_name\" content=\"M\u00e4rz 2025\" \/>\n<meta property=\"article:published_time\" content=\"2025-02-10T12:00:00+00:00\" \/>\n<meta property=\"article:modified_time\" content=\"2025-03-05T15:06:17+00:00\" \/>\n<meta property=\"og:image\" content=\"https:\/\/magazin.ikk-suedwest.de\/maerz-2025\/wp-content\/uploads\/sites\/13\/2025\/01\/ikk_fm_2501_s04_vr_artikel_cae.jpg\" \/>\n\t<meta property=\"og:image:width\" content=\"1225\" \/>\n\t<meta property=\"og:image:height\" content=\"818\" \/>\n\t<meta property=\"og:image:type\" content=\"image\/jpeg\" \/>\n<meta name=\"author\" content=\"fbo_master\" \/>\n<meta name=\"twitter:card\" content=\"summary_large_image\" \/>\n<meta name=\"twitter:label1\" content=\"Geschrieben von\" \/>\n\t<meta name=\"twitter:data1\" content=\"fbo_master\" \/>\n\t<meta name=\"twitter:label2\" content=\"Gesch\u00e4tzte Lesezeit\" \/>\n\t<meta name=\"twitter:data2\" content=\"5\u00a0Minuten\" \/>\n<script type=\"application\/ld+json\" class=\"yoast-schema-graph\">{\"@context\":\"https:\\\/\\\/schema.org\",\"@graph\":[{\"@type\":\"Article\",\"@id\":\"https:\\\/\\\/magazin.ikk-suedwest.de\\\/maerz-2025\\\/der-ball-liegt-bei-der-politik\\\/#article\",\"isPartOf\":{\"@id\":\"https:\\\/\\\/magazin.ikk-suedwest.de\\\/maerz-2025\\\/der-ball-liegt-bei-der-politik\\\/\"},\"author\":{\"name\":\"fbo_master\",\"@id\":\"https:\\\/\\\/magazin.ikk-suedwest.de\\\/maerz-2025\\\/#\\\/schema\\\/person\\\/636237f711a5aed151e44ddcc2de114a\"},\"headline\":\"\u201eDer Ball liegt bei der Politik\u201c\",\"datePublished\":\"2025-02-10T12:00:00+00:00\",\"dateModified\":\"2025-03-05T15:06:17+00:00\",\"mainEntityOfPage\":{\"@id\":\"https:\\\/\\\/magazin.ikk-suedwest.de\\\/maerz-2025\\\/der-ball-liegt-bei-der-politik\\\/\"},\"wordCount\":775,\"image\":{\"@id\":\"https:\\\/\\\/magazin.ikk-suedwest.de\\\/maerz-2025\\\/der-ball-liegt-bei-der-politik\\\/#primaryimage\"},\"thumbnailUrl\":\"https:\\\/\\\/magazin.ikk-suedwest.de\\\/maerz-2025\\\/wp-content\\\/uploads\\\/sites\\\/13\\\/2025\\\/01\\\/ikk_fm_2501_s04_vr_artikel_cae.jpg\",\"articleSection\":[\"Service \u2013 Unser Verwaltungsrat\"],\"inLanguage\":\"de\"},{\"@type\":\"WebPage\",\"@id\":\"https:\\\/\\\/magazin.ikk-suedwest.de\\\/maerz-2025\\\/der-ball-liegt-bei-der-politik\\\/\",\"url\":\"https:\\\/\\\/magazin.ikk-suedwest.de\\\/maerz-2025\\\/der-ball-liegt-bei-der-politik\\\/\",\"name\":\"\u201eDer Ball liegt bei der Politik\u201c - M\u00e4rz 2025\",\"isPartOf\":{\"@id\":\"https:\\\/\\\/magazin.ikk-suedwest.de\\\/maerz-2025\\\/#website\"},\"primaryImageOfPage\":{\"@id\":\"https:\\\/\\\/magazin.ikk-suedwest.de\\\/maerz-2025\\\/der-ball-liegt-bei-der-politik\\\/#primaryimage\"},\"image\":{\"@id\":\"https:\\\/\\\/magazin.ikk-suedwest.de\\\/maerz-2025\\\/der-ball-liegt-bei-der-politik\\\/#primaryimage\"},\"thumbnailUrl\":\"https:\\\/\\\/magazin.ikk-suedwest.de\\\/maerz-2025\\\/wp-content\\\/uploads\\\/sites\\\/13\\\/2025\\\/01\\\/ikk_fm_2501_s04_vr_artikel_cae.jpg\",\"datePublished\":\"2025-02-10T12:00:00+00:00\",\"dateModified\":\"2025-03-05T15:06:17+00:00\",\"author\":{\"@id\":\"https:\\\/\\\/magazin.ikk-suedwest.de\\\/maerz-2025\\\/#\\\/schema\\\/person\\\/636237f711a5aed151e44ddcc2de114a\"},\"breadcrumb\":{\"@id\":\"https:\\\/\\\/magazin.ikk-suedwest.de\\\/maerz-2025\\\/der-ball-liegt-bei-der-politik\\\/#breadcrumb\"},\"inLanguage\":\"de\",\"potentialAction\":[{\"@type\":\"ReadAction\",\"target\":[\"https:\\\/\\\/magazin.ikk-suedwest.de\\\/maerz-2025\\\/der-ball-liegt-bei-der-politik\\\/\"]}]},{\"@type\":\"ImageObject\",\"inLanguage\":\"de\",\"@id\":\"https:\\\/\\\/magazin.ikk-suedwest.de\\\/maerz-2025\\\/der-ball-liegt-bei-der-politik\\\/#primaryimage\",\"url\":\"https:\\\/\\\/magazin.ikk-suedwest.de\\\/maerz-2025\\\/wp-content\\\/uploads\\\/sites\\\/13\\\/2025\\\/01\\\/ikk_fm_2501_s04_vr_artikel_cae.jpg\",\"contentUrl\":\"https:\\\/\\\/magazin.ikk-suedwest.de\\\/maerz-2025\\\/wp-content\\\/uploads\\\/sites\\\/13\\\/2025\\\/01\\\/ikk_fm_2501_s04_vr_artikel_cae.jpg\",\"width\":1225,\"height\":818},{\"@type\":\"BreadcrumbList\",\"@id\":\"https:\\\/\\\/magazin.ikk-suedwest.de\\\/maerz-2025\\\/der-ball-liegt-bei-der-politik\\\/#breadcrumb\",\"itemListElement\":[{\"@type\":\"ListItem\",\"position\":1,\"name\":\"Startseite\",\"item\":\"https:\\\/\\\/magazin.ikk-suedwest.de\\\/maerz-2025\\\/\"},{\"@type\":\"ListItem\",\"position\":2,\"name\":\"\u201eDer Ball liegt bei der Politik\u201c\"}]},{\"@type\":\"WebSite\",\"@id\":\"https:\\\/\\\/magazin.ikk-suedwest.de\\\/maerz-2025\\\/#website\",\"url\":\"https:\\\/\\\/magazin.ikk-suedwest.de\\\/maerz-2025\\\/\",\"name\":\"M\u00e4rz 2025\",\"description\":\"Eine weitere IKK Magazin Ausgaben Website\",\"potentialAction\":[{\"@type\":\"SearchAction\",\"target\":{\"@type\":\"EntryPoint\",\"urlTemplate\":\"https:\\\/\\\/magazin.ikk-suedwest.de\\\/maerz-2025\\\/?s={search_term_string}\"},\"query-input\":{\"@type\":\"PropertyValueSpecification\",\"valueRequired\":true,\"valueName\":\"search_term_string\"}}],\"inLanguage\":\"de\"},{\"@type\":\"Person\",\"@id\":\"https:\\\/\\\/magazin.ikk-suedwest.de\\\/maerz-2025\\\/#\\\/schema\\\/person\\\/636237f711a5aed151e44ddcc2de114a\",\"name\":\"fbo_master\",\"image\":{\"@type\":\"ImageObject\",\"inLanguage\":\"de\",\"@id\":\"https:\\\/\\\/secure.gravatar.com\\\/avatar\\\/5e042e587c1d6c68d3fadd024e871a65399da22a9ef5e23b274af331bde574af?s=96&d=mm&r=g\",\"url\":\"https:\\\/\\\/secure.gravatar.com\\\/avatar\\\/5e042e587c1d6c68d3fadd024e871a65399da22a9ef5e23b274af331bde574af?s=96&d=mm&r=g\",\"contentUrl\":\"https:\\\/\\\/secure.gravatar.com\\\/avatar\\\/5e042e587c1d6c68d3fadd024e871a65399da22a9ef5e23b274af331bde574af?s=96&d=mm&r=g\",\"caption\":\"fbo_master\"},\"sameAs\":[\"https:\\\/\\\/magazin.ikk-suedwest.de\"],\"url\":\"https:\\\/\\\/magazin.ikk-suedwest.de\\\/maerz-2025\\\/author\\\/fbo_master\\\/\"}]}<\/script>\n<!-- \/ Yoast SEO plugin. -->","yoast_head_json":{"title":"\u201eDer Ball liegt bei der Politik\u201c - M\u00e4rz 2025","robots":{"index":"noindex","follow":"follow","max-snippet":"max-snippet:-1","max-image-preview":"max-image-preview:large","max-video-preview":"max-video-preview:-1"},"og_locale":"de_DE","og_type":"article","og_title":"\u201eDer Ball liegt bei der Politik\u201c - M\u00e4rz 2025","og_description":"Die Kosten im Gesundheitswesen steigen immer weiter und stellen eine zunehmende Herausforderung dar ...","og_url":"https:\/\/magazin.ikk-suedwest.de\/maerz-2025\/der-ball-liegt-bei-der-politik\/","og_site_name":"M\u00e4rz 2025","article_published_time":"2025-02-10T12:00:00+00:00","article_modified_time":"2025-03-05T15:06:17+00:00","og_image":[{"width":1225,"height":818,"url":"https:\/\/magazin.ikk-suedwest.de\/maerz-2025\/wp-content\/uploads\/sites\/13\/2025\/01\/ikk_fm_2501_s04_vr_artikel_cae.jpg","type":"image\/jpeg"}],"author":"fbo_master","twitter_card":"summary_large_image","twitter_misc":{"Geschrieben von":"fbo_master","Gesch\u00e4tzte Lesezeit":"5\u00a0Minuten"},"schema":{"@context":"https:\/\/schema.org","@graph":[{"@type":"Article","@id":"https:\/\/magazin.ikk-suedwest.de\/maerz-2025\/der-ball-liegt-bei-der-politik\/#article","isPartOf":{"@id":"https:\/\/magazin.ikk-suedwest.de\/maerz-2025\/der-ball-liegt-bei-der-politik\/"},"author":{"name":"fbo_master","@id":"https:\/\/magazin.ikk-suedwest.de\/maerz-2025\/#\/schema\/person\/636237f711a5aed151e44ddcc2de114a"},"headline":"\u201eDer Ball liegt bei der Politik\u201c","datePublished":"2025-02-10T12:00:00+00:00","dateModified":"2025-03-05T15:06:17+00:00","mainEntityOfPage":{"@id":"https:\/\/magazin.ikk-suedwest.de\/maerz-2025\/der-ball-liegt-bei-der-politik\/"},"wordCount":775,"image":{"@id":"https:\/\/magazin.ikk-suedwest.de\/maerz-2025\/der-ball-liegt-bei-der-politik\/#primaryimage"},"thumbnailUrl":"https:\/\/magazin.ikk-suedwest.de\/maerz-2025\/wp-content\/uploads\/sites\/13\/2025\/01\/ikk_fm_2501_s04_vr_artikel_cae.jpg","articleSection":["Service \u2013 Unser Verwaltungsrat"],"inLanguage":"de"},{"@type":"WebPage","@id":"https:\/\/magazin.ikk-suedwest.de\/maerz-2025\/der-ball-liegt-bei-der-politik\/","url":"https:\/\/magazin.ikk-suedwest.de\/maerz-2025\/der-ball-liegt-bei-der-politik\/","name":"\u201eDer Ball liegt bei der Politik\u201c - M\u00e4rz 2025","isPartOf":{"@id":"https:\/\/magazin.ikk-suedwest.de\/maerz-2025\/#website"},"primaryImageOfPage":{"@id":"https:\/\/magazin.ikk-suedwest.de\/maerz-2025\/der-ball-liegt-bei-der-politik\/#primaryimage"},"image":{"@id":"https:\/\/magazin.ikk-suedwest.de\/maerz-2025\/der-ball-liegt-bei-der-politik\/#primaryimage"},"thumbnailUrl":"https:\/\/magazin.ikk-suedwest.de\/maerz-2025\/wp-content\/uploads\/sites\/13\/2025\/01\/ikk_fm_2501_s04_vr_artikel_cae.jpg","datePublished":"2025-02-10T12:00:00+00:00","dateModified":"2025-03-05T15:06:17+00:00","author":{"@id":"https:\/\/magazin.ikk-suedwest.de\/maerz-2025\/#\/schema\/person\/636237f711a5aed151e44ddcc2de114a"},"breadcrumb":{"@id":"https:\/\/magazin.ikk-suedwest.de\/maerz-2025\/der-ball-liegt-bei-der-politik\/#breadcrumb"},"inLanguage":"de","potentialAction":[{"@type":"ReadAction","target":["https:\/\/magazin.ikk-suedwest.de\/maerz-2025\/der-ball-liegt-bei-der-politik\/"]}]},{"@type":"ImageObject","inLanguage":"de","@id":"https:\/\/magazin.ikk-suedwest.de\/maerz-2025\/der-ball-liegt-bei-der-politik\/#primaryimage","url":"https:\/\/magazin.ikk-suedwest.de\/maerz-2025\/wp-content\/uploads\/sites\/13\/2025\/01\/ikk_fm_2501_s04_vr_artikel_cae.jpg","contentUrl":"https:\/\/magazin.ikk-suedwest.de\/maerz-2025\/wp-content\/uploads\/sites\/13\/2025\/01\/ikk_fm_2501_s04_vr_artikel_cae.jpg","width":1225,"height":818},{"@type":"BreadcrumbList","@id":"https:\/\/magazin.ikk-suedwest.de\/maerz-2025\/der-ball-liegt-bei-der-politik\/#breadcrumb","itemListElement":[{"@type":"ListItem","position":1,"name":"Startseite","item":"https:\/\/magazin.ikk-suedwest.de\/maerz-2025\/"},{"@type":"ListItem","position":2,"name":"\u201eDer Ball liegt bei der Politik\u201c"}]},{"@type":"WebSite","@id":"https:\/\/magazin.ikk-suedwest.de\/maerz-2025\/#website","url":"https:\/\/magazin.ikk-suedwest.de\/maerz-2025\/","name":"M\u00e4rz 2025","description":"Eine weitere IKK Magazin Ausgaben Website","potentialAction":[{"@type":"SearchAction","target":{"@type":"EntryPoint","urlTemplate":"https:\/\/magazin.ikk-suedwest.de\/maerz-2025\/?s={search_term_string}"},"query-input":{"@type":"PropertyValueSpecification","valueRequired":true,"valueName":"search_term_string"}}],"inLanguage":"de"},{"@type":"Person","@id":"https:\/\/magazin.ikk-suedwest.de\/maerz-2025\/#\/schema\/person\/636237f711a5aed151e44ddcc2de114a","name":"fbo_master","image":{"@type":"ImageObject","inLanguage":"de","@id":"https:\/\/secure.gravatar.com\/avatar\/5e042e587c1d6c68d3fadd024e871a65399da22a9ef5e23b274af331bde574af?s=96&d=mm&r=g","url":"https:\/\/secure.gravatar.com\/avatar\/5e042e587c1d6c68d3fadd024e871a65399da22a9ef5e23b274af331bde574af?s=96&d=mm&r=g","contentUrl":"https:\/\/secure.gravatar.com\/avatar\/5e042e587c1d6c68d3fadd024e871a65399da22a9ef5e23b274af331bde574af?s=96&d=mm&r=g","caption":"fbo_master"},"sameAs":["https:\/\/magazin.ikk-suedwest.de"],"url":"https:\/\/magazin.ikk-suedwest.de\/maerz-2025\/author\/fbo_master\/"}]}},"_links":{"self":[{"href":"https:\/\/magazin.ikk-suedwest.de\/maerz-2025\/wp-json\/wp\/v2\/posts\/8006","targetHints":{"allow":["GET"]}}],"collection":[{"href":"https:\/\/magazin.ikk-suedwest.de\/maerz-2025\/wp-json\/wp\/v2\/posts"}],"about":[{"href":"https:\/\/magazin.ikk-suedwest.de\/maerz-2025\/wp-json\/wp\/v2\/types\/post"}],"author":[{"embeddable":true,"href":"https:\/\/magazin.ikk-suedwest.de\/maerz-2025\/wp-json\/wp\/v2\/users\/1"}],"replies":[{"embeddable":true,"href":"https:\/\/magazin.ikk-suedwest.de\/maerz-2025\/wp-json\/wp\/v2\/comments?post=8006"}],"version-history":[{"count":10,"href":"https:\/\/magazin.ikk-suedwest.de\/maerz-2025\/wp-json\/wp\/v2\/posts\/8006\/revisions"}],"predecessor-version":[{"id":8781,"href":"https:\/\/magazin.ikk-suedwest.de\/maerz-2025\/wp-json\/wp\/v2\/posts\/8006\/revisions\/8781"}],"wp:featuredmedia":[{"embeddable":true,"href":"https:\/\/magazin.ikk-suedwest.de\/maerz-2025\/wp-json\/wp\/v2\/media\/8117"}],"wp:attachment":[{"href":"https:\/\/magazin.ikk-suedwest.de\/maerz-2025\/wp-json\/wp\/v2\/media?parent=8006"}],"wp:term":[{"taxonomy":"category","embeddable":true,"href":"https:\/\/magazin.ikk-suedwest.de\/maerz-2025\/wp-json\/wp\/v2\/categories?post=8006"},{"taxonomy":"post_tag","embeddable":true,"href":"https:\/\/magazin.ikk-suedwest.de\/maerz-2025\/wp-json\/wp\/v2\/tags?post=8006"}],"curies":[{"name":"wp","href":"https:\/\/api.w.org\/{rel}","templated":true}]}}