{"id":8126,"date":"2025-02-10T18:00:00","date_gmt":"2025-02-10T17:00:00","guid":{"rendered":"https:\/\/magazin.ikk-suedwest.de\/februar-2025\/?p=8126"},"modified":"2025-02-20T10:23:50","modified_gmt":"2025-02-20T09:23:50","slug":"aufgeben-ist-keine-option","status":"publish","type":"post","link":"https:\/\/magazin.ikk-suedwest.de\/maerz-2025\/aufgeben-ist-keine-option\/","title":{"rendered":"\u201eAufgeben ist keine Option\u201c"},"content":{"rendered":"<div class=\"shariff shariff-align-left shariff-widget-align-left\"><ul class=\"shariff-buttons theme-round orientation-horizontal buttonsize-medium\"><li class=\"shariff-button facebook shariff-nocustomcolor\" style=\"background-color:#4273c8\"><a href=\"https:\/\/www.facebook.com\/sharer\/sharer.php?u=https%3A%2F%2Fmagazin.ikk-suedwest.de%2Fmaerz-2025%2Faufgeben-ist-keine-option%2F\" title=\"Bei Facebook teilen\" aria-label=\"Bei Facebook teilen\" role=\"button\" rel=\"nofollow\" class=\"shariff-link\" style=\"; background-color:#3b5998; color:#fff\" target=\"_blank\"><span class=\"shariff-icon\" style=\"\"><svg width=\"32px\" height=\"20px\" xmlns=\"http:\/\/www.w3.org\/2000\/svg\" viewBox=\"0 0 18 32\"><path fill=\"#3b5998\" d=\"M17.1 0.2v4.7h-2.8q-1.5 0-2.1 0.6t-0.5 1.9v3.4h5.2l-0.7 5.3h-4.5v13.6h-5.5v-13.6h-4.5v-5.3h4.5v-3.9q0-3.3 1.9-5.2t5-1.8q2.6 0 4.1 0.2z\"\/><\/svg><\/span><\/a><\/li><li class=\"shariff-button whatsapp shariff-nocustomcolor\" style=\"background-color:#5cbe4a\"><a href=\"https:\/\/api.whatsapp.com\/send?text=https%3A%2F%2Fmagazin.ikk-suedwest.de%2Fmaerz-2025%2Faufgeben-ist-keine-option%2F%20%E2%80%9EAufgeben%20ist%20keine%20Option%E2%80%9C\" title=\"Bei Whatsapp teilen\" aria-label=\"Bei Whatsapp teilen\" role=\"button\" rel=\"noopener nofollow\" class=\"shariff-link\" style=\"; background-color:#34af23; color:#fff\" target=\"_blank\"><span class=\"shariff-icon\" style=\"\"><svg width=\"32px\" height=\"20px\" xmlns=\"http:\/\/www.w3.org\/2000\/svg\" viewBox=\"0 0 32 32\"><path fill=\"#34af23\" d=\"M17.6 17.4q0.2 0 1.7 0.8t1.6 0.9q0 0.1 0 0.3 0 0.6-0.3 1.4-0.3 0.7-1.3 1.2t-1.8 0.5q-1 0-3.4-1.1-1.7-0.8-3-2.1t-2.6-3.3q-1.3-1.9-1.3-3.5v-0.1q0.1-1.6 1.3-2.8 0.4-0.4 0.9-0.4 0.1 0 0.3 0t0.3 0q0.3 0 0.5 0.1t0.3 0.5q0.1 0.4 0.6 1.6t0.4 1.3q0 0.4-0.6 1t-0.6 0.8q0 0.1 0.1 0.3 0.6 1.3 1.8 2.4 1 0.9 2.7 1.8 0.2 0.1 0.4 0.1 0.3 0 1-0.9t0.9-0.9zM14 26.9q2.3 0 4.3-0.9t3.6-2.4 2.4-3.6 0.9-4.3-0.9-4.3-2.4-3.6-3.6-2.4-4.3-0.9-4.3 0.9-3.6 2.4-2.4 3.6-0.9 4.3q0 3.6 2.1 6.6l-1.4 4.2 4.3-1.4q2.8 1.9 6.2 1.9zM14 2.2q2.7 0 5.2 1.1t4.3 2.9 2.9 4.3 1.1 5.2-1.1 5.2-2.9 4.3-4.3 2.9-5.2 1.1q-3.5 0-6.5-1.7l-7.4 2.4 2.4-7.2q-1.9-3.2-1.9-6.9 0-2.7 1.1-5.2t2.9-4.3 4.3-2.9 5.2-1.1z\"\/><\/svg><\/span><\/a><\/li><li class=\"shariff-button mailto shariff-nocustomcolor\" style=\"background-color:#a8a8a8\"><a href=\"mailto:?body=https%3A%2F%2Fmagazin.ikk-suedwest.de%2Fmaerz-2025%2Faufgeben-ist-keine-option%2F&subject=%E2%80%9EAufgeben%20ist%20keine%20Option%E2%80%9C\" title=\"Per E-Mail versenden\" aria-label=\"Per E-Mail versenden\" role=\"button\" rel=\"noopener nofollow\" class=\"shariff-link\" style=\"; background-color:#999; color:#fff\"><span class=\"shariff-icon\" style=\"\"><svg width=\"32px\" height=\"20px\" xmlns=\"http:\/\/www.w3.org\/2000\/svg\" viewBox=\"0 0 32 32\"><path fill=\"#999\" d=\"M32 12.7v14.2q0 1.2-0.8 2t-2 0.9h-26.3q-1.2 0-2-0.9t-0.8-2v-14.2q0.8 0.9 1.8 1.6 6.5 4.4 8.9 6.1 1 0.8 1.6 1.2t1.7 0.9 2 0.4h0.1q0.9 0 2-0.4t1.7-0.9 1.6-1.2q3-2.2 8.9-6.1 1-0.7 1.8-1.6zM32 7.4q0 1.4-0.9 2.7t-2.2 2.2q-6.7 4.7-8.4 5.8-0.2 0.1-0.7 0.5t-1 0.7-0.9 0.6-1.1 0.5-0.9 0.2h-0.1q-0.4 0-0.9-0.2t-1.1-0.5-0.9-0.6-1-0.7-0.7-0.5q-1.6-1.1-4.7-3.2t-3.6-2.6q-1.1-0.7-2.1-2t-1-2.5q0-1.4 0.7-2.3t2.1-0.9h26.3q1.2 0 2 0.8t0.9 2z\"\/><\/svg><\/span><\/a><\/li><\/ul><\/div>\n\n\n\n<figure class=\"wp-block-image size-large\" style=\"margin-top: 0px;\"><img loading=\"lazy\" decoding=\"async\" width=\"1024\" height=\"684\" src=\"https:\/\/magazin.ikk-suedwest.de\/februar-2025\/wp-content\/uploads\/sites\/13\/2025\/02\/ikk_fm_2501_s12_matthias_maurer_cae-1024x684.jpg\" alt=\"\" class=\"wp-image-8128\" srcset=\"https:\/\/magazin.ikk-suedwest.de\/maerz-2025\/wp-content\/uploads\/sites\/13\/2025\/02\/ikk_fm_2501_s12_matthias_maurer_cae-1024x684.jpg 1024w, https:\/\/magazin.ikk-suedwest.de\/maerz-2025\/wp-content\/uploads\/sites\/13\/2025\/02\/ikk_fm_2501_s12_matthias_maurer_cae-300x200.jpg 300w, https:\/\/magazin.ikk-suedwest.de\/maerz-2025\/wp-content\/uploads\/sites\/13\/2025\/02\/ikk_fm_2501_s12_matthias_maurer_cae-768x513.jpg 768w, https:\/\/magazin.ikk-suedwest.de\/maerz-2025\/wp-content\/uploads\/sites\/13\/2025\/02\/ikk_fm_2501_s12_matthias_maurer_cae-370x247.jpg 370w, https:\/\/magazin.ikk-suedwest.de\/maerz-2025\/wp-content\/uploads\/sites\/13\/2025\/02\/ikk_fm_2501_s12_matthias_maurer_cae-270x180.jpg 270w, https:\/\/magazin.ikk-suedwest.de\/maerz-2025\/wp-content\/uploads\/sites\/13\/2025\/02\/ikk_fm_2501_s12_matthias_maurer_cae-570x381.jpg 570w, https:\/\/magazin.ikk-suedwest.de\/maerz-2025\/wp-content\/uploads\/sites\/13\/2025\/02\/ikk_fm_2501_s12_matthias_maurer_cae-749x500.jpg 749w, https:\/\/magazin.ikk-suedwest.de\/maerz-2025\/wp-content\/uploads\/sites\/13\/2025\/02\/ikk_fm_2501_s12_matthias_maurer_cae-740x494.jpg 740w, https:\/\/magazin.ikk-suedwest.de\/maerz-2025\/wp-content\/uploads\/sites\/13\/2025\/02\/ikk_fm_2501_s12_matthias_maurer_cae.jpg 1225w\" sizes=\"auto, (max-width: 1024px) 100vw, 1024px\" \/><\/figure>\n\n\n\n<h1 class=\"wp-block-heading\"><strong>\u201eAufgeben ist keine Option\u201c<\/strong><\/h1>\n\n\n\n<p class=\"has-gridlove-acc-color has-text-color has-link-color has-medium-font-size wp-elements-7fdfe27ca99f5a35136c82c5915e8727 wp-block-paragraph\">V\u00f6llig losgel\u00f6st von der Erde: 177 Tage schwebte Matthias Maurer (54) mit der Internationalen Raumstation ISS durch die dunklen Weiten des Weltraums, um in 400 Kilometern H\u00f6he mehr als 150 wissenschaftliche Experimente durchzufu\u0308hren. Im Interview spricht der Astronaut u\u0308ber seinen Alltag im All, das Betriebsklima an Bord, seine saarl\u00e4ndische Heimat und sein spezielles Fitnesstraining in der Schwerelosigkeit. <\/p>\n\n\n\n<p class=\"has-gridlove-acc-color has-text-color has-link-color wp-elements-50c7091789a82fbec4ddca6b27f6d17b wp-block-paragraph\"><em>Herr Maurer, wohl jedes Kind tr\u00e4umt davon, eines Tages durchs Weltall zu fliegen. Warum wollten auch Sie in jungen Jahren schon Astronaut werden? <\/em><\/p>\n\n\n\n<p class=\"wp-block-paragraph\"><strong>Matthias Maurer: <\/strong>Mein Berufswunsch war eher Du\u0308senj\u00e4gerpilot. Damals waren in meiner saarl\u00e4ndischen Heimat, dem St. Wendeler Land, sehr viele \u00dcberschall-Jets am Himmel unterwegs. So ein schnelles Flugzeug selbst zu steuern und die Welt von oben zu bestaunen, das hat mich schon als Kind ungemein fasziniert. Aber als Astronaut zu den Sternen zu fliegen? Davon habe ich nicht mal zu tr\u00e4umen gewagt. Ich dachte immer, das ist nur Superhelden vorbehalten.<\/p>\n\n\n\n<p class=\"has-gridlove-acc-color has-text-color has-link-color wp-elements-896e5610dfb4e50101b10675cbbb5ade wp-block-paragraph\"><em>Welche Superhelden-Eigenschaften muss man denn tats\u00e4chlich mitbringen, um im Auswahlverfahren gegen 8.500 Bewerber das Rennen zu machen?<\/em><\/p>\n\n\n\n<p class=\"wp-block-paragraph\">Fu\u0308r Weltraummissionen werden keine tollku\u0308hnen Testpiloten gesucht, sondern Wissenschaftler, die Spa\u00df an der Technik haben und sich gut in ein internationales Team einfu\u0308gen. Diesem Profil entsprach ich nach Ansicht der Weltraumbeh\u00f6rde ESA offensichtlich recht gut. Ich habe in vielen L\u00e4ndern studiert, spreche sieben Sprachen und komme generell gut mit Menschen klar, selbst wenn sie aus unterschiedlichsten Kulturkreisen stammen. Hinzu kommt, dass ich nicht nur auf ein einziges Spezialgebiet fokussiert bin, sondern fachlich recht breit aufgestellt bin.<\/p>\n\n\n\n<p class=\"has-gridlove-acc-color has-text-color has-link-color wp-elements-98a48d00957ce9725b170aa57fffcbce wp-block-paragraph\"><em>Bevor Sie am 11. November 2021 vom Kennedy Space Center in Florida Richtung Weltall abhoben, wurden Sie von der ESA u\u0308ber viele Monate in speziellen Survival-Camps auf Ihre Mission vorbereitet. Training in einer H\u00f6hle, unter Wasser, in Eisesk\u00e4lte, auf dem Meer. Gab es Momente, in denen Sie ans Aufgeben dachten?<\/em><\/p>\n\n\n\n<p class=\"wp-block-paragraph\">Aufgeben ist generell keine Option fu\u0308r mich. Wenn ich etwas beginne, dann versuche ich auch, es bis zum Ende durchzuziehen. Und wenn es hart auf hart kommt, bei\u00dfe ich mich durch. Es sei denn, es besteht Gefahr fu\u0308r Leib und Leben. Dann ist es klug, im richtigen Moment innezuhalten und die Mission abzubrechen. Was die Survival Camps betrifft: Natu\u0308rlich gab es Extremsituationen, in denen wir an unsere Limits gefu\u0308hrt wurden \u2013 und daru\u0308ber hinaus. Sinn und Zweck dieser Trainings ist ja, im Notfallmodus nicht panisch oder hilflos zu agieren, sondern sicher, selbstbewusst und souver\u00e4n die Situation zu meistern.<\/p>\n\n\n\n<figure class=\"wp-block-image size-full\"><img loading=\"lazy\" decoding=\"async\" width=\"620\" height=\"328\" src=\"https:\/\/magazin.ikk-suedwest.de\/februar-2025\/wp-content\/uploads\/sites\/13\/2025\/02\/ikk_fm_2501_beitragsbild_s14_matthias_maurer_cae.jpg\" alt=\"\" class=\"wp-image-8207\" srcset=\"https:\/\/magazin.ikk-suedwest.de\/maerz-2025\/wp-content\/uploads\/sites\/13\/2025\/02\/ikk_fm_2501_beitragsbild_s14_matthias_maurer_cae.jpg 620w, https:\/\/magazin.ikk-suedwest.de\/maerz-2025\/wp-content\/uploads\/sites\/13\/2025\/02\/ikk_fm_2501_beitragsbild_s14_matthias_maurer_cae-300x159.jpg 300w, https:\/\/magazin.ikk-suedwest.de\/maerz-2025\/wp-content\/uploads\/sites\/13\/2025\/02\/ikk_fm_2501_beitragsbild_s14_matthias_maurer_cae-370x196.jpg 370w, https:\/\/magazin.ikk-suedwest.de\/maerz-2025\/wp-content\/uploads\/sites\/13\/2025\/02\/ikk_fm_2501_beitragsbild_s14_matthias_maurer_cae-270x143.jpg 270w, https:\/\/magazin.ikk-suedwest.de\/maerz-2025\/wp-content\/uploads\/sites\/13\/2025\/02\/ikk_fm_2501_beitragsbild_s14_matthias_maurer_cae-570x302.jpg 570w\" sizes=\"auto, (max-width: 620px) 100vw, 620px\" \/><\/figure>\n\n\n\n<p class=\"has-gridlove-acc-color has-text-color has-link-color wp-elements-8feefe9f06e938341f9569303bc6d55e wp-block-paragraph\"><em>Gab es mentale \u00dcbungen, mit denen Sie sich auf Ihr Weltraumabenteuer vorbereiten konnten?<\/em><\/p>\n\n\n\n<p class=\"wp-block-paragraph\">Es ist immens wichtig, sich mental auf die verschiedenen Eins\u00e4tze vorzubereiten. Insbesondere den Weltraumspaziergang habe ich im Vorfeld x-mal geu\u0308bt, bin jeden Handgriff in Gedanken durchgegangen. Gerade in Extremsituationen kann es u\u0308berlebenswichtig sein, gelassen zu bleiben und einen ku\u0308hlen Kopf zu bewahren. Und wenn ich ein besonders schwieriges, scheinbar unu\u0308berwindliches Projekt vor der Brust habe, dann erstarre ich nicht vor Ehrfurcht, sondern fokussiere mich \u2013 wie beim Treppensteigen \u2013 auf die vielen kleinen Schritte, die mich letztendlich zum Ziel fu\u0308hren.<\/p>\n\n\n\n<p class=\"has-gridlove-acc-color has-text-color has-link-color wp-elements-adf913e1abd6e291fbb1a927874cad2b wp-block-paragraph\"><em>Wie fit und sportlich muss ein Astronaut sein \u2013 auf der Erde und im Orbit?<\/em><\/p>\n\n\n\n<p class=\"wp-block-paragraph\">Zum Glu\u0308ck erwartet niemand von uns, dass wir eine Goldmedaille bei Olympia holen, aber eine stabile Fitness, Beweglichkeit und Kondition sollte ein Astronaut mitbringen. Ich selbst treibe nahezu t\u00e4glich Sport, gehe schwimmen, laufen, Rad fahren oder schwitze im Fitnessstudio. Fu\u0308r unsere Weltraummissionen ist k\u00f6rperliche Fitness elementar, da sich aufgrund der Schwerelosigkeit im All unsere Muskeln schneller zuru\u0308ckbilden und die Knochen rasch bru\u0308chig werden. Um diesem Ph\u00e4nomen entgegenzuwirken, treiben wir auch im Weltall Sport \u2013 Laufband, Fahrrad, Kraftsport \u2013, mindestens zwei Stunden t\u00e4glich.<\/p>\n\n\n\n<p class=\"has-gridlove-acc-color has-text-color has-link-color wp-elements-3b653a400c812463ae8de35b5972ed97 wp-block-paragraph\"><em>Und zuru\u0308ck auf der Erde? Achten Sie hier ebenfalls auf einen gesunden Lebensstil?<\/em><\/p>\n\n\n\n<p class=\"wp-block-paragraph\">Absolut. Ich ern\u00e4hre mich bewusst, verzichte weitgehend auf Su\u0308\u00dfigkeiten, nehme stattdessen viele Vitamine, Mineralien und Ballaststoffe zu mir. Alkohol habe ich auf ein Minimum reduziert und sorge fu\u0308r acht Stunden gesunden Schlaf, um mit Elan und guter Laune in den neuen Tag zu starten.<\/p>\n\n\n\n<div style=\"height:10px\" aria-hidden=\"true\" class=\"wp-block-spacer\"><\/div>\n\n\n\n<div class=\"wp-block-columns are-vertically-aligned-top is-layout-flex wp-container-core-columns-is-layout-8f761849 wp-block-columns-is-layout-flex\">\n<div class=\"wp-block-column is-vertically-aligned-top is-layout-flow wp-block-column-is-layout-flow\">\n<figure class=\"wp-block-image size-full is-resized\"><img loading=\"lazy\" decoding=\"async\" width=\"209\" height=\"320\" src=\"https:\/\/magazin.ikk-suedwest.de\/februar-2025\/wp-content\/uploads\/sites\/13\/2025\/02\/ikk_fm_2501_beitragsbild_s14_maurer_buch_cae.png\" alt=\"\" class=\"wp-image-8129\" style=\"width:300px\" srcset=\"https:\/\/magazin.ikk-suedwest.de\/maerz-2025\/wp-content\/uploads\/sites\/13\/2025\/02\/ikk_fm_2501_beitragsbild_s14_maurer_buch_cae.png 209w, https:\/\/magazin.ikk-suedwest.de\/maerz-2025\/wp-content\/uploads\/sites\/13\/2025\/02\/ikk_fm_2501_beitragsbild_s14_maurer_buch_cae-196x300.png 196w\" sizes=\"auto, (max-width: 209px) 100vw, 209px\" \/><\/figure>\n<\/div>\n\n\n\n<div class=\"wp-block-column is-vertically-aligned-top is-layout-flow wp-block-column-is-layout-flow\">\n<div class=\"wp-block-group is-vertical is-layout-flex wp-container-core-group-is-layout-4fc3f8e1 wp-block-group-is-layout-flex\">\n<p class=\"has-gridlove-acc-color has-text-color has-link-color wp-elements-f36873c946eae36ee3e4636725676fa2 wp-block-paragraph\"><em>In Ihrem Buch \u201eCosmic Kiss\u201c beschreiben Sie auch brenzlige Situationen, beispielsweise Ihren Au\u00dfenbordeinsatz in der Schwerelosigkeit. Einfach die Luke \u00f6ffnen und ins dunkle Nichts hinausklettern. Da braucht es sicher starke Nerven. Hatten Sie denn gar keine Angst?<\/em><\/p>\n\n\n\n<p class=\"wp-block-paragraph\">Angst nicht, aber Respekt vor der Situation. Ich bin kein Superheld,  sondern ein ganz normaler Mensch, der gelernt hat, Risiken pr\u00e4zise einzusch\u00e4tzen. Seit den Survival Camps ist mir jedoch bewusst, dass ich deutlich mehr leisten kann, als ich mir selbst je zugetraut h\u00e4tte. Vieles ist einfach nur Kopfsache. Wenn du die inneren Barrieren, Blockaden und Bedenken zur Seite schiebst, kannst du \u00fcber dich hinauswachsen.&nbsp;<\/p>\n<\/div>\n<\/div>\n<\/div>\n\n\n\n<div style=\"height:50px\" aria-hidden=\"true\" class=\"wp-block-spacer\"><\/div>\n\n\n\n<p class=\"has-gridlove-acc-color has-text-color has-link-color wp-elements-b7c5bf415e3e30de8380a3929e8dc037 wp-block-paragraph\"><em>Wie k\u00f6nnen wir uns den Alltag im All vorstellen?<\/em><\/p>\n\n\n\n<p class=\"wp-block-paragraph\">Nach acht Stunden Schlaf im fest verankerten Schlafsack verlassen wir gegen sechs Uhr morgens unsere Kojen. Nach Fru\u0308hstu\u0308ck und K\u00f6rperpflege trifft sich die Crew um 7.30 Uhr zur ersten Lagebesprechung mit den Bodenkontrollen der jeweiligen Weltraumbeh\u00f6rde. Jeder erh\u00e4lt einen festen Stundenplan, der Tag ist bis 19.30 Uhr komplett durchgetaktet. Zwischendrin gibt es eine Stunde Mittagspause und zwei Stunden Sport. Samstag ist unser gemeinsamer gro\u00dfer Putztag, die Sonntage sind frei.<\/p>\n\n\n\n<p class=\"has-gridlove-acc-color has-text-color has-link-color wp-elements-9c435a84bc7d848fee21aaa5fdff39c8 wp-block-paragraph\"><em>177 Tage und N\u00e4chte mit bis zu elf Kollegen gemeinsam auf engstem Raum. Da ist \u2013 wie wohl in  jeder Firma \u2013 Teamgeist gefragt. Wie sorgt man da fu\u0308r ein gutes Betriebsklima?<\/em><\/p>\n\n\n\n<p class=\"wp-block-paragraph\">Wir Astronauten werden zwar aus unterschiedlichen Nationen und Kulturkreisen zusammengewu\u0308rfelt, sind aber als Wissenschaftler grunds\u00e4tzlich aus dem gleichen Holz geschnitzt. Hinzu kommt, dass wir uns gemeinsam auf die Mission vorbereitet haben und uns daher bereits sehr gut kennen. Das schwei\u00dft natu\u0308rlich zusammen. Nichtsdestotrotz kann es auf solch beengtem Raum auch mal zu Reibereien und Missverst\u00e4ndnissen kommen. Um solche Konflikte zu l\u00f6sen, haben wir vorab auf der Erde spezielle Verhaltensprogramme durchlaufen. Dabei ging es vor allem darum, sich auch mal selbst zu hinterfragen, anstatt gleich mit dem Finger auf sein Gegenu\u0308ber zu zeigen. Klare, ehrliche, unmissverst\u00e4ndliche Kommunikation ist das A und O. Daher haben wir regelm\u00e4\u00dfig zusammengesessen und ganz offen ausgesprochen, was uns an dem einen oder anderen Crew-Mitglied st\u00f6rt. Das war u\u0308beraus erhellend und hat uns als Team vorangebracht. Tats\u00e4chlich hatten wir  ein ausgesprochen freundschaftliches, fast famili\u00e4res Verh\u00e4ltnis zueinander entwickelt. Die NASA meinte im Nachhinein, wir w\u00e4ren mit Abstand die harmonischste und glu\u0308cklichste Crew gewesen, die sie jemals auf der ISS erlebt h\u00e4tte.<\/p>\n\n\n\n<p class=\"has-gridlove-acc-color has-text-color has-link-color wp-elements-68c3f7422044e90067f82655cd9ea00b wp-block-paragraph\"><em>Was haben Sie auf der Weltraumstation am meisten vermisst?<\/em><\/p>\n\n\n\n<p class=\"wp-block-paragraph\">Freunde und Familie habe ich nur bedingt vermisst, da wir regelm\u00e4\u00dfigen Funk- und Videokontakt hatten. Was ich vermisst habe, das waren die vielen Selbstverst\u00e4ndlichkeiten des irdischen Alltags. Zur Tu\u0308r rausgehen, durch den Wald spazieren, Wind und Wetter zu spu\u0308ren, die frische Luft zu atmen, frisches Obst oder Brot zu essen, im Restaurant die Speisekarte in die Hand zu nehmen und das zu bestellen, worauf man gerade Lust hat. All das wei\u00dft du erst zu sch\u00e4tzen, wenn es dir fehlt.<\/p>\n\n\n\n<p class=\"has-gridlove-acc-color has-text-color has-link-color wp-elements-c450cc7f8e06ad669085c8cb6ba248a4 wp-block-paragraph\"><em>Sie hatten eine Saarland-Flagge und sogar ein paar saarl\u00e4ndische Gerichte mit an Bord. Da kam bestimmt Heimweh auf \u2026 Was verbindet Sie mit Ihrer alten Heimat?<\/em><\/p>\n\n\n\n<p class=\"wp-block-paragraph\">Ich bin mit Leib und Seele Saarl\u00e4nder \u2013 und natu\u0308rlich schl\u00e4gt mein Herz fu\u0308r meine Heimat. Ich liebe die franz\u00f6sische Lebensart, das Miteinander, die offene, freundliche, hilfsbereite Art der Menschen im Saarland. Natu\u0308rlich bin ich auch regelm\u00e4\u00dfig dort, um meine Familie und Freunde zu besuchen.<\/p>\n\n\n\n<p class=\"has-gridlove-acc-color has-text-color has-link-color wp-elements-383e44a88c602cda573e3dc690d3ff11 wp-block-paragraph\"><em>Sie haben die Erde t\u00e4glich 16-mal umkreist \u2013 mit einer Geschwindigkeit von 28.000 km\/h. Dabei erlebten Sie alle 90 Minuten einen Sonnenaufgang. Blickt man von dort oben mit anderen Augen auf  das Weltgeschehen?<\/em><\/p>\n\n\n\n<p class=\"wp-block-paragraph\">Absolut! Aus der Ferne erkennt man keine Staatsgrenzen, auf den ersten Blick sieht man nur diesen unglaublich faszinierenden, wundersch\u00f6nen, blauen Planeten. Beim genaueren Hinsehen fallen jedoch die Narben und Wunden auf, die wir Menschen der Erde zufu\u0308gen. Riesige Rauchs\u00e4ulen u\u0308ber dem Amazonas, wo die Regenw\u00e4lder niedergebrannt werden. Wu\u0308stengebiete, die sich durch die Klimakrise immer weiter ausbreiten. M\u00e4chtige Krater und zerst\u00f6rte Landschaften, weil der Mensch nach Rohstoffen giert. Ich wu\u0308rde mir wu\u0308nschen, dass unsere Spezies diesen Planeten nicht weiter zerst\u00f6rt und ausbeutet, sondern ihn als kostbaren, schu\u0308tzenswerten Schatz betrachtet.<\/p>\n\n\n\n<figure class=\"wp-block-image size-full\"><img loading=\"lazy\" decoding=\"async\" width=\"620\" height=\"328\" src=\"https:\/\/magazin.ikk-suedwest.de\/februar-2025\/wp-content\/uploads\/sites\/13\/2025\/02\/ikk_fm_2501_beitragsbild_s15_matthias_maurer_all_cae.jpg\" alt=\"\" class=\"wp-image-8206\" srcset=\"https:\/\/magazin.ikk-suedwest.de\/maerz-2025\/wp-content\/uploads\/sites\/13\/2025\/02\/ikk_fm_2501_beitragsbild_s15_matthias_maurer_all_cae.jpg 620w, https:\/\/magazin.ikk-suedwest.de\/maerz-2025\/wp-content\/uploads\/sites\/13\/2025\/02\/ikk_fm_2501_beitragsbild_s15_matthias_maurer_all_cae-300x159.jpg 300w, https:\/\/magazin.ikk-suedwest.de\/maerz-2025\/wp-content\/uploads\/sites\/13\/2025\/02\/ikk_fm_2501_beitragsbild_s15_matthias_maurer_all_cae-370x196.jpg 370w, https:\/\/magazin.ikk-suedwest.de\/maerz-2025\/wp-content\/uploads\/sites\/13\/2025\/02\/ikk_fm_2501_beitragsbild_s15_matthias_maurer_all_cae-270x143.jpg 270w, https:\/\/magazin.ikk-suedwest.de\/maerz-2025\/wp-content\/uploads\/sites\/13\/2025\/02\/ikk_fm_2501_beitragsbild_s15_matthias_maurer_all_cae-570x302.jpg 570w\" sizes=\"auto, (max-width: 620px) 100vw, 620px\" \/><\/figure>\n\n\n\n<p class=\"has-gridlove-acc-color has-text-color has-link-color wp-elements-3f3111b3201c71c18507a87c17146be9 wp-block-paragraph\"><em>Welche Momente sind Ihnen in Ihrer Zeit im Weltraum besonders in Erinnerung geblieben?<\/em><\/p>\n\n\n\n<p class=\"wp-block-paragraph\">Sehr bedru\u0308ckend war der Ausbruch des Ukraine-Kriegs. Wir sahen von oben die Bomben, Lichtblitze und Rauchs\u00e4ulen, das Leid der Menschen lie\u00df sich aus der Entfernung nur erahnen. Hinzu kamen gef\u00e4hrliche Situationen, als beispielsweise die Russen einen Satelliten in unmittelbarer N\u00e4he abschossen und uns die vielen Tausend Tru\u0308mmerteile um die Ohren flogen. Natu\u0308rlich gab es auch wirklich sch\u00f6ne Momente wie unser gemeinsames Weihnachtsfest oder meine Geburtstagsfeier, bei der wir alle gemeinsam getanzt und viel gelacht haben.<\/p>\n\n\n\n<p class=\"has-gridlove-acc-color has-text-color has-link-color wp-elements-aa9d09fe54ca42c544dd95b0ddf0618c wp-block-paragraph\"><em>Sie unterstu\u0308tzen als Botschafter die Stiftung KinderHerz. Warum?<\/em><\/p>\n\n\n\n<p class=\"wp-block-paragraph\">Kinder, die einen Herzfehler haben, ben\u00f6tigen nicht nur medizinische, sondern auch mentale Unterstu\u0308tzung. Ich m\u00f6chte den jungen Menschen vermitteln, dass man selbst mit einem vermeintlichen Handicap ungemein viel erreichen und Tr\u00e4ume wahr machen kann. Diesen positiven Gedanken m\u00f6chte ich verst\u00e4rken. Und mit meinem Weltraumflug konnte ich konkret dazu beitragen. So erforschten wir auf unserer Mission neue Materialien mit keimfreien Oberfl\u00e4chen. Diese Technologie scheint tats\u00e4chlich geeignet, um daraus ku\u0308nftig Implantate fu\u0308r Kinderherzen herzustellen.<\/p>\n\n\n\n<div style=\"height:15px\" aria-hidden=\"true\" class=\"wp-block-spacer\"><\/div>\n\n\n\n<div class=\"wp-block-group has-gridlove-txt-color has-text-color has-link-color wp-elements-af65e427060d344a63ef65c9a9ff6598 is-layout-constrained wp-block-group-is-layout-constrained\">\n<div class=\"wp-block-group is-layout-constrained wp-block-group-is-layout-constrained\"><div class=\"shariff shariff-align-left shariff-widget-align-left\"><ul class=\"shariff-buttons theme-round orientation-horizontal buttonsize-medium\"><li class=\"shariff-button facebook shariff-nocustomcolor\" style=\"background-color:#4273c8\"><a href=\"https:\/\/www.facebook.com\/sharer\/sharer.php?u=https%3A%2F%2Fmagazin.ikk-suedwest.de%2Fmaerz-2025%2Faufgeben-ist-keine-option%2F\" title=\"Bei Facebook teilen\" aria-label=\"Bei Facebook teilen\" role=\"button\" rel=\"nofollow\" class=\"shariff-link\" style=\"; background-color:#3b5998; color:#fff\" target=\"_blank\"><span class=\"shariff-icon\" style=\"\"><svg width=\"32px\" height=\"20px\" xmlns=\"http:\/\/www.w3.org\/2000\/svg\" viewBox=\"0 0 18 32\"><path fill=\"#3b5998\" d=\"M17.1 0.2v4.7h-2.8q-1.5 0-2.1 0.6t-0.5 1.9v3.4h5.2l-0.7 5.3h-4.5v13.6h-5.5v-13.6h-4.5v-5.3h4.5v-3.9q0-3.3 1.9-5.2t5-1.8q2.6 0 4.1 0.2z\"\/><\/svg><\/span><\/a><\/li><li class=\"shariff-button whatsapp shariff-nocustomcolor\" style=\"background-color:#5cbe4a\"><a href=\"https:\/\/api.whatsapp.com\/send?text=https%3A%2F%2Fmagazin.ikk-suedwest.de%2Fmaerz-2025%2Faufgeben-ist-keine-option%2F%20%E2%80%9EAufgeben%20ist%20keine%20Option%E2%80%9C\" title=\"Bei Whatsapp teilen\" aria-label=\"Bei Whatsapp teilen\" role=\"button\" rel=\"noopener nofollow\" class=\"shariff-link\" style=\"; background-color:#34af23; color:#fff\" target=\"_blank\"><span class=\"shariff-icon\" style=\"\"><svg width=\"32px\" height=\"20px\" xmlns=\"http:\/\/www.w3.org\/2000\/svg\" viewBox=\"0 0 32 32\"><path fill=\"#34af23\" d=\"M17.6 17.4q0.2 0 1.7 0.8t1.6 0.9q0 0.1 0 0.3 0 0.6-0.3 1.4-0.3 0.7-1.3 1.2t-1.8 0.5q-1 0-3.4-1.1-1.7-0.8-3-2.1t-2.6-3.3q-1.3-1.9-1.3-3.5v-0.1q0.1-1.6 1.3-2.8 0.4-0.4 0.9-0.4 0.1 0 0.3 0t0.3 0q0.3 0 0.5 0.1t0.3 0.5q0.1 0.4 0.6 1.6t0.4 1.3q0 0.4-0.6 1t-0.6 0.8q0 0.1 0.1 0.3 0.6 1.3 1.8 2.4 1 0.9 2.7 1.8 0.2 0.1 0.4 0.1 0.3 0 1-0.9t0.9-0.9zM14 26.9q2.3 0 4.3-0.9t3.6-2.4 2.4-3.6 0.9-4.3-0.9-4.3-2.4-3.6-3.6-2.4-4.3-0.9-4.3 0.9-3.6 2.4-2.4 3.6-0.9 4.3q0 3.6 2.1 6.6l-1.4 4.2 4.3-1.4q2.8 1.9 6.2 1.9zM14 2.2q2.7 0 5.2 1.1t4.3 2.9 2.9 4.3 1.1 5.2-1.1 5.2-2.9 4.3-4.3 2.9-5.2 1.1q-3.5 0-6.5-1.7l-7.4 2.4 2.4-7.2q-1.9-3.2-1.9-6.9 0-2.7 1.1-5.2t2.9-4.3 4.3-2.9 5.2-1.1z\"\/><\/svg><\/span><\/a><\/li><li class=\"shariff-button mailto shariff-nocustomcolor\" style=\"background-color:#a8a8a8\"><a href=\"mailto:?body=https%3A%2F%2Fmagazin.ikk-suedwest.de%2Fmaerz-2025%2Faufgeben-ist-keine-option%2F&subject=%E2%80%9EAufgeben%20ist%20keine%20Option%E2%80%9C\" title=\"Per E-Mail versenden\" aria-label=\"Per E-Mail versenden\" role=\"button\" rel=\"noopener nofollow\" class=\"shariff-link\" style=\"; background-color:#999; color:#fff\"><span class=\"shariff-icon\" style=\"\"><svg width=\"32px\" height=\"20px\" xmlns=\"http:\/\/www.w3.org\/2000\/svg\" viewBox=\"0 0 32 32\"><path fill=\"#999\" d=\"M32 12.7v14.2q0 1.2-0.8 2t-2 0.9h-26.3q-1.2 0-2-0.9t-0.8-2v-14.2q0.8 0.9 1.8 1.6 6.5 4.4 8.9 6.1 1 0.8 1.6 1.2t1.7 0.9 2 0.4h0.1q0.9 0 2-0.4t1.7-0.9 1.6-1.2q3-2.2 8.9-6.1 1-0.7 1.8-1.6zM32 7.4q0 1.4-0.9 2.7t-2.2 2.2q-6.7 4.7-8.4 5.8-0.2 0.1-0.7 0.5t-1 0.7-0.9 0.6-1.1 0.5-0.9 0.2h-0.1q-0.4 0-0.9-0.2t-1.1-0.5-0.9-0.6-1-0.7-0.7-0.5q-1.6-1.1-4.7-3.2t-3.6-2.6q-1.1-0.7-2.1-2t-1-2.5q0-1.4 0.7-2.3t2.1-0.9h26.3q1.2 0 2 0.8t0.9 2z\"\/><\/svg><\/span><\/a><\/li><\/ul><\/div>\n<\/div>\n<\/div>\n\n\n\n<p class=\"wp-block-paragraph\"><\/p>\n\n\n\n<div class=\"wp-block-buttons is-horizontal is-content-justification-left is-layout-flex wp-container-core-buttons-is-layout-39697d9b wp-block-buttons-is-layout-flex\">\n<div class=\"wp-block-button\"><a class=\"wp-block-button__link has-background wp-element-button\" href=\"javascript:history.back()\" style=\"background-color:#009de9\">Zur\u00fcck<\/a><\/div>\n<\/div>\n","protected":false},"excerpt":{"rendered":"<p>V\u00f6llig losgel\u00f6st von der Erde: 177 Tage schwebte Matthias Maurer (54) mit der Internationalen Raumstation ISS durch die dunklen Weiten des Weltraums, um in 400 Kilometern H\u00f6he mehr als 150 wissenschaftliche Experimente durchzufu\u0308hren. Im Interview spricht der Astronaut u\u0308ber seinen Alltag im All, das Betriebsklima an Bord, seine saarl\u00e4ndische Heimat und sein spezielles Fitnesstraining in der Schwerelosigkeit.<\/p>\n","protected":false},"author":1,"featured_media":8595,"comment_status":"closed","ping_status":"open","sticky":false,"template":"","format":"standard","meta":{"_acf_changed":false,"_crdt_document":"","favoriteCount":6,"footnotes":""},"categories":[59,8],"tags":[],"class_list":["post-8126","post","type-post","status-publish","format-standard","has-post-thumbnail","hentry","category-titelthema","category-topthema"],"acf":[],"yoast_head":"<!-- This site is optimized with the Yoast SEO plugin v27.4 - https:\/\/yoast.com\/product\/yoast-seo-wordpress\/ -->\n<title>\u201eAufgeben ist keine Option\u201c - M\u00e4rz 2025<\/title>\n<meta name=\"robots\" content=\"noindex, follow, max-snippet:-1, max-image-preview:large, max-video-preview:-1\" \/>\n<meta property=\"og:locale\" content=\"de_DE\" \/>\n<meta property=\"og:type\" content=\"article\" \/>\n<meta property=\"og:title\" content=\"\u201eAufgeben ist keine Option\u201c - M\u00e4rz 2025\" \/>\n<meta property=\"og:description\" content=\"V\u00f6llig losgel\u00f6st von der Erde: 177 Tage schwebte Matthias Maurer (54) mit der Internationalen Raumstation ISS durch die dunklen Weiten des Weltraums, um in 400 Kilometern H\u00f6he mehr als 150 wissenschaftliche Experimente durchzufu\u0308hren. Im Interview spricht der Astronaut u\u0308ber seinen Alltag im All, das Betriebsklima an Bord, seine saarl\u00e4ndische Heimat und sein spezielles Fitnesstraining in der Schwerelosigkeit.\" \/>\n<meta property=\"og:url\" content=\"https:\/\/magazin.ikk-suedwest.de\/maerz-2025\/aufgeben-ist-keine-option\/\" \/>\n<meta property=\"og:site_name\" content=\"M\u00e4rz 2025\" \/>\n<meta property=\"article:published_time\" content=\"2025-02-10T17:00:00+00:00\" \/>\n<meta property=\"article:modified_time\" content=\"2025-02-20T09:23:50+00:00\" \/>\n<meta property=\"og:image\" content=\"https:\/\/magazin.ikk-suedwest.de\/maerz-2025\/wp-content\/uploads\/sites\/13\/2025\/02\/ikk_onlinemagazin_titel_2501_1500x768px_rgb_cae-1.jpg\" \/>\n\t<meta property=\"og:image:width\" content=\"1500\" \/>\n\t<meta property=\"og:image:height\" content=\"768\" \/>\n\t<meta property=\"og:image:type\" content=\"image\/jpeg\" \/>\n<meta name=\"author\" content=\"fbo_master\" \/>\n<meta name=\"twitter:card\" content=\"summary_large_image\" \/>\n<meta name=\"twitter:label1\" content=\"Geschrieben von\" \/>\n\t<meta name=\"twitter:data1\" content=\"fbo_master\" \/>\n\t<meta name=\"twitter:label2\" content=\"Gesch\u00e4tzte Lesezeit\" \/>\n\t<meta name=\"twitter:data2\" content=\"10\u00a0Minuten\" \/>\n<script type=\"application\/ld+json\" class=\"yoast-schema-graph\">{\"@context\":\"https:\\\/\\\/schema.org\",\"@graph\":[{\"@type\":\"Article\",\"@id\":\"https:\\\/\\\/magazin.ikk-suedwest.de\\\/maerz-2025\\\/aufgeben-ist-keine-option\\\/#article\",\"isPartOf\":{\"@id\":\"https:\\\/\\\/magazin.ikk-suedwest.de\\\/maerz-2025\\\/aufgeben-ist-keine-option\\\/\"},\"author\":{\"name\":\"fbo_master\",\"@id\":\"https:\\\/\\\/magazin.ikk-suedwest.de\\\/maerz-2025\\\/#\\\/schema\\\/person\\\/636237f711a5aed151e44ddcc2de114a\"},\"headline\":\"\u201eAufgeben ist keine Option\u201c\",\"datePublished\":\"2025-02-10T17:00:00+00:00\",\"dateModified\":\"2025-02-20T09:23:50+00:00\",\"mainEntityOfPage\":{\"@id\":\"https:\\\/\\\/magazin.ikk-suedwest.de\\\/maerz-2025\\\/aufgeben-ist-keine-option\\\/\"},\"wordCount\":1570,\"image\":{\"@id\":\"https:\\\/\\\/magazin.ikk-suedwest.de\\\/maerz-2025\\\/aufgeben-ist-keine-option\\\/#primaryimage\"},\"thumbnailUrl\":\"https:\\\/\\\/magazin.ikk-suedwest.de\\\/maerz-2025\\\/wp-content\\\/uploads\\\/sites\\\/13\\\/2025\\\/02\\\/ikk_onlinemagazin_titel_2501_1500x768px_rgb_cae-1.jpg\",\"articleSection\":[\"Titelthema\",\"Top-Thema\"],\"inLanguage\":\"de\"},{\"@type\":\"WebPage\",\"@id\":\"https:\\\/\\\/magazin.ikk-suedwest.de\\\/maerz-2025\\\/aufgeben-ist-keine-option\\\/\",\"url\":\"https:\\\/\\\/magazin.ikk-suedwest.de\\\/maerz-2025\\\/aufgeben-ist-keine-option\\\/\",\"name\":\"\u201eAufgeben ist keine Option\u201c - M\u00e4rz 2025\",\"isPartOf\":{\"@id\":\"https:\\\/\\\/magazin.ikk-suedwest.de\\\/maerz-2025\\\/#website\"},\"primaryImageOfPage\":{\"@id\":\"https:\\\/\\\/magazin.ikk-suedwest.de\\\/maerz-2025\\\/aufgeben-ist-keine-option\\\/#primaryimage\"},\"image\":{\"@id\":\"https:\\\/\\\/magazin.ikk-suedwest.de\\\/maerz-2025\\\/aufgeben-ist-keine-option\\\/#primaryimage\"},\"thumbnailUrl\":\"https:\\\/\\\/magazin.ikk-suedwest.de\\\/maerz-2025\\\/wp-content\\\/uploads\\\/sites\\\/13\\\/2025\\\/02\\\/ikk_onlinemagazin_titel_2501_1500x768px_rgb_cae-1.jpg\",\"datePublished\":\"2025-02-10T17:00:00+00:00\",\"dateModified\":\"2025-02-20T09:23:50+00:00\",\"author\":{\"@id\":\"https:\\\/\\\/magazin.ikk-suedwest.de\\\/maerz-2025\\\/#\\\/schema\\\/person\\\/636237f711a5aed151e44ddcc2de114a\"},\"breadcrumb\":{\"@id\":\"https:\\\/\\\/magazin.ikk-suedwest.de\\\/maerz-2025\\\/aufgeben-ist-keine-option\\\/#breadcrumb\"},\"inLanguage\":\"de\",\"potentialAction\":[{\"@type\":\"ReadAction\",\"target\":[\"https:\\\/\\\/magazin.ikk-suedwest.de\\\/maerz-2025\\\/aufgeben-ist-keine-option\\\/\"]}]},{\"@type\":\"ImageObject\",\"inLanguage\":\"de\",\"@id\":\"https:\\\/\\\/magazin.ikk-suedwest.de\\\/maerz-2025\\\/aufgeben-ist-keine-option\\\/#primaryimage\",\"url\":\"https:\\\/\\\/magazin.ikk-suedwest.de\\\/maerz-2025\\\/wp-content\\\/uploads\\\/sites\\\/13\\\/2025\\\/02\\\/ikk_onlinemagazin_titel_2501_1500x768px_rgb_cae-1.jpg\",\"contentUrl\":\"https:\\\/\\\/magazin.ikk-suedwest.de\\\/maerz-2025\\\/wp-content\\\/uploads\\\/sites\\\/13\\\/2025\\\/02\\\/ikk_onlinemagazin_titel_2501_1500x768px_rgb_cae-1.jpg\",\"width\":1500,\"height\":768},{\"@type\":\"BreadcrumbList\",\"@id\":\"https:\\\/\\\/magazin.ikk-suedwest.de\\\/maerz-2025\\\/aufgeben-ist-keine-option\\\/#breadcrumb\",\"itemListElement\":[{\"@type\":\"ListItem\",\"position\":1,\"name\":\"Startseite\",\"item\":\"https:\\\/\\\/magazin.ikk-suedwest.de\\\/maerz-2025\\\/\"},{\"@type\":\"ListItem\",\"position\":2,\"name\":\"\u201eAufgeben ist keine Option\u201c\"}]},{\"@type\":\"WebSite\",\"@id\":\"https:\\\/\\\/magazin.ikk-suedwest.de\\\/maerz-2025\\\/#website\",\"url\":\"https:\\\/\\\/magazin.ikk-suedwest.de\\\/maerz-2025\\\/\",\"name\":\"M\u00e4rz 2025\",\"description\":\"Eine weitere IKK Magazin Ausgaben Website\",\"potentialAction\":[{\"@type\":\"SearchAction\",\"target\":{\"@type\":\"EntryPoint\",\"urlTemplate\":\"https:\\\/\\\/magazin.ikk-suedwest.de\\\/maerz-2025\\\/?s={search_term_string}\"},\"query-input\":{\"@type\":\"PropertyValueSpecification\",\"valueRequired\":true,\"valueName\":\"search_term_string\"}}],\"inLanguage\":\"de\"},{\"@type\":\"Person\",\"@id\":\"https:\\\/\\\/magazin.ikk-suedwest.de\\\/maerz-2025\\\/#\\\/schema\\\/person\\\/636237f711a5aed151e44ddcc2de114a\",\"name\":\"fbo_master\",\"image\":{\"@type\":\"ImageObject\",\"inLanguage\":\"de\",\"@id\":\"https:\\\/\\\/secure.gravatar.com\\\/avatar\\\/5e042e587c1d6c68d3fadd024e871a65399da22a9ef5e23b274af331bde574af?s=96&d=mm&r=g\",\"url\":\"https:\\\/\\\/secure.gravatar.com\\\/avatar\\\/5e042e587c1d6c68d3fadd024e871a65399da22a9ef5e23b274af331bde574af?s=96&d=mm&r=g\",\"contentUrl\":\"https:\\\/\\\/secure.gravatar.com\\\/avatar\\\/5e042e587c1d6c68d3fadd024e871a65399da22a9ef5e23b274af331bde574af?s=96&d=mm&r=g\",\"caption\":\"fbo_master\"},\"sameAs\":[\"https:\\\/\\\/magazin.ikk-suedwest.de\"],\"url\":\"https:\\\/\\\/magazin.ikk-suedwest.de\\\/maerz-2025\\\/author\\\/fbo_master\\\/\"}]}<\/script>\n<!-- \/ Yoast SEO plugin. -->","yoast_head_json":{"title":"\u201eAufgeben ist keine Option\u201c - M\u00e4rz 2025","robots":{"index":"noindex","follow":"follow","max-snippet":"max-snippet:-1","max-image-preview":"max-image-preview:large","max-video-preview":"max-video-preview:-1"},"og_locale":"de_DE","og_type":"article","og_title":"\u201eAufgeben ist keine Option\u201c - M\u00e4rz 2025","og_description":"V\u00f6llig losgel\u00f6st von der Erde: 177 Tage schwebte Matthias Maurer (54) mit der Internationalen Raumstation ISS durch die dunklen Weiten des Weltraums, um in 400 Kilometern H\u00f6he mehr als 150 wissenschaftliche Experimente durchzufu\u0308hren. Im Interview spricht der Astronaut u\u0308ber seinen Alltag im All, das Betriebsklima an Bord, seine saarl\u00e4ndische Heimat und sein spezielles Fitnesstraining in der Schwerelosigkeit.","og_url":"https:\/\/magazin.ikk-suedwest.de\/maerz-2025\/aufgeben-ist-keine-option\/","og_site_name":"M\u00e4rz 2025","article_published_time":"2025-02-10T17:00:00+00:00","article_modified_time":"2025-02-20T09:23:50+00:00","og_image":[{"width":1500,"height":768,"url":"https:\/\/magazin.ikk-suedwest.de\/maerz-2025\/wp-content\/uploads\/sites\/13\/2025\/02\/ikk_onlinemagazin_titel_2501_1500x768px_rgb_cae-1.jpg","type":"image\/jpeg"}],"author":"fbo_master","twitter_card":"summary_large_image","twitter_misc":{"Geschrieben von":"fbo_master","Gesch\u00e4tzte Lesezeit":"10\u00a0Minuten"},"schema":{"@context":"https:\/\/schema.org","@graph":[{"@type":"Article","@id":"https:\/\/magazin.ikk-suedwest.de\/maerz-2025\/aufgeben-ist-keine-option\/#article","isPartOf":{"@id":"https:\/\/magazin.ikk-suedwest.de\/maerz-2025\/aufgeben-ist-keine-option\/"},"author":{"name":"fbo_master","@id":"https:\/\/magazin.ikk-suedwest.de\/maerz-2025\/#\/schema\/person\/636237f711a5aed151e44ddcc2de114a"},"headline":"\u201eAufgeben ist keine Option\u201c","datePublished":"2025-02-10T17:00:00+00:00","dateModified":"2025-02-20T09:23:50+00:00","mainEntityOfPage":{"@id":"https:\/\/magazin.ikk-suedwest.de\/maerz-2025\/aufgeben-ist-keine-option\/"},"wordCount":1570,"image":{"@id":"https:\/\/magazin.ikk-suedwest.de\/maerz-2025\/aufgeben-ist-keine-option\/#primaryimage"},"thumbnailUrl":"https:\/\/magazin.ikk-suedwest.de\/maerz-2025\/wp-content\/uploads\/sites\/13\/2025\/02\/ikk_onlinemagazin_titel_2501_1500x768px_rgb_cae-1.jpg","articleSection":["Titelthema","Top-Thema"],"inLanguage":"de"},{"@type":"WebPage","@id":"https:\/\/magazin.ikk-suedwest.de\/maerz-2025\/aufgeben-ist-keine-option\/","url":"https:\/\/magazin.ikk-suedwest.de\/maerz-2025\/aufgeben-ist-keine-option\/","name":"\u201eAufgeben ist keine Option\u201c - M\u00e4rz 2025","isPartOf":{"@id":"https:\/\/magazin.ikk-suedwest.de\/maerz-2025\/#website"},"primaryImageOfPage":{"@id":"https:\/\/magazin.ikk-suedwest.de\/maerz-2025\/aufgeben-ist-keine-option\/#primaryimage"},"image":{"@id":"https:\/\/magazin.ikk-suedwest.de\/maerz-2025\/aufgeben-ist-keine-option\/#primaryimage"},"thumbnailUrl":"https:\/\/magazin.ikk-suedwest.de\/maerz-2025\/wp-content\/uploads\/sites\/13\/2025\/02\/ikk_onlinemagazin_titel_2501_1500x768px_rgb_cae-1.jpg","datePublished":"2025-02-10T17:00:00+00:00","dateModified":"2025-02-20T09:23:50+00:00","author":{"@id":"https:\/\/magazin.ikk-suedwest.de\/maerz-2025\/#\/schema\/person\/636237f711a5aed151e44ddcc2de114a"},"breadcrumb":{"@id":"https:\/\/magazin.ikk-suedwest.de\/maerz-2025\/aufgeben-ist-keine-option\/#breadcrumb"},"inLanguage":"de","potentialAction":[{"@type":"ReadAction","target":["https:\/\/magazin.ikk-suedwest.de\/maerz-2025\/aufgeben-ist-keine-option\/"]}]},{"@type":"ImageObject","inLanguage":"de","@id":"https:\/\/magazin.ikk-suedwest.de\/maerz-2025\/aufgeben-ist-keine-option\/#primaryimage","url":"https:\/\/magazin.ikk-suedwest.de\/maerz-2025\/wp-content\/uploads\/sites\/13\/2025\/02\/ikk_onlinemagazin_titel_2501_1500x768px_rgb_cae-1.jpg","contentUrl":"https:\/\/magazin.ikk-suedwest.de\/maerz-2025\/wp-content\/uploads\/sites\/13\/2025\/02\/ikk_onlinemagazin_titel_2501_1500x768px_rgb_cae-1.jpg","width":1500,"height":768},{"@type":"BreadcrumbList","@id":"https:\/\/magazin.ikk-suedwest.de\/maerz-2025\/aufgeben-ist-keine-option\/#breadcrumb","itemListElement":[{"@type":"ListItem","position":1,"name":"Startseite","item":"https:\/\/magazin.ikk-suedwest.de\/maerz-2025\/"},{"@type":"ListItem","position":2,"name":"\u201eAufgeben ist keine Option\u201c"}]},{"@type":"WebSite","@id":"https:\/\/magazin.ikk-suedwest.de\/maerz-2025\/#website","url":"https:\/\/magazin.ikk-suedwest.de\/maerz-2025\/","name":"M\u00e4rz 2025","description":"Eine weitere IKK Magazin Ausgaben Website","potentialAction":[{"@type":"SearchAction","target":{"@type":"EntryPoint","urlTemplate":"https:\/\/magazin.ikk-suedwest.de\/maerz-2025\/?s={search_term_string}"},"query-input":{"@type":"PropertyValueSpecification","valueRequired":true,"valueName":"search_term_string"}}],"inLanguage":"de"},{"@type":"Person","@id":"https:\/\/magazin.ikk-suedwest.de\/maerz-2025\/#\/schema\/person\/636237f711a5aed151e44ddcc2de114a","name":"fbo_master","image":{"@type":"ImageObject","inLanguage":"de","@id":"https:\/\/secure.gravatar.com\/avatar\/5e042e587c1d6c68d3fadd024e871a65399da22a9ef5e23b274af331bde574af?s=96&d=mm&r=g","url":"https:\/\/secure.gravatar.com\/avatar\/5e042e587c1d6c68d3fadd024e871a65399da22a9ef5e23b274af331bde574af?s=96&d=mm&r=g","contentUrl":"https:\/\/secure.gravatar.com\/avatar\/5e042e587c1d6c68d3fadd024e871a65399da22a9ef5e23b274af331bde574af?s=96&d=mm&r=g","caption":"fbo_master"},"sameAs":["https:\/\/magazin.ikk-suedwest.de"],"url":"https:\/\/magazin.ikk-suedwest.de\/maerz-2025\/author\/fbo_master\/"}]}},"_links":{"self":[{"href":"https:\/\/magazin.ikk-suedwest.de\/maerz-2025\/wp-json\/wp\/v2\/posts\/8126","targetHints":{"allow":["GET"]}}],"collection":[{"href":"https:\/\/magazin.ikk-suedwest.de\/maerz-2025\/wp-json\/wp\/v2\/posts"}],"about":[{"href":"https:\/\/magazin.ikk-suedwest.de\/maerz-2025\/wp-json\/wp\/v2\/types\/post"}],"author":[{"embeddable":true,"href":"https:\/\/magazin.ikk-suedwest.de\/maerz-2025\/wp-json\/wp\/v2\/users\/1"}],"replies":[{"embeddable":true,"href":"https:\/\/magazin.ikk-suedwest.de\/maerz-2025\/wp-json\/wp\/v2\/comments?post=8126"}],"version-history":[{"count":10,"href":"https:\/\/magazin.ikk-suedwest.de\/maerz-2025\/wp-json\/wp\/v2\/posts\/8126\/revisions"}],"predecessor-version":[{"id":8596,"href":"https:\/\/magazin.ikk-suedwest.de\/maerz-2025\/wp-json\/wp\/v2\/posts\/8126\/revisions\/8596"}],"wp:featuredmedia":[{"embeddable":true,"href":"https:\/\/magazin.ikk-suedwest.de\/maerz-2025\/wp-json\/wp\/v2\/media\/8595"}],"wp:attachment":[{"href":"https:\/\/magazin.ikk-suedwest.de\/maerz-2025\/wp-json\/wp\/v2\/media?parent=8126"}],"wp:term":[{"taxonomy":"category","embeddable":true,"href":"https:\/\/magazin.ikk-suedwest.de\/maerz-2025\/wp-json\/wp\/v2\/categories?post=8126"},{"taxonomy":"post_tag","embeddable":true,"href":"https:\/\/magazin.ikk-suedwest.de\/maerz-2025\/wp-json\/wp\/v2\/tags?post=8126"}],"curies":[{"name":"wp","href":"https:\/\/api.w.org\/{rel}","templated":true}]}}