{"id":8147,"date":"2025-02-11T08:00:00","date_gmt":"2025-02-11T07:00:00","guid":{"rendered":"https:\/\/magazin.ikk-suedwest.de\/februar-2025\/?p=8147"},"modified":"2025-02-27T11:32:19","modified_gmt":"2025-02-27T10:32:19","slug":"die-frickes-und-die-epa","status":"publish","type":"post","link":"https:\/\/magazin.ikk-suedwest.de\/maerz-2025\/die-frickes-und-die-epa\/","title":{"rendered":"Die Frickes und die ePA"},"content":{"rendered":"<div class=\"shariff shariff-align-left shariff-widget-align-left\"><ul class=\"shariff-buttons theme-round orientation-horizontal buttonsize-medium\"><li class=\"shariff-button facebook shariff-nocustomcolor\" style=\"background-color:#4273c8\"><a href=\"https:\/\/www.facebook.com\/sharer\/sharer.php?u=https%3A%2F%2Fmagazin.ikk-suedwest.de%2Fmaerz-2025%2Fdie-frickes-und-die-epa%2F\" title=\"Bei Facebook teilen\" aria-label=\"Bei Facebook teilen\" role=\"button\" rel=\"nofollow\" class=\"shariff-link\" style=\"; background-color:#3b5998; color:#fff\" target=\"_blank\"><span class=\"shariff-icon\" style=\"\"><svg width=\"32px\" height=\"20px\" xmlns=\"http:\/\/www.w3.org\/2000\/svg\" viewBox=\"0 0 18 32\"><path fill=\"#3b5998\" d=\"M17.1 0.2v4.7h-2.8q-1.5 0-2.1 0.6t-0.5 1.9v3.4h5.2l-0.7 5.3h-4.5v13.6h-5.5v-13.6h-4.5v-5.3h4.5v-3.9q0-3.3 1.9-5.2t5-1.8q2.6 0 4.1 0.2z\"\/><\/svg><\/span><\/a><\/li><li class=\"shariff-button whatsapp shariff-nocustomcolor\" style=\"background-color:#5cbe4a\"><a href=\"https:\/\/api.whatsapp.com\/send?text=https%3A%2F%2Fmagazin.ikk-suedwest.de%2Fmaerz-2025%2Fdie-frickes-und-die-epa%2F%20Die%20Frickes%20und%20die%20ePA\" title=\"Bei Whatsapp teilen\" aria-label=\"Bei Whatsapp teilen\" role=\"button\" rel=\"noopener nofollow\" class=\"shariff-link\" style=\"; background-color:#34af23; color:#fff\" target=\"_blank\"><span class=\"shariff-icon\" style=\"\"><svg width=\"32px\" height=\"20px\" xmlns=\"http:\/\/www.w3.org\/2000\/svg\" viewBox=\"0 0 32 32\"><path fill=\"#34af23\" d=\"M17.6 17.4q0.2 0 1.7 0.8t1.6 0.9q0 0.1 0 0.3 0 0.6-0.3 1.4-0.3 0.7-1.3 1.2t-1.8 0.5q-1 0-3.4-1.1-1.7-0.8-3-2.1t-2.6-3.3q-1.3-1.9-1.3-3.5v-0.1q0.1-1.6 1.3-2.8 0.4-0.4 0.9-0.4 0.1 0 0.3 0t0.3 0q0.3 0 0.5 0.1t0.3 0.5q0.1 0.4 0.6 1.6t0.4 1.3q0 0.4-0.6 1t-0.6 0.8q0 0.1 0.1 0.3 0.6 1.3 1.8 2.4 1 0.9 2.7 1.8 0.2 0.1 0.4 0.1 0.3 0 1-0.9t0.9-0.9zM14 26.9q2.3 0 4.3-0.9t3.6-2.4 2.4-3.6 0.9-4.3-0.9-4.3-2.4-3.6-3.6-2.4-4.3-0.9-4.3 0.9-3.6 2.4-2.4 3.6-0.9 4.3q0 3.6 2.1 6.6l-1.4 4.2 4.3-1.4q2.8 1.9 6.2 1.9zM14 2.2q2.7 0 5.2 1.1t4.3 2.9 2.9 4.3 1.1 5.2-1.1 5.2-2.9 4.3-4.3 2.9-5.2 1.1q-3.5 0-6.5-1.7l-7.4 2.4 2.4-7.2q-1.9-3.2-1.9-6.9 0-2.7 1.1-5.2t2.9-4.3 4.3-2.9 5.2-1.1z\"\/><\/svg><\/span><\/a><\/li><li class=\"shariff-button mailto shariff-nocustomcolor\" style=\"background-color:#a8a8a8\"><a href=\"mailto:?body=https%3A%2F%2Fmagazin.ikk-suedwest.de%2Fmaerz-2025%2Fdie-frickes-und-die-epa%2F&subject=Die%20Frickes%20und%20die%20ePA\" title=\"Per E-Mail versenden\" aria-label=\"Per E-Mail versenden\" role=\"button\" rel=\"noopener nofollow\" class=\"shariff-link\" style=\"; background-color:#999; color:#fff\"><span class=\"shariff-icon\" style=\"\"><svg width=\"32px\" height=\"20px\" xmlns=\"http:\/\/www.w3.org\/2000\/svg\" viewBox=\"0 0 32 32\"><path fill=\"#999\" d=\"M32 12.7v14.2q0 1.2-0.8 2t-2 0.9h-26.3q-1.2 0-2-0.9t-0.8-2v-14.2q0.8 0.9 1.8 1.6 6.5 4.4 8.9 6.1 1 0.8 1.6 1.2t1.7 0.9 2 0.4h0.1q0.9 0 2-0.4t1.7-0.9 1.6-1.2q3-2.2 8.9-6.1 1-0.7 1.8-1.6zM32 7.4q0 1.4-0.9 2.7t-2.2 2.2q-6.7 4.7-8.4 5.8-0.2 0.1-0.7 0.5t-1 0.7-0.9 0.6-1.1 0.5-0.9 0.2h-0.1q-0.4 0-0.9-0.2t-1.1-0.5-0.9-0.6-1-0.7-0.7-0.5q-1.6-1.1-4.7-3.2t-3.6-2.6q-1.1-0.7-2.1-2t-1-2.5q0-1.4 0.7-2.3t2.1-0.9h26.3q1.2 0 2 0.8t0.9 2z\"\/><\/svg><\/span><\/a><\/li><\/ul><\/div>\n\n\n\n<figure class=\"wp-block-image size-large\"><img loading=\"lazy\" decoding=\"async\" width=\"1024\" height=\"684\" src=\"https:\/\/magazin.ikk-suedwest.de\/februar-2025\/wp-content\/uploads\/sites\/13\/2025\/02\/ikk_fm_2501_s16_familie_fricke_cae-1024x684.jpg\" alt=\"\" class=\"wp-image-8148\" srcset=\"https:\/\/magazin.ikk-suedwest.de\/maerz-2025\/wp-content\/uploads\/sites\/13\/2025\/02\/ikk_fm_2501_s16_familie_fricke_cae-1024x684.jpg 1024w, https:\/\/magazin.ikk-suedwest.de\/maerz-2025\/wp-content\/uploads\/sites\/13\/2025\/02\/ikk_fm_2501_s16_familie_fricke_cae-300x200.jpg 300w, https:\/\/magazin.ikk-suedwest.de\/maerz-2025\/wp-content\/uploads\/sites\/13\/2025\/02\/ikk_fm_2501_s16_familie_fricke_cae-768x513.jpg 768w, https:\/\/magazin.ikk-suedwest.de\/maerz-2025\/wp-content\/uploads\/sites\/13\/2025\/02\/ikk_fm_2501_s16_familie_fricke_cae-370x247.jpg 370w, https:\/\/magazin.ikk-suedwest.de\/maerz-2025\/wp-content\/uploads\/sites\/13\/2025\/02\/ikk_fm_2501_s16_familie_fricke_cae-270x180.jpg 270w, https:\/\/magazin.ikk-suedwest.de\/maerz-2025\/wp-content\/uploads\/sites\/13\/2025\/02\/ikk_fm_2501_s16_familie_fricke_cae-570x381.jpg 570w, https:\/\/magazin.ikk-suedwest.de\/maerz-2025\/wp-content\/uploads\/sites\/13\/2025\/02\/ikk_fm_2501_s16_familie_fricke_cae-749x500.jpg 749w, https:\/\/magazin.ikk-suedwest.de\/maerz-2025\/wp-content\/uploads\/sites\/13\/2025\/02\/ikk_fm_2501_s16_familie_fricke_cae-740x494.jpg 740w, https:\/\/magazin.ikk-suedwest.de\/maerz-2025\/wp-content\/uploads\/sites\/13\/2025\/02\/ikk_fm_2501_s16_familie_fricke_cae.jpg 1225w\" sizes=\"auto, (max-width: 1024px) 100vw, 1024px\" \/><\/figure>\n\n\n\n<div class=\"wp-block-group is-vertical is-layout-flex wp-container-core-group-is-layout-44769ffa wp-block-group-is-layout-flex\">\n<h1 class=\"wp-block-heading has-gridlove-acc-color has-text-color has-link-color wp-elements-9b1bbd54bd219084fd0509a7a12517a3\" style=\"font-size:54px\"><strong>Gewusst, wie<\/strong><\/h1>\n\n\n\n<h2 class=\"wp-block-heading has-medium-font-size\" style=\"margin-bottom: 0;\">Die Frickes und die ePA<\/h2>\n\n\n\n<div style=\"height:0px\" aria-hidden=\"true\" class=\"wp-block-spacer wp-container-content-cf2db169\"><\/div>\n<\/div>\n\n\n\n<div class=\"wp-block-columns are-vertically-aligned-center is-layout-flex wp-container-core-columns-is-layout-8f761849 wp-block-columns-is-layout-flex\">\n<div class=\"wp-block-column is-vertically-aligned-center is-layout-flow wp-block-column-is-layout-flow\" style=\"flex-basis:66.66%\">\n<p class=\"has-gridlove-acc-color has-text-color has-link-color has-medium-font-size wp-elements-257e94a4281a306a5346929fef283e83 wp-block-paragraph\">Nach ihrem Beinbruch haben sich bei Mama Fricke eine Menge Unterlagen angesammelt: Befunde, Arztberichte, R\u00f6ntgenbilder. Ein betr\u00e4chtlicher Stapel Papier \u2013 das muss doch einfacher gehen. Darum haben sich die Frickes schlaugemacht und sind auf die elektronische Patientenakte (ePA) gesto\u00dfen \u2013 zu der sie eine Menge Fragen haben. Unsere Expertin Anne Neuheisel wei\u00df Rat.<\/p>\n<\/div>\n\n\n\n<div class=\"wp-block-column is-vertically-aligned-center is-layout-flow wp-block-column-is-layout-flow\" style=\"flex-basis:33.33%\">\n<figure class=\"wp-block-image aligncenter size-full\"><img loading=\"lazy\" decoding=\"async\" width=\"250\" height=\"250\" src=\"https:\/\/magazin.ikk-suedwest.de\/februar-2025\/wp-content\/uploads\/sites\/13\/2025\/02\/ikk_fm_2501_beitragsbild_s16_anne_neuheisel_cae.png\" alt=\"\" class=\"wp-image-8149\" srcset=\"https:\/\/magazin.ikk-suedwest.de\/maerz-2025\/wp-content\/uploads\/sites\/13\/2025\/02\/ikk_fm_2501_beitragsbild_s16_anne_neuheisel_cae.png 250w, https:\/\/magazin.ikk-suedwest.de\/maerz-2025\/wp-content\/uploads\/sites\/13\/2025\/02\/ikk_fm_2501_beitragsbild_s16_anne_neuheisel_cae-150x150.png 150w\" sizes=\"auto, (max-width: 250px) 100vw, 250px\" \/><\/figure>\n\n\n\n<p class=\"has-text-align-center wp-block-paragraph\"><em>Anne Neuheisel,&nbsp;<br>Beauftragte Telematik<\/em>&nbsp;<\/p>\n<\/div>\n<\/div>\n\n\n\n<div style=\"height:50px\" aria-hidden=\"true\" class=\"wp-block-spacer\"><\/div>\n\n\n\n<h2 class=\"wp-block-heading\"><br><strong>Was genau ist die ePA?&nbsp;<\/strong><\/h2>\n\n\n\n<p class=\"wp-block-paragraph\">Bei der ePA handelt es sich um einen digitalen Ordner zur Ablage \u00e4rztlicher Dokumente. Zum Start wird es unter anderem m\u00f6glich sein, Arztberichte, Befunde, Behandlungspl\u00e4ne und R\u00f6ntgenbilder abzulegen. \u00c4rzte k\u00f6nnen au\u00dferdem Eintragungen in den Mutter- oder Impfpass vornehmen. Zudem werden verordnete Medikamente erfasst und in einem Medikationsplan zusammengefasst.<\/p>\n\n\n\n<p class=\"wp-block-paragraph\">Die Angebote der ePA sollen im Laufe der Zeit immer weiter ausgebaut werden. Unter anderem ist geplant, mithilfe eines sicheren Messengers mit dem Arzt oder der Krankenkasse chatten zu k\u00f6nnen.<\/p>\n\n\n\n<h2 class=\"wp-block-heading\"><strong>Seit wann gibt es die ePA?<\/strong><\/h2>\n\n\n\n<p class=\"wp-block-paragraph\">2021 wurde sie ins Leben gerufen, seit dem 15. Januar 2025 ist sie verbindlich im deutschen Gesundheitssystem eingefu\u0308hrt. Sie wurde fu\u0308r alle angelegt, die nicht aktiv widersprochen haben.<\/p>\n\n\n\n<p class=\"wp-block-paragraph\">Derzeit befindet sich die ePA noch in einer Pilotphase in den Modellregionen Hamburg, Franken und Nordrhein-Westfalen. Das bedeutet, dass innerhalb dieser Pilotphase vorerst nur Leistungserbringende aus diesen Modellregionen die ePA bef\u00fcllen und einsehen k\u00f6nnen.<\/p>\n\n\n\n<p class=\"wp-block-paragraph\">Als App kann sie kostenlos bei <a href=\"https:\/\/play.google.com\/store\/apps\/details?id=com.rise_world.epa.ikkSuedwest\" target=\"_blank\" rel=\"noreferrer noopener\">Google<\/a> und <a href=\"https:\/\/apps.apple.com\/de\/app\/elektr-patientenakte-epa\/id1520010136\" target=\"_blank\" rel=\"noreferrer noopener\">Apple<\/a> heruntergeladen werden.<\/p>\n\n\n\n<h2 class=\"wp-block-heading\"><strong>Muss ich die ePA nutzen?<\/strong><\/h2>\n\n\n\n<p class=\"wp-block-paragraph\">Nein, die Nutzung ist freiwillig. Sie k\u00f6nnen jederzeit eine L\u00f6schung der Akte beantragen oder gegen Teilbereiche der ePA (etwa die Nutzung des Medikationsplans) widersprechen. Ihnen entstehen dadurch keine Nachteile.<\/p>\n\n\n\n<h2 class=\"wp-block-heading\"><strong>Muss ich die App nutzen?<\/strong><\/h2>\n\n\n\n<p class=\"wp-block-paragraph\">Sie k\u00f6nnen die ePA natu\u0308rlich auch ohne die App nutzen. Dabei helfen unter anderem sogenannte Ombudsstellen. Versicherte, die keine App nutzen m\u00f6chten, erhalten hier Unterstu\u0308tzung bei der Einschr\u00e4nkung von Berechtigungen und bei Widerspru\u0308chen gegen die ePA oder Teile davon. Diese Stellen helfen zudem bei allen Fragen rund um die ePA weiter.<\/p>\n\n\n\n<p class=\"wp-block-paragraph\">Alternativ k\u00f6nnen Sie eine Vertreterregelung hinterlegen, mit der Sie einer vertrauten Person die Befugnis erteilen, Ihre Daten zu verwalten. Dazu nutzt die Person ihre eigene App.<\/p>\n\n\n\n<h2 class=\"wp-block-heading\"><strong>Wie wird die ePA befu\u0308llt?<\/strong><\/h2>\n\n\n\n<p class=\"wp-block-paragraph\">\u00c4rzte und Psychotherapeuten k\u00f6nnen die ePA befu\u0308llen. Dies gilt ebenso fu\u0308r Apotheker, Zahn\u00e4rzte und Krankenh\u00e4user. Natu\u0308rlich steht es auch den Nutzern selbst offen, Dokumente in der ePA einzustellen.<\/p>\n\n\n\n<p class=\"wp-block-paragraph\">Zu einem sp\u00e4teren Zeitpunkt sollen auch noch weitere Berufsgruppen hinzukommen, unter anderem Physio- und Ergotherapeuten.<\/p>\n\n\n\n<h2 class=\"wp-block-heading\"><strong>Kann ich Dokumente auch wieder l\u00f6schen?<\/strong><\/h2>\n\n\n\n<p class=\"wp-block-paragraph\">Die Frage spricht einen der wichtigsten Punkte rund um die ePA an: Die elektronische Patientenakte ist versichertengefu\u0308hrt. Das hei\u00dft, dass die Nutzer selbst u\u0308ber alle Dokumente, die eingestellt werden, verfu\u0308gen. Das bedeutet auch, dass sie Dokumente wieder l\u00f6schen k\u00f6nnen.<\/p>\n\n\n\n<h2 class=\"wp-block-heading\"><strong>Wer hat Zugriff auf die Inhalte der ePA?<\/strong><\/h2>\n\n\n\n<p class=\"wp-block-paragraph\">In der Regel haben alle Behandler Zugriff auf die Inhalte. Die Berechtigung dafu\u0308r erhalten sie beim jeweiligen Behandlerbesuch durch das Einlesen der Gesundheitskarte. Da die Akte versichertengefu\u0308hrt ist, k\u00f6nnen einzelne Behandler fu\u0308r die Einsichtnahme in Dokumente gesperrt werden. Dar\u00fcber hinaus k\u00f6nnen ePA-App-Nutzer einzelne Dokumente oder auch Dokumentenkategorien verbergen, sodass ausschlie\u00dflich der Nutzer selbst und eventuell eingerichtete pers\u00f6nliche Vertreter Zugriff auf das jeweilige Dokument haben. So stellen die Nutzer sicher, dass Dokumente nur von den Behandlern eingesehen werden k\u00f6nnen, von denen sie das m\u00f6chten.<\/p>\n\n\n\n<h2 class=\"wp-block-heading\"><strong>Kann meine Krankenkasse auf die Daten zugreifen?<\/strong><\/h2>\n\n\n\n<p class=\"wp-block-paragraph\">Nein, Krankenkassen haben keinerlei Zugriff auf die Inhalte der ePA.<\/p>\n\n\n\n<h2 class=\"wp-block-heading\"><strong>Wie sicher ist die ePA?<\/strong><\/h2>\n\n\n\n<p class=\"wp-block-paragraph\">Die ePA setzt auf die sichere Infrastruktur der Telematik. Die bew\u00e4hrte Technik genu\u0308gt h\u00f6chsten Datenschutzanforderungen, was unter anderem bedeutet, dass die enthaltenen Daten nur auf Servern in Deutschland gespeichert werden und mittels komplexer Verschlu\u0308sselungstechnik mehrfach gesichert sind.<\/p>\n\n\n\n<div class=\"wp-block-group has-background is-vertical is-layout-flex wp-container-core-group-is-layout-4fc3f8e1 wp-block-group-is-layout-flex\" style=\"background-color:#e6e8e7\">\n<div class=\"wp-block-group is-layout-constrained wp-block-group-is-layout-constrained\">\n<h2 class=\"wp-block-heading\"><strong>Ihre Vorteile auf einen Blick<\/strong><\/h2>\n\n\n\n<ul class=\"wp-block-list\">\n<li>Keine unn\u00f6tige Zettelwirtschaft mehr<\/li>\n\n\n\n<li>Alle wichtigen Gesundheitsunterlagen auf einen Blick<\/li>\n\n\n\n<li>Transparenz der medizinischen Ma\u00dfnahmen wird erh\u00f6ht fu\u0308r Patienten und Behandler<\/li>\n\n\n\n<li>Einfacherer Informationsaustausch zwischen Behandlern<\/li>\n\n\n\n<li>Arztwechsel oder Zweitmeinungen werden deutlich vereinfacht<\/li>\n\n\n\n<li>Vermeidung von Doppeluntersuchungen<\/li>\n\n\n\n<li>Deutlich verbesserte Patientensicherheit<\/li>\n<\/ul>\n<\/div>\n\n\n\n<hr class=\"wp-block-separator has-alpha-channel-opacity\"\/>\n\n\n\n<hr class=\"wp-block-separator has-text-color has-gridlove-acc-color has-alpha-channel-opacity has-gridlove-acc-background-color has-background is-style-wide wp-container-content-9cfa9a5a\"\/>\n\n\n\n<hr class=\"wp-block-separator has-alpha-channel-opacity\"\/>\n<\/div>\n\n\n\n<p class=\"has-gridlove-acc-color has-text-color has-link-color wp-elements-e16c1ef900b10bd393ce4c87d56ffb13 wp-block-paragraph\"><a href=\"https:\/\/www.ikk-suedwest.de\/service\/digital\/elektronische-patientenakte\/fragen-und-antworten\/\" target=\"_blank\" rel=\"noreferrer noopener\"><strong>Mehr zur<\/strong> <em>ePA<\/em>&nbsp;<\/a><\/p>\n\n\n\n<div class=\"wp-block-group has-gridlove-txt-color has-text-color has-link-color wp-elements-6558013fe7bca2d1715bc0a8ee96a826 is-layout-constrained wp-block-group-is-layout-constrained\">\n<div style=\"height:20px\" aria-hidden=\"true\" class=\"wp-block-spacer\"><\/div>\n\n\n\n<div class=\"wp-block-group is-layout-constrained wp-block-group-is-layout-constrained\"><div class=\"shariff shariff-align-left shariff-widget-align-left\"><ul class=\"shariff-buttons theme-round orientation-horizontal buttonsize-medium\"><li class=\"shariff-button facebook shariff-nocustomcolor\" style=\"background-color:#4273c8\"><a href=\"https:\/\/www.facebook.com\/sharer\/sharer.php?u=https%3A%2F%2Fmagazin.ikk-suedwest.de%2Fmaerz-2025%2Fdie-frickes-und-die-epa%2F\" title=\"Bei Facebook teilen\" aria-label=\"Bei Facebook teilen\" role=\"button\" rel=\"nofollow\" class=\"shariff-link\" style=\"; background-color:#3b5998; color:#fff\" target=\"_blank\"><span class=\"shariff-icon\" style=\"\"><svg width=\"32px\" height=\"20px\" xmlns=\"http:\/\/www.w3.org\/2000\/svg\" viewBox=\"0 0 18 32\"><path fill=\"#3b5998\" d=\"M17.1 0.2v4.7h-2.8q-1.5 0-2.1 0.6t-0.5 1.9v3.4h5.2l-0.7 5.3h-4.5v13.6h-5.5v-13.6h-4.5v-5.3h4.5v-3.9q0-3.3 1.9-5.2t5-1.8q2.6 0 4.1 0.2z\"\/><\/svg><\/span><\/a><\/li><li class=\"shariff-button whatsapp shariff-nocustomcolor\" style=\"background-color:#5cbe4a\"><a href=\"https:\/\/api.whatsapp.com\/send?text=https%3A%2F%2Fmagazin.ikk-suedwest.de%2Fmaerz-2025%2Fdie-frickes-und-die-epa%2F%20Die%20Frickes%20und%20die%20ePA\" title=\"Bei Whatsapp teilen\" aria-label=\"Bei Whatsapp teilen\" role=\"button\" rel=\"noopener nofollow\" class=\"shariff-link\" style=\"; background-color:#34af23; color:#fff\" target=\"_blank\"><span class=\"shariff-icon\" style=\"\"><svg width=\"32px\" height=\"20px\" xmlns=\"http:\/\/www.w3.org\/2000\/svg\" viewBox=\"0 0 32 32\"><path fill=\"#34af23\" d=\"M17.6 17.4q0.2 0 1.7 0.8t1.6 0.9q0 0.1 0 0.3 0 0.6-0.3 1.4-0.3 0.7-1.3 1.2t-1.8 0.5q-1 0-3.4-1.1-1.7-0.8-3-2.1t-2.6-3.3q-1.3-1.9-1.3-3.5v-0.1q0.1-1.6 1.3-2.8 0.4-0.4 0.9-0.4 0.1 0 0.3 0t0.3 0q0.3 0 0.5 0.1t0.3 0.5q0.1 0.4 0.6 1.6t0.4 1.3q0 0.4-0.6 1t-0.6 0.8q0 0.1 0.1 0.3 0.6 1.3 1.8 2.4 1 0.9 2.7 1.8 0.2 0.1 0.4 0.1 0.3 0 1-0.9t0.9-0.9zM14 26.9q2.3 0 4.3-0.9t3.6-2.4 2.4-3.6 0.9-4.3-0.9-4.3-2.4-3.6-3.6-2.4-4.3-0.9-4.3 0.9-3.6 2.4-2.4 3.6-0.9 4.3q0 3.6 2.1 6.6l-1.4 4.2 4.3-1.4q2.8 1.9 6.2 1.9zM14 2.2q2.7 0 5.2 1.1t4.3 2.9 2.9 4.3 1.1 5.2-1.1 5.2-2.9 4.3-4.3 2.9-5.2 1.1q-3.5 0-6.5-1.7l-7.4 2.4 2.4-7.2q-1.9-3.2-1.9-6.9 0-2.7 1.1-5.2t2.9-4.3 4.3-2.9 5.2-1.1z\"\/><\/svg><\/span><\/a><\/li><li class=\"shariff-button mailto shariff-nocustomcolor\" style=\"background-color:#a8a8a8\"><a href=\"mailto:?body=https%3A%2F%2Fmagazin.ikk-suedwest.de%2Fmaerz-2025%2Fdie-frickes-und-die-epa%2F&subject=Die%20Frickes%20und%20die%20ePA\" title=\"Per E-Mail versenden\" aria-label=\"Per E-Mail versenden\" role=\"button\" rel=\"noopener nofollow\" class=\"shariff-link\" style=\"; background-color:#999; color:#fff\"><span class=\"shariff-icon\" style=\"\"><svg width=\"32px\" height=\"20px\" xmlns=\"http:\/\/www.w3.org\/2000\/svg\" viewBox=\"0 0 32 32\"><path fill=\"#999\" d=\"M32 12.7v14.2q0 1.2-0.8 2t-2 0.9h-26.3q-1.2 0-2-0.9t-0.8-2v-14.2q0.8 0.9 1.8 1.6 6.5 4.4 8.9 6.1 1 0.8 1.6 1.2t1.7 0.9 2 0.4h0.1q0.9 0 2-0.4t1.7-0.9 1.6-1.2q3-2.2 8.9-6.1 1-0.7 1.8-1.6zM32 7.4q0 1.4-0.9 2.7t-2.2 2.2q-6.7 4.7-8.4 5.8-0.2 0.1-0.7 0.5t-1 0.7-0.9 0.6-1.1 0.5-0.9 0.2h-0.1q-0.4 0-0.9-0.2t-1.1-0.5-0.9-0.6-1-0.7-0.7-0.5q-1.6-1.1-4.7-3.2t-3.6-2.6q-1.1-0.7-2.1-2t-1-2.5q0-1.4 0.7-2.3t2.1-0.9h26.3q1.2 0 2 0.8t0.9 2z\"\/><\/svg><\/span><\/a><\/li><\/ul><\/div>\n<\/div>\n<\/div>\n\n\n\n<p class=\"wp-block-paragraph\"><\/p>\n\n\n\n<div class=\"wp-block-buttons is-horizontal is-content-justification-left is-layout-flex wp-container-core-buttons-is-layout-39697d9b wp-block-buttons-is-layout-flex\">\n<div class=\"wp-block-button\"><a class=\"wp-block-button__link has-background wp-element-button\" href=\"javascript:history.back()\" style=\"background-color:#009de9\">Zur\u00fcck<\/a><\/div>\n<\/div>\n","protected":false},"excerpt":{"rendered":"<p>Nach ihrem Beinbruch haben sich bei Mama Fricke eine Menge Unterlagen angesammelt: Befunde, Arztberichte, R\u00f6ntgenbilder. Ein betr\u00e4chtlicher &#8230;<\/p>\n","protected":false},"author":1,"featured_media":8148,"comment_status":"closed","ping_status":"open","sticky":false,"template":"","format":"standard","meta":{"_acf_changed":false,"_crdt_document":"","favoriteCount":7,"footnotes":""},"categories":[57],"tags":[],"class_list":["post-8147","post","type-post","status-publish","format-standard","has-post-thumbnail","hentry","category-ratgeber"],"acf":[],"yoast_head":"<!-- This site is optimized with the Yoast SEO plugin v27.4 - https:\/\/yoast.com\/product\/yoast-seo-wordpress\/ -->\n<title>Die Frickes und die ePA - M\u00e4rz 2025<\/title>\n<meta name=\"robots\" content=\"noindex, follow, max-snippet:-1, max-image-preview:large, max-video-preview:-1\" \/>\n<meta property=\"og:locale\" content=\"de_DE\" \/>\n<meta property=\"og:type\" content=\"article\" \/>\n<meta property=\"og:title\" content=\"Die Frickes und die ePA - M\u00e4rz 2025\" \/>\n<meta property=\"og:description\" content=\"Nach ihrem Beinbruch haben sich bei Mama Fricke eine Menge Unterlagen angesammelt: Befunde, Arztberichte, R\u00f6ntgenbilder. Ein betr\u00e4chtlicher ...\" \/>\n<meta property=\"og:url\" content=\"https:\/\/magazin.ikk-suedwest.de\/maerz-2025\/die-frickes-und-die-epa\/\" \/>\n<meta property=\"og:site_name\" content=\"M\u00e4rz 2025\" \/>\n<meta property=\"article:published_time\" content=\"2025-02-11T07:00:00+00:00\" \/>\n<meta property=\"article:modified_time\" content=\"2025-02-27T10:32:19+00:00\" \/>\n<meta property=\"og:image\" content=\"https:\/\/magazin.ikk-suedwest.de\/maerz-2025\/wp-content\/uploads\/sites\/13\/2025\/02\/ikk_fm_2501_s16_familie_fricke_cae.jpg\" \/>\n\t<meta property=\"og:image:width\" content=\"1225\" \/>\n\t<meta property=\"og:image:height\" content=\"818\" \/>\n\t<meta property=\"og:image:type\" content=\"image\/jpeg\" \/>\n<meta name=\"author\" content=\"fbo_master\" \/>\n<meta name=\"twitter:card\" content=\"summary_large_image\" \/>\n<meta name=\"twitter:label1\" content=\"Geschrieben von\" \/>\n\t<meta name=\"twitter:data1\" content=\"fbo_master\" \/>\n\t<meta name=\"twitter:label2\" content=\"Gesch\u00e4tzte Lesezeit\" \/>\n\t<meta name=\"twitter:data2\" content=\"5\u00a0Minuten\" \/>\n<script type=\"application\/ld+json\" class=\"yoast-schema-graph\">{\"@context\":\"https:\\\/\\\/schema.org\",\"@graph\":[{\"@type\":\"Article\",\"@id\":\"https:\\\/\\\/magazin.ikk-suedwest.de\\\/maerz-2025\\\/die-frickes-und-die-epa\\\/#article\",\"isPartOf\":{\"@id\":\"https:\\\/\\\/magazin.ikk-suedwest.de\\\/maerz-2025\\\/die-frickes-und-die-epa\\\/\"},\"author\":{\"name\":\"fbo_master\",\"@id\":\"https:\\\/\\\/magazin.ikk-suedwest.de\\\/maerz-2025\\\/#\\\/schema\\\/person\\\/636237f711a5aed151e44ddcc2de114a\"},\"headline\":\"Die Frickes und die ePA\",\"datePublished\":\"2025-02-11T07:00:00+00:00\",\"dateModified\":\"2025-02-27T10:32:19+00:00\",\"mainEntityOfPage\":{\"@id\":\"https:\\\/\\\/magazin.ikk-suedwest.de\\\/maerz-2025\\\/die-frickes-und-die-epa\\\/\"},\"wordCount\":692,\"image\":{\"@id\":\"https:\\\/\\\/magazin.ikk-suedwest.de\\\/maerz-2025\\\/die-frickes-und-die-epa\\\/#primaryimage\"},\"thumbnailUrl\":\"https:\\\/\\\/magazin.ikk-suedwest.de\\\/maerz-2025\\\/wp-content\\\/uploads\\\/sites\\\/13\\\/2025\\\/02\\\/ikk_fm_2501_s16_familie_fricke_cae.jpg\",\"articleSection\":[\"Ratgeber\"],\"inLanguage\":\"de\"},{\"@type\":\"WebPage\",\"@id\":\"https:\\\/\\\/magazin.ikk-suedwest.de\\\/maerz-2025\\\/die-frickes-und-die-epa\\\/\",\"url\":\"https:\\\/\\\/magazin.ikk-suedwest.de\\\/maerz-2025\\\/die-frickes-und-die-epa\\\/\",\"name\":\"Die Frickes und die ePA - M\u00e4rz 2025\",\"isPartOf\":{\"@id\":\"https:\\\/\\\/magazin.ikk-suedwest.de\\\/maerz-2025\\\/#website\"},\"primaryImageOfPage\":{\"@id\":\"https:\\\/\\\/magazin.ikk-suedwest.de\\\/maerz-2025\\\/die-frickes-und-die-epa\\\/#primaryimage\"},\"image\":{\"@id\":\"https:\\\/\\\/magazin.ikk-suedwest.de\\\/maerz-2025\\\/die-frickes-und-die-epa\\\/#primaryimage\"},\"thumbnailUrl\":\"https:\\\/\\\/magazin.ikk-suedwest.de\\\/maerz-2025\\\/wp-content\\\/uploads\\\/sites\\\/13\\\/2025\\\/02\\\/ikk_fm_2501_s16_familie_fricke_cae.jpg\",\"datePublished\":\"2025-02-11T07:00:00+00:00\",\"dateModified\":\"2025-02-27T10:32:19+00:00\",\"author\":{\"@id\":\"https:\\\/\\\/magazin.ikk-suedwest.de\\\/maerz-2025\\\/#\\\/schema\\\/person\\\/636237f711a5aed151e44ddcc2de114a\"},\"breadcrumb\":{\"@id\":\"https:\\\/\\\/magazin.ikk-suedwest.de\\\/maerz-2025\\\/die-frickes-und-die-epa\\\/#breadcrumb\"},\"inLanguage\":\"de\",\"potentialAction\":[{\"@type\":\"ReadAction\",\"target\":[\"https:\\\/\\\/magazin.ikk-suedwest.de\\\/maerz-2025\\\/die-frickes-und-die-epa\\\/\"]}]},{\"@type\":\"ImageObject\",\"inLanguage\":\"de\",\"@id\":\"https:\\\/\\\/magazin.ikk-suedwest.de\\\/maerz-2025\\\/die-frickes-und-die-epa\\\/#primaryimage\",\"url\":\"https:\\\/\\\/magazin.ikk-suedwest.de\\\/maerz-2025\\\/wp-content\\\/uploads\\\/sites\\\/13\\\/2025\\\/02\\\/ikk_fm_2501_s16_familie_fricke_cae.jpg\",\"contentUrl\":\"https:\\\/\\\/magazin.ikk-suedwest.de\\\/maerz-2025\\\/wp-content\\\/uploads\\\/sites\\\/13\\\/2025\\\/02\\\/ikk_fm_2501_s16_familie_fricke_cae.jpg\",\"width\":1225,\"height\":818},{\"@type\":\"BreadcrumbList\",\"@id\":\"https:\\\/\\\/magazin.ikk-suedwest.de\\\/maerz-2025\\\/die-frickes-und-die-epa\\\/#breadcrumb\",\"itemListElement\":[{\"@type\":\"ListItem\",\"position\":1,\"name\":\"Startseite\",\"item\":\"https:\\\/\\\/magazin.ikk-suedwest.de\\\/maerz-2025\\\/\"},{\"@type\":\"ListItem\",\"position\":2,\"name\":\"Die Frickes und die ePA\"}]},{\"@type\":\"WebSite\",\"@id\":\"https:\\\/\\\/magazin.ikk-suedwest.de\\\/maerz-2025\\\/#website\",\"url\":\"https:\\\/\\\/magazin.ikk-suedwest.de\\\/maerz-2025\\\/\",\"name\":\"M\u00e4rz 2025\",\"description\":\"Eine weitere IKK Magazin Ausgaben Website\",\"potentialAction\":[{\"@type\":\"SearchAction\",\"target\":{\"@type\":\"EntryPoint\",\"urlTemplate\":\"https:\\\/\\\/magazin.ikk-suedwest.de\\\/maerz-2025\\\/?s={search_term_string}\"},\"query-input\":{\"@type\":\"PropertyValueSpecification\",\"valueRequired\":true,\"valueName\":\"search_term_string\"}}],\"inLanguage\":\"de\"},{\"@type\":\"Person\",\"@id\":\"https:\\\/\\\/magazin.ikk-suedwest.de\\\/maerz-2025\\\/#\\\/schema\\\/person\\\/636237f711a5aed151e44ddcc2de114a\",\"name\":\"fbo_master\",\"image\":{\"@type\":\"ImageObject\",\"inLanguage\":\"de\",\"@id\":\"https:\\\/\\\/secure.gravatar.com\\\/avatar\\\/5e042e587c1d6c68d3fadd024e871a65399da22a9ef5e23b274af331bde574af?s=96&d=mm&r=g\",\"url\":\"https:\\\/\\\/secure.gravatar.com\\\/avatar\\\/5e042e587c1d6c68d3fadd024e871a65399da22a9ef5e23b274af331bde574af?s=96&d=mm&r=g\",\"contentUrl\":\"https:\\\/\\\/secure.gravatar.com\\\/avatar\\\/5e042e587c1d6c68d3fadd024e871a65399da22a9ef5e23b274af331bde574af?s=96&d=mm&r=g\",\"caption\":\"fbo_master\"},\"sameAs\":[\"https:\\\/\\\/magazin.ikk-suedwest.de\"],\"url\":\"https:\\\/\\\/magazin.ikk-suedwest.de\\\/maerz-2025\\\/author\\\/fbo_master\\\/\"}]}<\/script>\n<!-- \/ Yoast SEO plugin. -->","yoast_head_json":{"title":"Die Frickes und die ePA - M\u00e4rz 2025","robots":{"index":"noindex","follow":"follow","max-snippet":"max-snippet:-1","max-image-preview":"max-image-preview:large","max-video-preview":"max-video-preview:-1"},"og_locale":"de_DE","og_type":"article","og_title":"Die Frickes und die ePA - M\u00e4rz 2025","og_description":"Nach ihrem Beinbruch haben sich bei Mama Fricke eine Menge Unterlagen angesammelt: Befunde, Arztberichte, R\u00f6ntgenbilder. Ein betr\u00e4chtlicher ...","og_url":"https:\/\/magazin.ikk-suedwest.de\/maerz-2025\/die-frickes-und-die-epa\/","og_site_name":"M\u00e4rz 2025","article_published_time":"2025-02-11T07:00:00+00:00","article_modified_time":"2025-02-27T10:32:19+00:00","og_image":[{"width":1225,"height":818,"url":"https:\/\/magazin.ikk-suedwest.de\/maerz-2025\/wp-content\/uploads\/sites\/13\/2025\/02\/ikk_fm_2501_s16_familie_fricke_cae.jpg","type":"image\/jpeg"}],"author":"fbo_master","twitter_card":"summary_large_image","twitter_misc":{"Geschrieben von":"fbo_master","Gesch\u00e4tzte Lesezeit":"5\u00a0Minuten"},"schema":{"@context":"https:\/\/schema.org","@graph":[{"@type":"Article","@id":"https:\/\/magazin.ikk-suedwest.de\/maerz-2025\/die-frickes-und-die-epa\/#article","isPartOf":{"@id":"https:\/\/magazin.ikk-suedwest.de\/maerz-2025\/die-frickes-und-die-epa\/"},"author":{"name":"fbo_master","@id":"https:\/\/magazin.ikk-suedwest.de\/maerz-2025\/#\/schema\/person\/636237f711a5aed151e44ddcc2de114a"},"headline":"Die Frickes und die ePA","datePublished":"2025-02-11T07:00:00+00:00","dateModified":"2025-02-27T10:32:19+00:00","mainEntityOfPage":{"@id":"https:\/\/magazin.ikk-suedwest.de\/maerz-2025\/die-frickes-und-die-epa\/"},"wordCount":692,"image":{"@id":"https:\/\/magazin.ikk-suedwest.de\/maerz-2025\/die-frickes-und-die-epa\/#primaryimage"},"thumbnailUrl":"https:\/\/magazin.ikk-suedwest.de\/maerz-2025\/wp-content\/uploads\/sites\/13\/2025\/02\/ikk_fm_2501_s16_familie_fricke_cae.jpg","articleSection":["Ratgeber"],"inLanguage":"de"},{"@type":"WebPage","@id":"https:\/\/magazin.ikk-suedwest.de\/maerz-2025\/die-frickes-und-die-epa\/","url":"https:\/\/magazin.ikk-suedwest.de\/maerz-2025\/die-frickes-und-die-epa\/","name":"Die Frickes und die ePA - M\u00e4rz 2025","isPartOf":{"@id":"https:\/\/magazin.ikk-suedwest.de\/maerz-2025\/#website"},"primaryImageOfPage":{"@id":"https:\/\/magazin.ikk-suedwest.de\/maerz-2025\/die-frickes-und-die-epa\/#primaryimage"},"image":{"@id":"https:\/\/magazin.ikk-suedwest.de\/maerz-2025\/die-frickes-und-die-epa\/#primaryimage"},"thumbnailUrl":"https:\/\/magazin.ikk-suedwest.de\/maerz-2025\/wp-content\/uploads\/sites\/13\/2025\/02\/ikk_fm_2501_s16_familie_fricke_cae.jpg","datePublished":"2025-02-11T07:00:00+00:00","dateModified":"2025-02-27T10:32:19+00:00","author":{"@id":"https:\/\/magazin.ikk-suedwest.de\/maerz-2025\/#\/schema\/person\/636237f711a5aed151e44ddcc2de114a"},"breadcrumb":{"@id":"https:\/\/magazin.ikk-suedwest.de\/maerz-2025\/die-frickes-und-die-epa\/#breadcrumb"},"inLanguage":"de","potentialAction":[{"@type":"ReadAction","target":["https:\/\/magazin.ikk-suedwest.de\/maerz-2025\/die-frickes-und-die-epa\/"]}]},{"@type":"ImageObject","inLanguage":"de","@id":"https:\/\/magazin.ikk-suedwest.de\/maerz-2025\/die-frickes-und-die-epa\/#primaryimage","url":"https:\/\/magazin.ikk-suedwest.de\/maerz-2025\/wp-content\/uploads\/sites\/13\/2025\/02\/ikk_fm_2501_s16_familie_fricke_cae.jpg","contentUrl":"https:\/\/magazin.ikk-suedwest.de\/maerz-2025\/wp-content\/uploads\/sites\/13\/2025\/02\/ikk_fm_2501_s16_familie_fricke_cae.jpg","width":1225,"height":818},{"@type":"BreadcrumbList","@id":"https:\/\/magazin.ikk-suedwest.de\/maerz-2025\/die-frickes-und-die-epa\/#breadcrumb","itemListElement":[{"@type":"ListItem","position":1,"name":"Startseite","item":"https:\/\/magazin.ikk-suedwest.de\/maerz-2025\/"},{"@type":"ListItem","position":2,"name":"Die Frickes und die ePA"}]},{"@type":"WebSite","@id":"https:\/\/magazin.ikk-suedwest.de\/maerz-2025\/#website","url":"https:\/\/magazin.ikk-suedwest.de\/maerz-2025\/","name":"M\u00e4rz 2025","description":"Eine weitere IKK Magazin Ausgaben Website","potentialAction":[{"@type":"SearchAction","target":{"@type":"EntryPoint","urlTemplate":"https:\/\/magazin.ikk-suedwest.de\/maerz-2025\/?s={search_term_string}"},"query-input":{"@type":"PropertyValueSpecification","valueRequired":true,"valueName":"search_term_string"}}],"inLanguage":"de"},{"@type":"Person","@id":"https:\/\/magazin.ikk-suedwest.de\/maerz-2025\/#\/schema\/person\/636237f711a5aed151e44ddcc2de114a","name":"fbo_master","image":{"@type":"ImageObject","inLanguage":"de","@id":"https:\/\/secure.gravatar.com\/avatar\/5e042e587c1d6c68d3fadd024e871a65399da22a9ef5e23b274af331bde574af?s=96&d=mm&r=g","url":"https:\/\/secure.gravatar.com\/avatar\/5e042e587c1d6c68d3fadd024e871a65399da22a9ef5e23b274af331bde574af?s=96&d=mm&r=g","contentUrl":"https:\/\/secure.gravatar.com\/avatar\/5e042e587c1d6c68d3fadd024e871a65399da22a9ef5e23b274af331bde574af?s=96&d=mm&r=g","caption":"fbo_master"},"sameAs":["https:\/\/magazin.ikk-suedwest.de"],"url":"https:\/\/magazin.ikk-suedwest.de\/maerz-2025\/author\/fbo_master\/"}]}},"_links":{"self":[{"href":"https:\/\/magazin.ikk-suedwest.de\/maerz-2025\/wp-json\/wp\/v2\/posts\/8147","targetHints":{"allow":["GET"]}}],"collection":[{"href":"https:\/\/magazin.ikk-suedwest.de\/maerz-2025\/wp-json\/wp\/v2\/posts"}],"about":[{"href":"https:\/\/magazin.ikk-suedwest.de\/maerz-2025\/wp-json\/wp\/v2\/types\/post"}],"author":[{"embeddable":true,"href":"https:\/\/magazin.ikk-suedwest.de\/maerz-2025\/wp-json\/wp\/v2\/users\/1"}],"replies":[{"embeddable":true,"href":"https:\/\/magazin.ikk-suedwest.de\/maerz-2025\/wp-json\/wp\/v2\/comments?post=8147"}],"version-history":[{"count":11,"href":"https:\/\/magazin.ikk-suedwest.de\/maerz-2025\/wp-json\/wp\/v2\/posts\/8147\/revisions"}],"predecessor-version":[{"id":8792,"href":"https:\/\/magazin.ikk-suedwest.de\/maerz-2025\/wp-json\/wp\/v2\/posts\/8147\/revisions\/8792"}],"wp:featuredmedia":[{"embeddable":true,"href":"https:\/\/magazin.ikk-suedwest.de\/maerz-2025\/wp-json\/wp\/v2\/media\/8148"}],"wp:attachment":[{"href":"https:\/\/magazin.ikk-suedwest.de\/maerz-2025\/wp-json\/wp\/v2\/media?parent=8147"}],"wp:term":[{"taxonomy":"category","embeddable":true,"href":"https:\/\/magazin.ikk-suedwest.de\/maerz-2025\/wp-json\/wp\/v2\/categories?post=8147"},{"taxonomy":"post_tag","embeddable":true,"href":"https:\/\/magazin.ikk-suedwest.de\/maerz-2025\/wp-json\/wp\/v2\/tags?post=8147"}],"curies":[{"name":"wp","href":"https:\/\/api.w.org\/{rel}","templated":true}]}}