{"id":6686,"date":"2023-09-15T09:36:40","date_gmt":"2023-09-15T07:36:40","guid":{"rendered":"https:\/\/magazin.ikk-suedwest.de\/oktober-2023\/?p=6686"},"modified":"2023-10-13T09:02:38","modified_gmt":"2023-10-13T07:02:38","slug":"neuer-verwaltungsrat-nimmt-seine-arbeit-auf","status":"publish","type":"post","link":"https:\/\/magazin.ikk-suedwest.de\/oktober-2023\/neuer-verwaltungsrat-nimmt-seine-arbeit-auf\/","title":{"rendered":"Neuer Verwaltungsrat nimmt seine Arbeit auf"},"content":{"rendered":"<div class=\"shariff shariff-align-left shariff-widget-align-left\"><ul class=\"shariff-buttons theme-round orientation-horizontal buttonsize-medium\"><li class=\"shariff-button twitter shariff-nocustomcolor\" style=\"background-color:#595959\"><a href=\"https:\/\/twitter.com\/share?url=https%3A%2F%2Fmagazin.ikk-suedwest.de%2Foktober-2023%2Fneuer-verwaltungsrat-nimmt-seine-arbeit-auf%2F&text=Neuer%20Verwaltungsrat%20nimmt%20seine%20Arbeit%20auf\" title=\"Bei X teilen\" aria-label=\"Bei X teilen\" role=\"button\" rel=\"noopener nofollow\" class=\"shariff-link\" style=\"; background-color:#000; color:#fff\" target=\"_blank\"><span class=\"shariff-icon\" style=\"\"><svg width=\"32px\" height=\"20px\" xmlns=\"http:\/\/www.w3.org\/2000\/svg\" viewBox=\"0 0 24 24\"><path fill=\"#000\" d=\"M14.258 10.152L23.176 0h-2.113l-7.747 8.813L7.133 0H0l9.352 13.328L0 23.973h2.113l8.176-9.309 6.531 9.309h7.133zm-2.895 3.293l-.949-1.328L2.875 1.56h3.246l6.086 8.523.945 1.328 7.91 11.078h-3.246zm0 0\"\/><\/svg><\/span><\/a><\/li><li class=\"shariff-button facebook shariff-nocustomcolor\" style=\"background-color:#4273c8\"><a href=\"https:\/\/www.facebook.com\/sharer\/sharer.php?u=https%3A%2F%2Fmagazin.ikk-suedwest.de%2Foktober-2023%2Fneuer-verwaltungsrat-nimmt-seine-arbeit-auf%2F\" title=\"Bei Facebook teilen\" aria-label=\"Bei Facebook teilen\" role=\"button\" rel=\"nofollow\" class=\"shariff-link\" style=\"; background-color:#3b5998; color:#fff\" target=\"_blank\"><span class=\"shariff-icon\" style=\"\"><svg width=\"32px\" height=\"20px\" xmlns=\"http:\/\/www.w3.org\/2000\/svg\" viewBox=\"0 0 18 32\"><path fill=\"#3b5998\" d=\"M17.1 0.2v4.7h-2.8q-1.5 0-2.1 0.6t-0.5 1.9v3.4h5.2l-0.7 5.3h-4.5v13.6h-5.5v-13.6h-4.5v-5.3h4.5v-3.9q0-3.3 1.9-5.2t5-1.8q2.6 0 4.1 0.2z\"\/><\/svg><\/span><\/a><\/li><li class=\"shariff-button whatsapp shariff-nocustomcolor\" style=\"background-color:#5cbe4a\"><a href=\"https:\/\/api.whatsapp.com\/send?text=https%3A%2F%2Fmagazin.ikk-suedwest.de%2Foktober-2023%2Fneuer-verwaltungsrat-nimmt-seine-arbeit-auf%2F%20Neuer%20Verwaltungsrat%20nimmt%20seine%20Arbeit%20auf\" title=\"Bei Whatsapp teilen\" aria-label=\"Bei Whatsapp teilen\" role=\"button\" rel=\"noopener nofollow\" class=\"shariff-link\" style=\"; background-color:#34af23; color:#fff\" target=\"_blank\"><span class=\"shariff-icon\" style=\"\"><svg width=\"32px\" height=\"20px\" xmlns=\"http:\/\/www.w3.org\/2000\/svg\" viewBox=\"0 0 32 32\"><path fill=\"#34af23\" d=\"M17.6 17.4q0.2 0 1.7 0.8t1.6 0.9q0 0.1 0 0.3 0 0.6-0.3 1.4-0.3 0.7-1.3 1.2t-1.8 0.5q-1 0-3.4-1.1-1.7-0.8-3-2.1t-2.6-3.3q-1.3-1.9-1.3-3.5v-0.1q0.1-1.6 1.3-2.8 0.4-0.4 0.9-0.4 0.1 0 0.3 0t0.3 0q0.3 0 0.5 0.1t0.3 0.5q0.1 0.4 0.6 1.6t0.4 1.3q0 0.4-0.6 1t-0.6 0.8q0 0.1 0.1 0.3 0.6 1.3 1.8 2.4 1 0.9 2.7 1.8 0.2 0.1 0.4 0.1 0.3 0 1-0.9t0.9-0.9zM14 26.9q2.3 0 4.3-0.9t3.6-2.4 2.4-3.6 0.9-4.3-0.9-4.3-2.4-3.6-3.6-2.4-4.3-0.9-4.3 0.9-3.6 2.4-2.4 3.6-0.9 4.3q0 3.6 2.1 6.6l-1.4 4.2 4.3-1.4q2.8 1.9 6.2 1.9zM14 2.2q2.7 0 5.2 1.1t4.3 2.9 2.9 4.3 1.1 5.2-1.1 5.2-2.9 4.3-4.3 2.9-5.2 1.1q-3.5 0-6.5-1.7l-7.4 2.4 2.4-7.2q-1.9-3.2-1.9-6.9 0-2.7 1.1-5.2t2.9-4.3 4.3-2.9 5.2-1.1z\"\/><\/svg><\/span><\/a><\/li><li class=\"shariff-button mailto shariff-nocustomcolor\" style=\"background-color:#a8a8a8\"><a href=\"mailto:?body=https%3A%2F%2Fmagazin.ikk-suedwest.de%2Foktober-2023%2Fneuer-verwaltungsrat-nimmt-seine-arbeit-auf%2F&subject=Neuer%20Verwaltungsrat%20nimmt%20seine%20Arbeit%20auf\" title=\"Per E-Mail versenden\" aria-label=\"Per E-Mail versenden\" role=\"button\" rel=\"noopener nofollow\" class=\"shariff-link\" style=\"; background-color:#999; color:#fff\"><span class=\"shariff-icon\" style=\"\"><svg width=\"32px\" height=\"20px\" xmlns=\"http:\/\/www.w3.org\/2000\/svg\" viewBox=\"0 0 32 32\"><path fill=\"#999\" d=\"M32 12.7v14.2q0 1.2-0.8 2t-2 0.9h-26.3q-1.2 0-2-0.9t-0.8-2v-14.2q0.8 0.9 1.8 1.6 6.5 4.4 8.9 6.1 1 0.8 1.6 1.2t1.7 0.9 2 0.4h0.1q0.9 0 2-0.4t1.7-0.9 1.6-1.2q3-2.2 8.9-6.1 1-0.7 1.8-1.6zM32 7.4q0 1.4-0.9 2.7t-2.2 2.2q-6.7 4.7-8.4 5.8-0.2 0.1-0.7 0.5t-1 0.7-0.9 0.6-1.1 0.5-0.9 0.2h-0.1q-0.4 0-0.9-0.2t-1.1-0.5-0.9-0.6-1-0.7-0.7-0.5q-1.6-1.1-4.7-3.2t-3.6-2.6q-1.1-0.7-2.1-2t-1-2.5q0-1.4 0.7-2.3t2.1-0.9h26.3q1.2 0 2 0.8t0.9 2z\"\/><\/svg><\/span><\/a><\/li><\/ul><\/div>\n\n\n\n<figure class=\"wp-block-image size-large\"><img loading=\"lazy\" decoding=\"async\" width=\"1024\" height=\"684\" src=\"https:\/\/magazin.ikk-suedwest.de\/oktober-2023\/wp-content\/uploads\/sites\/10\/2023\/09\/ikk_fm_2302_s4_verwaltungsrat-1024x684.jpg\" alt=\"\" class=\"wp-image-7035\" srcset=\"https:\/\/magazin.ikk-suedwest.de\/oktober-2023\/wp-content\/uploads\/sites\/10\/2023\/09\/ikk_fm_2302_s4_verwaltungsrat-1024x684.jpg 1024w, https:\/\/magazin.ikk-suedwest.de\/oktober-2023\/wp-content\/uploads\/sites\/10\/2023\/09\/ikk_fm_2302_s4_verwaltungsrat-300x200.jpg 300w, https:\/\/magazin.ikk-suedwest.de\/oktober-2023\/wp-content\/uploads\/sites\/10\/2023\/09\/ikk_fm_2302_s4_verwaltungsrat-768x513.jpg 768w, https:\/\/magazin.ikk-suedwest.de\/oktober-2023\/wp-content\/uploads\/sites\/10\/2023\/09\/ikk_fm_2302_s4_verwaltungsrat-370x247.jpg 370w, https:\/\/magazin.ikk-suedwest.de\/oktober-2023\/wp-content\/uploads\/sites\/10\/2023\/09\/ikk_fm_2302_s4_verwaltungsrat-270x180.jpg 270w, https:\/\/magazin.ikk-suedwest.de\/oktober-2023\/wp-content\/uploads\/sites\/10\/2023\/09\/ikk_fm_2302_s4_verwaltungsrat-570x381.jpg 570w, https:\/\/magazin.ikk-suedwest.de\/oktober-2023\/wp-content\/uploads\/sites\/10\/2023\/09\/ikk_fm_2302_s4_verwaltungsrat-749x500.jpg 749w, https:\/\/magazin.ikk-suedwest.de\/oktober-2023\/wp-content\/uploads\/sites\/10\/2023\/09\/ikk_fm_2302_s4_verwaltungsrat-740x494.jpg 740w, https:\/\/magazin.ikk-suedwest.de\/oktober-2023\/wp-content\/uploads\/sites\/10\/2023\/09\/ikk_fm_2302_s4_verwaltungsrat.jpg 1225w\" sizes=\"auto, (max-width: 1024px) 100vw, 1024px\" \/><\/figure>\n\n\n\n<h1 class=\"wp-block-heading\">Neuer Verwaltungsrat nimmt seine Arbeit auf<\/h1>\n\n\n\n<p class=\"has-large-font-size wp-block-paragraph\"><mark style=\"background-color:rgba(0, 0, 0, 0)\" class=\"has-inline-color has-gridlove-acc-color\">Im Rhythmus von sechs Jahren setzt sich das h\u00f6chste ehrenamtliche Gremium der Selbstverwaltung von Krankenkassen \u2013 der Verwaltungsrat \u2013 neu zusammen. Bei der IKK S\u00fcdwest wurden in diesem Jahr elf neue Mitglieder in das Gremium berufen. Am 22. September kam der neue Verwaltungsrat zu seiner konstituierenden Sitzung zusammen.<\/mark><\/p>\n\n\n\n<figure class=\"wp-block-image alignright size-full is-resized\"><img loading=\"lazy\" decoding=\"async\" width=\"300\" height=\"301\" src=\"https:\/\/magazin.ikk-suedwest.de\/oktober-2023\/wp-content\/uploads\/sites\/10\/2023\/09\/ikk_fm_2302_beitragsbild_s04_gerd_benzmueller.png\" alt=\"\" class=\"wp-image-7067\" style=\"width:250px\" srcset=\"https:\/\/magazin.ikk-suedwest.de\/oktober-2023\/wp-content\/uploads\/sites\/10\/2023\/09\/ikk_fm_2302_beitragsbild_s04_gerd_benzmueller.png 300w, https:\/\/magazin.ikk-suedwest.de\/oktober-2023\/wp-content\/uploads\/sites\/10\/2023\/09\/ikk_fm_2302_beitragsbild_s04_gerd_benzmueller-150x150.png 150w, https:\/\/magazin.ikk-suedwest.de\/oktober-2023\/wp-content\/uploads\/sites\/10\/2023\/09\/ikk_fm_2302_beitragsbild_s04_gerd_benzmueller-270x271.png 270w\" sizes=\"auto, (max-width: 300px) 100vw, 300px\" \/><figcaption class=\"wp-element-caption\"><em>Gerd Benzm\u00fcller<\/em><\/figcaption><\/figure>\n\n\n\n<p class=\"wp-block-paragraph\">Der Verwaltungsrat der IKK S\u00fcdwest ist mit 28 Mitgliedern parit\u00e4tisch besetzt, 14 auf Versicherten- und 14 auf Arbeitgeberseite. Im Rahmen der diesj\u00e4hrigen Sozialwahlen, die bei der IKK S\u00fcdwest als Friedenswahlen stattfanden, kam es zu Ver\u00e4nderungen in der Besetzung \u2013 elf Mitglieder wurden neu in das Gremium gew\u00e4hlt. Der Verwaltungsrat, der jetzt aus 13 Frauen und 15 M\u00e4nnern besteht, w\u00e4hlte in der konstituierenden Sitzung am 22. September die Verwaltungsratsvorsitzenden. Auf der Versichertenseite wurde Ralf Reinst\u00e4dtler in seinem Amt best\u00e4tigt. Auf der Arbeitgeberseite wurde Gerd Benzm\u00fcller, der dem Gremium seit 2020 angeh\u00f6rt, als neuer Vorsitzender gew\u00e4hlt und l\u00f6ste damit Rainer Lunk ab.<\/p>\n\n\n\n<h2 class=\"wp-block-heading\"><strong>Rainer Lunk nach 24 Jahren verabschiedet<\/strong><strong><\/strong><\/h2>\n\n\n\n<p class=\"wp-block-paragraph\">Rainer Lunk ist nach 24 Jahren Verwaltungsratst\u00e4tigkeit, davon 12 Jahre als Vorsitzender, nicht mehr zur Wahl angetreten.<\/p>\n\n\n\n<figure class=\"wp-block-image alignright size-full is-resized\"><img loading=\"lazy\" decoding=\"async\" width=\"300\" height=\"301\" src=\"https:\/\/magazin.ikk-suedwest.de\/oktober-2023\/wp-content\/uploads\/sites\/10\/2023\/09\/ikk_fm_2302_beitragsbild_s05_ralf_reinstaedter_neu.png\" alt=\"\" class=\"wp-image-7068\" style=\"width:250px;height:auto\" srcset=\"https:\/\/magazin.ikk-suedwest.de\/oktober-2023\/wp-content\/uploads\/sites\/10\/2023\/09\/ikk_fm_2302_beitragsbild_s05_ralf_reinstaedter_neu.png 300w, https:\/\/magazin.ikk-suedwest.de\/oktober-2023\/wp-content\/uploads\/sites\/10\/2023\/09\/ikk_fm_2302_beitragsbild_s05_ralf_reinstaedter_neu-150x150.png 150w, https:\/\/magazin.ikk-suedwest.de\/oktober-2023\/wp-content\/uploads\/sites\/10\/2023\/09\/ikk_fm_2302_beitragsbild_s05_ralf_reinstaedter_neu-270x271.png 270w\" sizes=\"auto, (max-width: 300px) 100vw, 300px\" \/><figcaption class=\"wp-element-caption\"><em><em><em>Ralf Reinst\u00e4dler<\/em><\/em><\/em><\/figcaption><\/figure>\n\n\n\n<p class=\"wp-block-paragraph\">Ralf Reinst\u00e4dtler ging in seiner Laudatio auf das vielf\u00e4ltige Engagement von Rainer Lunk ein: Sei es die Umsetzung des Leuchtturmprojekts PIKKO, der Kampf f\u00fcr die autonome Selbstverwaltung oder der unabl\u00e4ssige Einsatz f\u00fcr die Menschen der Region \u2013 seine Rolle in der Etablierung der IKK S\u00fcdwest als ma\u00dfgeblicher Pfeiler der Gesundheitsversorgung im S\u00fcdwesten war herausragend und von gro\u00dfer Leidenschaft gepr\u00e4gt.<\/p>\n\n\n\n<div style=\"height:10px\" aria-hidden=\"true\" class=\"wp-block-spacer\"><\/div>\n\n\n\n<p class=\"wp-block-paragraph\">In einer feierlichen Ehrung aller ausscheidenden Selbstverwalter w\u00fcrdigten Rainer Lunk und Ralf Reinst\u00e4dtler, Staatssekret\u00e4rin Bettina Altesleben sowie Vorstand Prof. Dr. J\u00f6rg Loth und Daniel Schilling deren erfolgreiche T\u00e4tigkeit und die vertrauensvolle Zusammenarbeit. Dabei wurde ihnen auch eine Urkunde \u00fcberreicht, mit der der rheinland-pf\u00e4lzische Minister f\u00fcr Wissenschaft und Gesundheit, Clemens Hoch, und der saarl\u00e4ndische Minister f\u00fcr Arbeit, Soziales, Frauen und Gesundheit, Dr. Magnus Jung, die besonderen Verdienste wertsch\u00e4tzten.<\/p>\n\n\n\n<h2 class=\"wp-block-heading\"><strong>Das Gesundheitswesen der Zukunft gestalten<\/strong><\/h2>\n\n\n\n<p class=\"wp-block-paragraph\">Die Selbstverwaltung steht auch in der neuen Amtszeit vor gro\u00dfen Herausforderungen: Dabei geht es zum einen um die kontinuierliche Weiterentwicklung der Angebote f\u00fcr IKK S\u00fcdwest-Versicherte, auch mit dem stetigen Blick auf die weitere Digitalisierung. Zum anderen geht es aber auch um die Sicherstellung einer verl\u00e4sslichen und bezahlbaren Gesundheitsversorgung in der Region.<\/p>\n\n\n\n<p class=\"wp-block-paragraph\">Keine einfache Aufgabe, denn die letzten Monate und Jahre haben gezeigt, dass das Gesundheitssystem Risse bekommen hat. Probleme bei der Arzneimittelversorgung, lange Wartezeiten, insbesondere bei Fach\u00e4rzten, und \u00fcberf\u00fcllte Notaufnahmen sind f\u00fcr gesetzlich Versicherte inzwischen leider keine Fremdw\u00f6rter mehr.<\/p>\n\n\n\n<figure class=\"wp-block-image size-large is-resized\"><img loading=\"lazy\" decoding=\"async\" width=\"1024\" height=\"684\" src=\"https:\/\/magazin.ikk-suedwest.de\/oktober-2023\/wp-content\/uploads\/sites\/10\/2023\/09\/ikk_fm_2302_s5_ralf_verabschiedung_mitglieder-1024x684.jpg\" alt=\"\" class=\"wp-image-7063\" style=\"width:650px;height:auto\" srcset=\"https:\/\/magazin.ikk-suedwest.de\/oktober-2023\/wp-content\/uploads\/sites\/10\/2023\/09\/ikk_fm_2302_s5_ralf_verabschiedung_mitglieder-1024x684.jpg 1024w, https:\/\/magazin.ikk-suedwest.de\/oktober-2023\/wp-content\/uploads\/sites\/10\/2023\/09\/ikk_fm_2302_s5_ralf_verabschiedung_mitglieder-300x200.jpg 300w, https:\/\/magazin.ikk-suedwest.de\/oktober-2023\/wp-content\/uploads\/sites\/10\/2023\/09\/ikk_fm_2302_s5_ralf_verabschiedung_mitglieder-768x513.jpg 768w, https:\/\/magazin.ikk-suedwest.de\/oktober-2023\/wp-content\/uploads\/sites\/10\/2023\/09\/ikk_fm_2302_s5_ralf_verabschiedung_mitglieder-370x247.jpg 370w, https:\/\/magazin.ikk-suedwest.de\/oktober-2023\/wp-content\/uploads\/sites\/10\/2023\/09\/ikk_fm_2302_s5_ralf_verabschiedung_mitglieder-270x180.jpg 270w, https:\/\/magazin.ikk-suedwest.de\/oktober-2023\/wp-content\/uploads\/sites\/10\/2023\/09\/ikk_fm_2302_s5_ralf_verabschiedung_mitglieder-570x381.jpg 570w, https:\/\/magazin.ikk-suedwest.de\/oktober-2023\/wp-content\/uploads\/sites\/10\/2023\/09\/ikk_fm_2302_s5_ralf_verabschiedung_mitglieder-749x500.jpg 749w, https:\/\/magazin.ikk-suedwest.de\/oktober-2023\/wp-content\/uploads\/sites\/10\/2023\/09\/ikk_fm_2302_s5_ralf_verabschiedung_mitglieder-740x494.jpg 740w, https:\/\/magazin.ikk-suedwest.de\/oktober-2023\/wp-content\/uploads\/sites\/10\/2023\/09\/ikk_fm_2302_s5_ralf_verabschiedung_mitglieder.jpg 1225w\" sizes=\"auto, (max-width: 1024px) 100vw, 1024px\" \/><figcaption class=\"wp-element-caption\">Feierliche Verabschiedung der ausscheidenden Mitglieder des Verwaltungsrates durch den ehemaligen Vorsitzenden der Arbeitgeberseite Rainer Lunk (Bildmitte), Staatssekret\u00e4rin Bettina Altesleben, den Vorsitzenden der Versichertenseite Ralf Reinst\u00e4dtler, Vorstand Prof. Dr. J\u00f6rg Loth und Daniel Schilling sowie Gesch\u00e4ftsfu\u0308hrer Gu\u0308nter Eller (v. l.)<\/figcaption><\/figure>\n\n\n\n<p class=\"wp-block-paragraph\">\u201eDarum ist es gerade jetzt wichtig, dass sich die Versicherten und Arbeitgeber der IKK S\u00fcdwest auf ihre Krankenkasse verlassen k\u00f6nnen. Zusammen mit dem Vorstand und unseren Kolleginnen und Kollegen im Verwaltungsrat werden wir uns daf\u00fcr einsetzen, dass den Menschen in Hessen, Rheinland-Pfalz und dem Saarland die bestm\u00f6gliche Gesundheitsversorgung zur Verf\u00fcgung steht. Daf\u00fcr ist es mittelfristig unerl\u00e4sslich, das Gesundheitssystem auf eine vern\u00fcnftige finanzielle Basis zu stellen \u2013 was nicht ohne ein Umdenken und Reformen auf politischer Seite m\u00f6glich sein wird\u201c, sind sich Gerd Benzm\u00fcller und Ralf Reinst\u00e4dtler einig.<\/p>\n\n\n\n<div class=\"wp-block-group has-background is-layout-constrained wp-block-group-is-layout-constrained\" style=\"background-color:#dbdbdb\">\n<h2 class=\"wp-block-heading\"><strong>Der parit\u00e4tisch besetzte Verwaltungsrat der <\/strong><br><strong>IKK S\u00fcdwest<\/strong><\/h2>\n\n\n\n<div class=\"wp-block-columns is-layout-flex wp-container-core-columns-is-layout-8f761849 wp-block-columns-is-layout-flex\">\n<div class=\"wp-block-column is-layout-flow wp-block-column-is-layout-flow\">\n<p class=\"wp-block-paragraph\" style=\"padding-left: 27px\"><strong>Arbeitgeberseite<\/strong><\/p>\n\n\n\n<ul class=\"wp-block-list\">\n<li>G\u00fcnter Bartruff<\/li>\n\n\n\n<li>Gerd Benzm\u00fcller<\/li>\n\n\n\n<li>Winfried Burger<\/li>\n\n\n\n<li>Isabel Fabry<\/li>\n\n\n\n<li>Norbert Geyer<\/li>\n\n\n\n<li>Wilhelmine Maria Guckert-Stolz<\/li>\n\n\n\n<li>Sabine Hensler<\/li>\n\n\n\n<li>Monika Hindenberger-Wagner<\/li>\n\n\n\n<li>Marco Kraus<\/li>\n\n\n\n<li>Anke L\u00f6ser<\/li>\n\n\n\n<li>Sven Nielsen<\/li>\n\n\n\n<li>Michael Peter<\/li>\n\n\n\n<li>Petra Schaller<\/li>\n\n\n\n<li>Stefan Stabel<\/li>\n<\/ul>\n\n\n\n<div style=\"height:20px\" aria-hidden=\"true\" class=\"wp-block-spacer\"><\/div>\n<\/div>\n\n\n\n<div class=\"wp-block-column is-layout-flow wp-block-column-is-layout-flow\">\n<p class=\"wp-block-paragraph\" style=\"padding-left: 27px\"><strong>Versichertenseite<\/strong><\/p>\n\n\n\n<ul class=\"wp-block-list\">\n<li>Mark Baumeister<\/li>\n\n\n\n<li>Silvia Berger<\/li>\n\n\n\n<li>Lars Desgranges<\/li>\n\n\n\n<li>Anja Dethlof-Sp\u00e4th<\/li>\n\n\n\n<li>Sigrid Krau\u00df<\/li>\n\n\n\n<li>Heike Ludwig<\/li>\n\n\n\n<li>Slawomir Michalik<\/li>\n\n\n\n<li>Harry M\u00fcller<\/li>\n\n\n\n<li>R\u00fcdiger Oswald<\/li>\n\n\n\n<li>Ralf Reinst\u00e4dtler<\/li>\n\n\n\n<li>Marina Reisdorf<\/li>\n\n\n\n<li>Roberta Sch\u00fcckler<\/li>\n\n\n\n<li>Lothar Weishaar<\/li>\n\n\n\n<li>Fabienne Wolfanger<\/li>\n<\/ul>\n\n\n\n<div style=\"height:20px\" aria-hidden=\"true\" class=\"wp-block-spacer\"><\/div>\n<\/div>\n<\/div>\n<\/div>\n\n\n\n<p class=\"wp-block-paragraph\"><a href=\"https:\/\/www.ikk-suedwest.de\/ueber-uns\/die-ikk-suedwest\/vorstand-und-verwaltungsrat\/\" target=\"_blank\" rel=\"noreferrer noopener\"><strong>Mehr zum<\/strong> <em>Verwaltungsrat<\/em><\/a><\/p>\n\n\n\n<p class=\"has-text-color wp-block-paragraph\" style=\"color:#009fe3\"><\/p>\n\n\n<div class=\"shariff shariff-align-left shariff-widget-align-left\"><ul class=\"shariff-buttons theme-round orientation-horizontal buttonsize-medium\"><li class=\"shariff-button twitter shariff-nocustomcolor\" style=\"background-color:#595959\"><a href=\"https:\/\/twitter.com\/share?url=https%3A%2F%2Fmagazin.ikk-suedwest.de%2Foktober-2023%2Fneuer-verwaltungsrat-nimmt-seine-arbeit-auf%2F&text=Neuer%20Verwaltungsrat%20nimmt%20seine%20Arbeit%20auf\" title=\"Bei X teilen\" aria-label=\"Bei X teilen\" role=\"button\" rel=\"noopener nofollow\" class=\"shariff-link\" style=\"; background-color:#000; color:#fff\" target=\"_blank\"><span class=\"shariff-icon\" style=\"\"><svg width=\"32px\" height=\"20px\" xmlns=\"http:\/\/www.w3.org\/2000\/svg\" viewBox=\"0 0 24 24\"><path fill=\"#000\" d=\"M14.258 10.152L23.176 0h-2.113l-7.747 8.813L7.133 0H0l9.352 13.328L0 23.973h2.113l8.176-9.309 6.531 9.309h7.133zm-2.895 3.293l-.949-1.328L2.875 1.56h3.246l6.086 8.523.945 1.328 7.91 11.078h-3.246zm0 0\"\/><\/svg><\/span><\/a><\/li><li class=\"shariff-button facebook shariff-nocustomcolor\" style=\"background-color:#4273c8\"><a href=\"https:\/\/www.facebook.com\/sharer\/sharer.php?u=https%3A%2F%2Fmagazin.ikk-suedwest.de%2Foktober-2023%2Fneuer-verwaltungsrat-nimmt-seine-arbeit-auf%2F\" title=\"Bei Facebook teilen\" aria-label=\"Bei Facebook teilen\" role=\"button\" rel=\"nofollow\" class=\"shariff-link\" style=\"; background-color:#3b5998; color:#fff\" target=\"_blank\"><span class=\"shariff-icon\" style=\"\"><svg width=\"32px\" height=\"20px\" xmlns=\"http:\/\/www.w3.org\/2000\/svg\" viewBox=\"0 0 18 32\"><path fill=\"#3b5998\" d=\"M17.1 0.2v4.7h-2.8q-1.5 0-2.1 0.6t-0.5 1.9v3.4h5.2l-0.7 5.3h-4.5v13.6h-5.5v-13.6h-4.5v-5.3h4.5v-3.9q0-3.3 1.9-5.2t5-1.8q2.6 0 4.1 0.2z\"\/><\/svg><\/span><\/a><\/li><li class=\"shariff-button whatsapp shariff-nocustomcolor\" style=\"background-color:#5cbe4a\"><a href=\"https:\/\/api.whatsapp.com\/send?text=https%3A%2F%2Fmagazin.ikk-suedwest.de%2Foktober-2023%2Fneuer-verwaltungsrat-nimmt-seine-arbeit-auf%2F%20Neuer%20Verwaltungsrat%20nimmt%20seine%20Arbeit%20auf\" title=\"Bei Whatsapp teilen\" aria-label=\"Bei Whatsapp teilen\" role=\"button\" rel=\"noopener nofollow\" class=\"shariff-link\" style=\"; background-color:#34af23; color:#fff\" target=\"_blank\"><span class=\"shariff-icon\" style=\"\"><svg width=\"32px\" height=\"20px\" xmlns=\"http:\/\/www.w3.org\/2000\/svg\" viewBox=\"0 0 32 32\"><path fill=\"#34af23\" d=\"M17.6 17.4q0.2 0 1.7 0.8t1.6 0.9q0 0.1 0 0.3 0 0.6-0.3 1.4-0.3 0.7-1.3 1.2t-1.8 0.5q-1 0-3.4-1.1-1.7-0.8-3-2.1t-2.6-3.3q-1.3-1.9-1.3-3.5v-0.1q0.1-1.6 1.3-2.8 0.4-0.4 0.9-0.4 0.1 0 0.3 0t0.3 0q0.3 0 0.5 0.1t0.3 0.5q0.1 0.4 0.6 1.6t0.4 1.3q0 0.4-0.6 1t-0.6 0.8q0 0.1 0.1 0.3 0.6 1.3 1.8 2.4 1 0.9 2.7 1.8 0.2 0.1 0.4 0.1 0.3 0 1-0.9t0.9-0.9zM14 26.9q2.3 0 4.3-0.9t3.6-2.4 2.4-3.6 0.9-4.3-0.9-4.3-2.4-3.6-3.6-2.4-4.3-0.9-4.3 0.9-3.6 2.4-2.4 3.6-0.9 4.3q0 3.6 2.1 6.6l-1.4 4.2 4.3-1.4q2.8 1.9 6.2 1.9zM14 2.2q2.7 0 5.2 1.1t4.3 2.9 2.9 4.3 1.1 5.2-1.1 5.2-2.9 4.3-4.3 2.9-5.2 1.1q-3.5 0-6.5-1.7l-7.4 2.4 2.4-7.2q-1.9-3.2-1.9-6.9 0-2.7 1.1-5.2t2.9-4.3 4.3-2.9 5.2-1.1z\"\/><\/svg><\/span><\/a><\/li><li class=\"shariff-button mailto shariff-nocustomcolor\" style=\"background-color:#a8a8a8\"><a href=\"mailto:?body=https%3A%2F%2Fmagazin.ikk-suedwest.de%2Foktober-2023%2Fneuer-verwaltungsrat-nimmt-seine-arbeit-auf%2F&subject=Neuer%20Verwaltungsrat%20nimmt%20seine%20Arbeit%20auf\" title=\"Per E-Mail versenden\" aria-label=\"Per E-Mail versenden\" role=\"button\" rel=\"noopener nofollow\" class=\"shariff-link\" style=\"; background-color:#999; color:#fff\"><span class=\"shariff-icon\" style=\"\"><svg width=\"32px\" height=\"20px\" xmlns=\"http:\/\/www.w3.org\/2000\/svg\" viewBox=\"0 0 32 32\"><path fill=\"#999\" d=\"M32 12.7v14.2q0 1.2-0.8 2t-2 0.9h-26.3q-1.2 0-2-0.9t-0.8-2v-14.2q0.8 0.9 1.8 1.6 6.5 4.4 8.9 6.1 1 0.8 1.6 1.2t1.7 0.9 2 0.4h0.1q0.9 0 2-0.4t1.7-0.9 1.6-1.2q3-2.2 8.9-6.1 1-0.7 1.8-1.6zM32 7.4q0 1.4-0.9 2.7t-2.2 2.2q-6.7 4.7-8.4 5.8-0.2 0.1-0.7 0.5t-1 0.7-0.9 0.6-1.1 0.5-0.9 0.2h-0.1q-0.4 0-0.9-0.2t-1.1-0.5-0.9-0.6-1-0.7-0.7-0.5q-1.6-1.1-4.7-3.2t-3.6-2.6q-1.1-0.7-2.1-2t-1-2.5q0-1.4 0.7-2.3t2.1-0.9h26.3q1.2 0 2 0.8t0.9 2z\"\/><\/svg><\/span><\/a><\/li><\/ul><\/div>\n\n\n\n<p class=\"wp-block-paragraph\"><\/p>\n\n\n\n<div class=\"wp-block-buttons is-horizontal is-content-justification-left is-layout-flex wp-container-core-buttons-is-layout-39697d9b wp-block-buttons-is-layout-flex\">\n<div class=\"wp-block-button\"><a class=\"wp-block-button__link has-background wp-element-button\" href=\"javascript:history.back()\" style=\"background-color:#009de9\">Zur\u00fcck<\/a><\/div>\n<\/div>\n","protected":false},"excerpt":{"rendered":"<p>Im Rhythmus von sechs Jahren setzt sich das h\u00f6chste ehrenamtliche Gremium der Selbstverwaltung von Krankenkassen &#8230;<\/p>\n","protected":false},"author":1,"featured_media":7035,"comment_status":"closed","ping_status":"open","sticky":false,"template":"","format":"standard","meta":{"_acf_changed":false,"_crdt_document":"","favoriteCount":3,"footnotes":""},"categories":[53],"tags":[],"class_list":["post-6686","post","type-post","status-publish","format-standard","has-post-thumbnail","hentry","category-neues-vom-verwaltungsrat"],"acf":[],"yoast_head":"<!-- This site is optimized with the Yoast SEO plugin v27.4 - https:\/\/yoast.com\/product\/yoast-seo-wordpress\/ -->\n<title>Neuer Verwaltungsrat nimmt seine Arbeit auf - Oktober 2023<\/title>\n<meta name=\"robots\" content=\"noindex, follow, max-snippet:-1, max-image-preview:large, max-video-preview:-1\" \/>\n<meta property=\"og:locale\" content=\"de_DE\" \/>\n<meta property=\"og:type\" content=\"article\" \/>\n<meta property=\"og:title\" content=\"Neuer Verwaltungsrat nimmt seine Arbeit auf - Oktober 2023\" \/>\n<meta property=\"og:description\" content=\"Im Rhythmus von sechs Jahren setzt sich das h\u00f6chste ehrenamtliche Gremium der Selbstverwaltung von Krankenkassen ...\" \/>\n<meta property=\"og:url\" content=\"https:\/\/magazin.ikk-suedwest.de\/oktober-2023\/neuer-verwaltungsrat-nimmt-seine-arbeit-auf\/\" \/>\n<meta property=\"og:site_name\" content=\"Oktober 2023\" \/>\n<meta property=\"article:published_time\" content=\"2023-09-15T07:36:40+00:00\" \/>\n<meta property=\"article:modified_time\" content=\"2023-10-13T07:02:38+00:00\" \/>\n<meta property=\"og:image\" content=\"https:\/\/magazin.ikk-suedwest.de\/oktober-2023\/wp-content\/uploads\/sites\/10\/2023\/09\/ikk_fm_2302_s4_verwaltungsrat.jpg\" \/>\n\t<meta property=\"og:image:width\" content=\"1225\" \/>\n\t<meta property=\"og:image:height\" content=\"818\" \/>\n\t<meta property=\"og:image:type\" content=\"image\/jpeg\" \/>\n<meta name=\"author\" content=\"fbo_master\" \/>\n<meta name=\"twitter:card\" content=\"summary_large_image\" \/>\n<meta name=\"twitter:label1\" content=\"Geschrieben von\" \/>\n\t<meta name=\"twitter:data1\" content=\"fbo_master\" \/>\n\t<meta name=\"twitter:label2\" content=\"Gesch\u00e4tzte Lesezeit\" \/>\n\t<meta name=\"twitter:data2\" content=\"5\u00a0Minuten\" \/>\n<script type=\"application\/ld+json\" class=\"yoast-schema-graph\">{\"@context\":\"https:\\\/\\\/schema.org\",\"@graph\":[{\"@type\":\"Article\",\"@id\":\"https:\\\/\\\/magazin.ikk-suedwest.de\\\/oktober-2023\\\/neuer-verwaltungsrat-nimmt-seine-arbeit-auf\\\/#article\",\"isPartOf\":{\"@id\":\"https:\\\/\\\/magazin.ikk-suedwest.de\\\/oktober-2023\\\/neuer-verwaltungsrat-nimmt-seine-arbeit-auf\\\/\"},\"author\":{\"name\":\"fbo_master\",\"@id\":\"https:\\\/\\\/magazin.ikk-suedwest.de\\\/oktober-2023\\\/#\\\/schema\\\/person\\\/636237f711a5aed151e44ddcc2de114a\"},\"headline\":\"Neuer Verwaltungsrat nimmt seine Arbeit auf\",\"datePublished\":\"2023-09-15T07:36:40+00:00\",\"dateModified\":\"2023-10-13T07:02:38+00:00\",\"mainEntityOfPage\":{\"@id\":\"https:\\\/\\\/magazin.ikk-suedwest.de\\\/oktober-2023\\\/neuer-verwaltungsrat-nimmt-seine-arbeit-auf\\\/\"},\"wordCount\":664,\"image\":{\"@id\":\"https:\\\/\\\/magazin.ikk-suedwest.de\\\/oktober-2023\\\/neuer-verwaltungsrat-nimmt-seine-arbeit-auf\\\/#primaryimage\"},\"thumbnailUrl\":\"https:\\\/\\\/magazin.ikk-suedwest.de\\\/oktober-2023\\\/wp-content\\\/uploads\\\/sites\\\/10\\\/2023\\\/09\\\/ikk_fm_2302_s4_verwaltungsrat.jpg\",\"articleSection\":[\"Neues vom Verwaltungsrat\"],\"inLanguage\":\"de\"},{\"@type\":\"WebPage\",\"@id\":\"https:\\\/\\\/magazin.ikk-suedwest.de\\\/oktober-2023\\\/neuer-verwaltungsrat-nimmt-seine-arbeit-auf\\\/\",\"url\":\"https:\\\/\\\/magazin.ikk-suedwest.de\\\/oktober-2023\\\/neuer-verwaltungsrat-nimmt-seine-arbeit-auf\\\/\",\"name\":\"Neuer Verwaltungsrat nimmt seine Arbeit auf - Oktober 2023\",\"isPartOf\":{\"@id\":\"https:\\\/\\\/magazin.ikk-suedwest.de\\\/oktober-2023\\\/#website\"},\"primaryImageOfPage\":{\"@id\":\"https:\\\/\\\/magazin.ikk-suedwest.de\\\/oktober-2023\\\/neuer-verwaltungsrat-nimmt-seine-arbeit-auf\\\/#primaryimage\"},\"image\":{\"@id\":\"https:\\\/\\\/magazin.ikk-suedwest.de\\\/oktober-2023\\\/neuer-verwaltungsrat-nimmt-seine-arbeit-auf\\\/#primaryimage\"},\"thumbnailUrl\":\"https:\\\/\\\/magazin.ikk-suedwest.de\\\/oktober-2023\\\/wp-content\\\/uploads\\\/sites\\\/10\\\/2023\\\/09\\\/ikk_fm_2302_s4_verwaltungsrat.jpg\",\"datePublished\":\"2023-09-15T07:36:40+00:00\",\"dateModified\":\"2023-10-13T07:02:38+00:00\",\"author\":{\"@id\":\"https:\\\/\\\/magazin.ikk-suedwest.de\\\/oktober-2023\\\/#\\\/schema\\\/person\\\/636237f711a5aed151e44ddcc2de114a\"},\"breadcrumb\":{\"@id\":\"https:\\\/\\\/magazin.ikk-suedwest.de\\\/oktober-2023\\\/neuer-verwaltungsrat-nimmt-seine-arbeit-auf\\\/#breadcrumb\"},\"inLanguage\":\"de\",\"potentialAction\":[{\"@type\":\"ReadAction\",\"target\":[\"https:\\\/\\\/magazin.ikk-suedwest.de\\\/oktober-2023\\\/neuer-verwaltungsrat-nimmt-seine-arbeit-auf\\\/\"]}]},{\"@type\":\"ImageObject\",\"inLanguage\":\"de\",\"@id\":\"https:\\\/\\\/magazin.ikk-suedwest.de\\\/oktober-2023\\\/neuer-verwaltungsrat-nimmt-seine-arbeit-auf\\\/#primaryimage\",\"url\":\"https:\\\/\\\/magazin.ikk-suedwest.de\\\/oktober-2023\\\/wp-content\\\/uploads\\\/sites\\\/10\\\/2023\\\/09\\\/ikk_fm_2302_s4_verwaltungsrat.jpg\",\"contentUrl\":\"https:\\\/\\\/magazin.ikk-suedwest.de\\\/oktober-2023\\\/wp-content\\\/uploads\\\/sites\\\/10\\\/2023\\\/09\\\/ikk_fm_2302_s4_verwaltungsrat.jpg\",\"width\":1225,\"height\":818},{\"@type\":\"BreadcrumbList\",\"@id\":\"https:\\\/\\\/magazin.ikk-suedwest.de\\\/oktober-2023\\\/neuer-verwaltungsrat-nimmt-seine-arbeit-auf\\\/#breadcrumb\",\"itemListElement\":[{\"@type\":\"ListItem\",\"position\":1,\"name\":\"Startseite\",\"item\":\"https:\\\/\\\/magazin.ikk-suedwest.de\\\/oktober-2023\\\/\"},{\"@type\":\"ListItem\",\"position\":2,\"name\":\"Neuer Verwaltungsrat nimmt seine Arbeit auf\"}]},{\"@type\":\"WebSite\",\"@id\":\"https:\\\/\\\/magazin.ikk-suedwest.de\\\/oktober-2023\\\/#website\",\"url\":\"https:\\\/\\\/magazin.ikk-suedwest.de\\\/oktober-2023\\\/\",\"name\":\"Oktober 2023\",\"description\":\"Eine weitere IKK Magazin Ausgaben Website\",\"potentialAction\":[{\"@type\":\"SearchAction\",\"target\":{\"@type\":\"EntryPoint\",\"urlTemplate\":\"https:\\\/\\\/magazin.ikk-suedwest.de\\\/oktober-2023\\\/?s={search_term_string}\"},\"query-input\":{\"@type\":\"PropertyValueSpecification\",\"valueRequired\":true,\"valueName\":\"search_term_string\"}}],\"inLanguage\":\"de\"},{\"@type\":\"Person\",\"@id\":\"https:\\\/\\\/magazin.ikk-suedwest.de\\\/oktober-2023\\\/#\\\/schema\\\/person\\\/636237f711a5aed151e44ddcc2de114a\",\"name\":\"fbo_master\",\"image\":{\"@type\":\"ImageObject\",\"inLanguage\":\"de\",\"@id\":\"https:\\\/\\\/secure.gravatar.com\\\/avatar\\\/5e042e587c1d6c68d3fadd024e871a65399da22a9ef5e23b274af331bde574af?s=96&d=mm&r=g\",\"url\":\"https:\\\/\\\/secure.gravatar.com\\\/avatar\\\/5e042e587c1d6c68d3fadd024e871a65399da22a9ef5e23b274af331bde574af?s=96&d=mm&r=g\",\"contentUrl\":\"https:\\\/\\\/secure.gravatar.com\\\/avatar\\\/5e042e587c1d6c68d3fadd024e871a65399da22a9ef5e23b274af331bde574af?s=96&d=mm&r=g\",\"caption\":\"fbo_master\"},\"sameAs\":[\"https:\\\/\\\/magazin.ikk-suedwest.de\"],\"url\":\"https:\\\/\\\/magazin.ikk-suedwest.de\\\/oktober-2023\\\/author\\\/fbo_master\\\/\"}]}<\/script>\n<!-- \/ Yoast SEO plugin. -->","yoast_head_json":{"title":"Neuer Verwaltungsrat nimmt seine Arbeit auf - Oktober 2023","robots":{"index":"noindex","follow":"follow","max-snippet":"max-snippet:-1","max-image-preview":"max-image-preview:large","max-video-preview":"max-video-preview:-1"},"og_locale":"de_DE","og_type":"article","og_title":"Neuer Verwaltungsrat nimmt seine Arbeit auf - Oktober 2023","og_description":"Im Rhythmus von sechs Jahren setzt sich das h\u00f6chste ehrenamtliche Gremium der Selbstverwaltung von Krankenkassen ...","og_url":"https:\/\/magazin.ikk-suedwest.de\/oktober-2023\/neuer-verwaltungsrat-nimmt-seine-arbeit-auf\/","og_site_name":"Oktober 2023","article_published_time":"2023-09-15T07:36:40+00:00","article_modified_time":"2023-10-13T07:02:38+00:00","og_image":[{"width":1225,"height":818,"url":"https:\/\/magazin.ikk-suedwest.de\/oktober-2023\/wp-content\/uploads\/sites\/10\/2023\/09\/ikk_fm_2302_s4_verwaltungsrat.jpg","type":"image\/jpeg"}],"author":"fbo_master","twitter_card":"summary_large_image","twitter_misc":{"Geschrieben von":"fbo_master","Gesch\u00e4tzte Lesezeit":"5\u00a0Minuten"},"schema":{"@context":"https:\/\/schema.org","@graph":[{"@type":"Article","@id":"https:\/\/magazin.ikk-suedwest.de\/oktober-2023\/neuer-verwaltungsrat-nimmt-seine-arbeit-auf\/#article","isPartOf":{"@id":"https:\/\/magazin.ikk-suedwest.de\/oktober-2023\/neuer-verwaltungsrat-nimmt-seine-arbeit-auf\/"},"author":{"name":"fbo_master","@id":"https:\/\/magazin.ikk-suedwest.de\/oktober-2023\/#\/schema\/person\/636237f711a5aed151e44ddcc2de114a"},"headline":"Neuer Verwaltungsrat nimmt seine Arbeit auf","datePublished":"2023-09-15T07:36:40+00:00","dateModified":"2023-10-13T07:02:38+00:00","mainEntityOfPage":{"@id":"https:\/\/magazin.ikk-suedwest.de\/oktober-2023\/neuer-verwaltungsrat-nimmt-seine-arbeit-auf\/"},"wordCount":664,"image":{"@id":"https:\/\/magazin.ikk-suedwest.de\/oktober-2023\/neuer-verwaltungsrat-nimmt-seine-arbeit-auf\/#primaryimage"},"thumbnailUrl":"https:\/\/magazin.ikk-suedwest.de\/oktober-2023\/wp-content\/uploads\/sites\/10\/2023\/09\/ikk_fm_2302_s4_verwaltungsrat.jpg","articleSection":["Neues vom Verwaltungsrat"],"inLanguage":"de"},{"@type":"WebPage","@id":"https:\/\/magazin.ikk-suedwest.de\/oktober-2023\/neuer-verwaltungsrat-nimmt-seine-arbeit-auf\/","url":"https:\/\/magazin.ikk-suedwest.de\/oktober-2023\/neuer-verwaltungsrat-nimmt-seine-arbeit-auf\/","name":"Neuer Verwaltungsrat nimmt seine Arbeit auf - Oktober 2023","isPartOf":{"@id":"https:\/\/magazin.ikk-suedwest.de\/oktober-2023\/#website"},"primaryImageOfPage":{"@id":"https:\/\/magazin.ikk-suedwest.de\/oktober-2023\/neuer-verwaltungsrat-nimmt-seine-arbeit-auf\/#primaryimage"},"image":{"@id":"https:\/\/magazin.ikk-suedwest.de\/oktober-2023\/neuer-verwaltungsrat-nimmt-seine-arbeit-auf\/#primaryimage"},"thumbnailUrl":"https:\/\/magazin.ikk-suedwest.de\/oktober-2023\/wp-content\/uploads\/sites\/10\/2023\/09\/ikk_fm_2302_s4_verwaltungsrat.jpg","datePublished":"2023-09-15T07:36:40+00:00","dateModified":"2023-10-13T07:02:38+00:00","author":{"@id":"https:\/\/magazin.ikk-suedwest.de\/oktober-2023\/#\/schema\/person\/636237f711a5aed151e44ddcc2de114a"},"breadcrumb":{"@id":"https:\/\/magazin.ikk-suedwest.de\/oktober-2023\/neuer-verwaltungsrat-nimmt-seine-arbeit-auf\/#breadcrumb"},"inLanguage":"de","potentialAction":[{"@type":"ReadAction","target":["https:\/\/magazin.ikk-suedwest.de\/oktober-2023\/neuer-verwaltungsrat-nimmt-seine-arbeit-auf\/"]}]},{"@type":"ImageObject","inLanguage":"de","@id":"https:\/\/magazin.ikk-suedwest.de\/oktober-2023\/neuer-verwaltungsrat-nimmt-seine-arbeit-auf\/#primaryimage","url":"https:\/\/magazin.ikk-suedwest.de\/oktober-2023\/wp-content\/uploads\/sites\/10\/2023\/09\/ikk_fm_2302_s4_verwaltungsrat.jpg","contentUrl":"https:\/\/magazin.ikk-suedwest.de\/oktober-2023\/wp-content\/uploads\/sites\/10\/2023\/09\/ikk_fm_2302_s4_verwaltungsrat.jpg","width":1225,"height":818},{"@type":"BreadcrumbList","@id":"https:\/\/magazin.ikk-suedwest.de\/oktober-2023\/neuer-verwaltungsrat-nimmt-seine-arbeit-auf\/#breadcrumb","itemListElement":[{"@type":"ListItem","position":1,"name":"Startseite","item":"https:\/\/magazin.ikk-suedwest.de\/oktober-2023\/"},{"@type":"ListItem","position":2,"name":"Neuer Verwaltungsrat nimmt seine Arbeit auf"}]},{"@type":"WebSite","@id":"https:\/\/magazin.ikk-suedwest.de\/oktober-2023\/#website","url":"https:\/\/magazin.ikk-suedwest.de\/oktober-2023\/","name":"Oktober 2023","description":"Eine weitere IKK Magazin Ausgaben Website","potentialAction":[{"@type":"SearchAction","target":{"@type":"EntryPoint","urlTemplate":"https:\/\/magazin.ikk-suedwest.de\/oktober-2023\/?s={search_term_string}"},"query-input":{"@type":"PropertyValueSpecification","valueRequired":true,"valueName":"search_term_string"}}],"inLanguage":"de"},{"@type":"Person","@id":"https:\/\/magazin.ikk-suedwest.de\/oktober-2023\/#\/schema\/person\/636237f711a5aed151e44ddcc2de114a","name":"fbo_master","image":{"@type":"ImageObject","inLanguage":"de","@id":"https:\/\/secure.gravatar.com\/avatar\/5e042e587c1d6c68d3fadd024e871a65399da22a9ef5e23b274af331bde574af?s=96&d=mm&r=g","url":"https:\/\/secure.gravatar.com\/avatar\/5e042e587c1d6c68d3fadd024e871a65399da22a9ef5e23b274af331bde574af?s=96&d=mm&r=g","contentUrl":"https:\/\/secure.gravatar.com\/avatar\/5e042e587c1d6c68d3fadd024e871a65399da22a9ef5e23b274af331bde574af?s=96&d=mm&r=g","caption":"fbo_master"},"sameAs":["https:\/\/magazin.ikk-suedwest.de"],"url":"https:\/\/magazin.ikk-suedwest.de\/oktober-2023\/author\/fbo_master\/"}]}},"_links":{"self":[{"href":"https:\/\/magazin.ikk-suedwest.de\/oktober-2023\/wp-json\/wp\/v2\/posts\/6686","targetHints":{"allow":["GET"]}}],"collection":[{"href":"https:\/\/magazin.ikk-suedwest.de\/oktober-2023\/wp-json\/wp\/v2\/posts"}],"about":[{"href":"https:\/\/magazin.ikk-suedwest.de\/oktober-2023\/wp-json\/wp\/v2\/types\/post"}],"author":[{"embeddable":true,"href":"https:\/\/magazin.ikk-suedwest.de\/oktober-2023\/wp-json\/wp\/v2\/users\/1"}],"replies":[{"embeddable":true,"href":"https:\/\/magazin.ikk-suedwest.de\/oktober-2023\/wp-json\/wp\/v2\/comments?post=6686"}],"version-history":[{"count":11,"href":"https:\/\/magazin.ikk-suedwest.de\/oktober-2023\/wp-json\/wp\/v2\/posts\/6686\/revisions"}],"predecessor-version":[{"id":7134,"href":"https:\/\/magazin.ikk-suedwest.de\/oktober-2023\/wp-json\/wp\/v2\/posts\/6686\/revisions\/7134"}],"wp:featuredmedia":[{"embeddable":true,"href":"https:\/\/magazin.ikk-suedwest.de\/oktober-2023\/wp-json\/wp\/v2\/media\/7035"}],"wp:attachment":[{"href":"https:\/\/magazin.ikk-suedwest.de\/oktober-2023\/wp-json\/wp\/v2\/media?parent=6686"}],"wp:term":[{"taxonomy":"category","embeddable":true,"href":"https:\/\/magazin.ikk-suedwest.de\/oktober-2023\/wp-json\/wp\/v2\/categories?post=6686"},{"taxonomy":"post_tag","embeddable":true,"href":"https:\/\/magazin.ikk-suedwest.de\/oktober-2023\/wp-json\/wp\/v2\/tags?post=6686"}],"curies":[{"name":"wp","href":"https:\/\/api.w.org\/{rel}","templated":true}]}}