{"id":6700,"date":"2023-09-15T09:53:28","date_gmt":"2023-09-15T07:53:28","guid":{"rendered":"https:\/\/magazin.ikk-suedwest.de\/oktober-2023\/?p=6700"},"modified":"2023-10-12T14:06:44","modified_gmt":"2023-10-12T12:06:44","slug":"pflegereform-bringt-neue-beitraege","status":"publish","type":"post","link":"https:\/\/magazin.ikk-suedwest.de\/oktober-2023\/pflegereform-bringt-neue-beitraege\/","title":{"rendered":"Pflegereform bringt neue Beitr\u00e4ge"},"content":{"rendered":"<div class=\"shariff shariff-align-left shariff-widget-align-left\"><ul class=\"shariff-buttons theme-round orientation-horizontal buttonsize-medium\"><li class=\"shariff-button twitter shariff-nocustomcolor\" style=\"background-color:#595959\"><a href=\"https:\/\/twitter.com\/share?url=https%3A%2F%2Fmagazin.ikk-suedwest.de%2Foktober-2023%2Fpflegereform-bringt-neue-beitraege%2F&text=Pflegereform%20bringt%20neue%20Beitr%C3%A4ge\" title=\"Bei X teilen\" aria-label=\"Bei X teilen\" role=\"button\" rel=\"noopener nofollow\" class=\"shariff-link\" style=\"; background-color:#000; color:#fff\" target=\"_blank\"><span class=\"shariff-icon\" style=\"\"><svg width=\"32px\" height=\"20px\" xmlns=\"http:\/\/www.w3.org\/2000\/svg\" viewBox=\"0 0 24 24\"><path fill=\"#000\" d=\"M14.258 10.152L23.176 0h-2.113l-7.747 8.813L7.133 0H0l9.352 13.328L0 23.973h2.113l8.176-9.309 6.531 9.309h7.133zm-2.895 3.293l-.949-1.328L2.875 1.56h3.246l6.086 8.523.945 1.328 7.91 11.078h-3.246zm0 0\"\/><\/svg><\/span><\/a><\/li><li class=\"shariff-button facebook shariff-nocustomcolor\" style=\"background-color:#4273c8\"><a href=\"https:\/\/www.facebook.com\/sharer\/sharer.php?u=https%3A%2F%2Fmagazin.ikk-suedwest.de%2Foktober-2023%2Fpflegereform-bringt-neue-beitraege%2F\" title=\"Bei Facebook teilen\" aria-label=\"Bei Facebook teilen\" role=\"button\" rel=\"nofollow\" class=\"shariff-link\" style=\"; background-color:#3b5998; color:#fff\" target=\"_blank\"><span class=\"shariff-icon\" style=\"\"><svg width=\"32px\" height=\"20px\" xmlns=\"http:\/\/www.w3.org\/2000\/svg\" viewBox=\"0 0 18 32\"><path fill=\"#3b5998\" d=\"M17.1 0.2v4.7h-2.8q-1.5 0-2.1 0.6t-0.5 1.9v3.4h5.2l-0.7 5.3h-4.5v13.6h-5.5v-13.6h-4.5v-5.3h4.5v-3.9q0-3.3 1.9-5.2t5-1.8q2.6 0 4.1 0.2z\"\/><\/svg><\/span><\/a><\/li><li class=\"shariff-button whatsapp shariff-nocustomcolor\" style=\"background-color:#5cbe4a\"><a href=\"https:\/\/api.whatsapp.com\/send?text=https%3A%2F%2Fmagazin.ikk-suedwest.de%2Foktober-2023%2Fpflegereform-bringt-neue-beitraege%2F%20Pflegereform%20bringt%20neue%20Beitr%C3%A4ge\" title=\"Bei Whatsapp teilen\" aria-label=\"Bei Whatsapp teilen\" role=\"button\" rel=\"noopener nofollow\" class=\"shariff-link\" style=\"; background-color:#34af23; color:#fff\" target=\"_blank\"><span class=\"shariff-icon\" style=\"\"><svg width=\"32px\" height=\"20px\" xmlns=\"http:\/\/www.w3.org\/2000\/svg\" viewBox=\"0 0 32 32\"><path fill=\"#34af23\" d=\"M17.6 17.4q0.2 0 1.7 0.8t1.6 0.9q0 0.1 0 0.3 0 0.6-0.3 1.4-0.3 0.7-1.3 1.2t-1.8 0.5q-1 0-3.4-1.1-1.7-0.8-3-2.1t-2.6-3.3q-1.3-1.9-1.3-3.5v-0.1q0.1-1.6 1.3-2.8 0.4-0.4 0.9-0.4 0.1 0 0.3 0t0.3 0q0.3 0 0.5 0.1t0.3 0.5q0.1 0.4 0.6 1.6t0.4 1.3q0 0.4-0.6 1t-0.6 0.8q0 0.1 0.1 0.3 0.6 1.3 1.8 2.4 1 0.9 2.7 1.8 0.2 0.1 0.4 0.1 0.3 0 1-0.9t0.9-0.9zM14 26.9q2.3 0 4.3-0.9t3.6-2.4 2.4-3.6 0.9-4.3-0.9-4.3-2.4-3.6-3.6-2.4-4.3-0.9-4.3 0.9-3.6 2.4-2.4 3.6-0.9 4.3q0 3.6 2.1 6.6l-1.4 4.2 4.3-1.4q2.8 1.9 6.2 1.9zM14 2.2q2.7 0 5.2 1.1t4.3 2.9 2.9 4.3 1.1 5.2-1.1 5.2-2.9 4.3-4.3 2.9-5.2 1.1q-3.5 0-6.5-1.7l-7.4 2.4 2.4-7.2q-1.9-3.2-1.9-6.9 0-2.7 1.1-5.2t2.9-4.3 4.3-2.9 5.2-1.1z\"\/><\/svg><\/span><\/a><\/li><li class=\"shariff-button mailto shariff-nocustomcolor\" style=\"background-color:#a8a8a8\"><a href=\"mailto:?body=https%3A%2F%2Fmagazin.ikk-suedwest.de%2Foktober-2023%2Fpflegereform-bringt-neue-beitraege%2F&subject=Pflegereform%20bringt%20neue%20Beitr%C3%A4ge\" title=\"Per E-Mail versenden\" aria-label=\"Per E-Mail versenden\" role=\"button\" rel=\"noopener nofollow\" class=\"shariff-link\" style=\"; background-color:#999; color:#fff\"><span class=\"shariff-icon\" style=\"\"><svg width=\"32px\" height=\"20px\" xmlns=\"http:\/\/www.w3.org\/2000\/svg\" viewBox=\"0 0 32 32\"><path fill=\"#999\" d=\"M32 12.7v14.2q0 1.2-0.8 2t-2 0.9h-26.3q-1.2 0-2-0.9t-0.8-2v-14.2q0.8 0.9 1.8 1.6 6.5 4.4 8.9 6.1 1 0.8 1.6 1.2t1.7 0.9 2 0.4h0.1q0.9 0 2-0.4t1.7-0.9 1.6-1.2q3-2.2 8.9-6.1 1-0.7 1.8-1.6zM32 7.4q0 1.4-0.9 2.7t-2.2 2.2q-6.7 4.7-8.4 5.8-0.2 0.1-0.7 0.5t-1 0.7-0.9 0.6-1.1 0.5-0.9 0.2h-0.1q-0.4 0-0.9-0.2t-1.1-0.5-0.9-0.6-1-0.7-0.7-0.5q-1.6-1.1-4.7-3.2t-3.6-2.6q-1.1-0.7-2.1-2t-1-2.5q0-1.4 0.7-2.3t2.1-0.9h26.3q1.2 0 2 0.8t0.9 2z\"\/><\/svg><\/span><\/a><\/li><\/ul><\/div>\n\n\n\n<figure class=\"wp-block-image size-large\"><img loading=\"lazy\" decoding=\"async\" width=\"1024\" height=\"684\" src=\"https:\/\/magazin.ikk-suedwest.de\/oktober-2023\/wp-content\/uploads\/sites\/10\/2023\/09\/ikk_fm_2302_s12_pflegereform-1-1024x684.jpg\" alt=\"\" class=\"wp-image-6884\" srcset=\"https:\/\/magazin.ikk-suedwest.de\/oktober-2023\/wp-content\/uploads\/sites\/10\/2023\/09\/ikk_fm_2302_s12_pflegereform-1-1024x684.jpg 1024w, https:\/\/magazin.ikk-suedwest.de\/oktober-2023\/wp-content\/uploads\/sites\/10\/2023\/09\/ikk_fm_2302_s12_pflegereform-1-300x200.jpg 300w, https:\/\/magazin.ikk-suedwest.de\/oktober-2023\/wp-content\/uploads\/sites\/10\/2023\/09\/ikk_fm_2302_s12_pflegereform-1-768x513.jpg 768w, https:\/\/magazin.ikk-suedwest.de\/oktober-2023\/wp-content\/uploads\/sites\/10\/2023\/09\/ikk_fm_2302_s12_pflegereform-1-370x247.jpg 370w, https:\/\/magazin.ikk-suedwest.de\/oktober-2023\/wp-content\/uploads\/sites\/10\/2023\/09\/ikk_fm_2302_s12_pflegereform-1-270x180.jpg 270w, https:\/\/magazin.ikk-suedwest.de\/oktober-2023\/wp-content\/uploads\/sites\/10\/2023\/09\/ikk_fm_2302_s12_pflegereform-1-570x381.jpg 570w, https:\/\/magazin.ikk-suedwest.de\/oktober-2023\/wp-content\/uploads\/sites\/10\/2023\/09\/ikk_fm_2302_s12_pflegereform-1-749x500.jpg 749w, https:\/\/magazin.ikk-suedwest.de\/oktober-2023\/wp-content\/uploads\/sites\/10\/2023\/09\/ikk_fm_2302_s12_pflegereform-1-740x494.jpg 740w, https:\/\/magazin.ikk-suedwest.de\/oktober-2023\/wp-content\/uploads\/sites\/10\/2023\/09\/ikk_fm_2302_s12_pflegereform-1.jpg 1225w\" sizes=\"auto, (max-width: 1024px) 100vw, 1024px\" \/><\/figure>\n\n\n\n<h1 class=\"wp-block-heading\">Pflegereform bringt neue Beitr\u00e4ge<\/h1>\n\n\n\n<p class=\"has-gridlove-acc-color has-text-color has-large-font-size wp-block-paragraph\">Auf die wachsende Zahl an Pflegebed\u00fcrftigen reagiert der Gesetzgeber unter anderem mit einer Anpassung der Beitragss\u00e4tze. Erstmals ist die Zahl der Kinder von Beitragszahlern entscheidend f\u00fcr die H\u00f6he der zu entrichtenden Beitr\u00e4ge.<\/p>\n\n\n\n<p class=\"wp-block-paragraph\">Unsere Bev\u00f6lkerung wird immer \u00e4lter, wodurch auch immer mehr Bundesb\u00fcrger Leistungen der sozialen Pflegeversicherung in Anspruch nehmen. Gleichzeitig steigen die Kosten f\u00fcr Menschen, die in station\u00e4ren Pflegeeinrichtungen untergebracht sind. Um die Finanzierung der Pflegekassen zu sichern und Pflegebed\u00fcrftige und deren Angeh\u00f6rige finanziell zu entlasten, ist zum 1. Juli 2023 das sogenannte <strong>Pflegeunterst\u00fctzungs- und<\/strong> <strong>-entlastungsgesetz (PUEG) <\/strong>in Kraft getreten.<\/p>\n\n\n\n<p class=\"wp-block-paragraph\">Neben Leistungsverbesserungen ab 2024, wie der Erh\u00f6hung des Pflegegeldes oder der Anhebung bestimmter Leistungsbetr\u00e4ge und -zuschl\u00e4ge im ambulanten beziehungsweise vollstation\u00e4ren Bereich, sieht das Gesetz bereits ab 1. Juli dieses Jahres neue Beitragss\u00e4tze vor. So ist der Beitragssatz zur Pflegeversicherung von 3,05 Prozent auf 3,4 Prozent erh\u00f6ht worden. Bei Personen, zum Beispiel Arbeitnehmern, wird dieser zur H\u00e4lfte vom Arbeitgeber getragen.<\/p>\n\n\n\n<h2 class=\"wp-block-heading\"><mark style=\"background-color:rgba(0, 0, 0, 0)\" class=\"has-inline-color has-gridlove-acc-color\">Anzahl der Kinder entscheidet \u00fcber Beitragsh\u00f6he<\/mark><\/h2>\n\n\n\n<p class=\"wp-block-paragraph\">Kinderlose, die das 23. Lebensjahr vollendet haben und nach dem 31.12.1939 geboren sind, zahlen grunds\u00e4tzlich einen Zuschlag von 0,6 Beitragssatzpunkten, sodass der Pflegeversicherungsbeitrag insgesamt 4,0 Prozent betr\u00e4gt. Dieser Zuschlag wird vom Beitragszahler alleine getragen.<\/p>\n\n\n\n<p class=\"wp-block-paragraph\">Eltern mit mehr als einem Kind hingegen werden finanziell entlastet: Ab dem zweiten bis zum f\u00fcnften Kind verringert sich der Beitrag f\u00fcr diese um jeweils 0,25 Prozentpunkte. Der Abschlag gilt bis zum Ablauf des Monats, in dem das jeweilige Kind das 25. Lebensjahr vollendet hat. Insgesamt ist die Entlastung auf maximal 1 Prozent begrenzt.<\/p>\n\n\n\n<p class=\"wp-block-paragraph\">Hier eine \u00dcbersicht der Beitragss\u00e4tze und Abschl\u00e4ge (ohne Anspruch auf Beihilfe oder Heilf\u00fcrsorge), die seit 1. Juli 2023 gelten:<\/p>\n\n\n\n<figure class=\"wp-block-image size-full is-resized\"><img loading=\"lazy\" decoding=\"async\" width=\"620\" height=\"315\" src=\"https:\/\/magazin.ikk-suedwest.de\/oktober-2023\/wp-content\/uploads\/sites\/10\/2023\/09\/ikk_fm_2302_beitragsbild_s13_tabelle_01.png\" alt=\"\" class=\"wp-image-6775\" style=\"width:650px;height:auto\" srcset=\"https:\/\/magazin.ikk-suedwest.de\/oktober-2023\/wp-content\/uploads\/sites\/10\/2023\/09\/ikk_fm_2302_beitragsbild_s13_tabelle_01.png 620w, https:\/\/magazin.ikk-suedwest.de\/oktober-2023\/wp-content\/uploads\/sites\/10\/2023\/09\/ikk_fm_2302_beitragsbild_s13_tabelle_01-300x152.png 300w, https:\/\/magazin.ikk-suedwest.de\/oktober-2023\/wp-content\/uploads\/sites\/10\/2023\/09\/ikk_fm_2302_beitragsbild_s13_tabelle_01-370x188.png 370w, https:\/\/magazin.ikk-suedwest.de\/oktober-2023\/wp-content\/uploads\/sites\/10\/2023\/09\/ikk_fm_2302_beitragsbild_s13_tabelle_01-270x137.png 270w, https:\/\/magazin.ikk-suedwest.de\/oktober-2023\/wp-content\/uploads\/sites\/10\/2023\/09\/ikk_fm_2302_beitragsbild_s13_tabelle_01-570x290.png 570w\" sizes=\"auto, (max-width: 620px) 100vw, 620px\" \/><\/figure>\n\n\n\n<figure class=\"wp-block-image size-full\"><img loading=\"lazy\" decoding=\"async\" width=\"620\" height=\"202\" src=\"https:\/\/magazin.ikk-suedwest.de\/oktober-2023\/wp-content\/uploads\/sites\/10\/2023\/09\/ikk_fm_2302_beitragsbild_s13_tabelle_02.png\" alt=\"\" class=\"wp-image-6776\" srcset=\"https:\/\/magazin.ikk-suedwest.de\/oktober-2023\/wp-content\/uploads\/sites\/10\/2023\/09\/ikk_fm_2302_beitragsbild_s13_tabelle_02.png 620w, https:\/\/magazin.ikk-suedwest.de\/oktober-2023\/wp-content\/uploads\/sites\/10\/2023\/09\/ikk_fm_2302_beitragsbild_s13_tabelle_02-300x98.png 300w, https:\/\/magazin.ikk-suedwest.de\/oktober-2023\/wp-content\/uploads\/sites\/10\/2023\/09\/ikk_fm_2302_beitragsbild_s13_tabelle_02-370x121.png 370w, https:\/\/magazin.ikk-suedwest.de\/oktober-2023\/wp-content\/uploads\/sites\/10\/2023\/09\/ikk_fm_2302_beitragsbild_s13_tabelle_02-270x88.png 270w, https:\/\/magazin.ikk-suedwest.de\/oktober-2023\/wp-content\/uploads\/sites\/10\/2023\/09\/ikk_fm_2302_beitragsbild_s13_tabelle_02-570x186.png 570w\" sizes=\"auto, (max-width: 620px) 100vw, 620px\" \/><\/figure>\n\n\n\n<p class=\"wp-block-paragraph\">Der Nachweis \u00fcber die Elterneigenschaft und die Zahl der Kinder ist gegen\u00fcber der beitragsabf\u00fchrenden Stelle, zum Beispiel dem Arbeitgeber oder der Deutschen Rentenversicherung, zu erbringen. Selbstzahler weisen dies der Pflegekasse der IKK S\u00fcdwest nach.<\/p>\n\n\n\n<p class=\"wp-block-paragraph\">An Beispielen von Arbeitnehmern zeigen wir Ihnen, wie sich eine Beitragserm\u00e4\u00dfigung bei Nachweis der Elterneigenschaft konkret auswirkt:<\/p>\n\n\n\n<figure class=\"wp-block-image size-full\"><img loading=\"lazy\" decoding=\"async\" width=\"620\" height=\"276\" src=\"https:\/\/magazin.ikk-suedwest.de\/oktober-2023\/wp-content\/uploads\/sites\/10\/2023\/09\/ikk_fm_2302_beitragsbild_s13_tabelle_03.png\" alt=\"\" class=\"wp-image-6777\" srcset=\"https:\/\/magazin.ikk-suedwest.de\/oktober-2023\/wp-content\/uploads\/sites\/10\/2023\/09\/ikk_fm_2302_beitragsbild_s13_tabelle_03.png 620w, https:\/\/magazin.ikk-suedwest.de\/oktober-2023\/wp-content\/uploads\/sites\/10\/2023\/09\/ikk_fm_2302_beitragsbild_s13_tabelle_03-300x134.png 300w, https:\/\/magazin.ikk-suedwest.de\/oktober-2023\/wp-content\/uploads\/sites\/10\/2023\/09\/ikk_fm_2302_beitragsbild_s13_tabelle_03-370x165.png 370w, https:\/\/magazin.ikk-suedwest.de\/oktober-2023\/wp-content\/uploads\/sites\/10\/2023\/09\/ikk_fm_2302_beitragsbild_s13_tabelle_03-270x120.png 270w, https:\/\/magazin.ikk-suedwest.de\/oktober-2023\/wp-content\/uploads\/sites\/10\/2023\/09\/ikk_fm_2302_beitragsbild_s13_tabelle_03-570x254.png 570w\" sizes=\"auto, (max-width: 620px) 100vw, 620px\" \/><\/figure>\n\n\n\n<figure class=\"wp-block-image size-full\"><img loading=\"lazy\" decoding=\"async\" width=\"620\" height=\"324\" src=\"https:\/\/magazin.ikk-suedwest.de\/oktober-2023\/wp-content\/uploads\/sites\/10\/2023\/09\/ikk_fm_2302_beitragsbild_s13_tabelle_04.png\" alt=\"\" class=\"wp-image-6778\" srcset=\"https:\/\/magazin.ikk-suedwest.de\/oktober-2023\/wp-content\/uploads\/sites\/10\/2023\/09\/ikk_fm_2302_beitragsbild_s13_tabelle_04.png 620w, https:\/\/magazin.ikk-suedwest.de\/oktober-2023\/wp-content\/uploads\/sites\/10\/2023\/09\/ikk_fm_2302_beitragsbild_s13_tabelle_04-300x157.png 300w, https:\/\/magazin.ikk-suedwest.de\/oktober-2023\/wp-content\/uploads\/sites\/10\/2023\/09\/ikk_fm_2302_beitragsbild_s13_tabelle_04-370x193.png 370w, https:\/\/magazin.ikk-suedwest.de\/oktober-2023\/wp-content\/uploads\/sites\/10\/2023\/09\/ikk_fm_2302_beitragsbild_s13_tabelle_04-270x141.png 270w, https:\/\/magazin.ikk-suedwest.de\/oktober-2023\/wp-content\/uploads\/sites\/10\/2023\/09\/ikk_fm_2302_beitragsbild_s13_tabelle_04-570x298.png 570w\" sizes=\"auto, (max-width: 620px) 100vw, 620px\" \/><\/figure>\n\n\n\n<h2 class=\"wp-block-heading\"><strong><mark style=\"background-color:rgba(0, 0, 0, 0)\" class=\"has-inline-color has-gridlove-acc-color\">Wichtige Information f\u00fcr Selbstzahler<\/mark><\/strong><\/h2>\n\n\n\n<p class=\"wp-block-paragraph\">Zum jetzigen Zeitpunkt m\u00fcssen Selbstzahler noch nicht aktiv werden. Sie erhalten bis Ende Oktober ein gesondertes Schreiben \u00fcber den Ablauf des weiteren Vorgehens.<\/p>\n\n\n\n<h2 class=\"wp-block-heading\"><strong><mark style=\"background-color:rgba(0, 0, 0, 0)\" class=\"has-inline-color has-gridlove-acc-color\">Unsere Hotline f\u00fcr Ihre Fragen<\/mark><\/strong><\/h2>\n\n\n\n<p class=\"wp-block-paragraph\">Sie haben Fragen zur neuen Beitragsberechnung in der Pflegeversicherung? Die <strong>IKK Pflegeversicherungs-Hotline <\/strong>hilft Ihnen schnell weiter. Sie erreichen unsere Mitarbeiter unter der Telefonnummer <strong>06 81\/38 76-2557<\/strong>.<\/p>\n\n\n\n<div class=\"wp-block-group has-background is-layout-constrained wp-block-group-is-layout-constrained\" style=\"background-color:#dbdbdb\">\n<p class=\"wp-block-paragraph\"><strong>Sie ben\u00f6tigen Beratung und Hilfe beim Thema \u201ePflege\u201c?<\/strong><\/p>\n\n\n\n<p class=\"no-ext-link wp-block-paragraph\">Die qualifizierten <strong>Pflegeberater der unabh\u00e4ngigen <a href=\"https:\/\/www.ikk-suedwest.de\/leistungen\/pflege\/pflegestuetzpunkte\/\" target=\"_blank\" rel=\"noreferrer noopener\"><em>Pflegest\u00fctzpunkte<\/em><\/a><\/strong> in Hessen, Rheinland-Pfalz und im Saarland gehen individuell auf Ihre Situation ein und informieren \u00fcber wichtige medizinische und pflegerische Angebote.<\/p>\n\n\n\n<p class=\"wp-block-paragraph\">F\u00fcr alle weiteren Fragen rund ums Thema <strong>\u201e<\/strong>Pflege<strong>\u201c<\/strong> stehen Ihnen unsere Mitarbeiter der Pflegekasse, die Sie unter der I<strong>KK Pflege-Hotline 0800\/1 29 01 29<\/strong> erreichen, gerne zur Verf\u00fcgung.<\/p>\n<\/div>\n\n\n\n<p class=\"wp-block-paragraph\"><a href=\"https:\/\/www.ikk-suedwest.de\/service\/beitraege\/pueg\/\" target=\"_blank\" rel=\"noreferrer noopener\"><strong>Mehr zur<\/strong> <em>Gesetzes\u00e4nderung der Pflegeversicherungsbeitr\u00e4ge seit 1. Juli 2023<\/em><\/a><\/p>\n\n\n\n<p class=\"has-text-color wp-block-paragraph\" style=\"color:#009fe3\"><\/p>\n\n\n\n<p class=\"has-text-color wp-block-paragraph\" style=\"color:#009fe3\"><\/p>\n\n\n<div class=\"shariff shariff-align-left shariff-widget-align-left\"><ul class=\"shariff-buttons theme-round orientation-horizontal buttonsize-medium\"><li class=\"shariff-button twitter shariff-nocustomcolor\" style=\"background-color:#595959\"><a href=\"https:\/\/twitter.com\/share?url=https%3A%2F%2Fmagazin.ikk-suedwest.de%2Foktober-2023%2Fpflegereform-bringt-neue-beitraege%2F&text=Pflegereform%20bringt%20neue%20Beitr%C3%A4ge\" title=\"Bei X teilen\" aria-label=\"Bei X teilen\" role=\"button\" rel=\"noopener nofollow\" class=\"shariff-link\" style=\"; background-color:#000; color:#fff\" target=\"_blank\"><span class=\"shariff-icon\" style=\"\"><svg width=\"32px\" height=\"20px\" xmlns=\"http:\/\/www.w3.org\/2000\/svg\" viewBox=\"0 0 24 24\"><path fill=\"#000\" d=\"M14.258 10.152L23.176 0h-2.113l-7.747 8.813L7.133 0H0l9.352 13.328L0 23.973h2.113l8.176-9.309 6.531 9.309h7.133zm-2.895 3.293l-.949-1.328L2.875 1.56h3.246l6.086 8.523.945 1.328 7.91 11.078h-3.246zm0 0\"\/><\/svg><\/span><\/a><\/li><li class=\"shariff-button facebook shariff-nocustomcolor\" style=\"background-color:#4273c8\"><a href=\"https:\/\/www.facebook.com\/sharer\/sharer.php?u=https%3A%2F%2Fmagazin.ikk-suedwest.de%2Foktober-2023%2Fpflegereform-bringt-neue-beitraege%2F\" title=\"Bei Facebook teilen\" aria-label=\"Bei Facebook teilen\" role=\"button\" rel=\"nofollow\" class=\"shariff-link\" style=\"; background-color:#3b5998; color:#fff\" target=\"_blank\"><span class=\"shariff-icon\" style=\"\"><svg width=\"32px\" height=\"20px\" xmlns=\"http:\/\/www.w3.org\/2000\/svg\" viewBox=\"0 0 18 32\"><path fill=\"#3b5998\" d=\"M17.1 0.2v4.7h-2.8q-1.5 0-2.1 0.6t-0.5 1.9v3.4h5.2l-0.7 5.3h-4.5v13.6h-5.5v-13.6h-4.5v-5.3h4.5v-3.9q0-3.3 1.9-5.2t5-1.8q2.6 0 4.1 0.2z\"\/><\/svg><\/span><\/a><\/li><li class=\"shariff-button whatsapp shariff-nocustomcolor\" style=\"background-color:#5cbe4a\"><a href=\"https:\/\/api.whatsapp.com\/send?text=https%3A%2F%2Fmagazin.ikk-suedwest.de%2Foktober-2023%2Fpflegereform-bringt-neue-beitraege%2F%20Pflegereform%20bringt%20neue%20Beitr%C3%A4ge\" title=\"Bei Whatsapp teilen\" aria-label=\"Bei Whatsapp teilen\" role=\"button\" rel=\"noopener nofollow\" class=\"shariff-link\" style=\"; background-color:#34af23; color:#fff\" target=\"_blank\"><span class=\"shariff-icon\" style=\"\"><svg width=\"32px\" height=\"20px\" xmlns=\"http:\/\/www.w3.org\/2000\/svg\" viewBox=\"0 0 32 32\"><path fill=\"#34af23\" d=\"M17.6 17.4q0.2 0 1.7 0.8t1.6 0.9q0 0.1 0 0.3 0 0.6-0.3 1.4-0.3 0.7-1.3 1.2t-1.8 0.5q-1 0-3.4-1.1-1.7-0.8-3-2.1t-2.6-3.3q-1.3-1.9-1.3-3.5v-0.1q0.1-1.6 1.3-2.8 0.4-0.4 0.9-0.4 0.1 0 0.3 0t0.3 0q0.3 0 0.5 0.1t0.3 0.5q0.1 0.4 0.6 1.6t0.4 1.3q0 0.4-0.6 1t-0.6 0.8q0 0.1 0.1 0.3 0.6 1.3 1.8 2.4 1 0.9 2.7 1.8 0.2 0.1 0.4 0.1 0.3 0 1-0.9t0.9-0.9zM14 26.9q2.3 0 4.3-0.9t3.6-2.4 2.4-3.6 0.9-4.3-0.9-4.3-2.4-3.6-3.6-2.4-4.3-0.9-4.3 0.9-3.6 2.4-2.4 3.6-0.9 4.3q0 3.6 2.1 6.6l-1.4 4.2 4.3-1.4q2.8 1.9 6.2 1.9zM14 2.2q2.7 0 5.2 1.1t4.3 2.9 2.9 4.3 1.1 5.2-1.1 5.2-2.9 4.3-4.3 2.9-5.2 1.1q-3.5 0-6.5-1.7l-7.4 2.4 2.4-7.2q-1.9-3.2-1.9-6.9 0-2.7 1.1-5.2t2.9-4.3 4.3-2.9 5.2-1.1z\"\/><\/svg><\/span><\/a><\/li><li class=\"shariff-button mailto shariff-nocustomcolor\" style=\"background-color:#a8a8a8\"><a href=\"mailto:?body=https%3A%2F%2Fmagazin.ikk-suedwest.de%2Foktober-2023%2Fpflegereform-bringt-neue-beitraege%2F&subject=Pflegereform%20bringt%20neue%20Beitr%C3%A4ge\" title=\"Per E-Mail versenden\" aria-label=\"Per E-Mail versenden\" role=\"button\" rel=\"noopener nofollow\" class=\"shariff-link\" style=\"; background-color:#999; color:#fff\"><span class=\"shariff-icon\" style=\"\"><svg width=\"32px\" height=\"20px\" xmlns=\"http:\/\/www.w3.org\/2000\/svg\" viewBox=\"0 0 32 32\"><path fill=\"#999\" d=\"M32 12.7v14.2q0 1.2-0.8 2t-2 0.9h-26.3q-1.2 0-2-0.9t-0.8-2v-14.2q0.8 0.9 1.8 1.6 6.5 4.4 8.9 6.1 1 0.8 1.6 1.2t1.7 0.9 2 0.4h0.1q0.9 0 2-0.4t1.7-0.9 1.6-1.2q3-2.2 8.9-6.1 1-0.7 1.8-1.6zM32 7.4q0 1.4-0.9 2.7t-2.2 2.2q-6.7 4.7-8.4 5.8-0.2 0.1-0.7 0.5t-1 0.7-0.9 0.6-1.1 0.5-0.9 0.2h-0.1q-0.4 0-0.9-0.2t-1.1-0.5-0.9-0.6-1-0.7-0.7-0.5q-1.6-1.1-4.7-3.2t-3.6-2.6q-1.1-0.7-2.1-2t-1-2.5q0-1.4 0.7-2.3t2.1-0.9h26.3q1.2 0 2 0.8t0.9 2z\"\/><\/svg><\/span><\/a><\/li><\/ul><\/div>\n\n\n\n<p class=\"wp-block-paragraph\"><\/p>\n\n\n\n<div class=\"wp-block-buttons is-horizontal is-content-justification-left is-layout-flex wp-container-core-buttons-is-layout-39697d9b wp-block-buttons-is-layout-flex\">\n<div class=\"wp-block-button\"><a class=\"wp-block-button__link has-background wp-element-button\" href=\"javascript:history.back()\" style=\"background-color:#009de9\">Zur\u00fcck<\/a><\/div>\n<\/div>\n","protected":false},"excerpt":{"rendered":"<p>Auf die wachsende Zahl an Pflegebed\u00fcrftigen reagiert der Gesetzgeber unter anderem mit einer Anpassung der Beitragss\u00e4tze &#8230;<\/p>\n","protected":false},"author":1,"featured_media":6884,"comment_status":"closed","ping_status":"open","sticky":false,"template":"","format":"standard","meta":{"_acf_changed":false,"_crdt_document":"","favoriteCount":2,"footnotes":""},"categories":[54],"tags":[],"class_list":["post-6700","post","type-post","status-publish","format-standard","has-post-thumbnail","hentry","category-service"],"acf":[],"yoast_head":"<!-- This site is optimized with the Yoast SEO plugin v27.4 - https:\/\/yoast.com\/product\/yoast-seo-wordpress\/ -->\n<title>Pflegereform bringt neue Beitr\u00e4ge - Oktober 2023<\/title>\n<meta name=\"robots\" content=\"noindex, follow, max-snippet:-1, max-image-preview:large, max-video-preview:-1\" \/>\n<meta property=\"og:locale\" content=\"de_DE\" \/>\n<meta property=\"og:type\" content=\"article\" \/>\n<meta property=\"og:title\" content=\"Pflegereform bringt neue Beitr\u00e4ge - Oktober 2023\" \/>\n<meta property=\"og:description\" content=\"Auf die wachsende Zahl an Pflegebed\u00fcrftigen reagiert der Gesetzgeber unter anderem mit einer Anpassung der Beitragss\u00e4tze ...\" \/>\n<meta property=\"og:url\" content=\"https:\/\/magazin.ikk-suedwest.de\/oktober-2023\/pflegereform-bringt-neue-beitraege\/\" \/>\n<meta property=\"og:site_name\" content=\"Oktober 2023\" \/>\n<meta property=\"article:published_time\" content=\"2023-09-15T07:53:28+00:00\" \/>\n<meta property=\"article:modified_time\" content=\"2023-10-12T12:06:44+00:00\" \/>\n<meta property=\"og:image\" content=\"https:\/\/magazin.ikk-suedwest.de\/oktober-2023\/wp-content\/uploads\/sites\/10\/2023\/09\/ikk_fm_2302_s12_pflegereform-1.jpg\" \/>\n\t<meta property=\"og:image:width\" content=\"1225\" \/>\n\t<meta property=\"og:image:height\" content=\"818\" \/>\n\t<meta property=\"og:image:type\" content=\"image\/jpeg\" \/>\n<meta name=\"author\" content=\"fbo_master\" \/>\n<meta name=\"twitter:card\" content=\"summary_large_image\" \/>\n<meta name=\"twitter:label1\" content=\"Geschrieben von\" \/>\n\t<meta name=\"twitter:data1\" content=\"fbo_master\" \/>\n\t<meta name=\"twitter:label2\" content=\"Gesch\u00e4tzte Lesezeit\" \/>\n\t<meta name=\"twitter:data2\" content=\"4\u00a0Minuten\" \/>\n<script type=\"application\/ld+json\" class=\"yoast-schema-graph\">{\"@context\":\"https:\\\/\\\/schema.org\",\"@graph\":[{\"@type\":\"Article\",\"@id\":\"https:\\\/\\\/magazin.ikk-suedwest.de\\\/oktober-2023\\\/pflegereform-bringt-neue-beitraege\\\/#article\",\"isPartOf\":{\"@id\":\"https:\\\/\\\/magazin.ikk-suedwest.de\\\/oktober-2023\\\/pflegereform-bringt-neue-beitraege\\\/\"},\"author\":{\"name\":\"fbo_master\",\"@id\":\"https:\\\/\\\/magazin.ikk-suedwest.de\\\/oktober-2023\\\/#\\\/schema\\\/person\\\/636237f711a5aed151e44ddcc2de114a\"},\"headline\":\"Pflegereform bringt neue Beitr\u00e4ge\",\"datePublished\":\"2023-09-15T07:53:28+00:00\",\"dateModified\":\"2023-10-12T12:06:44+00:00\",\"mainEntityOfPage\":{\"@id\":\"https:\\\/\\\/magazin.ikk-suedwest.de\\\/oktober-2023\\\/pflegereform-bringt-neue-beitraege\\\/\"},\"wordCount\":474,\"image\":{\"@id\":\"https:\\\/\\\/magazin.ikk-suedwest.de\\\/oktober-2023\\\/pflegereform-bringt-neue-beitraege\\\/#primaryimage\"},\"thumbnailUrl\":\"https:\\\/\\\/magazin.ikk-suedwest.de\\\/oktober-2023\\\/wp-content\\\/uploads\\\/sites\\\/10\\\/2023\\\/09\\\/ikk_fm_2302_s12_pflegereform-1.jpg\",\"articleSection\":[\"Service\"],\"inLanguage\":\"de\"},{\"@type\":\"WebPage\",\"@id\":\"https:\\\/\\\/magazin.ikk-suedwest.de\\\/oktober-2023\\\/pflegereform-bringt-neue-beitraege\\\/\",\"url\":\"https:\\\/\\\/magazin.ikk-suedwest.de\\\/oktober-2023\\\/pflegereform-bringt-neue-beitraege\\\/\",\"name\":\"Pflegereform bringt neue Beitr\u00e4ge - Oktober 2023\",\"isPartOf\":{\"@id\":\"https:\\\/\\\/magazin.ikk-suedwest.de\\\/oktober-2023\\\/#website\"},\"primaryImageOfPage\":{\"@id\":\"https:\\\/\\\/magazin.ikk-suedwest.de\\\/oktober-2023\\\/pflegereform-bringt-neue-beitraege\\\/#primaryimage\"},\"image\":{\"@id\":\"https:\\\/\\\/magazin.ikk-suedwest.de\\\/oktober-2023\\\/pflegereform-bringt-neue-beitraege\\\/#primaryimage\"},\"thumbnailUrl\":\"https:\\\/\\\/magazin.ikk-suedwest.de\\\/oktober-2023\\\/wp-content\\\/uploads\\\/sites\\\/10\\\/2023\\\/09\\\/ikk_fm_2302_s12_pflegereform-1.jpg\",\"datePublished\":\"2023-09-15T07:53:28+00:00\",\"dateModified\":\"2023-10-12T12:06:44+00:00\",\"author\":{\"@id\":\"https:\\\/\\\/magazin.ikk-suedwest.de\\\/oktober-2023\\\/#\\\/schema\\\/person\\\/636237f711a5aed151e44ddcc2de114a\"},\"breadcrumb\":{\"@id\":\"https:\\\/\\\/magazin.ikk-suedwest.de\\\/oktober-2023\\\/pflegereform-bringt-neue-beitraege\\\/#breadcrumb\"},\"inLanguage\":\"de\",\"potentialAction\":[{\"@type\":\"ReadAction\",\"target\":[\"https:\\\/\\\/magazin.ikk-suedwest.de\\\/oktober-2023\\\/pflegereform-bringt-neue-beitraege\\\/\"]}]},{\"@type\":\"ImageObject\",\"inLanguage\":\"de\",\"@id\":\"https:\\\/\\\/magazin.ikk-suedwest.de\\\/oktober-2023\\\/pflegereform-bringt-neue-beitraege\\\/#primaryimage\",\"url\":\"https:\\\/\\\/magazin.ikk-suedwest.de\\\/oktober-2023\\\/wp-content\\\/uploads\\\/sites\\\/10\\\/2023\\\/09\\\/ikk_fm_2302_s12_pflegereform-1.jpg\",\"contentUrl\":\"https:\\\/\\\/magazin.ikk-suedwest.de\\\/oktober-2023\\\/wp-content\\\/uploads\\\/sites\\\/10\\\/2023\\\/09\\\/ikk_fm_2302_s12_pflegereform-1.jpg\",\"width\":1225,\"height\":818},{\"@type\":\"BreadcrumbList\",\"@id\":\"https:\\\/\\\/magazin.ikk-suedwest.de\\\/oktober-2023\\\/pflegereform-bringt-neue-beitraege\\\/#breadcrumb\",\"itemListElement\":[{\"@type\":\"ListItem\",\"position\":1,\"name\":\"Startseite\",\"item\":\"https:\\\/\\\/magazin.ikk-suedwest.de\\\/oktober-2023\\\/\"},{\"@type\":\"ListItem\",\"position\":2,\"name\":\"Pflegereform bringt neue Beitr\u00e4ge\"}]},{\"@type\":\"WebSite\",\"@id\":\"https:\\\/\\\/magazin.ikk-suedwest.de\\\/oktober-2023\\\/#website\",\"url\":\"https:\\\/\\\/magazin.ikk-suedwest.de\\\/oktober-2023\\\/\",\"name\":\"Oktober 2023\",\"description\":\"Eine weitere IKK Magazin Ausgaben Website\",\"potentialAction\":[{\"@type\":\"SearchAction\",\"target\":{\"@type\":\"EntryPoint\",\"urlTemplate\":\"https:\\\/\\\/magazin.ikk-suedwest.de\\\/oktober-2023\\\/?s={search_term_string}\"},\"query-input\":{\"@type\":\"PropertyValueSpecification\",\"valueRequired\":true,\"valueName\":\"search_term_string\"}}],\"inLanguage\":\"de\"},{\"@type\":\"Person\",\"@id\":\"https:\\\/\\\/magazin.ikk-suedwest.de\\\/oktober-2023\\\/#\\\/schema\\\/person\\\/636237f711a5aed151e44ddcc2de114a\",\"name\":\"fbo_master\",\"image\":{\"@type\":\"ImageObject\",\"inLanguage\":\"de\",\"@id\":\"https:\\\/\\\/secure.gravatar.com\\\/avatar\\\/5e042e587c1d6c68d3fadd024e871a65399da22a9ef5e23b274af331bde574af?s=96&d=mm&r=g\",\"url\":\"https:\\\/\\\/secure.gravatar.com\\\/avatar\\\/5e042e587c1d6c68d3fadd024e871a65399da22a9ef5e23b274af331bde574af?s=96&d=mm&r=g\",\"contentUrl\":\"https:\\\/\\\/secure.gravatar.com\\\/avatar\\\/5e042e587c1d6c68d3fadd024e871a65399da22a9ef5e23b274af331bde574af?s=96&d=mm&r=g\",\"caption\":\"fbo_master\"},\"sameAs\":[\"https:\\\/\\\/magazin.ikk-suedwest.de\"],\"url\":\"https:\\\/\\\/magazin.ikk-suedwest.de\\\/oktober-2023\\\/author\\\/fbo_master\\\/\"}]}<\/script>\n<!-- \/ Yoast SEO plugin. -->","yoast_head_json":{"title":"Pflegereform bringt neue Beitr\u00e4ge - Oktober 2023","robots":{"index":"noindex","follow":"follow","max-snippet":"max-snippet:-1","max-image-preview":"max-image-preview:large","max-video-preview":"max-video-preview:-1"},"og_locale":"de_DE","og_type":"article","og_title":"Pflegereform bringt neue Beitr\u00e4ge - Oktober 2023","og_description":"Auf die wachsende Zahl an Pflegebed\u00fcrftigen reagiert der Gesetzgeber unter anderem mit einer Anpassung der Beitragss\u00e4tze ...","og_url":"https:\/\/magazin.ikk-suedwest.de\/oktober-2023\/pflegereform-bringt-neue-beitraege\/","og_site_name":"Oktober 2023","article_published_time":"2023-09-15T07:53:28+00:00","article_modified_time":"2023-10-12T12:06:44+00:00","og_image":[{"width":1225,"height":818,"url":"https:\/\/magazin.ikk-suedwest.de\/oktober-2023\/wp-content\/uploads\/sites\/10\/2023\/09\/ikk_fm_2302_s12_pflegereform-1.jpg","type":"image\/jpeg"}],"author":"fbo_master","twitter_card":"summary_large_image","twitter_misc":{"Geschrieben von":"fbo_master","Gesch\u00e4tzte Lesezeit":"4\u00a0Minuten"},"schema":{"@context":"https:\/\/schema.org","@graph":[{"@type":"Article","@id":"https:\/\/magazin.ikk-suedwest.de\/oktober-2023\/pflegereform-bringt-neue-beitraege\/#article","isPartOf":{"@id":"https:\/\/magazin.ikk-suedwest.de\/oktober-2023\/pflegereform-bringt-neue-beitraege\/"},"author":{"name":"fbo_master","@id":"https:\/\/magazin.ikk-suedwest.de\/oktober-2023\/#\/schema\/person\/636237f711a5aed151e44ddcc2de114a"},"headline":"Pflegereform bringt neue Beitr\u00e4ge","datePublished":"2023-09-15T07:53:28+00:00","dateModified":"2023-10-12T12:06:44+00:00","mainEntityOfPage":{"@id":"https:\/\/magazin.ikk-suedwest.de\/oktober-2023\/pflegereform-bringt-neue-beitraege\/"},"wordCount":474,"image":{"@id":"https:\/\/magazin.ikk-suedwest.de\/oktober-2023\/pflegereform-bringt-neue-beitraege\/#primaryimage"},"thumbnailUrl":"https:\/\/magazin.ikk-suedwest.de\/oktober-2023\/wp-content\/uploads\/sites\/10\/2023\/09\/ikk_fm_2302_s12_pflegereform-1.jpg","articleSection":["Service"],"inLanguage":"de"},{"@type":"WebPage","@id":"https:\/\/magazin.ikk-suedwest.de\/oktober-2023\/pflegereform-bringt-neue-beitraege\/","url":"https:\/\/magazin.ikk-suedwest.de\/oktober-2023\/pflegereform-bringt-neue-beitraege\/","name":"Pflegereform bringt neue Beitr\u00e4ge - Oktober 2023","isPartOf":{"@id":"https:\/\/magazin.ikk-suedwest.de\/oktober-2023\/#website"},"primaryImageOfPage":{"@id":"https:\/\/magazin.ikk-suedwest.de\/oktober-2023\/pflegereform-bringt-neue-beitraege\/#primaryimage"},"image":{"@id":"https:\/\/magazin.ikk-suedwest.de\/oktober-2023\/pflegereform-bringt-neue-beitraege\/#primaryimage"},"thumbnailUrl":"https:\/\/magazin.ikk-suedwest.de\/oktober-2023\/wp-content\/uploads\/sites\/10\/2023\/09\/ikk_fm_2302_s12_pflegereform-1.jpg","datePublished":"2023-09-15T07:53:28+00:00","dateModified":"2023-10-12T12:06:44+00:00","author":{"@id":"https:\/\/magazin.ikk-suedwest.de\/oktober-2023\/#\/schema\/person\/636237f711a5aed151e44ddcc2de114a"},"breadcrumb":{"@id":"https:\/\/magazin.ikk-suedwest.de\/oktober-2023\/pflegereform-bringt-neue-beitraege\/#breadcrumb"},"inLanguage":"de","potentialAction":[{"@type":"ReadAction","target":["https:\/\/magazin.ikk-suedwest.de\/oktober-2023\/pflegereform-bringt-neue-beitraege\/"]}]},{"@type":"ImageObject","inLanguage":"de","@id":"https:\/\/magazin.ikk-suedwest.de\/oktober-2023\/pflegereform-bringt-neue-beitraege\/#primaryimage","url":"https:\/\/magazin.ikk-suedwest.de\/oktober-2023\/wp-content\/uploads\/sites\/10\/2023\/09\/ikk_fm_2302_s12_pflegereform-1.jpg","contentUrl":"https:\/\/magazin.ikk-suedwest.de\/oktober-2023\/wp-content\/uploads\/sites\/10\/2023\/09\/ikk_fm_2302_s12_pflegereform-1.jpg","width":1225,"height":818},{"@type":"BreadcrumbList","@id":"https:\/\/magazin.ikk-suedwest.de\/oktober-2023\/pflegereform-bringt-neue-beitraege\/#breadcrumb","itemListElement":[{"@type":"ListItem","position":1,"name":"Startseite","item":"https:\/\/magazin.ikk-suedwest.de\/oktober-2023\/"},{"@type":"ListItem","position":2,"name":"Pflegereform bringt neue Beitr\u00e4ge"}]},{"@type":"WebSite","@id":"https:\/\/magazin.ikk-suedwest.de\/oktober-2023\/#website","url":"https:\/\/magazin.ikk-suedwest.de\/oktober-2023\/","name":"Oktober 2023","description":"Eine weitere IKK Magazin Ausgaben Website","potentialAction":[{"@type":"SearchAction","target":{"@type":"EntryPoint","urlTemplate":"https:\/\/magazin.ikk-suedwest.de\/oktober-2023\/?s={search_term_string}"},"query-input":{"@type":"PropertyValueSpecification","valueRequired":true,"valueName":"search_term_string"}}],"inLanguage":"de"},{"@type":"Person","@id":"https:\/\/magazin.ikk-suedwest.de\/oktober-2023\/#\/schema\/person\/636237f711a5aed151e44ddcc2de114a","name":"fbo_master","image":{"@type":"ImageObject","inLanguage":"de","@id":"https:\/\/secure.gravatar.com\/avatar\/5e042e587c1d6c68d3fadd024e871a65399da22a9ef5e23b274af331bde574af?s=96&d=mm&r=g","url":"https:\/\/secure.gravatar.com\/avatar\/5e042e587c1d6c68d3fadd024e871a65399da22a9ef5e23b274af331bde574af?s=96&d=mm&r=g","contentUrl":"https:\/\/secure.gravatar.com\/avatar\/5e042e587c1d6c68d3fadd024e871a65399da22a9ef5e23b274af331bde574af?s=96&d=mm&r=g","caption":"fbo_master"},"sameAs":["https:\/\/magazin.ikk-suedwest.de"],"url":"https:\/\/magazin.ikk-suedwest.de\/oktober-2023\/author\/fbo_master\/"}]}},"_links":{"self":[{"href":"https:\/\/magazin.ikk-suedwest.de\/oktober-2023\/wp-json\/wp\/v2\/posts\/6700","targetHints":{"allow":["GET"]}}],"collection":[{"href":"https:\/\/magazin.ikk-suedwest.de\/oktober-2023\/wp-json\/wp\/v2\/posts"}],"about":[{"href":"https:\/\/magazin.ikk-suedwest.de\/oktober-2023\/wp-json\/wp\/v2\/types\/post"}],"author":[{"embeddable":true,"href":"https:\/\/magazin.ikk-suedwest.de\/oktober-2023\/wp-json\/wp\/v2\/users\/1"}],"replies":[{"embeddable":true,"href":"https:\/\/magazin.ikk-suedwest.de\/oktober-2023\/wp-json\/wp\/v2\/comments?post=6700"}],"version-history":[{"count":10,"href":"https:\/\/magazin.ikk-suedwest.de\/oktober-2023\/wp-json\/wp\/v2\/posts\/6700\/revisions"}],"predecessor-version":[{"id":7110,"href":"https:\/\/magazin.ikk-suedwest.de\/oktober-2023\/wp-json\/wp\/v2\/posts\/6700\/revisions\/7110"}],"wp:featuredmedia":[{"embeddable":true,"href":"https:\/\/magazin.ikk-suedwest.de\/oktober-2023\/wp-json\/wp\/v2\/media\/6884"}],"wp:attachment":[{"href":"https:\/\/magazin.ikk-suedwest.de\/oktober-2023\/wp-json\/wp\/v2\/media?parent=6700"}],"wp:term":[{"taxonomy":"category","embeddable":true,"href":"https:\/\/magazin.ikk-suedwest.de\/oktober-2023\/wp-json\/wp\/v2\/categories?post=6700"},{"taxonomy":"post_tag","embeddable":true,"href":"https:\/\/magazin.ikk-suedwest.de\/oktober-2023\/wp-json\/wp\/v2\/tags?post=6700"}],"curies":[{"name":"wp","href":"https:\/\/api.w.org\/{rel}","templated":true}]}}