{"id":6943,"date":"2023-09-15T09:37:00","date_gmt":"2023-09-15T07:37:00","guid":{"rendered":"https:\/\/magazin.ikk-suedwest.de\/oktober-2023\/?p=6943"},"modified":"2023-10-09T15:58:35","modified_gmt":"2023-10-09T13:58:35","slug":"ich-wu%cc%88rde-mich-der-verantwortung-jederzeit-wieder-stellen","status":"publish","type":"post","link":"https:\/\/magazin.ikk-suedwest.de\/oktober-2023\/ich-wu%cc%88rde-mich-der-verantwortung-jederzeit-wieder-stellen\/","title":{"rendered":"\u201eIch wu\u0308rde mich der Verantwortung jederzeit wieder stellen\u201c"},"content":{"rendered":"<div class=\"shariff shariff-align-left shariff-widget-align-left\"><ul class=\"shariff-buttons theme-round orientation-horizontal buttonsize-medium\"><li class=\"shariff-button twitter shariff-nocustomcolor\" style=\"background-color:#595959\"><a href=\"https:\/\/twitter.com\/share?url=https%3A%2F%2Fmagazin.ikk-suedwest.de%2Foktober-2023%2Fich-wu%25cc%2588rde-mich-der-verantwortung-jederzeit-wieder-stellen%2F&text=%E2%80%9EIch%20wu%CC%88rde%20mich%20der%20Verantwortung%20jederzeit%20wieder%20stellen%E2%80%9C\" title=\"Bei X teilen\" aria-label=\"Bei X teilen\" role=\"button\" rel=\"noopener nofollow\" class=\"shariff-link\" style=\"; background-color:#000; color:#fff\" target=\"_blank\"><span class=\"shariff-icon\" style=\"\"><svg width=\"32px\" height=\"20px\" xmlns=\"http:\/\/www.w3.org\/2000\/svg\" viewBox=\"0 0 24 24\"><path fill=\"#000\" d=\"M14.258 10.152L23.176 0h-2.113l-7.747 8.813L7.133 0H0l9.352 13.328L0 23.973h2.113l8.176-9.309 6.531 9.309h7.133zm-2.895 3.293l-.949-1.328L2.875 1.56h3.246l6.086 8.523.945 1.328 7.91 11.078h-3.246zm0 0\"\/><\/svg><\/span><\/a><\/li><li class=\"shariff-button facebook shariff-nocustomcolor\" style=\"background-color:#4273c8\"><a href=\"https:\/\/www.facebook.com\/sharer\/sharer.php?u=https%3A%2F%2Fmagazin.ikk-suedwest.de%2Foktober-2023%2Fich-wu%25cc%2588rde-mich-der-verantwortung-jederzeit-wieder-stellen%2F\" title=\"Bei Facebook teilen\" aria-label=\"Bei Facebook teilen\" role=\"button\" rel=\"nofollow\" class=\"shariff-link\" style=\"; background-color:#3b5998; color:#fff\" target=\"_blank\"><span class=\"shariff-icon\" style=\"\"><svg width=\"32px\" height=\"20px\" xmlns=\"http:\/\/www.w3.org\/2000\/svg\" viewBox=\"0 0 18 32\"><path fill=\"#3b5998\" d=\"M17.1 0.2v4.7h-2.8q-1.5 0-2.1 0.6t-0.5 1.9v3.4h5.2l-0.7 5.3h-4.5v13.6h-5.5v-13.6h-4.5v-5.3h4.5v-3.9q0-3.3 1.9-5.2t5-1.8q2.6 0 4.1 0.2z\"\/><\/svg><\/span><\/a><\/li><li class=\"shariff-button whatsapp shariff-nocustomcolor\" style=\"background-color:#5cbe4a\"><a href=\"https:\/\/api.whatsapp.com\/send?text=https%3A%2F%2Fmagazin.ikk-suedwest.de%2Foktober-2023%2Fich-wu%25cc%2588rde-mich-der-verantwortung-jederzeit-wieder-stellen%2F%20%E2%80%9EIch%20wu%CC%88rde%20mich%20der%20Verantwortung%20jederzeit%20wieder%20stellen%E2%80%9C\" title=\"Bei Whatsapp teilen\" aria-label=\"Bei Whatsapp teilen\" role=\"button\" rel=\"noopener nofollow\" class=\"shariff-link\" style=\"; background-color:#34af23; color:#fff\" target=\"_blank\"><span class=\"shariff-icon\" style=\"\"><svg width=\"32px\" height=\"20px\" xmlns=\"http:\/\/www.w3.org\/2000\/svg\" viewBox=\"0 0 32 32\"><path fill=\"#34af23\" d=\"M17.6 17.4q0.2 0 1.7 0.8t1.6 0.9q0 0.1 0 0.3 0 0.6-0.3 1.4-0.3 0.7-1.3 1.2t-1.8 0.5q-1 0-3.4-1.1-1.7-0.8-3-2.1t-2.6-3.3q-1.3-1.9-1.3-3.5v-0.1q0.1-1.6 1.3-2.8 0.4-0.4 0.9-0.4 0.1 0 0.3 0t0.3 0q0.3 0 0.5 0.1t0.3 0.5q0.1 0.4 0.6 1.6t0.4 1.3q0 0.4-0.6 1t-0.6 0.8q0 0.1 0.1 0.3 0.6 1.3 1.8 2.4 1 0.9 2.7 1.8 0.2 0.1 0.4 0.1 0.3 0 1-0.9t0.9-0.9zM14 26.9q2.3 0 4.3-0.9t3.6-2.4 2.4-3.6 0.9-4.3-0.9-4.3-2.4-3.6-3.6-2.4-4.3-0.9-4.3 0.9-3.6 2.4-2.4 3.6-0.9 4.3q0 3.6 2.1 6.6l-1.4 4.2 4.3-1.4q2.8 1.9 6.2 1.9zM14 2.2q2.7 0 5.2 1.1t4.3 2.9 2.9 4.3 1.1 5.2-1.1 5.2-2.9 4.3-4.3 2.9-5.2 1.1q-3.5 0-6.5-1.7l-7.4 2.4 2.4-7.2q-1.9-3.2-1.9-6.9 0-2.7 1.1-5.2t2.9-4.3 4.3-2.9 5.2-1.1z\"\/><\/svg><\/span><\/a><\/li><li class=\"shariff-button mailto shariff-nocustomcolor\" style=\"background-color:#a8a8a8\"><a href=\"mailto:?body=https%3A%2F%2Fmagazin.ikk-suedwest.de%2Foktober-2023%2Fich-wu%25cc%2588rde-mich-der-verantwortung-jederzeit-wieder-stellen%2F&subject=%E2%80%9EIch%20wu%CC%88rde%20mich%20der%20Verantwortung%20jederzeit%20wieder%20stellen%E2%80%9C\" title=\"Per E-Mail versenden\" aria-label=\"Per E-Mail versenden\" role=\"button\" rel=\"noopener nofollow\" class=\"shariff-link\" style=\"; background-color:#999; color:#fff\"><span class=\"shariff-icon\" style=\"\"><svg width=\"32px\" height=\"20px\" xmlns=\"http:\/\/www.w3.org\/2000\/svg\" viewBox=\"0 0 32 32\"><path fill=\"#999\" d=\"M32 12.7v14.2q0 1.2-0.8 2t-2 0.9h-26.3q-1.2 0-2-0.9t-0.8-2v-14.2q0.8 0.9 1.8 1.6 6.5 4.4 8.9 6.1 1 0.8 1.6 1.2t1.7 0.9 2 0.4h0.1q0.9 0 2-0.4t1.7-0.9 1.6-1.2q3-2.2 8.9-6.1 1-0.7 1.8-1.6zM32 7.4q0 1.4-0.9 2.7t-2.2 2.2q-6.7 4.7-8.4 5.8-0.2 0.1-0.7 0.5t-1 0.7-0.9 0.6-1.1 0.5-0.9 0.2h-0.1q-0.4 0-0.9-0.2t-1.1-0.5-0.9-0.6-1-0.7-0.7-0.5q-1.6-1.1-4.7-3.2t-3.6-2.6q-1.1-0.7-2.1-2t-1-2.5q0-1.4 0.7-2.3t2.1-0.9h26.3q1.2 0 2 0.8t0.9 2z\"\/><\/svg><\/span><\/a><\/li><\/ul><\/div>\n\n\n\n<figure class=\"wp-block-image size-large\"><img loading=\"lazy\" decoding=\"async\" width=\"1024\" height=\"684\" src=\"https:\/\/magazin.ikk-suedwest.de\/oktober-2023\/wp-content\/uploads\/sites\/10\/2023\/09\/ikk_fm_2302_s7_rainer_lunk-1024x684.jpg\" alt=\"\" class=\"wp-image-7037\" srcset=\"https:\/\/magazin.ikk-suedwest.de\/oktober-2023\/wp-content\/uploads\/sites\/10\/2023\/09\/ikk_fm_2302_s7_rainer_lunk-1024x684.jpg 1024w, https:\/\/magazin.ikk-suedwest.de\/oktober-2023\/wp-content\/uploads\/sites\/10\/2023\/09\/ikk_fm_2302_s7_rainer_lunk-300x200.jpg 300w, https:\/\/magazin.ikk-suedwest.de\/oktober-2023\/wp-content\/uploads\/sites\/10\/2023\/09\/ikk_fm_2302_s7_rainer_lunk-768x513.jpg 768w, https:\/\/magazin.ikk-suedwest.de\/oktober-2023\/wp-content\/uploads\/sites\/10\/2023\/09\/ikk_fm_2302_s7_rainer_lunk-370x247.jpg 370w, https:\/\/magazin.ikk-suedwest.de\/oktober-2023\/wp-content\/uploads\/sites\/10\/2023\/09\/ikk_fm_2302_s7_rainer_lunk-270x180.jpg 270w, https:\/\/magazin.ikk-suedwest.de\/oktober-2023\/wp-content\/uploads\/sites\/10\/2023\/09\/ikk_fm_2302_s7_rainer_lunk-570x381.jpg 570w, https:\/\/magazin.ikk-suedwest.de\/oktober-2023\/wp-content\/uploads\/sites\/10\/2023\/09\/ikk_fm_2302_s7_rainer_lunk-749x500.jpg 749w, https:\/\/magazin.ikk-suedwest.de\/oktober-2023\/wp-content\/uploads\/sites\/10\/2023\/09\/ikk_fm_2302_s7_rainer_lunk-740x494.jpg 740w, https:\/\/magazin.ikk-suedwest.de\/oktober-2023\/wp-content\/uploads\/sites\/10\/2023\/09\/ikk_fm_2302_s7_rainer_lunk.jpg 1225w\" sizes=\"auto, (max-width: 1024px) 100vw, 1024px\" \/><\/figure>\n\n\n\n<h1 class=\"wp-block-heading\">\u201eIch w\u00fcrde mich der Verantwortung jederzeit wieder stellen\u201c<\/h1>\n\n\n\n<p class=\"has-large-font-size wp-block-paragraph\"><mark style=\"background-color:rgba(0, 0, 0, 0)\" class=\"has-inline-color has-gridlove-acc-color\">Nach mehr als zwei Jahrzehnten im Verwaltungsrat der IKK S\u00fcdwest schied Rainer Lunk als dessen Vorsitzender und Mitglied im September aus. Ein Ehrenamt, in dem er viel f\u00fcr den S\u00fcdwesten bewegt hat.<\/mark><\/p>\n\n\n\n<p class=\"wp-block-paragraph\"><em><strong>Warum haben Sie sich 2011 entschieden, den Verwaltungsratsvorsitz der IKK S\u00fcdwest zu \u00fcbernehmen?<\/strong><\/em><\/p>\n\n\n\n<p class=\"wp-block-paragraph\"><strong>Rainer Lunk: <\/strong>Ich finde es wichtig, sensibel f\u00fcr die Probleme anderer Menschen zu sein und zu helfen, wo es m\u00f6glich ist. Deshalb habe ich damals gerne die Chance ergriffen, mich f\u00fcr die Gesunderhaltung der Menschen starkzumachen. Es war mir eine Ehre, als meine Kolleginnen und Kollegen mich nach zw\u00f6lf Jahren Mitgliedschaft im Verwaltungsrat gebeten haben, den Vorsitz zu \u00fcbernehmen. Als Innungskrankenkasse war die IKK S\u00fcdwest noch dazu eine Herzensangelegenheit, weil ich selbst aus dem Handwerk komme. Basis unseres Handelns ist und bleibt diese Tradition. Das haben wir in all den Jahren nie vergessen.<\/p>\n\n\n\n<p class=\"wp-block-paragraph\"><em><strong>Wie haben Versicherte und Arbeitgeber in den vergangenen Jahren von der Arbeit des Verwaltungsrats profitiert?<\/strong><\/em><\/p>\n\n\n\n<p class=\"wp-block-paragraph\">Die Entscheidung f\u00fcr unsere Strategie \u201eregional und digital\u201c hat zu einem ganz besonderen Vertrauensverh\u00e4ltnis zu unseren Versicherten gef\u00fchrt. Seit Beginn meiner Amtszeit konnten wir unsere Versichertenzahl auf \u00fcber 640.000 ausbauen und somit viele neue Kundinnen und Kunden  von den Vorteilen einer Mitgliedschaft bei der IKK S\u00fcdwest \u00fcberzeugen \u2013 und das in einer Zeit eines sehr umk\u00e4mpften Kassenmarkts. Das zeigt, dass sich unsere Kunden bewusst f\u00fcr eine Krankenkasse entscheiden, die den pers\u00f6nlichen Kontakt und die N\u00e4he zu ihren Versicherten gro\u00dfschreibt.<\/p>\n\n\n\n<p class=\"wp-block-paragraph\">Auch das Wachstum unseres Etats auf mittlerweile rund 2,2 Milliarden Euro macht uns stolz. Denn es ist Geld, das unmittelbar in die Gesundheitsversorgung und -f\u00f6rderung unserer Versicherten und Betriebe flie\u00dft. Als Verwaltungsrat ist es uns gut gelungen, zur Wettbewerbsf\u00e4higkeit unserer IKK S\u00fcdwest f\u00fcr die Zukunft beizutragen.<\/p>\n\n\n\n<p class=\"wp-block-paragraph\"><em><strong>W\u00e4hrend Ihrer Amtszeit wurden viele neue Versorgungsangebote f\u00fcr Versicherte geschaffen. Auf welche sind Sie besonders stolz?<\/strong><\/em><\/p>\n\n\n\n<p class=\"wp-block-paragraph\">Grunds\u00e4tzlich bin ich auf alles stolz, was die Gesundheitsversorgung unserer Versicherten nachhaltig verbessern konnte. Dabei sind viele Zusatzleistungen entstanden, die weit \u00fcber den S\u00fcdwesten hinaus f\u00fcr Aufmerksamkeit gesorgt haben. Stellvertretend m\u00f6chte ich PIKKO nennen \u2013 ein Projekt, das Krebspatienten unmittelbar nach ihrer Diagnose mental auffing und begleitete. Damit konnten wir eine echte Versorgungsl\u00fccke schlie\u00dfen.<\/p>\n\n\n\n<p class=\"wp-block-paragraph\">Dass unser Engagement auch immer wieder von Instituten und der Fachpresse ausgezeichnet wird, ist f\u00fcr uns ein zus\u00e4tzlicher Anreiz. Wir erhalten regelm\u00e4\u00dfig Bestnoten in Vergleichstests f\u00fcr unsere Leistungs-, Digital- und Serviceangebote und geh\u00f6ren damit zu den Top-Krankenkassen in Deutschland.<\/p>\n\n\n\n<p class=\"wp-block-paragraph\">F\u00fcr unsere Versicherten ein verl\u00e4sslicher Partner in der Region zu sein, wenn es um Gesundheit geht \u2013 das war und ist die Zielsetzung unserer Arbeit. Ein wichtiger Baustein dabei sind die vielen Gesundheitspartnerschaften, die wir in den vergangenen Jahren kn\u00fcpfen konnten. Nat\u00fcrlich ist die zu meinem Herzensverein, dem 1. FC Kaiserslautern, eine ganz besondere f\u00fcr mich.<\/p>\n\n\n\n<p class=\"wp-block-paragraph\"><em><strong>Ein wesentlicher Bestandteil Ihrer Arbeit im Verwaltungsrat war die Auseinandersetzung mit der Gesundheitspolitik. Welche Punkte stechen hier f\u00fcr Sie hervor?<\/strong><\/em><\/p>\n\n\n\n<p class=\"wp-block-paragraph\">Zwei Themen kommen mir direkt in den Sinn: die Autonomie der Selbstverwaltung und die Finanzierung des Gesundheitssystems.<\/p>\n\n\n\n<p class=\"wp-block-paragraph\">In meiner Amtszeit gab es immer wieder Stimmen in der Politik, die die Selbstverwaltung in ihrer Entscheidungsfreiheit einschr\u00e4nken wollten. Das ist f\u00fcr mich ganz klar der falsche Weg \u2013 ganz im Gegenteil m\u00fcssen Selbstverwaltung und Ehrenamt weiter gest\u00e4rkt werden. Durch die parit\u00e4tische Besetzung setzt sich der Verwaltungsrat gleicherma\u00dfen f\u00fcr die Belange von Versicherten und Arbeitgebern ein und erzielt so f\u00fcr beide Seiten sehr gute Ergebnisse. Eine zu gro\u00dfe Abh\u00e4ngigkeit von staatlichen Stellen darf es nicht geben, da dies die Gestaltungsspielr\u00e4ume der gesetzlichen Krankenkassen deutlich einschr\u00e4nken w\u00fcrde.<\/p>\n\n\n\n<p class=\"wp-block-paragraph\">Aktueller denn je ist der Aspekt der Finanzierung unseres Gesundheitssystems. Die letzten Jahre haben deutlich gemacht, dass es ohne tiefgreifende strukturelle Reformen nicht gehen wird. Kurzfristige Scheinl\u00f6sungen m\u00fcssen der Vergangenheit angeh\u00f6ren, nachhaltige \u00c4nderungen umgesetzt werden. Einer der Punkte, die dabei unbedingt angegangen werden m\u00fcssen: die Kompensation von Leistungen, die Krankenkassen seit Jahren treuh\u00e4nderisch \u00fcbernehmen. Herauszuheben sind hier die Leistungen f\u00fcr B\u00fcrgergeldempf\u00e4nger. Die IKK S\u00fcdwest erh\u00e4lt durchschnittlich pro Monat rund 110 Euro, wendet aber f\u00fcr einen Versicherten im Durchschnitt 270 Euro auf. Eine Unterdeckung von 160 Euro, f\u00fcr die im Moment die Solidargemeinschaft aufkommt. Das darf so nicht bleiben!<\/p>\n\n\n\n<p class=\"wp-block-paragraph\">Wie L\u00f6sungen aussehen k\u00f6nnen, haben wir bereits konkret skizziert. Die Senkung der Mehrwertsteuer auf Arzneimittel w\u00fcrde einen der gr\u00f6\u00dften Kostentreiber im Gesundheitssystem entsch\u00e4rfen. Zudem bietet es sich an, die Einnahmen durch die Partizipation an Steuergeldern zu verbessern, etwa der Steuer auf Genussmittel. Vorschl\u00e4ge gibt es gen\u00fcgend, die Politik muss nur handeln.<\/p>\n\n\n\n<p class=\"wp-block-paragraph\"><em><strong>Nach 24 Jahren endete im September Ihre Amtszeit. Was bleibt Ihnen besonders in Erinnerung?<\/strong><\/em><\/p>\n\n\n\n<p class=\"wp-block-paragraph\">Ein Abschied, der mir nicht leichtf\u00e4llt, aber wohl\u00fcberlegt ist. In Erinnerung bleibt mir vor allem eins: Wir sind f\u00fcreinander da. Und das macht uns selbst in Krisen stark. Wenn ich an die schlimme Flutkatastrophe im Ahrtal denke, denke ich auch an rund 700 IKK-Mitarbeiterinnen und Mitarbeiter und die Verwaltungsr\u00e4te, die sich an einer Spendenaktion f\u00fcr die Hochwasser-Betroffenen beteiligt haben. 35.000 Euro sind so f\u00fcr die Hilfe und den Wiederaufbau vor Ort zusammengekommen.<\/p>\n\n\n\n<p class=\"wp-block-paragraph\">Unsere Mitarbeiterinnen und Mitarbeiter sind einfach hochengagiert, daf\u00fcr m\u00f6chte ich mich bei jeder und jedem Einzelnen von Herzen bedanken. Das gilt nat\u00fcrlich ganz besonders auch f\u00fcr die vertrauensvolle Zusammenarbeit mit meinem versichertenseitigen Pendant Ralf Reinst\u00e4dtler und unseren beiden Vorst\u00e4nden. Das ist nicht selbstverst\u00e4ndlich. Mein Fazit nach nahezu einem Vierteljahrhundert bei der IKK S\u00fcdwest: Ich w\u00fcrde mich der Verantwortung jederzeit wieder stellen.<\/p>\n\n\n\n<p class=\"wp-block-paragraph\"><em><strong>Wie sehen Ihre Pl\u00e4ne f\u00fcr die Zukunft aus?<\/strong><\/em><\/p>\n\n\n\n<p class=\"wp-block-paragraph\">Ich werde weiterhin als Vorstandsvorsitzender der WHG- \u00dcberwachungsgemeinschaft des Handwerks e. V. aktiv sein, wo wir rund 500 Betriebe in Rheinland-Pfalz und im Saarland im Umweltbereich zertifizieren. Und nat\u00fcrlich freue ich mich auch auf mehr Freizeit, die ich meiner Familie und dem Sport widmen werde.<\/p>\n\n\n\n<p class=\"has-text-color wp-block-paragraph\" style=\"color:#009fe3\"><\/p>\n\n\n<div class=\"shariff shariff-align-left shariff-widget-align-left\"><ul class=\"shariff-buttons theme-round orientation-horizontal buttonsize-medium\"><li class=\"shariff-button twitter shariff-nocustomcolor\" style=\"background-color:#595959\"><a href=\"https:\/\/twitter.com\/share?url=https%3A%2F%2Fmagazin.ikk-suedwest.de%2Foktober-2023%2Fich-wu%25cc%2588rde-mich-der-verantwortung-jederzeit-wieder-stellen%2F&text=%E2%80%9EIch%20wu%CC%88rde%20mich%20der%20Verantwortung%20jederzeit%20wieder%20stellen%E2%80%9C\" title=\"Bei X teilen\" aria-label=\"Bei X teilen\" role=\"button\" rel=\"noopener nofollow\" class=\"shariff-link\" style=\"; background-color:#000; color:#fff\" target=\"_blank\"><span class=\"shariff-icon\" style=\"\"><svg width=\"32px\" height=\"20px\" xmlns=\"http:\/\/www.w3.org\/2000\/svg\" viewBox=\"0 0 24 24\"><path fill=\"#000\" d=\"M14.258 10.152L23.176 0h-2.113l-7.747 8.813L7.133 0H0l9.352 13.328L0 23.973h2.113l8.176-9.309 6.531 9.309h7.133zm-2.895 3.293l-.949-1.328L2.875 1.56h3.246l6.086 8.523.945 1.328 7.91 11.078h-3.246zm0 0\"\/><\/svg><\/span><\/a><\/li><li class=\"shariff-button facebook shariff-nocustomcolor\" style=\"background-color:#4273c8\"><a href=\"https:\/\/www.facebook.com\/sharer\/sharer.php?u=https%3A%2F%2Fmagazin.ikk-suedwest.de%2Foktober-2023%2Fich-wu%25cc%2588rde-mich-der-verantwortung-jederzeit-wieder-stellen%2F\" title=\"Bei Facebook teilen\" aria-label=\"Bei Facebook teilen\" role=\"button\" rel=\"nofollow\" class=\"shariff-link\" style=\"; background-color:#3b5998; color:#fff\" target=\"_blank\"><span class=\"shariff-icon\" style=\"\"><svg width=\"32px\" height=\"20px\" xmlns=\"http:\/\/www.w3.org\/2000\/svg\" viewBox=\"0 0 18 32\"><path fill=\"#3b5998\" d=\"M17.1 0.2v4.7h-2.8q-1.5 0-2.1 0.6t-0.5 1.9v3.4h5.2l-0.7 5.3h-4.5v13.6h-5.5v-13.6h-4.5v-5.3h4.5v-3.9q0-3.3 1.9-5.2t5-1.8q2.6 0 4.1 0.2z\"\/><\/svg><\/span><\/a><\/li><li class=\"shariff-button whatsapp shariff-nocustomcolor\" style=\"background-color:#5cbe4a\"><a href=\"https:\/\/api.whatsapp.com\/send?text=https%3A%2F%2Fmagazin.ikk-suedwest.de%2Foktober-2023%2Fich-wu%25cc%2588rde-mich-der-verantwortung-jederzeit-wieder-stellen%2F%20%E2%80%9EIch%20wu%CC%88rde%20mich%20der%20Verantwortung%20jederzeit%20wieder%20stellen%E2%80%9C\" title=\"Bei Whatsapp teilen\" aria-label=\"Bei Whatsapp teilen\" role=\"button\" rel=\"noopener nofollow\" class=\"shariff-link\" style=\"; background-color:#34af23; color:#fff\" target=\"_blank\"><span class=\"shariff-icon\" style=\"\"><svg width=\"32px\" height=\"20px\" xmlns=\"http:\/\/www.w3.org\/2000\/svg\" viewBox=\"0 0 32 32\"><path fill=\"#34af23\" d=\"M17.6 17.4q0.2 0 1.7 0.8t1.6 0.9q0 0.1 0 0.3 0 0.6-0.3 1.4-0.3 0.7-1.3 1.2t-1.8 0.5q-1 0-3.4-1.1-1.7-0.8-3-2.1t-2.6-3.3q-1.3-1.9-1.3-3.5v-0.1q0.1-1.6 1.3-2.8 0.4-0.4 0.9-0.4 0.1 0 0.3 0t0.3 0q0.3 0 0.5 0.1t0.3 0.5q0.1 0.4 0.6 1.6t0.4 1.3q0 0.4-0.6 1t-0.6 0.8q0 0.1 0.1 0.3 0.6 1.3 1.8 2.4 1 0.9 2.7 1.8 0.2 0.1 0.4 0.1 0.3 0 1-0.9t0.9-0.9zM14 26.9q2.3 0 4.3-0.9t3.6-2.4 2.4-3.6 0.9-4.3-0.9-4.3-2.4-3.6-3.6-2.4-4.3-0.9-4.3 0.9-3.6 2.4-2.4 3.6-0.9 4.3q0 3.6 2.1 6.6l-1.4 4.2 4.3-1.4q2.8 1.9 6.2 1.9zM14 2.2q2.7 0 5.2 1.1t4.3 2.9 2.9 4.3 1.1 5.2-1.1 5.2-2.9 4.3-4.3 2.9-5.2 1.1q-3.5 0-6.5-1.7l-7.4 2.4 2.4-7.2q-1.9-3.2-1.9-6.9 0-2.7 1.1-5.2t2.9-4.3 4.3-2.9 5.2-1.1z\"\/><\/svg><\/span><\/a><\/li><li class=\"shariff-button mailto shariff-nocustomcolor\" style=\"background-color:#a8a8a8\"><a href=\"mailto:?body=https%3A%2F%2Fmagazin.ikk-suedwest.de%2Foktober-2023%2Fich-wu%25cc%2588rde-mich-der-verantwortung-jederzeit-wieder-stellen%2F&subject=%E2%80%9EIch%20wu%CC%88rde%20mich%20der%20Verantwortung%20jederzeit%20wieder%20stellen%E2%80%9C\" title=\"Per E-Mail versenden\" aria-label=\"Per E-Mail versenden\" role=\"button\" rel=\"noopener nofollow\" class=\"shariff-link\" style=\"; background-color:#999; color:#fff\"><span class=\"shariff-icon\" style=\"\"><svg width=\"32px\" height=\"20px\" xmlns=\"http:\/\/www.w3.org\/2000\/svg\" viewBox=\"0 0 32 32\"><path fill=\"#999\" d=\"M32 12.7v14.2q0 1.2-0.8 2t-2 0.9h-26.3q-1.2 0-2-0.9t-0.8-2v-14.2q0.8 0.9 1.8 1.6 6.5 4.4 8.9 6.1 1 0.8 1.6 1.2t1.7 0.9 2 0.4h0.1q0.9 0 2-0.4t1.7-0.9 1.6-1.2q3-2.2 8.9-6.1 1-0.7 1.8-1.6zM32 7.4q0 1.4-0.9 2.7t-2.2 2.2q-6.7 4.7-8.4 5.8-0.2 0.1-0.7 0.5t-1 0.7-0.9 0.6-1.1 0.5-0.9 0.2h-0.1q-0.4 0-0.9-0.2t-1.1-0.5-0.9-0.6-1-0.7-0.7-0.5q-1.6-1.1-4.7-3.2t-3.6-2.6q-1.1-0.7-2.1-2t-1-2.5q0-1.4 0.7-2.3t2.1-0.9h26.3q1.2 0 2 0.8t0.9 2z\"\/><\/svg><\/span><\/a><\/li><\/ul><\/div>\n\n\n\n<p class=\"wp-block-paragraph\"><\/p>\n\n\n\n<div class=\"wp-block-buttons is-horizontal is-content-justification-left is-layout-flex wp-container-core-buttons-is-layout-39697d9b wp-block-buttons-is-layout-flex\">\n<div class=\"wp-block-button\"><a class=\"wp-block-button__link has-background wp-element-button\" href=\"javascript:history.back()\" style=\"background-color:#009de9\">Zur\u00fcck<\/a><\/div>\n<\/div>\n\n\n","protected":false},"excerpt":{"rendered":"<p>Nach mehr als zwei Jahrzehnten im Verwaltungsrat der IKK S\u00fcdwest schied Rainer Lunk als dessen Vorsitzender &#8230;<\/p>\n","protected":false},"author":1,"featured_media":7037,"comment_status":"closed","ping_status":"open","sticky":false,"template":"","format":"standard","meta":{"_acf_changed":false,"_crdt_document":"","favoriteCount":2,"footnotes":"[]"},"categories":[53],"tags":[],"class_list":["post-6943","post","type-post","status-publish","format-standard","has-post-thumbnail","hentry","category-neues-vom-verwaltungsrat"],"acf":[],"yoast_head":"<!-- This site is optimized with the Yoast SEO plugin v27.4 - https:\/\/yoast.com\/product\/yoast-seo-wordpress\/ -->\n<title>\u201eIch wu\u0308rde mich der Verantwortung jederzeit wieder stellen\u201c - Oktober 2023<\/title>\n<meta name=\"robots\" content=\"noindex, follow, max-snippet:-1, max-image-preview:large, max-video-preview:-1\" \/>\n<meta property=\"og:locale\" content=\"de_DE\" \/>\n<meta property=\"og:type\" content=\"article\" \/>\n<meta property=\"og:title\" content=\"\u201eIch wu\u0308rde mich der Verantwortung jederzeit wieder stellen\u201c - Oktober 2023\" \/>\n<meta property=\"og:description\" content=\"Nach mehr als zwei Jahrzehnten im Verwaltungsrat der IKK S\u00fcdwest schied Rainer Lunk als dessen Vorsitzender ...\" \/>\n<meta property=\"og:url\" content=\"https:\/\/magazin.ikk-suedwest.de\/oktober-2023\/ich-wu\u0308rde-mich-der-verantwortung-jederzeit-wieder-stellen\/\" \/>\n<meta property=\"og:site_name\" content=\"Oktober 2023\" \/>\n<meta property=\"article:published_time\" content=\"2023-09-15T07:37:00+00:00\" \/>\n<meta property=\"article:modified_time\" content=\"2023-10-09T13:58:35+00:00\" \/>\n<meta property=\"og:image\" content=\"https:\/\/magazin.ikk-suedwest.de\/oktober-2023\/wp-content\/uploads\/sites\/10\/2023\/09\/ikk_fm_2302_s7_rainer_lunk.jpg\" \/>\n\t<meta property=\"og:image:width\" content=\"1225\" \/>\n\t<meta property=\"og:image:height\" content=\"818\" \/>\n\t<meta property=\"og:image:type\" content=\"image\/jpeg\" \/>\n<meta name=\"author\" content=\"fbo_master\" \/>\n<meta name=\"twitter:card\" content=\"summary_large_image\" \/>\n<meta name=\"twitter:label1\" content=\"Geschrieben von\" \/>\n\t<meta name=\"twitter:data1\" content=\"fbo_master\" \/>\n\t<meta name=\"twitter:label2\" content=\"Gesch\u00e4tzte Lesezeit\" \/>\n\t<meta name=\"twitter:data2\" content=\"6\u00a0Minuten\" \/>\n<script type=\"application\/ld+json\" class=\"yoast-schema-graph\">{\"@context\":\"https:\\\/\\\/schema.org\",\"@graph\":[{\"@type\":\"Article\",\"@id\":\"https:\\\/\\\/magazin.ikk-suedwest.de\\\/oktober-2023\\\/ich-wu%cc%88rde-mich-der-verantwortung-jederzeit-wieder-stellen\\\/#article\",\"isPartOf\":{\"@id\":\"https:\\\/\\\/magazin.ikk-suedwest.de\\\/oktober-2023\\\/ich-wu%cc%88rde-mich-der-verantwortung-jederzeit-wieder-stellen\\\/\"},\"author\":{\"name\":\"fbo_master\",\"@id\":\"https:\\\/\\\/magazin.ikk-suedwest.de\\\/oktober-2023\\\/#\\\/schema\\\/person\\\/636237f711a5aed151e44ddcc2de114a\"},\"headline\":\"\u201eIch wu\u0308rde mich der Verantwortung jederzeit wieder stellen\u201c\",\"datePublished\":\"2023-09-15T07:37:00+00:00\",\"dateModified\":\"2023-10-09T13:58:35+00:00\",\"mainEntityOfPage\":{\"@id\":\"https:\\\/\\\/magazin.ikk-suedwest.de\\\/oktober-2023\\\/ich-wu%cc%88rde-mich-der-verantwortung-jederzeit-wieder-stellen\\\/\"},\"wordCount\":1014,\"image\":{\"@id\":\"https:\\\/\\\/magazin.ikk-suedwest.de\\\/oktober-2023\\\/ich-wu%cc%88rde-mich-der-verantwortung-jederzeit-wieder-stellen\\\/#primaryimage\"},\"thumbnailUrl\":\"https:\\\/\\\/magazin.ikk-suedwest.de\\\/oktober-2023\\\/wp-content\\\/uploads\\\/sites\\\/10\\\/2023\\\/09\\\/ikk_fm_2302_s7_rainer_lunk.jpg\",\"articleSection\":[\"Neues vom Verwaltungsrat\"],\"inLanguage\":\"de\"},{\"@type\":\"WebPage\",\"@id\":\"https:\\\/\\\/magazin.ikk-suedwest.de\\\/oktober-2023\\\/ich-wu%cc%88rde-mich-der-verantwortung-jederzeit-wieder-stellen\\\/\",\"url\":\"https:\\\/\\\/magazin.ikk-suedwest.de\\\/oktober-2023\\\/ich-wu%cc%88rde-mich-der-verantwortung-jederzeit-wieder-stellen\\\/\",\"name\":\"\u201eIch wu\u0308rde mich der Verantwortung jederzeit wieder stellen\u201c - Oktober 2023\",\"isPartOf\":{\"@id\":\"https:\\\/\\\/magazin.ikk-suedwest.de\\\/oktober-2023\\\/#website\"},\"primaryImageOfPage\":{\"@id\":\"https:\\\/\\\/magazin.ikk-suedwest.de\\\/oktober-2023\\\/ich-wu%cc%88rde-mich-der-verantwortung-jederzeit-wieder-stellen\\\/#primaryimage\"},\"image\":{\"@id\":\"https:\\\/\\\/magazin.ikk-suedwest.de\\\/oktober-2023\\\/ich-wu%cc%88rde-mich-der-verantwortung-jederzeit-wieder-stellen\\\/#primaryimage\"},\"thumbnailUrl\":\"https:\\\/\\\/magazin.ikk-suedwest.de\\\/oktober-2023\\\/wp-content\\\/uploads\\\/sites\\\/10\\\/2023\\\/09\\\/ikk_fm_2302_s7_rainer_lunk.jpg\",\"datePublished\":\"2023-09-15T07:37:00+00:00\",\"dateModified\":\"2023-10-09T13:58:35+00:00\",\"author\":{\"@id\":\"https:\\\/\\\/magazin.ikk-suedwest.de\\\/oktober-2023\\\/#\\\/schema\\\/person\\\/636237f711a5aed151e44ddcc2de114a\"},\"breadcrumb\":{\"@id\":\"https:\\\/\\\/magazin.ikk-suedwest.de\\\/oktober-2023\\\/ich-wu%cc%88rde-mich-der-verantwortung-jederzeit-wieder-stellen\\\/#breadcrumb\"},\"inLanguage\":\"de\",\"potentialAction\":[{\"@type\":\"ReadAction\",\"target\":[\"https:\\\/\\\/magazin.ikk-suedwest.de\\\/oktober-2023\\\/ich-wu%cc%88rde-mich-der-verantwortung-jederzeit-wieder-stellen\\\/\"]}]},{\"@type\":\"ImageObject\",\"inLanguage\":\"de\",\"@id\":\"https:\\\/\\\/magazin.ikk-suedwest.de\\\/oktober-2023\\\/ich-wu%cc%88rde-mich-der-verantwortung-jederzeit-wieder-stellen\\\/#primaryimage\",\"url\":\"https:\\\/\\\/magazin.ikk-suedwest.de\\\/oktober-2023\\\/wp-content\\\/uploads\\\/sites\\\/10\\\/2023\\\/09\\\/ikk_fm_2302_s7_rainer_lunk.jpg\",\"contentUrl\":\"https:\\\/\\\/magazin.ikk-suedwest.de\\\/oktober-2023\\\/wp-content\\\/uploads\\\/sites\\\/10\\\/2023\\\/09\\\/ikk_fm_2302_s7_rainer_lunk.jpg\",\"width\":1225,\"height\":818},{\"@type\":\"BreadcrumbList\",\"@id\":\"https:\\\/\\\/magazin.ikk-suedwest.de\\\/oktober-2023\\\/ich-wu%cc%88rde-mich-der-verantwortung-jederzeit-wieder-stellen\\\/#breadcrumb\",\"itemListElement\":[{\"@type\":\"ListItem\",\"position\":1,\"name\":\"Startseite\",\"item\":\"https:\\\/\\\/magazin.ikk-suedwest.de\\\/oktober-2023\\\/\"},{\"@type\":\"ListItem\",\"position\":2,\"name\":\"\u201eIch wu\u0308rde mich der Verantwortung jederzeit wieder stellen\u201c\"}]},{\"@type\":\"WebSite\",\"@id\":\"https:\\\/\\\/magazin.ikk-suedwest.de\\\/oktober-2023\\\/#website\",\"url\":\"https:\\\/\\\/magazin.ikk-suedwest.de\\\/oktober-2023\\\/\",\"name\":\"Oktober 2023\",\"description\":\"Eine weitere IKK Magazin Ausgaben Website\",\"potentialAction\":[{\"@type\":\"SearchAction\",\"target\":{\"@type\":\"EntryPoint\",\"urlTemplate\":\"https:\\\/\\\/magazin.ikk-suedwest.de\\\/oktober-2023\\\/?s={search_term_string}\"},\"query-input\":{\"@type\":\"PropertyValueSpecification\",\"valueRequired\":true,\"valueName\":\"search_term_string\"}}],\"inLanguage\":\"de\"},{\"@type\":\"Person\",\"@id\":\"https:\\\/\\\/magazin.ikk-suedwest.de\\\/oktober-2023\\\/#\\\/schema\\\/person\\\/636237f711a5aed151e44ddcc2de114a\",\"name\":\"fbo_master\",\"image\":{\"@type\":\"ImageObject\",\"inLanguage\":\"de\",\"@id\":\"https:\\\/\\\/secure.gravatar.com\\\/avatar\\\/5e042e587c1d6c68d3fadd024e871a65399da22a9ef5e23b274af331bde574af?s=96&d=mm&r=g\",\"url\":\"https:\\\/\\\/secure.gravatar.com\\\/avatar\\\/5e042e587c1d6c68d3fadd024e871a65399da22a9ef5e23b274af331bde574af?s=96&d=mm&r=g\",\"contentUrl\":\"https:\\\/\\\/secure.gravatar.com\\\/avatar\\\/5e042e587c1d6c68d3fadd024e871a65399da22a9ef5e23b274af331bde574af?s=96&d=mm&r=g\",\"caption\":\"fbo_master\"},\"sameAs\":[\"https:\\\/\\\/magazin.ikk-suedwest.de\"],\"url\":\"https:\\\/\\\/magazin.ikk-suedwest.de\\\/oktober-2023\\\/author\\\/fbo_master\\\/\"}]}<\/script>\n<!-- \/ Yoast SEO plugin. -->","yoast_head_json":{"title":"\u201eIch wu\u0308rde mich der Verantwortung jederzeit wieder stellen\u201c - Oktober 2023","robots":{"index":"noindex","follow":"follow","max-snippet":"max-snippet:-1","max-image-preview":"max-image-preview:large","max-video-preview":"max-video-preview:-1"},"og_locale":"de_DE","og_type":"article","og_title":"\u201eIch wu\u0308rde mich der Verantwortung jederzeit wieder stellen\u201c - Oktober 2023","og_description":"Nach mehr als zwei Jahrzehnten im Verwaltungsrat der IKK S\u00fcdwest schied Rainer Lunk als dessen Vorsitzender ...","og_url":"https:\/\/magazin.ikk-suedwest.de\/oktober-2023\/ich-wu\u0308rde-mich-der-verantwortung-jederzeit-wieder-stellen\/","og_site_name":"Oktober 2023","article_published_time":"2023-09-15T07:37:00+00:00","article_modified_time":"2023-10-09T13:58:35+00:00","og_image":[{"width":1225,"height":818,"url":"https:\/\/magazin.ikk-suedwest.de\/oktober-2023\/wp-content\/uploads\/sites\/10\/2023\/09\/ikk_fm_2302_s7_rainer_lunk.jpg","type":"image\/jpeg"}],"author":"fbo_master","twitter_card":"summary_large_image","twitter_misc":{"Geschrieben von":"fbo_master","Gesch\u00e4tzte Lesezeit":"6\u00a0Minuten"},"schema":{"@context":"https:\/\/schema.org","@graph":[{"@type":"Article","@id":"https:\/\/magazin.ikk-suedwest.de\/oktober-2023\/ich-wu%cc%88rde-mich-der-verantwortung-jederzeit-wieder-stellen\/#article","isPartOf":{"@id":"https:\/\/magazin.ikk-suedwest.de\/oktober-2023\/ich-wu%cc%88rde-mich-der-verantwortung-jederzeit-wieder-stellen\/"},"author":{"name":"fbo_master","@id":"https:\/\/magazin.ikk-suedwest.de\/oktober-2023\/#\/schema\/person\/636237f711a5aed151e44ddcc2de114a"},"headline":"\u201eIch wu\u0308rde mich der Verantwortung jederzeit wieder stellen\u201c","datePublished":"2023-09-15T07:37:00+00:00","dateModified":"2023-10-09T13:58:35+00:00","mainEntityOfPage":{"@id":"https:\/\/magazin.ikk-suedwest.de\/oktober-2023\/ich-wu%cc%88rde-mich-der-verantwortung-jederzeit-wieder-stellen\/"},"wordCount":1014,"image":{"@id":"https:\/\/magazin.ikk-suedwest.de\/oktober-2023\/ich-wu%cc%88rde-mich-der-verantwortung-jederzeit-wieder-stellen\/#primaryimage"},"thumbnailUrl":"https:\/\/magazin.ikk-suedwest.de\/oktober-2023\/wp-content\/uploads\/sites\/10\/2023\/09\/ikk_fm_2302_s7_rainer_lunk.jpg","articleSection":["Neues vom Verwaltungsrat"],"inLanguage":"de"},{"@type":"WebPage","@id":"https:\/\/magazin.ikk-suedwest.de\/oktober-2023\/ich-wu%cc%88rde-mich-der-verantwortung-jederzeit-wieder-stellen\/","url":"https:\/\/magazin.ikk-suedwest.de\/oktober-2023\/ich-wu%cc%88rde-mich-der-verantwortung-jederzeit-wieder-stellen\/","name":"\u201eIch wu\u0308rde mich der Verantwortung jederzeit wieder stellen\u201c - Oktober 2023","isPartOf":{"@id":"https:\/\/magazin.ikk-suedwest.de\/oktober-2023\/#website"},"primaryImageOfPage":{"@id":"https:\/\/magazin.ikk-suedwest.de\/oktober-2023\/ich-wu%cc%88rde-mich-der-verantwortung-jederzeit-wieder-stellen\/#primaryimage"},"image":{"@id":"https:\/\/magazin.ikk-suedwest.de\/oktober-2023\/ich-wu%cc%88rde-mich-der-verantwortung-jederzeit-wieder-stellen\/#primaryimage"},"thumbnailUrl":"https:\/\/magazin.ikk-suedwest.de\/oktober-2023\/wp-content\/uploads\/sites\/10\/2023\/09\/ikk_fm_2302_s7_rainer_lunk.jpg","datePublished":"2023-09-15T07:37:00+00:00","dateModified":"2023-10-09T13:58:35+00:00","author":{"@id":"https:\/\/magazin.ikk-suedwest.de\/oktober-2023\/#\/schema\/person\/636237f711a5aed151e44ddcc2de114a"},"breadcrumb":{"@id":"https:\/\/magazin.ikk-suedwest.de\/oktober-2023\/ich-wu%cc%88rde-mich-der-verantwortung-jederzeit-wieder-stellen\/#breadcrumb"},"inLanguage":"de","potentialAction":[{"@type":"ReadAction","target":["https:\/\/magazin.ikk-suedwest.de\/oktober-2023\/ich-wu%cc%88rde-mich-der-verantwortung-jederzeit-wieder-stellen\/"]}]},{"@type":"ImageObject","inLanguage":"de","@id":"https:\/\/magazin.ikk-suedwest.de\/oktober-2023\/ich-wu%cc%88rde-mich-der-verantwortung-jederzeit-wieder-stellen\/#primaryimage","url":"https:\/\/magazin.ikk-suedwest.de\/oktober-2023\/wp-content\/uploads\/sites\/10\/2023\/09\/ikk_fm_2302_s7_rainer_lunk.jpg","contentUrl":"https:\/\/magazin.ikk-suedwest.de\/oktober-2023\/wp-content\/uploads\/sites\/10\/2023\/09\/ikk_fm_2302_s7_rainer_lunk.jpg","width":1225,"height":818},{"@type":"BreadcrumbList","@id":"https:\/\/magazin.ikk-suedwest.de\/oktober-2023\/ich-wu%cc%88rde-mich-der-verantwortung-jederzeit-wieder-stellen\/#breadcrumb","itemListElement":[{"@type":"ListItem","position":1,"name":"Startseite","item":"https:\/\/magazin.ikk-suedwest.de\/oktober-2023\/"},{"@type":"ListItem","position":2,"name":"\u201eIch wu\u0308rde mich der Verantwortung jederzeit wieder stellen\u201c"}]},{"@type":"WebSite","@id":"https:\/\/magazin.ikk-suedwest.de\/oktober-2023\/#website","url":"https:\/\/magazin.ikk-suedwest.de\/oktober-2023\/","name":"Oktober 2023","description":"Eine weitere IKK Magazin Ausgaben Website","potentialAction":[{"@type":"SearchAction","target":{"@type":"EntryPoint","urlTemplate":"https:\/\/magazin.ikk-suedwest.de\/oktober-2023\/?s={search_term_string}"},"query-input":{"@type":"PropertyValueSpecification","valueRequired":true,"valueName":"search_term_string"}}],"inLanguage":"de"},{"@type":"Person","@id":"https:\/\/magazin.ikk-suedwest.de\/oktober-2023\/#\/schema\/person\/636237f711a5aed151e44ddcc2de114a","name":"fbo_master","image":{"@type":"ImageObject","inLanguage":"de","@id":"https:\/\/secure.gravatar.com\/avatar\/5e042e587c1d6c68d3fadd024e871a65399da22a9ef5e23b274af331bde574af?s=96&d=mm&r=g","url":"https:\/\/secure.gravatar.com\/avatar\/5e042e587c1d6c68d3fadd024e871a65399da22a9ef5e23b274af331bde574af?s=96&d=mm&r=g","contentUrl":"https:\/\/secure.gravatar.com\/avatar\/5e042e587c1d6c68d3fadd024e871a65399da22a9ef5e23b274af331bde574af?s=96&d=mm&r=g","caption":"fbo_master"},"sameAs":["https:\/\/magazin.ikk-suedwest.de"],"url":"https:\/\/magazin.ikk-suedwest.de\/oktober-2023\/author\/fbo_master\/"}]}},"_links":{"self":[{"href":"https:\/\/magazin.ikk-suedwest.de\/oktober-2023\/wp-json\/wp\/v2\/posts\/6943","targetHints":{"allow":["GET"]}}],"collection":[{"href":"https:\/\/magazin.ikk-suedwest.de\/oktober-2023\/wp-json\/wp\/v2\/posts"}],"about":[{"href":"https:\/\/magazin.ikk-suedwest.de\/oktober-2023\/wp-json\/wp\/v2\/types\/post"}],"author":[{"embeddable":true,"href":"https:\/\/magazin.ikk-suedwest.de\/oktober-2023\/wp-json\/wp\/v2\/users\/1"}],"replies":[{"embeddable":true,"href":"https:\/\/magazin.ikk-suedwest.de\/oktober-2023\/wp-json\/wp\/v2\/comments?post=6943"}],"version-history":[{"count":10,"href":"https:\/\/magazin.ikk-suedwest.de\/oktober-2023\/wp-json\/wp\/v2\/posts\/6943\/revisions"}],"predecessor-version":[{"id":7049,"href":"https:\/\/magazin.ikk-suedwest.de\/oktober-2023\/wp-json\/wp\/v2\/posts\/6943\/revisions\/7049"}],"wp:featuredmedia":[{"embeddable":true,"href":"https:\/\/magazin.ikk-suedwest.de\/oktober-2023\/wp-json\/wp\/v2\/media\/7037"}],"wp:attachment":[{"href":"https:\/\/magazin.ikk-suedwest.de\/oktober-2023\/wp-json\/wp\/v2\/media?parent=6943"}],"wp:term":[{"taxonomy":"category","embeddable":true,"href":"https:\/\/magazin.ikk-suedwest.de\/oktober-2023\/wp-json\/wp\/v2\/categories?post=6943"},{"taxonomy":"post_tag","embeddable":true,"href":"https:\/\/magazin.ikk-suedwest.de\/oktober-2023\/wp-json\/wp\/v2\/tags?post=6943"}],"curies":[{"name":"wp","href":"https:\/\/api.w.org\/{rel}","templated":true}]}}