{"id":7565,"date":"2024-08-28T09:38:12","date_gmt":"2024-08-28T07:38:12","guid":{"rendered":"https:\/\/magazin.ikk-suedwest.de\/september-2024\/?p=7565"},"modified":"2024-09-11T11:30:35","modified_gmt":"2024-09-11T09:30:35","slug":"frauen-brauchen-emotionale-unterstuetzung","status":"publish","type":"post","link":"https:\/\/magazin.ikk-suedwest.de\/september-2024\/frauen-brauchen-emotionale-unterstuetzung\/","title":{"rendered":"Frauen brauchen emotionale Unterstu\u0308tzung"},"content":{"rendered":"<div class=\"shariff shariff-align-left shariff-widget-align-left\"><ul class=\"shariff-buttons theme-round orientation-horizontal buttonsize-medium\"><li class=\"shariff-button facebook shariff-nocustomcolor\" style=\"background-color:#4273c8\"><a href=\"https:\/\/www.facebook.com\/sharer\/sharer.php?u=https%3A%2F%2Fmagazin.ikk-suedwest.de%2Fseptember-2024%2Ffrauen-brauchen-emotionale-unterstuetzung%2F\" title=\"Bei Facebook teilen\" aria-label=\"Bei Facebook teilen\" role=\"button\" rel=\"nofollow\" class=\"shariff-link\" style=\"; background-color:#3b5998; color:#fff\" target=\"_blank\"><span class=\"shariff-icon\" style=\"\"><svg width=\"32px\" height=\"20px\" xmlns=\"http:\/\/www.w3.org\/2000\/svg\" viewBox=\"0 0 18 32\"><path fill=\"#3b5998\" d=\"M17.1 0.2v4.7h-2.8q-1.5 0-2.1 0.6t-0.5 1.9v3.4h5.2l-0.7 5.3h-4.5v13.6h-5.5v-13.6h-4.5v-5.3h4.5v-3.9q0-3.3 1.9-5.2t5-1.8q2.6 0 4.1 0.2z\"\/><\/svg><\/span><\/a><\/li><li class=\"shariff-button whatsapp shariff-nocustomcolor\" style=\"background-color:#5cbe4a\"><a href=\"https:\/\/api.whatsapp.com\/send?text=https%3A%2F%2Fmagazin.ikk-suedwest.de%2Fseptember-2024%2Ffrauen-brauchen-emotionale-unterstuetzung%2F%20Frauen%20brauchen%20emotionale%20Unterstu%CC%88tzung\" title=\"Bei Whatsapp teilen\" aria-label=\"Bei Whatsapp teilen\" role=\"button\" rel=\"noopener nofollow\" class=\"shariff-link\" style=\"; background-color:#34af23; color:#fff\" target=\"_blank\"><span class=\"shariff-icon\" style=\"\"><svg width=\"32px\" height=\"20px\" xmlns=\"http:\/\/www.w3.org\/2000\/svg\" viewBox=\"0 0 32 32\"><path fill=\"#34af23\" d=\"M17.6 17.4q0.2 0 1.7 0.8t1.6 0.9q0 0.1 0 0.3 0 0.6-0.3 1.4-0.3 0.7-1.3 1.2t-1.8 0.5q-1 0-3.4-1.1-1.7-0.8-3-2.1t-2.6-3.3q-1.3-1.9-1.3-3.5v-0.1q0.1-1.6 1.3-2.8 0.4-0.4 0.9-0.4 0.1 0 0.3 0t0.3 0q0.3 0 0.5 0.1t0.3 0.5q0.1 0.4 0.6 1.6t0.4 1.3q0 0.4-0.6 1t-0.6 0.8q0 0.1 0.1 0.3 0.6 1.3 1.8 2.4 1 0.9 2.7 1.8 0.2 0.1 0.4 0.1 0.3 0 1-0.9t0.9-0.9zM14 26.9q2.3 0 4.3-0.9t3.6-2.4 2.4-3.6 0.9-4.3-0.9-4.3-2.4-3.6-3.6-2.4-4.3-0.9-4.3 0.9-3.6 2.4-2.4 3.6-0.9 4.3q0 3.6 2.1 6.6l-1.4 4.2 4.3-1.4q2.8 1.9 6.2 1.9zM14 2.2q2.7 0 5.2 1.1t4.3 2.9 2.9 4.3 1.1 5.2-1.1 5.2-2.9 4.3-4.3 2.9-5.2 1.1q-3.5 0-6.5-1.7l-7.4 2.4 2.4-7.2q-1.9-3.2-1.9-6.9 0-2.7 1.1-5.2t2.9-4.3 4.3-2.9 5.2-1.1z\"\/><\/svg><\/span><\/a><\/li><li class=\"shariff-button mailto shariff-nocustomcolor\" style=\"background-color:#a8a8a8\"><a href=\"mailto:?body=https%3A%2F%2Fmagazin.ikk-suedwest.de%2Fseptember-2024%2Ffrauen-brauchen-emotionale-unterstuetzung%2F&subject=Frauen%20brauchen%20emotionale%20Unterstu%CC%88tzung\" title=\"Per E-Mail versenden\" aria-label=\"Per E-Mail versenden\" role=\"button\" rel=\"noopener nofollow\" class=\"shariff-link\" style=\"; background-color:#999; color:#fff\"><span class=\"shariff-icon\" style=\"\"><svg width=\"32px\" height=\"20px\" xmlns=\"http:\/\/www.w3.org\/2000\/svg\" viewBox=\"0 0 32 32\"><path fill=\"#999\" d=\"M32 12.7v14.2q0 1.2-0.8 2t-2 0.9h-26.3q-1.2 0-2-0.9t-0.8-2v-14.2q0.8 0.9 1.8 1.6 6.5 4.4 8.9 6.1 1 0.8 1.6 1.2t1.7 0.9 2 0.4h0.1q0.9 0 2-0.4t1.7-0.9 1.6-1.2q3-2.2 8.9-6.1 1-0.7 1.8-1.6zM32 7.4q0 1.4-0.9 2.7t-2.2 2.2q-6.7 4.7-8.4 5.8-0.2 0.1-0.7 0.5t-1 0.7-0.9 0.6-1.1 0.5-0.9 0.2h-0.1q-0.4 0-0.9-0.2t-1.1-0.5-0.9-0.6-1-0.7-0.7-0.5q-1.6-1.1-4.7-3.2t-3.6-2.6q-1.1-0.7-2.1-2t-1-2.5q0-1.4 0.7-2.3t2.1-0.9h26.3q1.2 0 2 0.8t0.9 2z\"\/><\/svg><\/span><\/a><\/li><\/ul><\/div>\n\n\n\n<figure class=\"wp-block-image size-large\"><img loading=\"lazy\" decoding=\"async\" width=\"1024\" height=\"684\" src=\"https:\/\/magazin.ikk-suedwest.de\/september-2024\/wp-content\/uploads\/sites\/12\/2024\/08\/ikk_fm_2402_s06_doula_optim-1-1024x684.jpg\" alt=\"\" class=\"wp-image-7823\" srcset=\"https:\/\/magazin.ikk-suedwest.de\/september-2024\/wp-content\/uploads\/sites\/12\/2024\/08\/ikk_fm_2402_s06_doula_optim-1-1024x684.jpg 1024w, https:\/\/magazin.ikk-suedwest.de\/september-2024\/wp-content\/uploads\/sites\/12\/2024\/08\/ikk_fm_2402_s06_doula_optim-1-300x200.jpg 300w, https:\/\/magazin.ikk-suedwest.de\/september-2024\/wp-content\/uploads\/sites\/12\/2024\/08\/ikk_fm_2402_s06_doula_optim-1-768x513.jpg 768w, https:\/\/magazin.ikk-suedwest.de\/september-2024\/wp-content\/uploads\/sites\/12\/2024\/08\/ikk_fm_2402_s06_doula_optim-1-370x247.jpg 370w, https:\/\/magazin.ikk-suedwest.de\/september-2024\/wp-content\/uploads\/sites\/12\/2024\/08\/ikk_fm_2402_s06_doula_optim-1-270x180.jpg 270w, https:\/\/magazin.ikk-suedwest.de\/september-2024\/wp-content\/uploads\/sites\/12\/2024\/08\/ikk_fm_2402_s06_doula_optim-1-570x381.jpg 570w, https:\/\/magazin.ikk-suedwest.de\/september-2024\/wp-content\/uploads\/sites\/12\/2024\/08\/ikk_fm_2402_s06_doula_optim-1-749x500.jpg 749w, https:\/\/magazin.ikk-suedwest.de\/september-2024\/wp-content\/uploads\/sites\/12\/2024\/08\/ikk_fm_2402_s06_doula_optim-1-740x494.jpg 740w, https:\/\/magazin.ikk-suedwest.de\/september-2024\/wp-content\/uploads\/sites\/12\/2024\/08\/ikk_fm_2402_s06_doula_optim-1.jpg 1225w\" sizes=\"auto, (max-width: 1024px) 100vw, 1024px\" \/><\/figure>\n\n\n\n<h1 class=\"wp-block-heading\">Frauen brauchen emotionale Unterstu\u0308tzung<\/h1>\n\n\n\n<p class=\"has-gridlove-acc-color has-text-color has-link-color has-large-font-size wp-elements-77525760c7f425594d377a3ec872e994 wp-block-paragraph\">Wie niederschmetternd die Diagnose Fehlgeburt sein kann, wei\u00df Corinna Hansen-Krewer aus eigener Erfahrung. Als mehrfache Sternenmama kennt sie den Schmerz, den der Verlust des eigenen Kindes ausl\u00f6st. Und sie wei\u00df, was M\u00fcttern in dieser tragischen Situation hilft \u2013 und was genau das Gegenteil bewirkt.<\/p>\n\n\n\n<figure class=\"wp-block-image aligncenter size-full is-resized\"><img loading=\"lazy\" decoding=\"async\" width=\"300\" height=\"301\" src=\"https:\/\/magazin.ikk-suedwest.de\/september-2024\/wp-content\/uploads\/sites\/12\/2024\/08\/ikk_fm_2402_beitragsbild_s07_doula_optim.png\" alt=\"\" class=\"wp-image-7754\" style=\"width:250px\" srcset=\"https:\/\/magazin.ikk-suedwest.de\/september-2024\/wp-content\/uploads\/sites\/12\/2024\/08\/ikk_fm_2402_beitragsbild_s07_doula_optim.png 300w, https:\/\/magazin.ikk-suedwest.de\/september-2024\/wp-content\/uploads\/sites\/12\/2024\/08\/ikk_fm_2402_beitragsbild_s07_doula_optim-150x150.png 150w, https:\/\/magazin.ikk-suedwest.de\/september-2024\/wp-content\/uploads\/sites\/12\/2024\/08\/ikk_fm_2402_beitragsbild_s07_doula_optim-270x271.png 270w\" sizes=\"auto, (max-width: 300px) 100vw, 300px\" \/><\/figure>\n\n\n\n<p class=\"has-text-align-center wp-block-paragraph\"><em>Corinna Hansen-Krewer, Doula und Autorin<\/em><\/p>\n\n\n\n<p class=\"has-gridlove-acc-color has-text-color has-link-color wp-elements-0349edd338b50e6fea85048653920105 wp-block-paragraph\"><em><em>Frau Hansen-Krewer, Sie sind zertifizierte Doula (nichtmedizinische Geburtsbegleiterin) und betreuen Frauen, die ihr im Mutterleib viel zu fr\u00fch verstorbenes Kind auf nat\u00fcrlichem Weg zur Welt bringen m\u00f6chten. Wie genau sieht Ihre Unterst\u00fctzung aus?<\/em><\/em><\/p>\n\n\n\n<p class=\"wp-block-paragraph\">Nach einem kurzen Kennenlernen erkl\u00e4re ich den M\u00fcttern den m\u00f6glichen Ablauf des Wartens auf die Kleine Geburt und was f\u00fcr diese ben\u00f6tigt wird. Au\u00dferdem spreche ich mit ihnen \u00fcber ihre Gef\u00fchlslage, fange hier \u00c4ngste auf und beantworte Fragen der M\u00fctter. \u200bNeben Toilettenpapier und dicken Binden sind ein Sieb zum Auffangen des Kindes und kreislaufst\u00e4rkende Lebensmittel sinnvoll. \u200bLiegt alles bereit, atmen die meisten Frauen erst einmal auf.<\/p>\n\n\n\n<p class=\"wp-block-paragraph\">Erfahrungsgem\u00e4\u00df ist es eine emotionale St\u00fctze, zu wissen, wie lange der gesamte Geburtsvorgang dauern kann und welche Anzeichen es f\u00fcr einen Fortschritt gibt. M\u00fctter haben in dieser Zeit die M\u00f6glichkeit, das Vertrauen in ihren K\u00f6rper, die Verbindung zu ihrem Uterus und ihre Geb\u00e4rf\u00e4higkeit wiederzuentdecken, was oftmals mit der Diagnose des Schwangerschaftsverlustes in Vergessenheit geraten ist. Besondere Rituale erleichtern die Zeit des Wartens, dadurch f\u00fchlen die Frauen sich aktiv und stark in ihrer Selbstbestimmung. Trotz der oftmals tiefen Traurigkeit entwickeln M\u00fctter ungeheure Kr\u00e4fte und realisieren, wozu sie und ihr K\u00f6rper in der Lage sind. Von au\u00dfen braucht es vor allem Verst\u00e4ndnis, offene Ohren, offene Arme und die F\u00e4higkeit, die Trauer mit auszuhalten. Sind diese Umst\u00e4nde stimmig, stellt dies eine gute Grundlage f\u00fcr ein stabiles Erleben des Verlustes dar.<\/p>\n\n\n\n<p class=\"has-gridlove-acc-color has-text-color has-link-color wp-elements-ab78d2deb335cbee33f75042c3dd1e16 wp-block-paragraph\"><em><em>Was sagen Sie Sternenm\u00fcttern, die sich nach der Diagnose schuldig f\u00fchlen?<\/em><\/em><\/p>\n\n\n\n<p class=\"wp-block-paragraph\">Keine Mutter tr\u00e4gt Schuld an einem Schwangerschaftsverlust. Es gibt Dinge im Leben, die wir leider nicht beeinflussen k\u00f6nnen. Hilfreich ist das Vertrauen in das gro\u00dfe Ganze, der Glaube an einen Seelenplan, der f\u00fcr unsere und andere Seelen vorgesehen ist. Des \u00d6fteren arbeite ich mit M\u00fcttern, die ihren Frieden nach einer negativen Geburtserfahrung nicht wiederfinden konnten.Hier sind Schuld und Reue ein gro\u00dfes Thema, welches gut und liebevoll bearbeitet werden kann. Es braucht einfach eine komplett andere Denkweise, ein Mindset, mit dem die Frauen zur\u00fcck in ihre Stabilit\u00e4t und zu ihrem Seelenfrieden finden.<\/p>\n\n\n\n<figure class=\"wp-block-image size-full\"><img loading=\"lazy\" decoding=\"async\" width=\"620\" height=\"328\" src=\"https:\/\/magazin.ikk-suedwest.de\/september-2024\/wp-content\/uploads\/sites\/12\/2024\/08\/ikk_fm_2402_beitragsbild_doula_02_optim.jpg\" alt=\"\" class=\"wp-image-7815\" srcset=\"https:\/\/magazin.ikk-suedwest.de\/september-2024\/wp-content\/uploads\/sites\/12\/2024\/08\/ikk_fm_2402_beitragsbild_doula_02_optim.jpg 620w, https:\/\/magazin.ikk-suedwest.de\/september-2024\/wp-content\/uploads\/sites\/12\/2024\/08\/ikk_fm_2402_beitragsbild_doula_02_optim-300x159.jpg 300w, https:\/\/magazin.ikk-suedwest.de\/september-2024\/wp-content\/uploads\/sites\/12\/2024\/08\/ikk_fm_2402_beitragsbild_doula_02_optim-370x196.jpg 370w, https:\/\/magazin.ikk-suedwest.de\/september-2024\/wp-content\/uploads\/sites\/12\/2024\/08\/ikk_fm_2402_beitragsbild_doula_02_optim-270x143.jpg 270w, https:\/\/magazin.ikk-suedwest.de\/september-2024\/wp-content\/uploads\/sites\/12\/2024\/08\/ikk_fm_2402_beitragsbild_doula_02_optim-570x302.jpg 570w\" sizes=\"auto, (max-width: 620px) 100vw, 620px\" \/><\/figure>\n\n\n\n<p class=\"has-gridlove-acc-color has-text-color has-link-color wp-elements-dd1b792e8f6053421c9c5cf88c555af2 wp-block-paragraph\"><em><em>Sie sind selbst mehrfache Sternenmama. Welche Unterst\u00fctzung haben Sie erfahren?&nbsp;&nbsp;<\/em><\/em><\/p>\n\n\n\n<p class=\"wp-block-paragraph\">Ich selbst erhielt nach der Diagnose meiner Fehlgeburt lediglich eine \u00dcberweisung zur Ausschabung. Man riet mir, bei starker Blutung die 112 zu rufen. Eine Hebamme war bei der ersten Kleinen Geburt zwar telefonisch an meiner Seite, kannte sich aber nicht wirklich gut aus. Diese negativen Erfahrungen haben mir gezeigt, was Sternenmamas tats\u00e4chlich f\u00fcr ein selbstbestimmtes Geburtserlebnis brauchen. Und es ist mir wichtig, dieses Wissen an andere Sternenmamas und begleitendes Personal weiterzugeben.<\/p>\n\n\n\n<p class=\"has-gridlove-acc-color has-text-color has-link-color wp-elements-d702a63e2ab4f7c03e911eec3cf00c05 wp-block-paragraph\"><em>Ihre pers\u00f6nlichen Erfahrungen haben Sie in Ihrem Buch \u201eStille Geburten sind auch Geburten und Sterneneltern sind auch Eltern\u201c verarbeitet. Wie schwer war es f\u00fcr Sie, Ihre Geschichte niederzuschreiben?<\/em><\/p>\n\n\n\n<p class=\"wp-block-paragraph\">Eigentlich fiel es mir sehr leicht. Ich bin ein Mensch, der schon viel erlebt hat und somit auch viel verarbeiten musste. Was einerseits eine Belastung darstellt, war in diesem Fall ein Segen \u2013 ich hatte \u00dcbung mit dem Thema Verlust und auch im Umgang mit gro\u00dfen emotionalen H\u00fcrden. Und ich war ge\u00fcbt im Reflektieren und Aufarbeiten, daher war es f\u00fcr mich ein Geschenk, das Erlebte noch einmal bis ins Detail Revue passieren zu lassen. Dies hat dazu gef\u00fchrt, dass ich nicht nur f\u00fcr den Moment, sondern auch langfristig meinen Frieden mit dem Erlebten machen konnte.<\/p>\n\n\n\n<p class=\"wp-block-paragraph\">Anfangs hatte ich vor, ausschlie\u00dflich die Geschichte unseres Sohnes Jonathan niederzuschreiben. Durch den Austausch mit Sterneneltern und Fachpersonal stellte ich jedoch fest, wie \u00fcberfordert die Gesellschaft mit dem Thema Sternenkinder ist. Somit war schnell klar, dass viele Menschen in meinem Buch zu Wort kommen werden und ich auch viele ehrliche und emotionale Bilder zeigen werde, nichts reduziert oder gesch\u00f6nt, damit die Menschen verstehen k\u00f6nnen, was es hei\u00dft, sein Kind zu verlieren.<\/p>\n\n\n\n<figure class=\"wp-block-image size-full\"><img loading=\"lazy\" decoding=\"async\" width=\"620\" height=\"328\" src=\"https:\/\/magazin.ikk-suedwest.de\/september-2024\/wp-content\/uploads\/sites\/12\/2024\/08\/ikk_fm_2402_beitragsbild_doula_03_optim.jpg\" alt=\"\" class=\"wp-image-7813\" srcset=\"https:\/\/magazin.ikk-suedwest.de\/september-2024\/wp-content\/uploads\/sites\/12\/2024\/08\/ikk_fm_2402_beitragsbild_doula_03_optim.jpg 620w, https:\/\/magazin.ikk-suedwest.de\/september-2024\/wp-content\/uploads\/sites\/12\/2024\/08\/ikk_fm_2402_beitragsbild_doula_03_optim-300x159.jpg 300w, https:\/\/magazin.ikk-suedwest.de\/september-2024\/wp-content\/uploads\/sites\/12\/2024\/08\/ikk_fm_2402_beitragsbild_doula_03_optim-370x196.jpg 370w, https:\/\/magazin.ikk-suedwest.de\/september-2024\/wp-content\/uploads\/sites\/12\/2024\/08\/ikk_fm_2402_beitragsbild_doula_03_optim-270x143.jpg 270w, https:\/\/magazin.ikk-suedwest.de\/september-2024\/wp-content\/uploads\/sites\/12\/2024\/08\/ikk_fm_2402_beitragsbild_doula_03_optim-570x302.jpg 570w\" sizes=\"auto, (max-width: 620px) 100vw, 620px\" \/><\/figure>\n\n\n\n<p class=\"has-gridlove-acc-color has-text-color has-link-color wp-elements-96e0515d2cde1f9cd32479f0f89d66e6 wp-block-paragraph\"><em><em>In Ihrem Buch weisen Sie auf Missst\u00e4nde hin, die es in unserer Gesellschaft im Umgang mit Fehlgeburten gibt. Was m\u00fcsste sich Ihrer Ansicht nach \u00e4ndern, um die Situation von Sterneneltern zu verbessern?<\/em><\/em><\/p>\n\n\n\n<p class=\"wp-block-paragraph\">Meine Erfahrung zeigt, dass viele emotional \u00fcberfordert und auch schwer getroffen sind, wenn es um den Verlust eines Kindes geht. Beginnen w\u00fcrde ich bei der Aus- und Fortbildung des Fachpersonals, dem es oftmals an Feingef\u00fchl fehlt. S\u00e4tze wie \u201eStellen Sie sich doch jetzt nicht so an, das war doch noch nichts\u201c, \u201eMachen Sie doch einfach ein Neues\u201c oder \u201eNehmen Sie erstmal ab, dann klappt es bald schon wieder\u201c sind alles andere als hilfreich. Es mangelt oftmals an einer guten Begleitung, die Frauen werden ohne Aufkl\u00e4rung ins Krankenhaus geschickt, wo sie meist auch ohne weitere Informationen in den OP geleitet werden.<\/p>\n\n\n\n<p class=\"wp-block-paragraph\">Erst k\u00fcrzlich erlebte ich, dass eine Frauen\u00e4rztin einer Patientin versuchte einzureden, sie sei gar nicht schwanger, obwohl mehrere Tests, darunter ein Bluttest, ein eindeutiges Ergebnis zeigten. Das Schwangerschaftshormon Beta-hCG war gesunken, sodass klar war, dass die Schwangerschaft nicht halten w\u00fcrde. Und wo keine Schwangerschaft, da kein Verlust und somit auch keine Trauer, die man m\u00f6glicherweise auffangen muss.<\/p>\n\n\n\n<p class=\"wp-block-paragraph\">F\u00fcr die Gesellschaft w\u00fcnsche ich mir einen ehrlichen Umgang mit dem Thema Trauer. Es ist keiner vor einem Verlust gefeit und ein Einander-Halten w\u00e4re hilfreich. Ich w\u00fcrde mir w\u00fcnschen, dass das Thema Verlust bereits in der Schule behandelt wird, um m\u00f6glichst fr\u00fch einen guten Umgang damit zu erlernen. Es ist wichtig, zu verstehen, dass es egal ist, zu welchem Zeitpunkt jemand einen geliebten Menschen verliert. Bei einer Fehlgeburt ist es jedes Mal der Verlust einer kleinen gro\u00dfen Liebe und die darf so lange und intensiv betrauert werden, wie n\u00f6tig.<\/p>\n\n\n\n<p class=\"wp-block-paragraph\">Was Freunde und Familie angeht, so empfehle ich immer, sich als Hilfe anzubieten \u2013 sei es beim Einkauf, bei der Kinderbetreuung oder der Vorbereitung des Begr\u00e4bnisses. Denn Trauernden fehlt oftmals die Kraft, selbst um Hilfe zu bitten. Hier braucht es einfach Mut und ein offenes Herz. Kein Weglaufen, kein Ignorieren \u2013 das macht es f\u00fcr die Betroffenen nur noch schlimmer. Erfahrungsgem\u00e4\u00df sind Sterneneltern dankbar f\u00fcr jede Unterst\u00fctzung, die sie bekommen k\u00f6nnen. Auch Fragen, sofern sie mit viel Feingef\u00fchl und von Herzen kommen, sind erlaubt und verst\u00e4rken das Gef\u00fchl der Trauer nicht zwangsl\u00e4ufig. Ganz im Gegenteil: Sie verhelfen Menschen zum emotionalen Austausch und In-Kontakt-Kommen.<\/p>\n\n\n\n<p class=\"has-gridlove-acc-color has-text-color has-link-color wp-elements-015a85c13160420d2f223421e586e757 wp-block-paragraph\"><em><em>Aktuell haben Frauen bei einer Fehlgeburt keinen Anspruch auf Mutterschutz. Was halten Sie von der Initiative zur Einf\u00fchrung eines gestaffelten Mutterschutzes?<\/em><\/em><\/p>\n\n\n\n<p class=\"wp-block-paragraph\">Keine Mutter sollte nach einem Schwangerschaftsverlust um eine Krankschreibung betteln m\u00fcssen. Leider geschieht das nicht selten, weshalb ich den gestaffelten Mutterschutz bef\u00fcrworte. Es bleibt abzuwarten, welche Grenzen von der Politik gezogen werden. F\u00fcr mich als Expertin f\u00fcr fr\u00fche Verluste gibt es keine Grenze nach unten. Der Bedarf ist fr\u00fch gegeben, und auch hier w\u00fcnsche ich mir den individuellen und vor allem ganzheitlichen Blick auf die Mutter, die in ihrer Trauer und Gesundung nicht alleine gelassen werden darf.<\/p>\n\n\n\n<p class=\"has-gridlove-acc-color has-text-color has-link-color wp-elements-57af37b4ce613000cfafc946ea77bdc6 wp-block-paragraph\"><em><em>Als Doula helfen Sie nicht nur Sternenm\u00fcttern bei der Geburt und beim Abschiednehmen, sondern bieten auch Fortbildungen f\u00fcr Hebammen und Pflegekr\u00e4fte an. Welche Lerninhalte vermitteln Sie in Ihren Kursen und wie werden diese angenommen?<\/em><\/em><\/p>\n\n\n\n<p class=\"wp-block-paragraph\">Meine Fortbildung \u201eEmotionale Begleitung Kleiner Geburten\u201c ist seit mehr als zwei Jahren regelm\u00e4\u00dfig gut besucht. Es war mir wichtig, mein erarbeitetes Wissen, eigene Erfahrungen und Skills in besonderer Form zu vermitteln. Wer an dieser Fortbildung teilnimmt, lernt unter anderem, welchen Einfluss die psychische Stabilit\u00e4t auf die Verabschiedung des Kindes und die Geburt hat. Ebenso wird vermittelt, was es braucht, um selbstsicher und stabil begleiten zu k\u00f6nnen und um die eigene Kraft nicht zu verlieren.<\/p>\n\n\n\n<p class=\"wp-block-paragraph\">Neben Informationen zu m\u00f6glichen Abschiedsritualen, zum professionellen Umgang mit Emotionen wie Trauer und Angst werden auch ganz praktische Themen behandelt, wie die Vorbereitung des Badezimmers, sodass die Kinder aufgefangen werden k\u00f6nnen. Wie best\u00e4rke ich die Frau, in Kontakt mit ihrem Uterus und dem Baby diesen besonderen Weg zu beschreiten? Wie hilft Energiearbeit dabei? Und wie wirkt sie sich auf den K\u00f6rper aus? Das ist nur eine kleine Auswahl an Fragen, denen ich in meiner Fortbildung nachgehe. Um verstehen zu k\u00f6nnen, was eine Kleine Geburt bedeutet, zeige ich zudem ehrliche Fotos von Babys, Koagel, Gewebe und Fruchth\u00f6hlen.<\/p>\n\n\n\n<figure class=\"wp-block-image size-full\"><img loading=\"lazy\" decoding=\"async\" width=\"620\" height=\"328\" src=\"https:\/\/magazin.ikk-suedwest.de\/september-2024\/wp-content\/uploads\/sites\/12\/2024\/08\/ikk_fm_2402_beitragsbild_doula_01_optim.jpg\" alt=\"\" class=\"wp-image-7816\" srcset=\"https:\/\/magazin.ikk-suedwest.de\/september-2024\/wp-content\/uploads\/sites\/12\/2024\/08\/ikk_fm_2402_beitragsbild_doula_01_optim.jpg 620w, https:\/\/magazin.ikk-suedwest.de\/september-2024\/wp-content\/uploads\/sites\/12\/2024\/08\/ikk_fm_2402_beitragsbild_doula_01_optim-300x159.jpg 300w, https:\/\/magazin.ikk-suedwest.de\/september-2024\/wp-content\/uploads\/sites\/12\/2024\/08\/ikk_fm_2402_beitragsbild_doula_01_optim-370x196.jpg 370w, https:\/\/magazin.ikk-suedwest.de\/september-2024\/wp-content\/uploads\/sites\/12\/2024\/08\/ikk_fm_2402_beitragsbild_doula_01_optim-270x143.jpg 270w, https:\/\/magazin.ikk-suedwest.de\/september-2024\/wp-content\/uploads\/sites\/12\/2024\/08\/ikk_fm_2402_beitragsbild_doula_01_optim-570x302.jpg 570w\" sizes=\"auto, (max-width: 620px) 100vw, 620px\" \/><\/figure>\n\n\n\n<p class=\"has-gridlove-acc-color has-text-color has-link-color wp-elements-2390b68b5ef22ce3021bffd18fa809c6 wp-block-paragraph\"><em><em>Derzeit schreiben Sie an Ihrem zweiten Buch \u00fcber fr\u00fchen Schwangerschaftsverlust. K\u00f6nnen Sie uns schon etwas dar\u00fcber verraten?<\/em><\/em><\/p>\n\n\n\n<p class=\"wp-block-paragraph\">In meinem neuen Buch beleuchte ich, ausgehend von meinen eigenen Erfahrungen \u2013 und denen aus vielen Begleitungen \u2013, wie leicht eine Kleine Geburt erlebt werden kann. Zudem zeige ich Missst\u00e4nde auf, die leider gravierende Auswirkungen auf die M\u00fctter haben. Sternenmamas, \u00c4rzte und Hebammen werden zu Wort kommen und es wird Verbesserungsvorschl\u00e4ge und Tipps geben \u2013 f\u00fcr Sternenmamas selbst, f\u00fcr begleitendes Personal und die Gesellschaft als solche. Es geht mir bei diesem Buch vor allem darum, selbstbestimmten Kleinen Geburten zu mehr Wertigkeit und Akzeptanz zu verhelfen und die Angst davor zu nehmen. Denn was wir oft vergessen: Eine Kleine Geburt ist ein v\u00f6llig normaler und nat\u00fcrlicher Vorgang, zu dem unsere weiblichen K\u00f6rper in der Lage sind. Jedes Sternenkind ist besonders und verdient einen besonderen Abschied. Dazu geh\u00f6rt auch das intensive Gef\u00fchl der Trauer, das wir zulassen m\u00fcssen. Geht es doch bei einer Fehlgeburt um nichts weniger als den Verlust einer kleinen gro\u00dfen Liebe.<\/p>\n\n\n\n<p class=\"has-gridlove-acc-color has-text-color has-link-color wp-elements-e665012653a8ad28be18c397e2059024 wp-block-paragraph\"><em>In Ihrem neuen Buch wird es auch um das Thema Ausschabung gehen, eine medizinische Methode, der Sie eher kritisch gegen\u00fcberstehen. Worin genau besteht Ihre Kritik?<\/em><\/p>\n\n\n\n<p class=\"wp-block-paragraph\">Erfahrungsgem\u00e4\u00df erleiden die M\u00fctter mit der Diagnose einen Schock. Leider wird darauf selten R\u00fccksicht genommen; im Schockzustand erfolgt oft die OP, das Kind wird entfernt. Bei der OP kann es jedoch nicht nur zu Verletzungen der Geb\u00e4rmutter kommen, auch Keime k\u00f6nnen eingebracht werden. Und: Vernarbungen in der Geb\u00e4rmutter k\u00f6nnen in Folgeschwangerschaften Probleme bereiten und zu Komplikationen f\u00fchren.<\/p>\n\n\n\n<p class=\"wp-block-paragraph\">Problematisch ist auch, dass es keine psychologische Betreuung direkt nach dem Eingriff gibt. Schlimmstenfalls liegen die M\u00fctter mit anderen Schwangeren auf einem Zimmer und sind auf sich allein gestellt. Aufgrund der Hormone f\u00fchlen sich die Frauen erst einmal weiterhin schwanger, sie befinden sich im Wochenbett, \u00fcber das keiner spricht. Ganzheitlich betrachtet, bedeutet das: Der K\u00f6rper ist schon weiter, Seele und Herz der Mutter kommen jedoch nicht nach.<\/p>\n\n\n\n<p class=\"wp-block-paragraph\">M\u00fctter hingegen, die sich direkt nach der Diagnose f\u00fcr den abwartenden Weg entscheiden, werden h\u00e4ufig mit S\u00e4tzen wie \u201eSie werden Ihre Geb\u00e4rmutter verlieren, verbluten oder bekommen eine Sepsis\u201c unter Druck gesetzt. Ich habe schon erlebt, dass Frauen aus Arztpraxen und Krankenh\u00e4usern geworfen wurden, weil sie sich nicht ausschaben lassen wollten \u2013 so etwas darf einfach nicht sein.<\/p>\n\n\n\n<p class=\"has-gridlove-acc-color has-text-color has-link-color wp-elements-5b43eb851c78da19ce886087d3763d68 wp-block-paragraph\"><em>Gibt es dennoch F\u00e4lle, in denen von einer Kleinen Geburt abzuraten ist?<\/em><\/p>\n\n\n\n<p class=\"wp-block-paragraph\">Es ist wichtig, eine Frau ganzheitlich zu betrachten und auch ihre Erfahrungen mit einflie\u00dfen zu lassen. Es gibt M\u00fctter, die sich aufgrund schlechter Geburtserfahrungen oder anderer psychischer Belastungen keine Kleine Geburt vorstellen k\u00f6nnen und zutrauen. Es gibt aber auch Diagnosen wie eine Gerinnungsst\u00f6rung, bei denen ich eine Kleine Geburt im station\u00e4ren Setting passender f\u00e4nde. Grunds\u00e4tzlich sollte jede Mama selbst entscheiden, und das geht eben nur mit vollumf\u00e4nglichem Wissen durch gute Aufkl\u00e4rung.<\/p>\n\n\n\n<p class=\"has-gridlove-acc-color has-text-color has-link-color wp-elements-f95fa0c2f0d54ba110d56afff7256df0 wp-block-paragraph\">Welchen Rat m\u00f6chten Sie M\u00fcttern geben, die die Diagnose des fr\u00fchen Schwangerschaftsverlustes erhalten?<\/p>\n\n\n\n<p class=\"wp-block-paragraph\">Mein Rat, unabh\u00e4ngig davon, wie die pers\u00f6nliche Entscheidung bez\u00fcglich des Vorgehens ausf\u00e4llt: Nehmen Sie sich Zeit, um Ihr Kind emotional und energetisch zu verabschieden. Erfahrungsgem\u00e4\u00df gehen Frauen viel stabiler aus einem Verlust, wenn sie ihn aktiv gelebt und erlebt haben, wenn sie sich mit ihren Gef\u00fchlen auseinandergesetzt haben und beispielsweise den Abschied mithilfe von Ritualen zelebriert haben. Oftmals erf\u00fcllt es M\u00fctter, wenn sie diese Erfahrung wirklich mit ihrem K\u00f6rper durchleben k\u00f6nnen, um zu verstehen, was da tats\u00e4chlich geschieht. Eine gute Kleine-Geburten-Erfahrung wirkt sich positiv auf die Psyche der Mutter aus \u2013 eine schlechte jedoch ebenfalls. Das kann man umgehen.<\/p>\n\n\n\n<p class=\"wp-block-paragraph\">M\u00fctter wissen h\u00e4ufig nicht, dass sie Anspruch auf die Begleitung einer Hebamme haben und dass ihnen allumfassendes Wissen \u00fcber alle m\u00f6glichen Wege zusteht. Denn erst dadurch ist es den Frauen m\u00f6glich, alle Entscheidungen selbstbestimmt und ohne Einfluss von au\u00dfen zu treffen, um diesen besonderen Weg gemeinsam mit ihrem Kind in Liebe gehen zu k\u00f6nnen. Ich w\u00fcnsche mir f\u00fcr alle M\u00fctter Verst\u00e4ndnis, Unterst\u00fctzung und Zeit ohne Druck und Stress, um das Wertvollste in Frieden gehen zu lassen: Ihr eigenes Kind, welches einen ganz besonderen Platz in unserer Gesellschaft verdient hat. F\u00fcr immer.<\/p>\n\n\n\n<p class=\"wp-block-paragraph\"><a href=\"https:\/\/soul-feelings.de\" target=\"_blank\" rel=\"noreferrer noopener\"><strong>Mehr Infos zu<\/strong><em><strong> <\/strong>Corinna Hansen-Krewer<\/em><\/a><\/p>\n\n\n\n<p class=\"wp-block-paragraph\"><\/p>\n\n\n\n<p class=\"has-text-color wp-block-paragraph\" style=\"color:#009fe3\"><\/p>\n\n\n<div class=\"shariff shariff-align-left shariff-widget-align-left\"><ul class=\"shariff-buttons theme-round orientation-horizontal buttonsize-medium\"><li class=\"shariff-button facebook shariff-nocustomcolor\" style=\"background-color:#4273c8\"><a href=\"https:\/\/www.facebook.com\/sharer\/sharer.php?u=https%3A%2F%2Fmagazin.ikk-suedwest.de%2Fseptember-2024%2Ffrauen-brauchen-emotionale-unterstuetzung%2F\" title=\"Bei Facebook teilen\" aria-label=\"Bei Facebook teilen\" role=\"button\" rel=\"nofollow\" class=\"shariff-link\" style=\"; background-color:#3b5998; color:#fff\" target=\"_blank\"><span class=\"shariff-icon\" style=\"\"><svg width=\"32px\" height=\"20px\" xmlns=\"http:\/\/www.w3.org\/2000\/svg\" viewBox=\"0 0 18 32\"><path fill=\"#3b5998\" d=\"M17.1 0.2v4.7h-2.8q-1.5 0-2.1 0.6t-0.5 1.9v3.4h5.2l-0.7 5.3h-4.5v13.6h-5.5v-13.6h-4.5v-5.3h4.5v-3.9q0-3.3 1.9-5.2t5-1.8q2.6 0 4.1 0.2z\"\/><\/svg><\/span><\/a><\/li><li class=\"shariff-button whatsapp shariff-nocustomcolor\" style=\"background-color:#5cbe4a\"><a href=\"https:\/\/api.whatsapp.com\/send?text=https%3A%2F%2Fmagazin.ikk-suedwest.de%2Fseptember-2024%2Ffrauen-brauchen-emotionale-unterstuetzung%2F%20Frauen%20brauchen%20emotionale%20Unterstu%CC%88tzung\" title=\"Bei Whatsapp teilen\" aria-label=\"Bei Whatsapp teilen\" role=\"button\" rel=\"noopener nofollow\" class=\"shariff-link\" style=\"; background-color:#34af23; color:#fff\" target=\"_blank\"><span class=\"shariff-icon\" style=\"\"><svg width=\"32px\" height=\"20px\" xmlns=\"http:\/\/www.w3.org\/2000\/svg\" viewBox=\"0 0 32 32\"><path fill=\"#34af23\" d=\"M17.6 17.4q0.2 0 1.7 0.8t1.6 0.9q0 0.1 0 0.3 0 0.6-0.3 1.4-0.3 0.7-1.3 1.2t-1.8 0.5q-1 0-3.4-1.1-1.7-0.8-3-2.1t-2.6-3.3q-1.3-1.9-1.3-3.5v-0.1q0.1-1.6 1.3-2.8 0.4-0.4 0.9-0.4 0.1 0 0.3 0t0.3 0q0.3 0 0.5 0.1t0.3 0.5q0.1 0.4 0.6 1.6t0.4 1.3q0 0.4-0.6 1t-0.6 0.8q0 0.1 0.1 0.3 0.6 1.3 1.8 2.4 1 0.9 2.7 1.8 0.2 0.1 0.4 0.1 0.3 0 1-0.9t0.9-0.9zM14 26.9q2.3 0 4.3-0.9t3.6-2.4 2.4-3.6 0.9-4.3-0.9-4.3-2.4-3.6-3.6-2.4-4.3-0.9-4.3 0.9-3.6 2.4-2.4 3.6-0.9 4.3q0 3.6 2.1 6.6l-1.4 4.2 4.3-1.4q2.8 1.9 6.2 1.9zM14 2.2q2.7 0 5.2 1.1t4.3 2.9 2.9 4.3 1.1 5.2-1.1 5.2-2.9 4.3-4.3 2.9-5.2 1.1q-3.5 0-6.5-1.7l-7.4 2.4 2.4-7.2q-1.9-3.2-1.9-6.9 0-2.7 1.1-5.2t2.9-4.3 4.3-2.9 5.2-1.1z\"\/><\/svg><\/span><\/a><\/li><li class=\"shariff-button mailto shariff-nocustomcolor\" style=\"background-color:#a8a8a8\"><a href=\"mailto:?body=https%3A%2F%2Fmagazin.ikk-suedwest.de%2Fseptember-2024%2Ffrauen-brauchen-emotionale-unterstuetzung%2F&subject=Frauen%20brauchen%20emotionale%20Unterstu%CC%88tzung\" title=\"Per E-Mail versenden\" aria-label=\"Per E-Mail versenden\" role=\"button\" rel=\"noopener nofollow\" class=\"shariff-link\" style=\"; background-color:#999; color:#fff\"><span class=\"shariff-icon\" style=\"\"><svg width=\"32px\" height=\"20px\" xmlns=\"http:\/\/www.w3.org\/2000\/svg\" viewBox=\"0 0 32 32\"><path fill=\"#999\" d=\"M32 12.7v14.2q0 1.2-0.8 2t-2 0.9h-26.3q-1.2 0-2-0.9t-0.8-2v-14.2q0.8 0.9 1.8 1.6 6.5 4.4 8.9 6.1 1 0.8 1.6 1.2t1.7 0.9 2 0.4h0.1q0.9 0 2-0.4t1.7-0.9 1.6-1.2q3-2.2 8.9-6.1 1-0.7 1.8-1.6zM32 7.4q0 1.4-0.9 2.7t-2.2 2.2q-6.7 4.7-8.4 5.8-0.2 0.1-0.7 0.5t-1 0.7-0.9 0.6-1.1 0.5-0.9 0.2h-0.1q-0.4 0-0.9-0.2t-1.1-0.5-0.9-0.6-1-0.7-0.7-0.5q-1.6-1.1-4.7-3.2t-3.6-2.6q-1.1-0.7-2.1-2t-1-2.5q0-1.4 0.7-2.3t2.1-0.9h26.3q1.2 0 2 0.8t0.9 2z\"\/><\/svg><\/span><\/a><\/li><\/ul><\/div>\n\n\n\n<p class=\"wp-block-paragraph\"><\/p>\n\n\n\n<div class=\"wp-block-buttons is-horizontal is-content-justification-left is-layout-flex wp-container-core-buttons-is-layout-39697d9b wp-block-buttons-is-layout-flex\">\n<div class=\"wp-block-button\"><a class=\"wp-block-button__link has-background wp-element-button\" href=\"javascript:history.back()\" style=\"background-color:#009de9\">Zur\u00fcck<\/a><\/div>\n<\/div>\n","protected":false},"excerpt":{"rendered":"<p>Wie niederschmetternd die Diagnose Fehlgeburt sein kann, wei\u00df Corinna Hansen-Krewer &#8230;<\/p>\n","protected":false},"author":1,"featured_media":7823,"comment_status":"closed","ping_status":"open","sticky":false,"template":"","format":"standard","meta":{"_acf_changed":false,"_crdt_document":"","favoriteCount":12,"footnotes":""},"categories":[54],"tags":[],"class_list":["post-7565","post","type-post","status-publish","format-standard","has-post-thumbnail","hentry","category-service"],"acf":[],"yoast_head":"<!-- This site is optimized with the Yoast SEO plugin v27.4 - https:\/\/yoast.com\/product\/yoast-seo-wordpress\/ -->\n<title>Frauen brauchen emotionale Unterstu\u0308tzung - September 2024<\/title>\n<meta name=\"robots\" content=\"noindex, follow, max-snippet:-1, max-image-preview:large, max-video-preview:-1\" \/>\n<meta property=\"og:locale\" content=\"de_DE\" \/>\n<meta property=\"og:type\" content=\"article\" \/>\n<meta property=\"og:title\" content=\"Frauen brauchen emotionale Unterstu\u0308tzung - September 2024\" \/>\n<meta property=\"og:description\" content=\"Wie niederschmetternd die Diagnose Fehlgeburt sein kann, wei\u00df Corinna Hansen-Krewer ...\" \/>\n<meta property=\"og:url\" content=\"https:\/\/magazin.ikk-suedwest.de\/september-2024\/frauen-brauchen-emotionale-unterstuetzung\/\" \/>\n<meta property=\"og:site_name\" content=\"September 2024\" \/>\n<meta property=\"article:published_time\" content=\"2024-08-28T07:38:12+00:00\" \/>\n<meta property=\"article:modified_time\" content=\"2024-09-11T09:30:35+00:00\" \/>\n<meta property=\"og:image\" content=\"https:\/\/magazin.ikk-suedwest.de\/september-2024\/wp-content\/uploads\/sites\/12\/2024\/08\/ikk_fm_2402_s06_doula_optim-1.jpg\" \/>\n\t<meta property=\"og:image:width\" content=\"1225\" \/>\n\t<meta property=\"og:image:height\" content=\"818\" \/>\n\t<meta property=\"og:image:type\" content=\"image\/jpeg\" \/>\n<meta name=\"author\" content=\"fbo_master\" \/>\n<meta name=\"twitter:card\" content=\"summary_large_image\" \/>\n<meta name=\"twitter:label1\" content=\"Geschrieben von\" \/>\n\t<meta name=\"twitter:data1\" content=\"fbo_master\" \/>\n\t<meta name=\"twitter:label2\" content=\"Gesch\u00e4tzte Lesezeit\" \/>\n\t<meta name=\"twitter:data2\" content=\"13\u00a0Minuten\" \/>\n<script type=\"application\/ld+json\" class=\"yoast-schema-graph\">{\"@context\":\"https:\\\/\\\/schema.org\",\"@graph\":[{\"@type\":\"Article\",\"@id\":\"https:\\\/\\\/magazin.ikk-suedwest.de\\\/september-2024\\\/frauen-brauchen-emotionale-unterstuetzung\\\/#article\",\"isPartOf\":{\"@id\":\"https:\\\/\\\/magazin.ikk-suedwest.de\\\/september-2024\\\/frauen-brauchen-emotionale-unterstuetzung\\\/\"},\"author\":{\"name\":\"fbo_master\",\"@id\":\"https:\\\/\\\/magazin.ikk-suedwest.de\\\/september-2024\\\/#\\\/schema\\\/person\\\/636237f711a5aed151e44ddcc2de114a\"},\"headline\":\"Frauen brauchen emotionale Unterstu\u0308tzung\",\"datePublished\":\"2024-08-28T07:38:12+00:00\",\"dateModified\":\"2024-09-11T09:30:35+00:00\",\"mainEntityOfPage\":{\"@id\":\"https:\\\/\\\/magazin.ikk-suedwest.de\\\/september-2024\\\/frauen-brauchen-emotionale-unterstuetzung\\\/\"},\"wordCount\":2179,\"image\":{\"@id\":\"https:\\\/\\\/magazin.ikk-suedwest.de\\\/september-2024\\\/frauen-brauchen-emotionale-unterstuetzung\\\/#primaryimage\"},\"thumbnailUrl\":\"https:\\\/\\\/magazin.ikk-suedwest.de\\\/september-2024\\\/wp-content\\\/uploads\\\/sites\\\/12\\\/2024\\\/08\\\/ikk_fm_2402_s06_doula_optim-1.jpg\",\"articleSection\":[\"Service\"],\"inLanguage\":\"de\"},{\"@type\":\"WebPage\",\"@id\":\"https:\\\/\\\/magazin.ikk-suedwest.de\\\/september-2024\\\/frauen-brauchen-emotionale-unterstuetzung\\\/\",\"url\":\"https:\\\/\\\/magazin.ikk-suedwest.de\\\/september-2024\\\/frauen-brauchen-emotionale-unterstuetzung\\\/\",\"name\":\"Frauen brauchen emotionale Unterstu\u0308tzung - September 2024\",\"isPartOf\":{\"@id\":\"https:\\\/\\\/magazin.ikk-suedwest.de\\\/september-2024\\\/#website\"},\"primaryImageOfPage\":{\"@id\":\"https:\\\/\\\/magazin.ikk-suedwest.de\\\/september-2024\\\/frauen-brauchen-emotionale-unterstuetzung\\\/#primaryimage\"},\"image\":{\"@id\":\"https:\\\/\\\/magazin.ikk-suedwest.de\\\/september-2024\\\/frauen-brauchen-emotionale-unterstuetzung\\\/#primaryimage\"},\"thumbnailUrl\":\"https:\\\/\\\/magazin.ikk-suedwest.de\\\/september-2024\\\/wp-content\\\/uploads\\\/sites\\\/12\\\/2024\\\/08\\\/ikk_fm_2402_s06_doula_optim-1.jpg\",\"datePublished\":\"2024-08-28T07:38:12+00:00\",\"dateModified\":\"2024-09-11T09:30:35+00:00\",\"author\":{\"@id\":\"https:\\\/\\\/magazin.ikk-suedwest.de\\\/september-2024\\\/#\\\/schema\\\/person\\\/636237f711a5aed151e44ddcc2de114a\"},\"breadcrumb\":{\"@id\":\"https:\\\/\\\/magazin.ikk-suedwest.de\\\/september-2024\\\/frauen-brauchen-emotionale-unterstuetzung\\\/#breadcrumb\"},\"inLanguage\":\"de\",\"potentialAction\":[{\"@type\":\"ReadAction\",\"target\":[\"https:\\\/\\\/magazin.ikk-suedwest.de\\\/september-2024\\\/frauen-brauchen-emotionale-unterstuetzung\\\/\"]}]},{\"@type\":\"ImageObject\",\"inLanguage\":\"de\",\"@id\":\"https:\\\/\\\/magazin.ikk-suedwest.de\\\/september-2024\\\/frauen-brauchen-emotionale-unterstuetzung\\\/#primaryimage\",\"url\":\"https:\\\/\\\/magazin.ikk-suedwest.de\\\/september-2024\\\/wp-content\\\/uploads\\\/sites\\\/12\\\/2024\\\/08\\\/ikk_fm_2402_s06_doula_optim-1.jpg\",\"contentUrl\":\"https:\\\/\\\/magazin.ikk-suedwest.de\\\/september-2024\\\/wp-content\\\/uploads\\\/sites\\\/12\\\/2024\\\/08\\\/ikk_fm_2402_s06_doula_optim-1.jpg\",\"width\":1225,\"height\":818},{\"@type\":\"BreadcrumbList\",\"@id\":\"https:\\\/\\\/magazin.ikk-suedwest.de\\\/september-2024\\\/frauen-brauchen-emotionale-unterstuetzung\\\/#breadcrumb\",\"itemListElement\":[{\"@type\":\"ListItem\",\"position\":1,\"name\":\"Startseite\",\"item\":\"https:\\\/\\\/magazin.ikk-suedwest.de\\\/september-2024\\\/\"},{\"@type\":\"ListItem\",\"position\":2,\"name\":\"Frauen brauchen emotionale Unterstu\u0308tzung\"}]},{\"@type\":\"WebSite\",\"@id\":\"https:\\\/\\\/magazin.ikk-suedwest.de\\\/september-2024\\\/#website\",\"url\":\"https:\\\/\\\/magazin.ikk-suedwest.de\\\/september-2024\\\/\",\"name\":\"September 2024\",\"description\":\"Eine weitere IKK Magazin Ausgaben Website\",\"potentialAction\":[{\"@type\":\"SearchAction\",\"target\":{\"@type\":\"EntryPoint\",\"urlTemplate\":\"https:\\\/\\\/magazin.ikk-suedwest.de\\\/september-2024\\\/?s={search_term_string}\"},\"query-input\":{\"@type\":\"PropertyValueSpecification\",\"valueRequired\":true,\"valueName\":\"search_term_string\"}}],\"inLanguage\":\"de\"},{\"@type\":\"Person\",\"@id\":\"https:\\\/\\\/magazin.ikk-suedwest.de\\\/september-2024\\\/#\\\/schema\\\/person\\\/636237f711a5aed151e44ddcc2de114a\",\"name\":\"fbo_master\",\"image\":{\"@type\":\"ImageObject\",\"inLanguage\":\"de\",\"@id\":\"https:\\\/\\\/secure.gravatar.com\\\/avatar\\\/5e042e587c1d6c68d3fadd024e871a65399da22a9ef5e23b274af331bde574af?s=96&d=mm&r=g\",\"url\":\"https:\\\/\\\/secure.gravatar.com\\\/avatar\\\/5e042e587c1d6c68d3fadd024e871a65399da22a9ef5e23b274af331bde574af?s=96&d=mm&r=g\",\"contentUrl\":\"https:\\\/\\\/secure.gravatar.com\\\/avatar\\\/5e042e587c1d6c68d3fadd024e871a65399da22a9ef5e23b274af331bde574af?s=96&d=mm&r=g\",\"caption\":\"fbo_master\"},\"sameAs\":[\"https:\\\/\\\/magazin.ikk-suedwest.de\"],\"url\":\"https:\\\/\\\/magazin.ikk-suedwest.de\\\/september-2024\\\/author\\\/fbo_master\\\/\"}]}<\/script>\n<!-- \/ Yoast SEO plugin. -->","yoast_head_json":{"title":"Frauen brauchen emotionale Unterstu\u0308tzung - September 2024","robots":{"index":"noindex","follow":"follow","max-snippet":"max-snippet:-1","max-image-preview":"max-image-preview:large","max-video-preview":"max-video-preview:-1"},"og_locale":"de_DE","og_type":"article","og_title":"Frauen brauchen emotionale Unterstu\u0308tzung - September 2024","og_description":"Wie niederschmetternd die Diagnose Fehlgeburt sein kann, wei\u00df Corinna Hansen-Krewer ...","og_url":"https:\/\/magazin.ikk-suedwest.de\/september-2024\/frauen-brauchen-emotionale-unterstuetzung\/","og_site_name":"September 2024","article_published_time":"2024-08-28T07:38:12+00:00","article_modified_time":"2024-09-11T09:30:35+00:00","og_image":[{"width":1225,"height":818,"url":"https:\/\/magazin.ikk-suedwest.de\/september-2024\/wp-content\/uploads\/sites\/12\/2024\/08\/ikk_fm_2402_s06_doula_optim-1.jpg","type":"image\/jpeg"}],"author":"fbo_master","twitter_card":"summary_large_image","twitter_misc":{"Geschrieben von":"fbo_master","Gesch\u00e4tzte Lesezeit":"13\u00a0Minuten"},"schema":{"@context":"https:\/\/schema.org","@graph":[{"@type":"Article","@id":"https:\/\/magazin.ikk-suedwest.de\/september-2024\/frauen-brauchen-emotionale-unterstuetzung\/#article","isPartOf":{"@id":"https:\/\/magazin.ikk-suedwest.de\/september-2024\/frauen-brauchen-emotionale-unterstuetzung\/"},"author":{"name":"fbo_master","@id":"https:\/\/magazin.ikk-suedwest.de\/september-2024\/#\/schema\/person\/636237f711a5aed151e44ddcc2de114a"},"headline":"Frauen brauchen emotionale Unterstu\u0308tzung","datePublished":"2024-08-28T07:38:12+00:00","dateModified":"2024-09-11T09:30:35+00:00","mainEntityOfPage":{"@id":"https:\/\/magazin.ikk-suedwest.de\/september-2024\/frauen-brauchen-emotionale-unterstuetzung\/"},"wordCount":2179,"image":{"@id":"https:\/\/magazin.ikk-suedwest.de\/september-2024\/frauen-brauchen-emotionale-unterstuetzung\/#primaryimage"},"thumbnailUrl":"https:\/\/magazin.ikk-suedwest.de\/september-2024\/wp-content\/uploads\/sites\/12\/2024\/08\/ikk_fm_2402_s06_doula_optim-1.jpg","articleSection":["Service"],"inLanguage":"de"},{"@type":"WebPage","@id":"https:\/\/magazin.ikk-suedwest.de\/september-2024\/frauen-brauchen-emotionale-unterstuetzung\/","url":"https:\/\/magazin.ikk-suedwest.de\/september-2024\/frauen-brauchen-emotionale-unterstuetzung\/","name":"Frauen brauchen emotionale Unterstu\u0308tzung - September 2024","isPartOf":{"@id":"https:\/\/magazin.ikk-suedwest.de\/september-2024\/#website"},"primaryImageOfPage":{"@id":"https:\/\/magazin.ikk-suedwest.de\/september-2024\/frauen-brauchen-emotionale-unterstuetzung\/#primaryimage"},"image":{"@id":"https:\/\/magazin.ikk-suedwest.de\/september-2024\/frauen-brauchen-emotionale-unterstuetzung\/#primaryimage"},"thumbnailUrl":"https:\/\/magazin.ikk-suedwest.de\/september-2024\/wp-content\/uploads\/sites\/12\/2024\/08\/ikk_fm_2402_s06_doula_optim-1.jpg","datePublished":"2024-08-28T07:38:12+00:00","dateModified":"2024-09-11T09:30:35+00:00","author":{"@id":"https:\/\/magazin.ikk-suedwest.de\/september-2024\/#\/schema\/person\/636237f711a5aed151e44ddcc2de114a"},"breadcrumb":{"@id":"https:\/\/magazin.ikk-suedwest.de\/september-2024\/frauen-brauchen-emotionale-unterstuetzung\/#breadcrumb"},"inLanguage":"de","potentialAction":[{"@type":"ReadAction","target":["https:\/\/magazin.ikk-suedwest.de\/september-2024\/frauen-brauchen-emotionale-unterstuetzung\/"]}]},{"@type":"ImageObject","inLanguage":"de","@id":"https:\/\/magazin.ikk-suedwest.de\/september-2024\/frauen-brauchen-emotionale-unterstuetzung\/#primaryimage","url":"https:\/\/magazin.ikk-suedwest.de\/september-2024\/wp-content\/uploads\/sites\/12\/2024\/08\/ikk_fm_2402_s06_doula_optim-1.jpg","contentUrl":"https:\/\/magazin.ikk-suedwest.de\/september-2024\/wp-content\/uploads\/sites\/12\/2024\/08\/ikk_fm_2402_s06_doula_optim-1.jpg","width":1225,"height":818},{"@type":"BreadcrumbList","@id":"https:\/\/magazin.ikk-suedwest.de\/september-2024\/frauen-brauchen-emotionale-unterstuetzung\/#breadcrumb","itemListElement":[{"@type":"ListItem","position":1,"name":"Startseite","item":"https:\/\/magazin.ikk-suedwest.de\/september-2024\/"},{"@type":"ListItem","position":2,"name":"Frauen brauchen emotionale Unterstu\u0308tzung"}]},{"@type":"WebSite","@id":"https:\/\/magazin.ikk-suedwest.de\/september-2024\/#website","url":"https:\/\/magazin.ikk-suedwest.de\/september-2024\/","name":"September 2024","description":"Eine weitere IKK Magazin Ausgaben Website","potentialAction":[{"@type":"SearchAction","target":{"@type":"EntryPoint","urlTemplate":"https:\/\/magazin.ikk-suedwest.de\/september-2024\/?s={search_term_string}"},"query-input":{"@type":"PropertyValueSpecification","valueRequired":true,"valueName":"search_term_string"}}],"inLanguage":"de"},{"@type":"Person","@id":"https:\/\/magazin.ikk-suedwest.de\/september-2024\/#\/schema\/person\/636237f711a5aed151e44ddcc2de114a","name":"fbo_master","image":{"@type":"ImageObject","inLanguage":"de","@id":"https:\/\/secure.gravatar.com\/avatar\/5e042e587c1d6c68d3fadd024e871a65399da22a9ef5e23b274af331bde574af?s=96&d=mm&r=g","url":"https:\/\/secure.gravatar.com\/avatar\/5e042e587c1d6c68d3fadd024e871a65399da22a9ef5e23b274af331bde574af?s=96&d=mm&r=g","contentUrl":"https:\/\/secure.gravatar.com\/avatar\/5e042e587c1d6c68d3fadd024e871a65399da22a9ef5e23b274af331bde574af?s=96&d=mm&r=g","caption":"fbo_master"},"sameAs":["https:\/\/magazin.ikk-suedwest.de"],"url":"https:\/\/magazin.ikk-suedwest.de\/september-2024\/author\/fbo_master\/"}]}},"_links":{"self":[{"href":"https:\/\/magazin.ikk-suedwest.de\/september-2024\/wp-json\/wp\/v2\/posts\/7565","targetHints":{"allow":["GET"]}}],"collection":[{"href":"https:\/\/magazin.ikk-suedwest.de\/september-2024\/wp-json\/wp\/v2\/posts"}],"about":[{"href":"https:\/\/magazin.ikk-suedwest.de\/september-2024\/wp-json\/wp\/v2\/types\/post"}],"author":[{"embeddable":true,"href":"https:\/\/magazin.ikk-suedwest.de\/september-2024\/wp-json\/wp\/v2\/users\/1"}],"replies":[{"embeddable":true,"href":"https:\/\/magazin.ikk-suedwest.de\/september-2024\/wp-json\/wp\/v2\/comments?post=7565"}],"version-history":[{"count":9,"href":"https:\/\/magazin.ikk-suedwest.de\/september-2024\/wp-json\/wp\/v2\/posts\/7565\/revisions"}],"predecessor-version":[{"id":7927,"href":"https:\/\/magazin.ikk-suedwest.de\/september-2024\/wp-json\/wp\/v2\/posts\/7565\/revisions\/7927"}],"wp:featuredmedia":[{"embeddable":true,"href":"https:\/\/magazin.ikk-suedwest.de\/september-2024\/wp-json\/wp\/v2\/media\/7823"}],"wp:attachment":[{"href":"https:\/\/magazin.ikk-suedwest.de\/september-2024\/wp-json\/wp\/v2\/media?parent=7565"}],"wp:term":[{"taxonomy":"category","embeddable":true,"href":"https:\/\/magazin.ikk-suedwest.de\/september-2024\/wp-json\/wp\/v2\/categories?post=7565"},{"taxonomy":"post_tag","embeddable":true,"href":"https:\/\/magazin.ikk-suedwest.de\/september-2024\/wp-json\/wp\/v2\/tags?post=7565"}],"curies":[{"name":"wp","href":"https:\/\/api.w.org\/{rel}","templated":true}]}}