{"id":7567,"date":"2024-08-28T09:44:04","date_gmt":"2024-08-28T07:44:04","guid":{"rendered":"https:\/\/magazin.ikk-suedwest.de\/september-2024\/?p=7567"},"modified":"2024-09-19T11:53:58","modified_gmt":"2024-09-19T09:53:58","slug":"epa-fuer-alle","status":"publish","type":"post","link":"https:\/\/magazin.ikk-suedwest.de\/september-2024\/epa-fuer-alle\/","title":{"rendered":"ePA fu\u0308r alle"},"content":{"rendered":"<div class=\"shariff shariff-align-left shariff-widget-align-left\"><ul class=\"shariff-buttons theme-round orientation-horizontal buttonsize-medium\"><li class=\"shariff-button facebook shariff-nocustomcolor\" style=\"background-color:#4273c8\"><a href=\"https:\/\/www.facebook.com\/sharer\/sharer.php?u=https%3A%2F%2Fmagazin.ikk-suedwest.de%2Fseptember-2024%2Fepa-fuer-alle%2F\" title=\"Bei Facebook teilen\" aria-label=\"Bei Facebook teilen\" role=\"button\" rel=\"nofollow\" class=\"shariff-link\" style=\"; background-color:#3b5998; color:#fff\" target=\"_blank\"><span class=\"shariff-icon\" style=\"\"><svg width=\"32px\" height=\"20px\" xmlns=\"http:\/\/www.w3.org\/2000\/svg\" viewBox=\"0 0 18 32\"><path fill=\"#3b5998\" d=\"M17.1 0.2v4.7h-2.8q-1.5 0-2.1 0.6t-0.5 1.9v3.4h5.2l-0.7 5.3h-4.5v13.6h-5.5v-13.6h-4.5v-5.3h4.5v-3.9q0-3.3 1.9-5.2t5-1.8q2.6 0 4.1 0.2z\"\/><\/svg><\/span><\/a><\/li><li class=\"shariff-button whatsapp shariff-nocustomcolor\" style=\"background-color:#5cbe4a\"><a href=\"https:\/\/api.whatsapp.com\/send?text=https%3A%2F%2Fmagazin.ikk-suedwest.de%2Fseptember-2024%2Fepa-fuer-alle%2F%20ePA%20fu%CC%88r%20alle\" title=\"Bei Whatsapp teilen\" aria-label=\"Bei Whatsapp teilen\" role=\"button\" rel=\"noopener nofollow\" class=\"shariff-link\" style=\"; background-color:#34af23; color:#fff\" target=\"_blank\"><span class=\"shariff-icon\" style=\"\"><svg width=\"32px\" height=\"20px\" xmlns=\"http:\/\/www.w3.org\/2000\/svg\" viewBox=\"0 0 32 32\"><path fill=\"#34af23\" d=\"M17.6 17.4q0.2 0 1.7 0.8t1.6 0.9q0 0.1 0 0.3 0 0.6-0.3 1.4-0.3 0.7-1.3 1.2t-1.8 0.5q-1 0-3.4-1.1-1.7-0.8-3-2.1t-2.6-3.3q-1.3-1.9-1.3-3.5v-0.1q0.1-1.6 1.3-2.8 0.4-0.4 0.9-0.4 0.1 0 0.3 0t0.3 0q0.3 0 0.5 0.1t0.3 0.5q0.1 0.4 0.6 1.6t0.4 1.3q0 0.4-0.6 1t-0.6 0.8q0 0.1 0.1 0.3 0.6 1.3 1.8 2.4 1 0.9 2.7 1.8 0.2 0.1 0.4 0.1 0.3 0 1-0.9t0.9-0.9zM14 26.9q2.3 0 4.3-0.9t3.6-2.4 2.4-3.6 0.9-4.3-0.9-4.3-2.4-3.6-3.6-2.4-4.3-0.9-4.3 0.9-3.6 2.4-2.4 3.6-0.9 4.3q0 3.6 2.1 6.6l-1.4 4.2 4.3-1.4q2.8 1.9 6.2 1.9zM14 2.2q2.7 0 5.2 1.1t4.3 2.9 2.9 4.3 1.1 5.2-1.1 5.2-2.9 4.3-4.3 2.9-5.2 1.1q-3.5 0-6.5-1.7l-7.4 2.4 2.4-7.2q-1.9-3.2-1.9-6.9 0-2.7 1.1-5.2t2.9-4.3 4.3-2.9 5.2-1.1z\"\/><\/svg><\/span><\/a><\/li><li class=\"shariff-button mailto shariff-nocustomcolor\" style=\"background-color:#a8a8a8\"><a href=\"mailto:?body=https%3A%2F%2Fmagazin.ikk-suedwest.de%2Fseptember-2024%2Fepa-fuer-alle%2F&subject=ePA%20fu%CC%88r%20alle\" title=\"Per E-Mail versenden\" aria-label=\"Per E-Mail versenden\" role=\"button\" rel=\"noopener nofollow\" class=\"shariff-link\" style=\"; background-color:#999; color:#fff\"><span class=\"shariff-icon\" style=\"\"><svg width=\"32px\" height=\"20px\" xmlns=\"http:\/\/www.w3.org\/2000\/svg\" viewBox=\"0 0 32 32\"><path fill=\"#999\" d=\"M32 12.7v14.2q0 1.2-0.8 2t-2 0.9h-26.3q-1.2 0-2-0.9t-0.8-2v-14.2q0.8 0.9 1.8 1.6 6.5 4.4 8.9 6.1 1 0.8 1.6 1.2t1.7 0.9 2 0.4h0.1q0.9 0 2-0.4t1.7-0.9 1.6-1.2q3-2.2 8.9-6.1 1-0.7 1.8-1.6zM32 7.4q0 1.4-0.9 2.7t-2.2 2.2q-6.7 4.7-8.4 5.8-0.2 0.1-0.7 0.5t-1 0.7-0.9 0.6-1.1 0.5-0.9 0.2h-0.1q-0.4 0-0.9-0.2t-1.1-0.5-0.9-0.6-1-0.7-0.7-0.5q-1.6-1.1-4.7-3.2t-3.6-2.6q-1.1-0.7-2.1-2t-1-2.5q0-1.4 0.7-2.3t2.1-0.9h26.3q1.2 0 2 0.8t0.9 2z\"\/><\/svg><\/span><\/a><\/li><\/ul><\/div>\n\n\n\n<figure class=\"wp-block-image size-large\"><img loading=\"lazy\" decoding=\"async\" width=\"1024\" height=\"684\" src=\"https:\/\/magazin.ikk-suedwest.de\/september-2024\/wp-content\/uploads\/sites\/12\/2024\/08\/ikk_fm_2402_s08_ePa_optim-1-1024x684.jpg\" alt=\"\" class=\"wp-image-7825\" srcset=\"https:\/\/magazin.ikk-suedwest.de\/september-2024\/wp-content\/uploads\/sites\/12\/2024\/08\/ikk_fm_2402_s08_ePa_optim-1-1024x684.jpg 1024w, https:\/\/magazin.ikk-suedwest.de\/september-2024\/wp-content\/uploads\/sites\/12\/2024\/08\/ikk_fm_2402_s08_ePa_optim-1-300x200.jpg 300w, https:\/\/magazin.ikk-suedwest.de\/september-2024\/wp-content\/uploads\/sites\/12\/2024\/08\/ikk_fm_2402_s08_ePa_optim-1-768x513.jpg 768w, https:\/\/magazin.ikk-suedwest.de\/september-2024\/wp-content\/uploads\/sites\/12\/2024\/08\/ikk_fm_2402_s08_ePa_optim-1-370x247.jpg 370w, https:\/\/magazin.ikk-suedwest.de\/september-2024\/wp-content\/uploads\/sites\/12\/2024\/08\/ikk_fm_2402_s08_ePa_optim-1-270x180.jpg 270w, https:\/\/magazin.ikk-suedwest.de\/september-2024\/wp-content\/uploads\/sites\/12\/2024\/08\/ikk_fm_2402_s08_ePa_optim-1-570x381.jpg 570w, https:\/\/magazin.ikk-suedwest.de\/september-2024\/wp-content\/uploads\/sites\/12\/2024\/08\/ikk_fm_2402_s08_ePa_optim-1-749x500.jpg 749w, https:\/\/magazin.ikk-suedwest.de\/september-2024\/wp-content\/uploads\/sites\/12\/2024\/08\/ikk_fm_2402_s08_ePa_optim-1-740x494.jpg 740w, https:\/\/magazin.ikk-suedwest.de\/september-2024\/wp-content\/uploads\/sites\/12\/2024\/08\/ikk_fm_2402_s08_ePa_optim-1.jpg 1225w\" sizes=\"auto, (max-width: 1024px) 100vw, 1024px\" \/><\/figure>\n\n\n\n<h1 class=\"wp-block-heading\"><strong>ePA fu\u0308r alle<\/strong><\/h1>\n\n\n\n<p class=\"has-gridlove-acc-color has-text-color has-link-color has-large-font-size wp-elements-054c46d487313c09a094f06238f74fb3 wp-block-paragraph\">Ab 15. Januar 2025 erh\u00e4lt jeder gesetzlich Versicherte automatisch eine elektronische Patientenakte (ePA) als zentralen Speicherort f\u00fcr alle Gesundheitsdaten. Das hat der Gesetzgeber entschieden. Welche Vorteile das f\u00fcr Sie hat? Wir erkl\u00e4ren\u2019s Ihnen.<\/p>\n\n\n\n<p class=\"wp-block-paragraph\">In wenigen Monaten ist es so weit: Die ePA f\u00fcr alle kommt. Und zwar ohne dass Sie daf\u00fcr etwas tun m\u00fcssen. Wir k\u00fcmmern uns um alles, Sie k\u00f6nnen einfach von vielen Vorteilen profitieren.<\/p>\n\n\n\n<ul class=\"wp-block-list\">\n<li>\u00c4rzte und Leistungserbringer legen ganz automatisch alle Ihre relevanten Unterlagen in der ePA ab. Sie m\u00fcssen sich um nichts k\u00fcmmern und sich keine Gedanken machen.<\/li>\n\n\n\n<li>Die ePA dokumentiert abgerechnete Leistungen und verordnete Medikamente, es wird also noch transparenter.<\/li>\n\n\n\n<li>Die hinterlegten Gesundheitsinformationen k\u00f6nnen Leistungserbringer in Behandlungen direkt verwenden. So werden nicht nur Doppeluntersuchungen vermieden, sondern Arztwechsel erleichtert und die Behandlung von chronisch Kranken besser vernetzt.<\/li>\n\n\n\n<li>Die Speicherung der Daten erfolgt auf sicheren Servern in Deutschland, die europ\u00e4ischen Datenschutzbestimmungen und damit h\u00f6chsten Sicherheitsstandards entsprechen. <\/li>\n<\/ul>\n\n\n\n<p class=\"wp-block-paragraph\">Da uns das Thema besonders wichtig ist, erhalten Sie von uns in den n\u00e4chsten Wochen gesonderte Post zur ePA. Darin informieren wir Sie auch, welche weiteren M\u00f6glichkeiten die elektronische Patientenakte bietet und wie Sie widersprechen k\u00f6nnen, falls Sie das m\u00f6chten.<\/p>\n\n\n\n<p class=\"wp-block-paragraph\"><a href=\"https:\/\/www.ikk-suedwest.de\/service\/digital\/elektronische-patientenakte\/epa-fuer-alle\/\" target=\"_blank\" rel=\"noreferrer noopener\"><strong>Mehr zur<\/strong> <em>ePA<\/em><\/a><\/p>\n\n\n\n<p class=\"wp-block-paragraph\"><\/p>\n\n\n\n<p class=\"has-text-color wp-block-paragraph\" style=\"color:#009fe3\"><\/p>\n\n\n<div class=\"shariff shariff-align-left shariff-widget-align-left\"><ul class=\"shariff-buttons theme-round orientation-horizontal buttonsize-medium\"><li class=\"shariff-button facebook shariff-nocustomcolor\" style=\"background-color:#4273c8\"><a href=\"https:\/\/www.facebook.com\/sharer\/sharer.php?u=https%3A%2F%2Fmagazin.ikk-suedwest.de%2Fseptember-2024%2Fepa-fuer-alle%2F\" title=\"Bei Facebook teilen\" aria-label=\"Bei Facebook teilen\" role=\"button\" rel=\"nofollow\" class=\"shariff-link\" style=\"; background-color:#3b5998; color:#fff\" target=\"_blank\"><span class=\"shariff-icon\" style=\"\"><svg width=\"32px\" height=\"20px\" xmlns=\"http:\/\/www.w3.org\/2000\/svg\" viewBox=\"0 0 18 32\"><path fill=\"#3b5998\" d=\"M17.1 0.2v4.7h-2.8q-1.5 0-2.1 0.6t-0.5 1.9v3.4h5.2l-0.7 5.3h-4.5v13.6h-5.5v-13.6h-4.5v-5.3h4.5v-3.9q0-3.3 1.9-5.2t5-1.8q2.6 0 4.1 0.2z\"\/><\/svg><\/span><\/a><\/li><li class=\"shariff-button whatsapp shariff-nocustomcolor\" style=\"background-color:#5cbe4a\"><a href=\"https:\/\/api.whatsapp.com\/send?text=https%3A%2F%2Fmagazin.ikk-suedwest.de%2Fseptember-2024%2Fepa-fuer-alle%2F%20ePA%20fu%CC%88r%20alle\" title=\"Bei Whatsapp teilen\" aria-label=\"Bei Whatsapp teilen\" role=\"button\" rel=\"noopener nofollow\" class=\"shariff-link\" style=\"; background-color:#34af23; color:#fff\" target=\"_blank\"><span class=\"shariff-icon\" style=\"\"><svg width=\"32px\" height=\"20px\" xmlns=\"http:\/\/www.w3.org\/2000\/svg\" viewBox=\"0 0 32 32\"><path fill=\"#34af23\" d=\"M17.6 17.4q0.2 0 1.7 0.8t1.6 0.9q0 0.1 0 0.3 0 0.6-0.3 1.4-0.3 0.7-1.3 1.2t-1.8 0.5q-1 0-3.4-1.1-1.7-0.8-3-2.1t-2.6-3.3q-1.3-1.9-1.3-3.5v-0.1q0.1-1.6 1.3-2.8 0.4-0.4 0.9-0.4 0.1 0 0.3 0t0.3 0q0.3 0 0.5 0.1t0.3 0.5q0.1 0.4 0.6 1.6t0.4 1.3q0 0.4-0.6 1t-0.6 0.8q0 0.1 0.1 0.3 0.6 1.3 1.8 2.4 1 0.9 2.7 1.8 0.2 0.1 0.4 0.1 0.3 0 1-0.9t0.9-0.9zM14 26.9q2.3 0 4.3-0.9t3.6-2.4 2.4-3.6 0.9-4.3-0.9-4.3-2.4-3.6-3.6-2.4-4.3-0.9-4.3 0.9-3.6 2.4-2.4 3.6-0.9 4.3q0 3.6 2.1 6.6l-1.4 4.2 4.3-1.4q2.8 1.9 6.2 1.9zM14 2.2q2.7 0 5.2 1.1t4.3 2.9 2.9 4.3 1.1 5.2-1.1 5.2-2.9 4.3-4.3 2.9-5.2 1.1q-3.5 0-6.5-1.7l-7.4 2.4 2.4-7.2q-1.9-3.2-1.9-6.9 0-2.7 1.1-5.2t2.9-4.3 4.3-2.9 5.2-1.1z\"\/><\/svg><\/span><\/a><\/li><li class=\"shariff-button mailto shariff-nocustomcolor\" style=\"background-color:#a8a8a8\"><a href=\"mailto:?body=https%3A%2F%2Fmagazin.ikk-suedwest.de%2Fseptember-2024%2Fepa-fuer-alle%2F&subject=ePA%20fu%CC%88r%20alle\" title=\"Per E-Mail versenden\" aria-label=\"Per E-Mail versenden\" role=\"button\" rel=\"noopener nofollow\" class=\"shariff-link\" style=\"; background-color:#999; color:#fff\"><span class=\"shariff-icon\" style=\"\"><svg width=\"32px\" height=\"20px\" xmlns=\"http:\/\/www.w3.org\/2000\/svg\" viewBox=\"0 0 32 32\"><path fill=\"#999\" d=\"M32 12.7v14.2q0 1.2-0.8 2t-2 0.9h-26.3q-1.2 0-2-0.9t-0.8-2v-14.2q0.8 0.9 1.8 1.6 6.5 4.4 8.9 6.1 1 0.8 1.6 1.2t1.7 0.9 2 0.4h0.1q0.9 0 2-0.4t1.7-0.9 1.6-1.2q3-2.2 8.9-6.1 1-0.7 1.8-1.6zM32 7.4q0 1.4-0.9 2.7t-2.2 2.2q-6.7 4.7-8.4 5.8-0.2 0.1-0.7 0.5t-1 0.7-0.9 0.6-1.1 0.5-0.9 0.2h-0.1q-0.4 0-0.9-0.2t-1.1-0.5-0.9-0.6-1-0.7-0.7-0.5q-1.6-1.1-4.7-3.2t-3.6-2.6q-1.1-0.7-2.1-2t-1-2.5q0-1.4 0.7-2.3t2.1-0.9h26.3q1.2 0 2 0.8t0.9 2z\"\/><\/svg><\/span><\/a><\/li><\/ul><\/div>\n\n\n\n<p class=\"wp-block-paragraph\"><\/p>\n\n\n\n<div class=\"wp-block-buttons is-horizontal is-content-justification-left is-layout-flex wp-container-core-buttons-is-layout-39697d9b wp-block-buttons-is-layout-flex\">\n<div class=\"wp-block-button\"><a class=\"wp-block-button__link has-background wp-element-button\" href=\"javascript:history.back()\" style=\"background-color:#009de9\">Zur\u00fcck<\/a><\/div>\n<\/div>\n","protected":false},"excerpt":{"rendered":"<p>Ab 15. Januar 2025 erh\u00e4lt jeder gesetzlich Versicherte automatisch eine elektronische Patientenakte &#8230;<\/p>\n","protected":false},"author":1,"featured_media":7825,"comment_status":"closed","ping_status":"open","sticky":false,"template":"","format":"standard","meta":{"_acf_changed":false,"_crdt_document":"","favoriteCount":64,"footnotes":""},"categories":[54],"tags":[],"class_list":["post-7567","post","type-post","status-publish","format-standard","has-post-thumbnail","hentry","category-service"],"acf":[],"yoast_head":"<!-- This site is optimized with the Yoast SEO plugin v27.4 - https:\/\/yoast.com\/product\/yoast-seo-wordpress\/ -->\n<title>ePA fu\u0308r alle - September 2024<\/title>\n<meta name=\"robots\" content=\"noindex, follow, max-snippet:-1, max-image-preview:large, max-video-preview:-1\" \/>\n<meta property=\"og:locale\" content=\"de_DE\" \/>\n<meta property=\"og:type\" content=\"article\" \/>\n<meta property=\"og:title\" content=\"ePA fu\u0308r alle - September 2024\" \/>\n<meta property=\"og:description\" content=\"Ab 15. Januar 2025 erh\u00e4lt jeder gesetzlich Versicherte automatisch eine elektronische Patientenakte ...\" \/>\n<meta property=\"og:url\" content=\"https:\/\/magazin.ikk-suedwest.de\/september-2024\/epa-fuer-alle\/\" \/>\n<meta property=\"og:site_name\" content=\"September 2024\" \/>\n<meta property=\"article:published_time\" content=\"2024-08-28T07:44:04+00:00\" \/>\n<meta property=\"article:modified_time\" content=\"2024-09-19T09:53:58+00:00\" \/>\n<meta property=\"og:image\" content=\"https:\/\/magazin.ikk-suedwest.de\/september-2024\/wp-content\/uploads\/sites\/12\/2024\/08\/ikk_fm_2402_s08_ePa_optim-1.jpg\" \/>\n\t<meta property=\"og:image:width\" content=\"1225\" \/>\n\t<meta property=\"og:image:height\" content=\"818\" \/>\n\t<meta property=\"og:image:type\" content=\"image\/jpeg\" \/>\n<meta name=\"author\" content=\"fbo_master\" \/>\n<meta name=\"twitter:card\" content=\"summary_large_image\" \/>\n<meta name=\"twitter:label1\" content=\"Geschrieben von\" \/>\n\t<meta name=\"twitter:data1\" content=\"fbo_master\" \/>\n\t<meta name=\"twitter:label2\" content=\"Gesch\u00e4tzte Lesezeit\" \/>\n\t<meta name=\"twitter:data2\" content=\"2\u00a0Minuten\" \/>\n<script type=\"application\/ld+json\" class=\"yoast-schema-graph\">{\"@context\":\"https:\\\/\\\/schema.org\",\"@graph\":[{\"@type\":\"Article\",\"@id\":\"https:\\\/\\\/magazin.ikk-suedwest.de\\\/september-2024\\\/epa-fuer-alle\\\/#article\",\"isPartOf\":{\"@id\":\"https:\\\/\\\/magazin.ikk-suedwest.de\\\/september-2024\\\/epa-fuer-alle\\\/\"},\"author\":{\"name\":\"fbo_master\",\"@id\":\"https:\\\/\\\/magazin.ikk-suedwest.de\\\/september-2024\\\/#\\\/schema\\\/person\\\/636237f711a5aed151e44ddcc2de114a\"},\"headline\":\"ePA fu\u0308r alle\",\"datePublished\":\"2024-08-28T07:44:04+00:00\",\"dateModified\":\"2024-09-19T09:53:58+00:00\",\"mainEntityOfPage\":{\"@id\":\"https:\\\/\\\/magazin.ikk-suedwest.de\\\/september-2024\\\/epa-fuer-alle\\\/\"},\"wordCount\":220,\"image\":{\"@id\":\"https:\\\/\\\/magazin.ikk-suedwest.de\\\/september-2024\\\/epa-fuer-alle\\\/#primaryimage\"},\"thumbnailUrl\":\"https:\\\/\\\/magazin.ikk-suedwest.de\\\/september-2024\\\/wp-content\\\/uploads\\\/sites\\\/12\\\/2024\\\/08\\\/ikk_fm_2402_s08_ePa_optim-1.jpg\",\"articleSection\":[\"Service\"],\"inLanguage\":\"de\"},{\"@type\":\"WebPage\",\"@id\":\"https:\\\/\\\/magazin.ikk-suedwest.de\\\/september-2024\\\/epa-fuer-alle\\\/\",\"url\":\"https:\\\/\\\/magazin.ikk-suedwest.de\\\/september-2024\\\/epa-fuer-alle\\\/\",\"name\":\"ePA fu\u0308r alle - September 2024\",\"isPartOf\":{\"@id\":\"https:\\\/\\\/magazin.ikk-suedwest.de\\\/september-2024\\\/#website\"},\"primaryImageOfPage\":{\"@id\":\"https:\\\/\\\/magazin.ikk-suedwest.de\\\/september-2024\\\/epa-fuer-alle\\\/#primaryimage\"},\"image\":{\"@id\":\"https:\\\/\\\/magazin.ikk-suedwest.de\\\/september-2024\\\/epa-fuer-alle\\\/#primaryimage\"},\"thumbnailUrl\":\"https:\\\/\\\/magazin.ikk-suedwest.de\\\/september-2024\\\/wp-content\\\/uploads\\\/sites\\\/12\\\/2024\\\/08\\\/ikk_fm_2402_s08_ePa_optim-1.jpg\",\"datePublished\":\"2024-08-28T07:44:04+00:00\",\"dateModified\":\"2024-09-19T09:53:58+00:00\",\"author\":{\"@id\":\"https:\\\/\\\/magazin.ikk-suedwest.de\\\/september-2024\\\/#\\\/schema\\\/person\\\/636237f711a5aed151e44ddcc2de114a\"},\"breadcrumb\":{\"@id\":\"https:\\\/\\\/magazin.ikk-suedwest.de\\\/september-2024\\\/epa-fuer-alle\\\/#breadcrumb\"},\"inLanguage\":\"de\",\"potentialAction\":[{\"@type\":\"ReadAction\",\"target\":[\"https:\\\/\\\/magazin.ikk-suedwest.de\\\/september-2024\\\/epa-fuer-alle\\\/\"]}]},{\"@type\":\"ImageObject\",\"inLanguage\":\"de\",\"@id\":\"https:\\\/\\\/magazin.ikk-suedwest.de\\\/september-2024\\\/epa-fuer-alle\\\/#primaryimage\",\"url\":\"https:\\\/\\\/magazin.ikk-suedwest.de\\\/september-2024\\\/wp-content\\\/uploads\\\/sites\\\/12\\\/2024\\\/08\\\/ikk_fm_2402_s08_ePa_optim-1.jpg\",\"contentUrl\":\"https:\\\/\\\/magazin.ikk-suedwest.de\\\/september-2024\\\/wp-content\\\/uploads\\\/sites\\\/12\\\/2024\\\/08\\\/ikk_fm_2402_s08_ePa_optim-1.jpg\",\"width\":1225,\"height\":818},{\"@type\":\"BreadcrumbList\",\"@id\":\"https:\\\/\\\/magazin.ikk-suedwest.de\\\/september-2024\\\/epa-fuer-alle\\\/#breadcrumb\",\"itemListElement\":[{\"@type\":\"ListItem\",\"position\":1,\"name\":\"Startseite\",\"item\":\"https:\\\/\\\/magazin.ikk-suedwest.de\\\/september-2024\\\/\"},{\"@type\":\"ListItem\",\"position\":2,\"name\":\"ePA fu\u0308r alle\"}]},{\"@type\":\"WebSite\",\"@id\":\"https:\\\/\\\/magazin.ikk-suedwest.de\\\/september-2024\\\/#website\",\"url\":\"https:\\\/\\\/magazin.ikk-suedwest.de\\\/september-2024\\\/\",\"name\":\"September 2024\",\"description\":\"Eine weitere IKK Magazin Ausgaben Website\",\"potentialAction\":[{\"@type\":\"SearchAction\",\"target\":{\"@type\":\"EntryPoint\",\"urlTemplate\":\"https:\\\/\\\/magazin.ikk-suedwest.de\\\/september-2024\\\/?s={search_term_string}\"},\"query-input\":{\"@type\":\"PropertyValueSpecification\",\"valueRequired\":true,\"valueName\":\"search_term_string\"}}],\"inLanguage\":\"de\"},{\"@type\":\"Person\",\"@id\":\"https:\\\/\\\/magazin.ikk-suedwest.de\\\/september-2024\\\/#\\\/schema\\\/person\\\/636237f711a5aed151e44ddcc2de114a\",\"name\":\"fbo_master\",\"image\":{\"@type\":\"ImageObject\",\"inLanguage\":\"de\",\"@id\":\"https:\\\/\\\/secure.gravatar.com\\\/avatar\\\/5e042e587c1d6c68d3fadd024e871a65399da22a9ef5e23b274af331bde574af?s=96&d=mm&r=g\",\"url\":\"https:\\\/\\\/secure.gravatar.com\\\/avatar\\\/5e042e587c1d6c68d3fadd024e871a65399da22a9ef5e23b274af331bde574af?s=96&d=mm&r=g\",\"contentUrl\":\"https:\\\/\\\/secure.gravatar.com\\\/avatar\\\/5e042e587c1d6c68d3fadd024e871a65399da22a9ef5e23b274af331bde574af?s=96&d=mm&r=g\",\"caption\":\"fbo_master\"},\"sameAs\":[\"https:\\\/\\\/magazin.ikk-suedwest.de\"],\"url\":\"https:\\\/\\\/magazin.ikk-suedwest.de\\\/september-2024\\\/author\\\/fbo_master\\\/\"}]}<\/script>\n<!-- \/ Yoast SEO plugin. -->","yoast_head_json":{"title":"ePA fu\u0308r alle - September 2024","robots":{"index":"noindex","follow":"follow","max-snippet":"max-snippet:-1","max-image-preview":"max-image-preview:large","max-video-preview":"max-video-preview:-1"},"og_locale":"de_DE","og_type":"article","og_title":"ePA fu\u0308r alle - September 2024","og_description":"Ab 15. Januar 2025 erh\u00e4lt jeder gesetzlich Versicherte automatisch eine elektronische Patientenakte ...","og_url":"https:\/\/magazin.ikk-suedwest.de\/september-2024\/epa-fuer-alle\/","og_site_name":"September 2024","article_published_time":"2024-08-28T07:44:04+00:00","article_modified_time":"2024-09-19T09:53:58+00:00","og_image":[{"width":1225,"height":818,"url":"https:\/\/magazin.ikk-suedwest.de\/september-2024\/wp-content\/uploads\/sites\/12\/2024\/08\/ikk_fm_2402_s08_ePa_optim-1.jpg","type":"image\/jpeg"}],"author":"fbo_master","twitter_card":"summary_large_image","twitter_misc":{"Geschrieben von":"fbo_master","Gesch\u00e4tzte Lesezeit":"2\u00a0Minuten"},"schema":{"@context":"https:\/\/schema.org","@graph":[{"@type":"Article","@id":"https:\/\/magazin.ikk-suedwest.de\/september-2024\/epa-fuer-alle\/#article","isPartOf":{"@id":"https:\/\/magazin.ikk-suedwest.de\/september-2024\/epa-fuer-alle\/"},"author":{"name":"fbo_master","@id":"https:\/\/magazin.ikk-suedwest.de\/september-2024\/#\/schema\/person\/636237f711a5aed151e44ddcc2de114a"},"headline":"ePA fu\u0308r alle","datePublished":"2024-08-28T07:44:04+00:00","dateModified":"2024-09-19T09:53:58+00:00","mainEntityOfPage":{"@id":"https:\/\/magazin.ikk-suedwest.de\/september-2024\/epa-fuer-alle\/"},"wordCount":220,"image":{"@id":"https:\/\/magazin.ikk-suedwest.de\/september-2024\/epa-fuer-alle\/#primaryimage"},"thumbnailUrl":"https:\/\/magazin.ikk-suedwest.de\/september-2024\/wp-content\/uploads\/sites\/12\/2024\/08\/ikk_fm_2402_s08_ePa_optim-1.jpg","articleSection":["Service"],"inLanguage":"de"},{"@type":"WebPage","@id":"https:\/\/magazin.ikk-suedwest.de\/september-2024\/epa-fuer-alle\/","url":"https:\/\/magazin.ikk-suedwest.de\/september-2024\/epa-fuer-alle\/","name":"ePA fu\u0308r alle - September 2024","isPartOf":{"@id":"https:\/\/magazin.ikk-suedwest.de\/september-2024\/#website"},"primaryImageOfPage":{"@id":"https:\/\/magazin.ikk-suedwest.de\/september-2024\/epa-fuer-alle\/#primaryimage"},"image":{"@id":"https:\/\/magazin.ikk-suedwest.de\/september-2024\/epa-fuer-alle\/#primaryimage"},"thumbnailUrl":"https:\/\/magazin.ikk-suedwest.de\/september-2024\/wp-content\/uploads\/sites\/12\/2024\/08\/ikk_fm_2402_s08_ePa_optim-1.jpg","datePublished":"2024-08-28T07:44:04+00:00","dateModified":"2024-09-19T09:53:58+00:00","author":{"@id":"https:\/\/magazin.ikk-suedwest.de\/september-2024\/#\/schema\/person\/636237f711a5aed151e44ddcc2de114a"},"breadcrumb":{"@id":"https:\/\/magazin.ikk-suedwest.de\/september-2024\/epa-fuer-alle\/#breadcrumb"},"inLanguage":"de","potentialAction":[{"@type":"ReadAction","target":["https:\/\/magazin.ikk-suedwest.de\/september-2024\/epa-fuer-alle\/"]}]},{"@type":"ImageObject","inLanguage":"de","@id":"https:\/\/magazin.ikk-suedwest.de\/september-2024\/epa-fuer-alle\/#primaryimage","url":"https:\/\/magazin.ikk-suedwest.de\/september-2024\/wp-content\/uploads\/sites\/12\/2024\/08\/ikk_fm_2402_s08_ePa_optim-1.jpg","contentUrl":"https:\/\/magazin.ikk-suedwest.de\/september-2024\/wp-content\/uploads\/sites\/12\/2024\/08\/ikk_fm_2402_s08_ePa_optim-1.jpg","width":1225,"height":818},{"@type":"BreadcrumbList","@id":"https:\/\/magazin.ikk-suedwest.de\/september-2024\/epa-fuer-alle\/#breadcrumb","itemListElement":[{"@type":"ListItem","position":1,"name":"Startseite","item":"https:\/\/magazin.ikk-suedwest.de\/september-2024\/"},{"@type":"ListItem","position":2,"name":"ePA fu\u0308r alle"}]},{"@type":"WebSite","@id":"https:\/\/magazin.ikk-suedwest.de\/september-2024\/#website","url":"https:\/\/magazin.ikk-suedwest.de\/september-2024\/","name":"September 2024","description":"Eine weitere IKK Magazin Ausgaben Website","potentialAction":[{"@type":"SearchAction","target":{"@type":"EntryPoint","urlTemplate":"https:\/\/magazin.ikk-suedwest.de\/september-2024\/?s={search_term_string}"},"query-input":{"@type":"PropertyValueSpecification","valueRequired":true,"valueName":"search_term_string"}}],"inLanguage":"de"},{"@type":"Person","@id":"https:\/\/magazin.ikk-suedwest.de\/september-2024\/#\/schema\/person\/636237f711a5aed151e44ddcc2de114a","name":"fbo_master","image":{"@type":"ImageObject","inLanguage":"de","@id":"https:\/\/secure.gravatar.com\/avatar\/5e042e587c1d6c68d3fadd024e871a65399da22a9ef5e23b274af331bde574af?s=96&d=mm&r=g","url":"https:\/\/secure.gravatar.com\/avatar\/5e042e587c1d6c68d3fadd024e871a65399da22a9ef5e23b274af331bde574af?s=96&d=mm&r=g","contentUrl":"https:\/\/secure.gravatar.com\/avatar\/5e042e587c1d6c68d3fadd024e871a65399da22a9ef5e23b274af331bde574af?s=96&d=mm&r=g","caption":"fbo_master"},"sameAs":["https:\/\/magazin.ikk-suedwest.de"],"url":"https:\/\/magazin.ikk-suedwest.de\/september-2024\/author\/fbo_master\/"}]}},"_links":{"self":[{"href":"https:\/\/magazin.ikk-suedwest.de\/september-2024\/wp-json\/wp\/v2\/posts\/7567","targetHints":{"allow":["GET"]}}],"collection":[{"href":"https:\/\/magazin.ikk-suedwest.de\/september-2024\/wp-json\/wp\/v2\/posts"}],"about":[{"href":"https:\/\/magazin.ikk-suedwest.de\/september-2024\/wp-json\/wp\/v2\/types\/post"}],"author":[{"embeddable":true,"href":"https:\/\/magazin.ikk-suedwest.de\/september-2024\/wp-json\/wp\/v2\/users\/1"}],"replies":[{"embeddable":true,"href":"https:\/\/magazin.ikk-suedwest.de\/september-2024\/wp-json\/wp\/v2\/comments?post=7567"}],"version-history":[{"count":10,"href":"https:\/\/magazin.ikk-suedwest.de\/september-2024\/wp-json\/wp\/v2\/posts\/7567\/revisions"}],"predecessor-version":[{"id":7967,"href":"https:\/\/magazin.ikk-suedwest.de\/september-2024\/wp-json\/wp\/v2\/posts\/7567\/revisions\/7967"}],"wp:featuredmedia":[{"embeddable":true,"href":"https:\/\/magazin.ikk-suedwest.de\/september-2024\/wp-json\/wp\/v2\/media\/7825"}],"wp:attachment":[{"href":"https:\/\/magazin.ikk-suedwest.de\/september-2024\/wp-json\/wp\/v2\/media?parent=7567"}],"wp:term":[{"taxonomy":"category","embeddable":true,"href":"https:\/\/magazin.ikk-suedwest.de\/september-2024\/wp-json\/wp\/v2\/categories?post=7567"},{"taxonomy":"post_tag","embeddable":true,"href":"https:\/\/magazin.ikk-suedwest.de\/september-2024\/wp-json\/wp\/v2\/tags?post=7567"}],"curies":[{"name":"wp","href":"https:\/\/api.w.org\/{rel}","templated":true}]}}