{"id":8807,"date":"2025-08-21T11:01:11","date_gmt":"2025-08-21T09:01:11","guid":{"rendered":"https:\/\/magazin.ikk-suedwest.de\/september-2025\/?p=8807"},"modified":"2025-09-05T11:36:26","modified_gmt":"2025-09-05T09:36:26","slug":"mentale-gesundheit-mit-wau-effekt","status":"publish","type":"post","link":"https:\/\/magazin.ikk-suedwest.de\/september-2025\/mentale-gesundheit-mit-wau-effekt\/","title":{"rendered":"Mentale Gesundheit mit Wau-Effekt"},"content":{"rendered":"<div class=\"shariff shariff-align-left shariff-widget-align-left\"><ul class=\"shariff-buttons theme-round orientation-horizontal buttonsize-medium\"><li class=\"shariff-button facebook shariff-nocustomcolor\" style=\"background-color:#4273c8\"><a href=\"https:\/\/www.facebook.com\/sharer\/sharer.php?u=https%3A%2F%2Fmagazin.ikk-suedwest.de%2Fseptember-2025%2Fmentale-gesundheit-mit-wau-effekt%2F\" title=\"Bei Facebook teilen\" aria-label=\"Bei Facebook teilen\" role=\"button\" rel=\"nofollow\" class=\"shariff-link\" style=\"; background-color:#3b5998; color:#fff\" target=\"_blank\"><span class=\"shariff-icon\" style=\"\"><svg width=\"32px\" height=\"20px\" xmlns=\"http:\/\/www.w3.org\/2000\/svg\" viewBox=\"0 0 18 32\"><path fill=\"#3b5998\" d=\"M17.1 0.2v4.7h-2.8q-1.5 0-2.1 0.6t-0.5 1.9v3.4h5.2l-0.7 5.3h-4.5v13.6h-5.5v-13.6h-4.5v-5.3h4.5v-3.9q0-3.3 1.9-5.2t5-1.8q2.6 0 4.1 0.2z\"\/><\/svg><\/span><\/a><\/li><li class=\"shariff-button whatsapp shariff-nocustomcolor\" style=\"background-color:#5cbe4a\"><a href=\"https:\/\/api.whatsapp.com\/send?text=https%3A%2F%2Fmagazin.ikk-suedwest.de%2Fseptember-2025%2Fmentale-gesundheit-mit-wau-effekt%2F%20Mentale%20Gesundheit%20mit%20Wau-Effekt\" title=\"Bei Whatsapp teilen\" aria-label=\"Bei Whatsapp teilen\" role=\"button\" rel=\"noopener nofollow\" class=\"shariff-link\" style=\"; background-color:#34af23; color:#fff\" target=\"_blank\"><span class=\"shariff-icon\" style=\"\"><svg width=\"32px\" height=\"20px\" xmlns=\"http:\/\/www.w3.org\/2000\/svg\" viewBox=\"0 0 32 32\"><path fill=\"#34af23\" d=\"M17.6 17.4q0.2 0 1.7 0.8t1.6 0.9q0 0.1 0 0.3 0 0.6-0.3 1.4-0.3 0.7-1.3 1.2t-1.8 0.5q-1 0-3.4-1.1-1.7-0.8-3-2.1t-2.6-3.3q-1.3-1.9-1.3-3.5v-0.1q0.1-1.6 1.3-2.8 0.4-0.4 0.9-0.4 0.1 0 0.3 0t0.3 0q0.3 0 0.5 0.1t0.3 0.5q0.1 0.4 0.6 1.6t0.4 1.3q0 0.4-0.6 1t-0.6 0.8q0 0.1 0.1 0.3 0.6 1.3 1.8 2.4 1 0.9 2.7 1.8 0.2 0.1 0.4 0.1 0.3 0 1-0.9t0.9-0.9zM14 26.9q2.3 0 4.3-0.9t3.6-2.4 2.4-3.6 0.9-4.3-0.9-4.3-2.4-3.6-3.6-2.4-4.3-0.9-4.3 0.9-3.6 2.4-2.4 3.6-0.9 4.3q0 3.6 2.1 6.6l-1.4 4.2 4.3-1.4q2.8 1.9 6.2 1.9zM14 2.2q2.7 0 5.2 1.1t4.3 2.9 2.9 4.3 1.1 5.2-1.1 5.2-2.9 4.3-4.3 2.9-5.2 1.1q-3.5 0-6.5-1.7l-7.4 2.4 2.4-7.2q-1.9-3.2-1.9-6.9 0-2.7 1.1-5.2t2.9-4.3 4.3-2.9 5.2-1.1z\"\/><\/svg><\/span><\/a><\/li><li class=\"shariff-button mailto shariff-nocustomcolor\" style=\"background-color:#a8a8a8\"><a href=\"mailto:?body=https%3A%2F%2Fmagazin.ikk-suedwest.de%2Fseptember-2025%2Fmentale-gesundheit-mit-wau-effekt%2F&subject=Mentale%20Gesundheit%20mit%20Wau-Effekt\" title=\"Per E-Mail versenden\" aria-label=\"Per E-Mail versenden\" role=\"button\" rel=\"noopener nofollow\" class=\"shariff-link\" style=\"; background-color:#999; color:#fff\"><span class=\"shariff-icon\" style=\"\"><svg width=\"32px\" height=\"20px\" xmlns=\"http:\/\/www.w3.org\/2000\/svg\" viewBox=\"0 0 32 32\"><path fill=\"#999\" d=\"M32 12.7v14.2q0 1.2-0.8 2t-2 0.9h-26.3q-1.2 0-2-0.9t-0.8-2v-14.2q0.8 0.9 1.8 1.6 6.5 4.4 8.9 6.1 1 0.8 1.6 1.2t1.7 0.9 2 0.4h0.1q0.9 0 2-0.4t1.7-0.9 1.6-1.2q3-2.2 8.9-6.1 1-0.7 1.8-1.6zM32 7.4q0 1.4-0.9 2.7t-2.2 2.2q-6.7 4.7-8.4 5.8-0.2 0.1-0.7 0.5t-1 0.7-0.9 0.6-1.1 0.5-0.9 0.2h-0.1q-0.4 0-0.9-0.2t-1.1-0.5-0.9-0.6-1-0.7-0.7-0.5q-1.6-1.1-4.7-3.2t-3.6-2.6q-1.1-0.7-2.1-2t-1-2.5q0-1.4 0.7-2.3t2.1-0.9h26.3q1.2 0 2 0.8t0.9 2z\"\/><\/svg><\/span><\/a><\/li><\/ul><\/div>\n\n\n\n<div style=\"height:20px\" aria-hidden=\"true\" class=\"wp-block-spacer\"><\/div>\n\n\n\n<figure class=\"wp-block-image size-large\"><img loading=\"lazy\" decoding=\"async\" width=\"1024\" height=\"684\" src=\"https:\/\/magazin.ikk-suedwest.de\/september-2025\/wp-content\/uploads\/sites\/15\/2025\/08\/ikk_fm_2502_s06_martin_ruetter_cae-1024x684.jpg\" alt=\"\" class=\"wp-image-9118\" srcset=\"https:\/\/magazin.ikk-suedwest.de\/september-2025\/wp-content\/uploads\/sites\/15\/2025\/08\/ikk_fm_2502_s06_martin_ruetter_cae-1024x684.jpg 1024w, https:\/\/magazin.ikk-suedwest.de\/september-2025\/wp-content\/uploads\/sites\/15\/2025\/08\/ikk_fm_2502_s06_martin_ruetter_cae-300x200.jpg 300w, https:\/\/magazin.ikk-suedwest.de\/september-2025\/wp-content\/uploads\/sites\/15\/2025\/08\/ikk_fm_2502_s06_martin_ruetter_cae-768x513.jpg 768w, https:\/\/magazin.ikk-suedwest.de\/september-2025\/wp-content\/uploads\/sites\/15\/2025\/08\/ikk_fm_2502_s06_martin_ruetter_cae-370x247.jpg 370w, https:\/\/magazin.ikk-suedwest.de\/september-2025\/wp-content\/uploads\/sites\/15\/2025\/08\/ikk_fm_2502_s06_martin_ruetter_cae-270x180.jpg 270w, https:\/\/magazin.ikk-suedwest.de\/september-2025\/wp-content\/uploads\/sites\/15\/2025\/08\/ikk_fm_2502_s06_martin_ruetter_cae-570x381.jpg 570w, https:\/\/magazin.ikk-suedwest.de\/september-2025\/wp-content\/uploads\/sites\/15\/2025\/08\/ikk_fm_2502_s06_martin_ruetter_cae-749x500.jpg 749w, https:\/\/magazin.ikk-suedwest.de\/september-2025\/wp-content\/uploads\/sites\/15\/2025\/08\/ikk_fm_2502_s06_martin_ruetter_cae-740x494.jpg 740w, https:\/\/magazin.ikk-suedwest.de\/september-2025\/wp-content\/uploads\/sites\/15\/2025\/08\/ikk_fm_2502_s06_martin_ruetter_cae.jpg 1225w\" sizes=\"auto, (max-width: 1024px) 100vw, 1024px\" \/><\/figure>\n\n\n\n<h1 class=\"wp-block-heading\"><strong>Mentale Gesundheit mit Wau-Effekt<\/strong><\/h1>\n\n\n\n<p class=\"has-gridlove-acc-color has-text-color has-link-color has-medium-font-size wp-elements-19d572a6d0b818b21b6b4c153d471924 wp-block-paragraph\">Er ist Deutschlands bekanntester Hunde-Coach: Seit drei Jahrzehnten beweist Martin R\u00fctter (55) ein tierisch gutes Gesp\u00fcr f\u00fcr Menschen und ihre vierbeinigen Fellnasen. Im Interview spricht der beliebte Tierpsychologe \u00fcber die emotionale Kraft von Haustieren und ihre Wirkung auf Herz und Seele.<\/p>\n\n\n\n<p class=\"has-gridlove-acc-color has-text-color has-link-color wp-elements-28e043c664914ce5b290406eda183c04 wp-block-paragraph\"><em>Herr R\u00fctter, Sie leben seit vielen Jahren mit Hunden, beruflich wie privat. Was bedeutet diese Beziehung<\/em> <em>f\u00fcr Sie?<\/em><\/p>\n\n\n\n<p class=\"wp-block-paragraph\"><strong>Martin R\u00fctter: <\/strong>Die Beziehung zwischen Mensch und Hund ist stets etwas ganz Besonderes und mit keiner anderen Verbindung vergleichbar. Zum einen leben Hunde in einer \u00e4hnlichen Struktur wie wir Menschen. Zum anderen akzeptiert der Hund den Menschen als vollwertigen Sozialpartner, sucht aktiv die emotionale N\u00e4he zu ihm und zieht ihn manchmal sogar Artgenossen vor.<\/p>\n\n\n\n<p class=\"has-gridlove-acc-color has-text-color has-link-color wp-elements-e4552662b9cc651360e07fe9aceb3100 wp-block-paragraph\"><em>Mit wie viel Jahren bekamen Sie Ihren ersten Hund?<\/em><\/p>\n\n\n\n<p class=\"wp-block-paragraph\">Meinen ersten eigenen Hund, Mina, habe ich w\u00e4hrend meiner Studentenzeit gekauft. Aber ich hatte schon immer einen engen Draht zu Hunden. Als Jugendlicher habe ich die Hunde der Nachbarn ausgef\u00fchrt und die meiner Tante Thea ohnm\u00e4chtig gekrault. Sie hatte in den 80er- Jahren eine Art Pflegestelle f\u00fcr gestrauchelte Tiere. Mich hat schon damals brennend interessiert, warum so viele Menschen um mich herum Probleme mit ihren Hunden hatten \u2013 der Beginn einer lebenslangen Leidenschaft.<\/p>\n\n\n\n<p class=\"has-gridlove-acc-color has-text-color has-link-color wp-elements-986100256fc55bdb253aea89473e0d71 wp-block-paragraph\"><em>Wie kam es zu Ihrer Ausbildung als Tierpsychologe?<\/em><\/p>\n\n\n\n<p class=\"wp-block-paragraph\">Urspr\u00fcnglich wollte ich Sportpublizistik studieren, um Sportreporter zu werden. Nebenbei begann ich, f\u00fcr andere Leute Hunde auszuf\u00fchren und las zu jener Zeit rund 200 Fachb\u00fccher zu dem Thema. Es sprach sich dann schnell herum, dass ich wohl besonders gut mit Tieren umgehen kann. Im Laufe des Studiums entschied ich mich schlie\u00dflich, eine Hundeschule zu er\u00f6ffnen und Tierpsychologie zu studieren.<\/p>\n\n\n\n<p class=\"has-gridlove-acc-color has-text-color has-link-color wp-elements-dca6a3afcaa023751b1b48c172282d8e wp-block-paragraph\"><em>Was ist die wichtigste Eigenschaft, die ein Hunde-Coach mitbringen muss?<\/em><\/p>\n\n\n\n<p class=\"wp-block-paragraph\">Man sollte auf jeden Fall Lust auf die Arbeit mit Menschen haben. Ich erlebe zum Beispiel, wenn sich neue Trainer bei uns bewerben, dass die dann Sachen sagen wie: \u201eVon den Menschen bin ich entt\u00e4uscht, aber mit Hunden kann ich gut.\u201c Als Trainer ist man mit dieser Einstellung komplett ungeeignet. Ein guter Trainer ist sowohl dem Menschen als auch dem Hund gegen\u00fcber offen, respektvoll und geduldig. Die fachliche Kompetenz muss nat\u00fcrlich auch vorhanden sein, aber das kann man lernen.<\/p>\n\n\n\n<p class=\"has-gridlove-acc-color has-text-color has-link-color wp-elements-f198e9dbe261a14e05466eb5dabf7e39 wp-block-paragraph\"><em>Wie beeinflussen Haustiere das allgemeine Wohlbefinden und die Lebenszufriedenheit? Macht \u201eDr. Hund\u201c die Seele gesund?<\/em><\/p>\n\n\n\n<p class=\"wp-block-paragraph\">Nat\u00fcrlich ist ein Haustier kein Wunderheiler, aber Menschen, die mit ihren Hunden viel in der Natur unterwegs sind, sind widerstandsf\u00e4higer gegen\u00fcber Erk\u00e4ltungen und anderen Erkrankungen. Eine Studie besagt sogar, dass sich Herz-Patienten schneller von einem Infarkt erholen k\u00f6nnen. Au\u00dferdem ist nachgewiesen, dass Hundehalter verst\u00e4rkt das Bindungshormon Oxytocin und das Gl\u00fcckshormon Serotonin aussch\u00fctten.<\/p>\n\n\n\n<p class=\"has-gridlove-acc-color has-text-color has-link-color wp-elements-c5b123208652e468078eaba23268379c wp-block-paragraph\"><em>F\u00fchlen sich gerade \u00e4ltere Menschen durch ein Haustier emotional unterst\u00fctzt?<\/em><\/p>\n\n\n\n<p class=\"wp-block-paragraph\">Unbedingt. F\u00fcr viele \u00e4ltere Menschen wird ein Haustier zum wichtigsten sozialen Ankerpunkt. Der tierische Mitbewohner vertreibt Einsamkeit, gibt Halt und motiviert, aktiv zu bleiben, wovon insbesondere Hundehalter profitieren. Ich habe oft erlebt, wie ein Hund das Leben im Alter nicht nur bereichert, sondern regelrecht neu entfacht hat.<\/p>\n\n\n\n<figure class=\"wp-block-image size-full\"><img loading=\"lazy\" decoding=\"async\" width=\"620\" height=\"328\" src=\"https:\/\/magazin.ikk-suedwest.de\/september-2025\/wp-content\/uploads\/sites\/15\/2025\/08\/ikk_fm_2502_beitragsbild_s09_martin_ruetter.jpg\" alt=\"\" class=\"wp-image-8867\" srcset=\"https:\/\/magazin.ikk-suedwest.de\/september-2025\/wp-content\/uploads\/sites\/15\/2025\/08\/ikk_fm_2502_beitragsbild_s09_martin_ruetter.jpg 620w, https:\/\/magazin.ikk-suedwest.de\/september-2025\/wp-content\/uploads\/sites\/15\/2025\/08\/ikk_fm_2502_beitragsbild_s09_martin_ruetter-300x159.jpg 300w, https:\/\/magazin.ikk-suedwest.de\/september-2025\/wp-content\/uploads\/sites\/15\/2025\/08\/ikk_fm_2502_beitragsbild_s09_martin_ruetter-370x196.jpg 370w, https:\/\/magazin.ikk-suedwest.de\/september-2025\/wp-content\/uploads\/sites\/15\/2025\/08\/ikk_fm_2502_beitragsbild_s09_martin_ruetter-270x143.jpg 270w, https:\/\/magazin.ikk-suedwest.de\/september-2025\/wp-content\/uploads\/sites\/15\/2025\/08\/ikk_fm_2502_beitragsbild_s09_martin_ruetter-570x302.jpg 570w\" sizes=\"auto, (max-width: 620px) 100vw, 620px\" \/><figcaption class=\"wp-element-caption\"><em>Unterhaltsam und informativ zugleich: Martin R\u00fctter live mit seinem B\u00fchnenprogramm<\/em> <em>\u201eDer will nur spielen\u201c<\/em><\/figcaption><\/figure>\n\n\n\n<div class=\"wp-block-group has-background is-layout-constrained wp-block-group-is-layout-constrained\" style=\"background-color:#dbdbdb\">\n<p class=\"wp-block-paragraph\"><strong>Martin R\u00fctter <\/strong>ist weit mehr als nur ein Hundetrainer \u2013 er ist Entertainer, Autor und Deutschlands wohl bekanntester Experte f\u00fcr die Beziehung zwischen Mensch und Hund. In seinen TV-Sendungen stehen er und sein Team Hundehaltern bei der Erziehung ihrer Tiere zur Seite und helfen Tierheimen bei der Vermittlung angeblich unvermittelbarer Hunde. Neben seinen TV-Formaten betreibt Martin R\u00fctter den Podcast \u201eTierisch menschlich\u201c, schreibt B\u00fccher, h\u00e4lt Vortr\u00e4ge und geht mit seinen Live-Shows auf Tour.<\/p>\n\n\n\n<p class=\"wp-block-paragraph\">Dar\u00fcber hinaus engagiert er sich f\u00fcr den Tierschutz und gr\u00fcndete den Tierschutzverein Adoptieren statt Produzieren e. V. Der Verein setzt sich f\u00fcr die Adoption von Hunden aus dem Tierschutz ein und kl\u00e4rt zum Beispiel \u00fcber illegalen Welpenhandel auf.<\/p>\n<\/div>\n\n\n\n<p class=\"has-gridlove-acc-color has-text-color has-link-color wp-elements-3fcaf6d7c786b6813c3ee8d150b4bc1f wp-block-paragraph\"><em>Katzen gelten als eigenwillig. K\u00f6nnen sie trotzdem emotionale N\u00e4he oder sogar Halt geben?<\/em><\/p>\n\n\n\n<p class=\"wp-block-paragraph\">Absolut. Wer eine Katze hat, liebt vielleicht mehr das Eigenst\u00e4ndige, man hat nicht so viel Verantwortung wie mit einem Hund. Jedes Haustier kann seinem Halter Stabilit\u00e4t und emotionale N\u00e4he geben. Aber wenn wir die verschiedenen Tiere vergleichen, dann passt der Hund tats\u00e4chlich am besten von allen zum Menschen. Denn Gef\u00fchle beim Hund sind messbar, da sie Hormone aussch\u00fctten. Hunde, die ihren Halter wiedersehen, empfinden Gl\u00fcck und, ja, so etwas wie Liebe. Der Hund kann sich also wirklich auf einen Menschen einlassen, dadurch entsteht eine ganz besondere N\u00e4he.<\/p>\n\n\n\n<p class=\"has-gridlove-acc-color has-text-color has-link-color wp-elements-3ac9701c3cbb11a56e62df997718b51f wp-block-paragraph\"><em>Haben Haustiere auch einen Einfluss auf unser soziales Miteinander?<\/em><\/p>\n\n\n\n<p class=\"wp-block-paragraph\">Definitiv. Beispielsweise im B\u00fcro: Ein entspannter, menschenfreundlicher und gut erzogener Mitarbeiterhund kann im Betrieb wahre Wunder bewirken, etwa bei der internen Kommunikation \u2013 ein Hund kann dabei helfen, Br\u00fccken zu bauen. Abteilungen, die sonst nichts bis wenig miteinander zu tun haben, geraten \u00fcber den Hund in einen intensiveren Austausch, die Kommunikation untereinander wird dadurch gef\u00f6rdert. Das gilt auch im Privatleben: Durch einen Hund kann schnell ein Gespr\u00e4ch im Park, auf der Hundewiese oder mit dem Nachbarn entstehen.<\/p>\n\n\n\n<p class=\"has-gridlove-acc-color has-text-color has-link-color wp-elements-d21554e1cefce6cb94ebf05eec21dc89 wp-block-paragraph\"><em>Sie selbst sind ja f\u00fcnffacher Familienvater. Was raten Sie Eltern, deren kleine Kinder sich ein Haustier, etwa einen Hund, w\u00fcnschen?<\/em><\/p>\n\n\n\n<p class=\"wp-block-paragraph\">Klar ist: Ein Hund mag zwar auch dem Kind zuliebe angeschafft werden, die Verantwortung liegt jedoch letztendlich immer bei den Eltern. Sie sind f\u00fcr die Erziehung des Hundes zust\u00e4ndig. Jedoch k\u00f6nnen die Kinder in die Erziehung eingebunden werden, indem sie kleinere Aufgaben gemeinsam mit den Eltern \u00fcbernehmen. Ich rate den Leuten immer, dass sie warten sollen, bis das Kind in der Grundschule ist. Ich habe n\u00e4mlich mit meinen eigenen Kindern die Erfahrung gemacht, dass es in dieser Phase richtig passend ist, zum Beispiel, um mit den Kindern bewusst Spielregeln aufzubauen.<\/p>\n\n\n\n<p class=\"has-gridlove-acc-color has-text-color has-link-color wp-elements-d7b28903ce08b2e901c4ff72e891386c wp-block-paragraph\"><em>Haustiere wie ein Hund haben also einen p\u00e4dagogischen Wert?<\/em><\/p>\n\n\n\n<p class=\"wp-block-paragraph\">Auf jeden Fall. Grunds\u00e4tzlich glaube ich, dass es nichts Sch\u00f6neres f\u00fcr ein Kind gibt, als mit einem Hund aufzuwachsen. Die Kids lernen, ein empathisches Bewusstsein f\u00fcr ein anderes Lebewesen zu entwickeln. Gleichzeitig m\u00fcssen Spielregeln eingehalten werden. Sowohl das Kind als auch der Hund ben\u00f6tigen R\u00fcckzugsm\u00f6glichkeiten, Tabu-Orte beziehungsweise Situationen, in denen der jeweils andere nichts zu suchen hat.<\/p>\n\n\n\n<p class=\"has-gridlove-acc-color has-text-color has-link-color wp-elements-e21a8ec8074b0dde199b3449297c0dd5 wp-block-paragraph\"><em>Was sollte ich bedenken, wenn ich mir einen Hund anschaffen m\u00f6chte?<\/em><\/p>\n\n\n\n<p class=\"wp-block-paragraph\">Schon im Vorfeld sollte man sich Gedanken machen, welcher Hund zu den eigenen Lebensumst\u00e4nden passt. Ein sehr aktiver Mensch, der lange Tageswanderungen wohl kaum mit einem Bernhardiner oder Mops gl\u00fccklich werden, da diese wenig Motivation f\u00fcr so viel Aktivit\u00e4t mitbringen \u2013 ganz abgesehen vom K\u00f6rperbau. Genauso wird aber ein eher gem\u00fctlicher, inaktiver Mensch kaum mit einem aktiven Jagd- oder H\u00fctehund gl\u00fccklich werden. In jeder guten Hundeschule kann man sich vor der Anschaffung dahingehend beraten lassen.<\/p>\n\n\n\n<p class=\"has-gridlove-acc-color has-text-color has-link-color wp-elements-a4b577ba04f8ccf534e3a3fc2fe76037 wp-block-paragraph\"><em>Was war das sch\u00f6nste Erlebnis in Ihrer langj\u00e4hrigen Arbeit mit Hunden und deren Haltern?<\/em><\/p>\n\n\n\n<p class=\"wp-block-paragraph\">Ich freue mich immer wieder aufs Neue, wenn es mir gelingt, Probleme zwischen Mensch und Tier zu l\u00f6sen, und sich aus der einst schwierigen Beziehung ein gl\u00fcckliches Miteinander entwickelt. Und nat\u00fcrlich, wenn wir es wie bei \u201eDie Unvermittelbaren\u201c schaffen, Hunde, die eigentlich keine Chance und Perspektive mehr haben, doch noch in ein neues Zuhause zu vermitteln. Das sind jedes Mal G\u00e4nsehautmomente.<\/p>\n\n\n\n<div class=\"wp-block-group has-background is-layout-constrained wp-block-group-is-layout-constrained\" style=\"background-color:#dbdbdb\">\n<h2 class=\"wp-block-heading\"><strong>Gewinnspiel:<\/strong> <strong>Versuchen Sie Ihr Gl\u00fcck!<\/strong><\/h2>\n\n\n\n<div class=\"wp-block-media-text is-stacked-on-mobile\" style=\"grid-template-columns:36% auto\"><figure class=\"wp-block-media-text__media\"><img loading=\"lazy\" decoding=\"async\" width=\"240\" height=\"320\" src=\"https:\/\/magazin.ikk-suedwest.de\/september-2025\/wp-content\/uploads\/sites\/15\/2025\/08\/ikk_fm_2502_beitragsbild_s09_ruetter_buch.png\" alt=\"\" class=\"wp-image-8870 size-full\" srcset=\"https:\/\/magazin.ikk-suedwest.de\/september-2025\/wp-content\/uploads\/sites\/15\/2025\/08\/ikk_fm_2502_beitragsbild_s09_ruetter_buch.png 240w, https:\/\/magazin.ikk-suedwest.de\/september-2025\/wp-content\/uploads\/sites\/15\/2025\/08\/ikk_fm_2502_beitragsbild_s09_ruetter_buch-225x300.png 225w\" sizes=\"auto, (max-width: 240px) 100vw, 240px\" \/><\/figure><div class=\"wp-block-media-text__content\">\n<p class=\"wp-block-paragraph\">Wir verlosen f\u00fcnf Exemplare des Buchs \u201eHund und Kind \u2013 mit Martin R\u00fctter: So werden sie zum perfekten Team\u201c, gesponsert vom Franckh-Kosmos-Verlag.<\/p>\n\n\n\n<p class=\"no-ext-link wp-block-paragraph\">Einfach bis zum 15. Oktober 2025 eine E-Mail mit dem Betreff \u201eGewinnspiel Martin Ru\u0308tter\u201c an <a href=\"mailto:fuermich@ikk-sw.de\">fuermich@ikk-sw.de<\/a> schicken.<br>Ausgelost wird nach dem Zufallsprinzip \u2013 wir dru\u0308cken die Daumen!<\/p>\n<\/div><\/div>\n\n\n\n<p class=\"has-small-font-size wp-block-paragraph\">Gewinnspielbedingungen: Veranstalter des Gewinnspiels ist die IKK Su\u0308dwest, Europaallee 3 \u2013 4, 66113 Saarbru\u0308cken. Ausgeschlossen sind Personen unter 18 Jahren sowie Mitarbeiter der IKK Su\u0308dwest. Die Gewinner werden unmittelbar im Anschluss an die Auslosung schriftlich  enachrichtigt. Der Gewinn wird ohne Entstehung von Kosten postalisch zugesandt. Der Rechtsweg sowie eine Auszahlung der Preise sind ausgeschlossen.<\/p>\n<\/div>\n\n\n\n<div class=\"wp-block-group has-gridlove-txt-color has-text-color has-link-color wp-elements-6558013fe7bca2d1715bc0a8ee96a826 is-layout-constrained wp-block-group-is-layout-constrained\">\n<div style=\"height:20px\" aria-hidden=\"true\" class=\"wp-block-spacer\"><\/div>\n\n\n\n<div class=\"wp-block-group is-layout-constrained wp-block-group-is-layout-constrained\"><div class=\"shariff shariff-align-left shariff-widget-align-left\"><ul class=\"shariff-buttons theme-round orientation-horizontal buttonsize-medium\"><li class=\"shariff-button facebook shariff-nocustomcolor\" style=\"background-color:#4273c8\"><a href=\"https:\/\/www.facebook.com\/sharer\/sharer.php?u=https%3A%2F%2Fmagazin.ikk-suedwest.de%2Fseptember-2025%2Fmentale-gesundheit-mit-wau-effekt%2F\" title=\"Bei Facebook teilen\" aria-label=\"Bei Facebook teilen\" role=\"button\" rel=\"nofollow\" class=\"shariff-link\" style=\"; background-color:#3b5998; color:#fff\" target=\"_blank\"><span class=\"shariff-icon\" style=\"\"><svg width=\"32px\" height=\"20px\" xmlns=\"http:\/\/www.w3.org\/2000\/svg\" viewBox=\"0 0 18 32\"><path fill=\"#3b5998\" d=\"M17.1 0.2v4.7h-2.8q-1.5 0-2.1 0.6t-0.5 1.9v3.4h5.2l-0.7 5.3h-4.5v13.6h-5.5v-13.6h-4.5v-5.3h4.5v-3.9q0-3.3 1.9-5.2t5-1.8q2.6 0 4.1 0.2z\"\/><\/svg><\/span><\/a><\/li><li class=\"shariff-button whatsapp shariff-nocustomcolor\" style=\"background-color:#5cbe4a\"><a href=\"https:\/\/api.whatsapp.com\/send?text=https%3A%2F%2Fmagazin.ikk-suedwest.de%2Fseptember-2025%2Fmentale-gesundheit-mit-wau-effekt%2F%20Mentale%20Gesundheit%20mit%20Wau-Effekt\" title=\"Bei Whatsapp teilen\" aria-label=\"Bei Whatsapp teilen\" role=\"button\" rel=\"noopener nofollow\" class=\"shariff-link\" style=\"; background-color:#34af23; color:#fff\" target=\"_blank\"><span class=\"shariff-icon\" style=\"\"><svg width=\"32px\" height=\"20px\" xmlns=\"http:\/\/www.w3.org\/2000\/svg\" viewBox=\"0 0 32 32\"><path fill=\"#34af23\" d=\"M17.6 17.4q0.2 0 1.7 0.8t1.6 0.9q0 0.1 0 0.3 0 0.6-0.3 1.4-0.3 0.7-1.3 1.2t-1.8 0.5q-1 0-3.4-1.1-1.7-0.8-3-2.1t-2.6-3.3q-1.3-1.9-1.3-3.5v-0.1q0.1-1.6 1.3-2.8 0.4-0.4 0.9-0.4 0.1 0 0.3 0t0.3 0q0.3 0 0.5 0.1t0.3 0.5q0.1 0.4 0.6 1.6t0.4 1.3q0 0.4-0.6 1t-0.6 0.8q0 0.1 0.1 0.3 0.6 1.3 1.8 2.4 1 0.9 2.7 1.8 0.2 0.1 0.4 0.1 0.3 0 1-0.9t0.9-0.9zM14 26.9q2.3 0 4.3-0.9t3.6-2.4 2.4-3.6 0.9-4.3-0.9-4.3-2.4-3.6-3.6-2.4-4.3-0.9-4.3 0.9-3.6 2.4-2.4 3.6-0.9 4.3q0 3.6 2.1 6.6l-1.4 4.2 4.3-1.4q2.8 1.9 6.2 1.9zM14 2.2q2.7 0 5.2 1.1t4.3 2.9 2.9 4.3 1.1 5.2-1.1 5.2-2.9 4.3-4.3 2.9-5.2 1.1q-3.5 0-6.5-1.7l-7.4 2.4 2.4-7.2q-1.9-3.2-1.9-6.9 0-2.7 1.1-5.2t2.9-4.3 4.3-2.9 5.2-1.1z\"\/><\/svg><\/span><\/a><\/li><li class=\"shariff-button mailto shariff-nocustomcolor\" style=\"background-color:#a8a8a8\"><a href=\"mailto:?body=https%3A%2F%2Fmagazin.ikk-suedwest.de%2Fseptember-2025%2Fmentale-gesundheit-mit-wau-effekt%2F&subject=Mentale%20Gesundheit%20mit%20Wau-Effekt\" title=\"Per E-Mail versenden\" aria-label=\"Per E-Mail versenden\" role=\"button\" rel=\"noopener nofollow\" class=\"shariff-link\" style=\"; background-color:#999; color:#fff\"><span class=\"shariff-icon\" style=\"\"><svg width=\"32px\" height=\"20px\" xmlns=\"http:\/\/www.w3.org\/2000\/svg\" viewBox=\"0 0 32 32\"><path fill=\"#999\" d=\"M32 12.7v14.2q0 1.2-0.8 2t-2 0.9h-26.3q-1.2 0-2-0.9t-0.8-2v-14.2q0.8 0.9 1.8 1.6 6.5 4.4 8.9 6.1 1 0.8 1.6 1.2t1.7 0.9 2 0.4h0.1q0.9 0 2-0.4t1.7-0.9 1.6-1.2q3-2.2 8.9-6.1 1-0.7 1.8-1.6zM32 7.4q0 1.4-0.9 2.7t-2.2 2.2q-6.7 4.7-8.4 5.8-0.2 0.1-0.7 0.5t-1 0.7-0.9 0.6-1.1 0.5-0.9 0.2h-0.1q-0.4 0-0.9-0.2t-1.1-0.5-0.9-0.6-1-0.7-0.7-0.5q-1.6-1.1-4.7-3.2t-3.6-2.6q-1.1-0.7-2.1-2t-1-2.5q0-1.4 0.7-2.3t2.1-0.9h26.3q1.2 0 2 0.8t0.9 2z\"\/><\/svg><\/span><\/a><\/li><\/ul><\/div>\n<\/div>\n<\/div>\n\n\n\n<div style=\"height:30px\" aria-hidden=\"true\" class=\"wp-block-spacer\"><\/div>\n\n\n\n<div class=\"wp-block-buttons is-horizontal is-content-justification-left is-layout-flex wp-container-core-buttons-is-layout-39697d9b wp-block-buttons-is-layout-flex\">\n<div class=\"wp-block-button\"><a class=\"wp-block-button__link has-background wp-element-button\" href=\"javascript:history.back()\" style=\"background-color:#009de9\">Zur\u00fcck<\/a><\/div>\n<\/div>\n","protected":false},"excerpt":{"rendered":"<p>Er ist Deutschlands bekanntester Hunde-Coach: Seit drei Jahrzehnten beweist Martin R\u00fctter &#8230;<\/p>\n","protected":false},"author":1,"featured_media":9118,"comment_status":"closed","ping_status":"open","sticky":false,"template":"","format":"standard","meta":{"_acf_changed":false,"_crdt_document":"","favoriteCount":13,"footnotes":""},"categories":[54],"tags":[],"class_list":["post-8807","post","type-post","status-publish","format-standard","has-post-thumbnail","hentry","category-service"],"acf":[],"yoast_head":"<!-- This site is optimized with the Yoast SEO plugin v27.4 - https:\/\/yoast.com\/product\/yoast-seo-wordpress\/ -->\n<title>Mentale Gesundheit mit Wau-Effekt - September 2025<\/title>\n<meta name=\"robots\" content=\"noindex, follow, max-snippet:-1, max-image-preview:large, max-video-preview:-1\" \/>\n<meta property=\"og:locale\" content=\"de_DE\" \/>\n<meta property=\"og:type\" content=\"article\" \/>\n<meta property=\"og:title\" content=\"Mentale Gesundheit mit Wau-Effekt - September 2025\" \/>\n<meta property=\"og:description\" content=\"Er ist Deutschlands bekanntester Hunde-Coach: Seit drei Jahrzehnten beweist Martin R\u00fctter ...\" \/>\n<meta property=\"og:url\" content=\"https:\/\/magazin.ikk-suedwest.de\/september-2025\/mentale-gesundheit-mit-wau-effekt\/\" \/>\n<meta property=\"og:site_name\" content=\"September 2025\" \/>\n<meta property=\"article:published_time\" content=\"2025-08-21T09:01:11+00:00\" \/>\n<meta property=\"article:modified_time\" content=\"2025-09-05T09:36:26+00:00\" \/>\n<meta property=\"og:image\" content=\"https:\/\/magazin.ikk-suedwest.de\/september-2025\/wp-content\/uploads\/sites\/15\/2025\/08\/ikk_fm_2502_s06_martin_ruetter_cae.jpg\" \/>\n\t<meta property=\"og:image:width\" content=\"1225\" \/>\n\t<meta property=\"og:image:height\" content=\"818\" \/>\n\t<meta property=\"og:image:type\" content=\"image\/jpeg\" \/>\n<meta name=\"author\" content=\"fbo_master\" \/>\n<meta name=\"twitter:card\" content=\"summary_large_image\" \/>\n<meta name=\"twitter:label1\" content=\"Geschrieben von\" \/>\n\t<meta name=\"twitter:data1\" content=\"fbo_master\" \/>\n\t<meta name=\"twitter:label2\" content=\"Gesch\u00e4tzte Lesezeit\" \/>\n\t<meta name=\"twitter:data2\" content=\"8\u00a0Minuten\" \/>\n<script type=\"application\/ld+json\" class=\"yoast-schema-graph\">{\"@context\":\"https:\\\/\\\/schema.org\",\"@graph\":[{\"@type\":\"Article\",\"@id\":\"https:\\\/\\\/magazin.ikk-suedwest.de\\\/september-2025\\\/mentale-gesundheit-mit-wau-effekt\\\/#article\",\"isPartOf\":{\"@id\":\"https:\\\/\\\/magazin.ikk-suedwest.de\\\/september-2025\\\/mentale-gesundheit-mit-wau-effekt\\\/\"},\"author\":{\"name\":\"fbo_master\",\"@id\":\"https:\\\/\\\/magazin.ikk-suedwest.de\\\/september-2025\\\/#\\\/schema\\\/person\\\/636237f711a5aed151e44ddcc2de114a\"},\"headline\":\"Mentale Gesundheit mit Wau-Effekt\",\"datePublished\":\"2025-08-21T09:01:11+00:00\",\"dateModified\":\"2025-09-05T09:36:26+00:00\",\"mainEntityOfPage\":{\"@id\":\"https:\\\/\\\/magazin.ikk-suedwest.de\\\/september-2025\\\/mentale-gesundheit-mit-wau-effekt\\\/\"},\"wordCount\":1326,\"image\":{\"@id\":\"https:\\\/\\\/magazin.ikk-suedwest.de\\\/september-2025\\\/mentale-gesundheit-mit-wau-effekt\\\/#primaryimage\"},\"thumbnailUrl\":\"https:\\\/\\\/magazin.ikk-suedwest.de\\\/september-2025\\\/wp-content\\\/uploads\\\/sites\\\/15\\\/2025\\\/08\\\/ikk_fm_2502_s06_martin_ruetter_cae.jpg\",\"articleSection\":[\"Service\"],\"inLanguage\":\"de\"},{\"@type\":\"WebPage\",\"@id\":\"https:\\\/\\\/magazin.ikk-suedwest.de\\\/september-2025\\\/mentale-gesundheit-mit-wau-effekt\\\/\",\"url\":\"https:\\\/\\\/magazin.ikk-suedwest.de\\\/september-2025\\\/mentale-gesundheit-mit-wau-effekt\\\/\",\"name\":\"Mentale Gesundheit mit Wau-Effekt - September 2025\",\"isPartOf\":{\"@id\":\"https:\\\/\\\/magazin.ikk-suedwest.de\\\/september-2025\\\/#website\"},\"primaryImageOfPage\":{\"@id\":\"https:\\\/\\\/magazin.ikk-suedwest.de\\\/september-2025\\\/mentale-gesundheit-mit-wau-effekt\\\/#primaryimage\"},\"image\":{\"@id\":\"https:\\\/\\\/magazin.ikk-suedwest.de\\\/september-2025\\\/mentale-gesundheit-mit-wau-effekt\\\/#primaryimage\"},\"thumbnailUrl\":\"https:\\\/\\\/magazin.ikk-suedwest.de\\\/september-2025\\\/wp-content\\\/uploads\\\/sites\\\/15\\\/2025\\\/08\\\/ikk_fm_2502_s06_martin_ruetter_cae.jpg\",\"datePublished\":\"2025-08-21T09:01:11+00:00\",\"dateModified\":\"2025-09-05T09:36:26+00:00\",\"author\":{\"@id\":\"https:\\\/\\\/magazin.ikk-suedwest.de\\\/september-2025\\\/#\\\/schema\\\/person\\\/636237f711a5aed151e44ddcc2de114a\"},\"breadcrumb\":{\"@id\":\"https:\\\/\\\/magazin.ikk-suedwest.de\\\/september-2025\\\/mentale-gesundheit-mit-wau-effekt\\\/#breadcrumb\"},\"inLanguage\":\"de\",\"potentialAction\":[{\"@type\":\"ReadAction\",\"target\":[\"https:\\\/\\\/magazin.ikk-suedwest.de\\\/september-2025\\\/mentale-gesundheit-mit-wau-effekt\\\/\"]}]},{\"@type\":\"ImageObject\",\"inLanguage\":\"de\",\"@id\":\"https:\\\/\\\/magazin.ikk-suedwest.de\\\/september-2025\\\/mentale-gesundheit-mit-wau-effekt\\\/#primaryimage\",\"url\":\"https:\\\/\\\/magazin.ikk-suedwest.de\\\/september-2025\\\/wp-content\\\/uploads\\\/sites\\\/15\\\/2025\\\/08\\\/ikk_fm_2502_s06_martin_ruetter_cae.jpg\",\"contentUrl\":\"https:\\\/\\\/magazin.ikk-suedwest.de\\\/september-2025\\\/wp-content\\\/uploads\\\/sites\\\/15\\\/2025\\\/08\\\/ikk_fm_2502_s06_martin_ruetter_cae.jpg\",\"width\":1225,\"height\":818},{\"@type\":\"BreadcrumbList\",\"@id\":\"https:\\\/\\\/magazin.ikk-suedwest.de\\\/september-2025\\\/mentale-gesundheit-mit-wau-effekt\\\/#breadcrumb\",\"itemListElement\":[{\"@type\":\"ListItem\",\"position\":1,\"name\":\"Startseite\",\"item\":\"https:\\\/\\\/magazin.ikk-suedwest.de\\\/september-2025\\\/\"},{\"@type\":\"ListItem\",\"position\":2,\"name\":\"Mentale Gesundheit mit Wau-Effekt\"}]},{\"@type\":\"WebSite\",\"@id\":\"https:\\\/\\\/magazin.ikk-suedwest.de\\\/september-2025\\\/#website\",\"url\":\"https:\\\/\\\/magazin.ikk-suedwest.de\\\/september-2025\\\/\",\"name\":\"September 2025\",\"description\":\"Eine weitere IKK Magazin Ausgaben Website\",\"potentialAction\":[{\"@type\":\"SearchAction\",\"target\":{\"@type\":\"EntryPoint\",\"urlTemplate\":\"https:\\\/\\\/magazin.ikk-suedwest.de\\\/september-2025\\\/?s={search_term_string}\"},\"query-input\":{\"@type\":\"PropertyValueSpecification\",\"valueRequired\":true,\"valueName\":\"search_term_string\"}}],\"inLanguage\":\"de\"},{\"@type\":\"Person\",\"@id\":\"https:\\\/\\\/magazin.ikk-suedwest.de\\\/september-2025\\\/#\\\/schema\\\/person\\\/636237f711a5aed151e44ddcc2de114a\",\"name\":\"fbo_master\",\"image\":{\"@type\":\"ImageObject\",\"inLanguage\":\"de\",\"@id\":\"https:\\\/\\\/secure.gravatar.com\\\/avatar\\\/5e042e587c1d6c68d3fadd024e871a65399da22a9ef5e23b274af331bde574af?s=96&d=mm&r=g\",\"url\":\"https:\\\/\\\/secure.gravatar.com\\\/avatar\\\/5e042e587c1d6c68d3fadd024e871a65399da22a9ef5e23b274af331bde574af?s=96&d=mm&r=g\",\"contentUrl\":\"https:\\\/\\\/secure.gravatar.com\\\/avatar\\\/5e042e587c1d6c68d3fadd024e871a65399da22a9ef5e23b274af331bde574af?s=96&d=mm&r=g\",\"caption\":\"fbo_master\"},\"sameAs\":[\"https:\\\/\\\/magazin.ikk-suedwest.de\"],\"url\":\"https:\\\/\\\/magazin.ikk-suedwest.de\\\/september-2025\\\/author\\\/fbo_master\\\/\"}]}<\/script>\n<!-- \/ Yoast SEO plugin. -->","yoast_head_json":{"title":"Mentale Gesundheit mit Wau-Effekt - September 2025","robots":{"index":"noindex","follow":"follow","max-snippet":"max-snippet:-1","max-image-preview":"max-image-preview:large","max-video-preview":"max-video-preview:-1"},"og_locale":"de_DE","og_type":"article","og_title":"Mentale Gesundheit mit Wau-Effekt - September 2025","og_description":"Er ist Deutschlands bekanntester Hunde-Coach: Seit drei Jahrzehnten beweist Martin R\u00fctter ...","og_url":"https:\/\/magazin.ikk-suedwest.de\/september-2025\/mentale-gesundheit-mit-wau-effekt\/","og_site_name":"September 2025","article_published_time":"2025-08-21T09:01:11+00:00","article_modified_time":"2025-09-05T09:36:26+00:00","og_image":[{"width":1225,"height":818,"url":"https:\/\/magazin.ikk-suedwest.de\/september-2025\/wp-content\/uploads\/sites\/15\/2025\/08\/ikk_fm_2502_s06_martin_ruetter_cae.jpg","type":"image\/jpeg"}],"author":"fbo_master","twitter_card":"summary_large_image","twitter_misc":{"Geschrieben von":"fbo_master","Gesch\u00e4tzte Lesezeit":"8\u00a0Minuten"},"schema":{"@context":"https:\/\/schema.org","@graph":[{"@type":"Article","@id":"https:\/\/magazin.ikk-suedwest.de\/september-2025\/mentale-gesundheit-mit-wau-effekt\/#article","isPartOf":{"@id":"https:\/\/magazin.ikk-suedwest.de\/september-2025\/mentale-gesundheit-mit-wau-effekt\/"},"author":{"name":"fbo_master","@id":"https:\/\/magazin.ikk-suedwest.de\/september-2025\/#\/schema\/person\/636237f711a5aed151e44ddcc2de114a"},"headline":"Mentale Gesundheit mit Wau-Effekt","datePublished":"2025-08-21T09:01:11+00:00","dateModified":"2025-09-05T09:36:26+00:00","mainEntityOfPage":{"@id":"https:\/\/magazin.ikk-suedwest.de\/september-2025\/mentale-gesundheit-mit-wau-effekt\/"},"wordCount":1326,"image":{"@id":"https:\/\/magazin.ikk-suedwest.de\/september-2025\/mentale-gesundheit-mit-wau-effekt\/#primaryimage"},"thumbnailUrl":"https:\/\/magazin.ikk-suedwest.de\/september-2025\/wp-content\/uploads\/sites\/15\/2025\/08\/ikk_fm_2502_s06_martin_ruetter_cae.jpg","articleSection":["Service"],"inLanguage":"de"},{"@type":"WebPage","@id":"https:\/\/magazin.ikk-suedwest.de\/september-2025\/mentale-gesundheit-mit-wau-effekt\/","url":"https:\/\/magazin.ikk-suedwest.de\/september-2025\/mentale-gesundheit-mit-wau-effekt\/","name":"Mentale Gesundheit mit Wau-Effekt - September 2025","isPartOf":{"@id":"https:\/\/magazin.ikk-suedwest.de\/september-2025\/#website"},"primaryImageOfPage":{"@id":"https:\/\/magazin.ikk-suedwest.de\/september-2025\/mentale-gesundheit-mit-wau-effekt\/#primaryimage"},"image":{"@id":"https:\/\/magazin.ikk-suedwest.de\/september-2025\/mentale-gesundheit-mit-wau-effekt\/#primaryimage"},"thumbnailUrl":"https:\/\/magazin.ikk-suedwest.de\/september-2025\/wp-content\/uploads\/sites\/15\/2025\/08\/ikk_fm_2502_s06_martin_ruetter_cae.jpg","datePublished":"2025-08-21T09:01:11+00:00","dateModified":"2025-09-05T09:36:26+00:00","author":{"@id":"https:\/\/magazin.ikk-suedwest.de\/september-2025\/#\/schema\/person\/636237f711a5aed151e44ddcc2de114a"},"breadcrumb":{"@id":"https:\/\/magazin.ikk-suedwest.de\/september-2025\/mentale-gesundheit-mit-wau-effekt\/#breadcrumb"},"inLanguage":"de","potentialAction":[{"@type":"ReadAction","target":["https:\/\/magazin.ikk-suedwest.de\/september-2025\/mentale-gesundheit-mit-wau-effekt\/"]}]},{"@type":"ImageObject","inLanguage":"de","@id":"https:\/\/magazin.ikk-suedwest.de\/september-2025\/mentale-gesundheit-mit-wau-effekt\/#primaryimage","url":"https:\/\/magazin.ikk-suedwest.de\/september-2025\/wp-content\/uploads\/sites\/15\/2025\/08\/ikk_fm_2502_s06_martin_ruetter_cae.jpg","contentUrl":"https:\/\/magazin.ikk-suedwest.de\/september-2025\/wp-content\/uploads\/sites\/15\/2025\/08\/ikk_fm_2502_s06_martin_ruetter_cae.jpg","width":1225,"height":818},{"@type":"BreadcrumbList","@id":"https:\/\/magazin.ikk-suedwest.de\/september-2025\/mentale-gesundheit-mit-wau-effekt\/#breadcrumb","itemListElement":[{"@type":"ListItem","position":1,"name":"Startseite","item":"https:\/\/magazin.ikk-suedwest.de\/september-2025\/"},{"@type":"ListItem","position":2,"name":"Mentale Gesundheit mit Wau-Effekt"}]},{"@type":"WebSite","@id":"https:\/\/magazin.ikk-suedwest.de\/september-2025\/#website","url":"https:\/\/magazin.ikk-suedwest.de\/september-2025\/","name":"September 2025","description":"Eine weitere IKK Magazin Ausgaben Website","potentialAction":[{"@type":"SearchAction","target":{"@type":"EntryPoint","urlTemplate":"https:\/\/magazin.ikk-suedwest.de\/september-2025\/?s={search_term_string}"},"query-input":{"@type":"PropertyValueSpecification","valueRequired":true,"valueName":"search_term_string"}}],"inLanguage":"de"},{"@type":"Person","@id":"https:\/\/magazin.ikk-suedwest.de\/september-2025\/#\/schema\/person\/636237f711a5aed151e44ddcc2de114a","name":"fbo_master","image":{"@type":"ImageObject","inLanguage":"de","@id":"https:\/\/secure.gravatar.com\/avatar\/5e042e587c1d6c68d3fadd024e871a65399da22a9ef5e23b274af331bde574af?s=96&d=mm&r=g","url":"https:\/\/secure.gravatar.com\/avatar\/5e042e587c1d6c68d3fadd024e871a65399da22a9ef5e23b274af331bde574af?s=96&d=mm&r=g","contentUrl":"https:\/\/secure.gravatar.com\/avatar\/5e042e587c1d6c68d3fadd024e871a65399da22a9ef5e23b274af331bde574af?s=96&d=mm&r=g","caption":"fbo_master"},"sameAs":["https:\/\/magazin.ikk-suedwest.de"],"url":"https:\/\/magazin.ikk-suedwest.de\/september-2025\/author\/fbo_master\/"}]}},"_links":{"self":[{"href":"https:\/\/magazin.ikk-suedwest.de\/september-2025\/wp-json\/wp\/v2\/posts\/8807","targetHints":{"allow":["GET"]}}],"collection":[{"href":"https:\/\/magazin.ikk-suedwest.de\/september-2025\/wp-json\/wp\/v2\/posts"}],"about":[{"href":"https:\/\/magazin.ikk-suedwest.de\/september-2025\/wp-json\/wp\/v2\/types\/post"}],"author":[{"embeddable":true,"href":"https:\/\/magazin.ikk-suedwest.de\/september-2025\/wp-json\/wp\/v2\/users\/1"}],"replies":[{"embeddable":true,"href":"https:\/\/magazin.ikk-suedwest.de\/september-2025\/wp-json\/wp\/v2\/comments?post=8807"}],"version-history":[{"count":10,"href":"https:\/\/magazin.ikk-suedwest.de\/september-2025\/wp-json\/wp\/v2\/posts\/8807\/revisions"}],"predecessor-version":[{"id":9119,"href":"https:\/\/magazin.ikk-suedwest.de\/september-2025\/wp-json\/wp\/v2\/posts\/8807\/revisions\/9119"}],"wp:featuredmedia":[{"embeddable":true,"href":"https:\/\/magazin.ikk-suedwest.de\/september-2025\/wp-json\/wp\/v2\/media\/9118"}],"wp:attachment":[{"href":"https:\/\/magazin.ikk-suedwest.de\/september-2025\/wp-json\/wp\/v2\/media?parent=8807"}],"wp:term":[{"taxonomy":"category","embeddable":true,"href":"https:\/\/magazin.ikk-suedwest.de\/september-2025\/wp-json\/wp\/v2\/categories?post=8807"},{"taxonomy":"post_tag","embeddable":true,"href":"https:\/\/magazin.ikk-suedwest.de\/september-2025\/wp-json\/wp\/v2\/tags?post=8807"}],"curies":[{"name":"wp","href":"https:\/\/api.w.org\/{rel}","templated":true}]}}