{"id":8817,"date":"2025-08-21T11:03:14","date_gmt":"2025-08-21T09:03:14","guid":{"rendered":"https:\/\/magazin.ikk-suedwest.de\/september-2025\/?p=8817"},"modified":"2025-08-25T13:31:13","modified_gmt":"2025-08-25T11:31:13","slug":"beim-gaertnern-blueht-die-seele-auf","status":"publish","type":"post","link":"https:\/\/magazin.ikk-suedwest.de\/september-2025\/beim-gaertnern-blueht-die-seele-auf\/","title":{"rendered":"Beim G\u00e4rtnern bl\u00fcht die Seele auf"},"content":{"rendered":"<div class=\"shariff shariff-align-left shariff-widget-align-left\"><ul class=\"shariff-buttons theme-round orientation-horizontal buttonsize-medium\"><li class=\"shariff-button facebook shariff-nocustomcolor\" style=\"background-color:#4273c8\"><a href=\"https:\/\/www.facebook.com\/sharer\/sharer.php?u=https%3A%2F%2Fmagazin.ikk-suedwest.de%2Fseptember-2025%2Fbeim-gaertnern-blueht-die-seele-auf%2F\" title=\"Bei Facebook teilen\" aria-label=\"Bei Facebook teilen\" role=\"button\" rel=\"nofollow\" class=\"shariff-link\" style=\"; background-color:#3b5998; color:#fff\" target=\"_blank\"><span class=\"shariff-icon\" style=\"\"><svg width=\"32px\" height=\"20px\" xmlns=\"http:\/\/www.w3.org\/2000\/svg\" viewBox=\"0 0 18 32\"><path fill=\"#3b5998\" d=\"M17.1 0.2v4.7h-2.8q-1.5 0-2.1 0.6t-0.5 1.9v3.4h5.2l-0.7 5.3h-4.5v13.6h-5.5v-13.6h-4.5v-5.3h4.5v-3.9q0-3.3 1.9-5.2t5-1.8q2.6 0 4.1 0.2z\"\/><\/svg><\/span><\/a><\/li><li class=\"shariff-button whatsapp shariff-nocustomcolor\" style=\"background-color:#5cbe4a\"><a href=\"https:\/\/api.whatsapp.com\/send?text=https%3A%2F%2Fmagazin.ikk-suedwest.de%2Fseptember-2025%2Fbeim-gaertnern-blueht-die-seele-auf%2F%20Beim%20G%C3%A4rtnern%20bl%C3%BCht%20die%20Seele%20auf\" title=\"Bei Whatsapp teilen\" aria-label=\"Bei Whatsapp teilen\" role=\"button\" rel=\"noopener nofollow\" class=\"shariff-link\" style=\"; background-color:#34af23; color:#fff\" target=\"_blank\"><span class=\"shariff-icon\" style=\"\"><svg width=\"32px\" height=\"20px\" xmlns=\"http:\/\/www.w3.org\/2000\/svg\" viewBox=\"0 0 32 32\"><path fill=\"#34af23\" d=\"M17.6 17.4q0.2 0 1.7 0.8t1.6 0.9q0 0.1 0 0.3 0 0.6-0.3 1.4-0.3 0.7-1.3 1.2t-1.8 0.5q-1 0-3.4-1.1-1.7-0.8-3-2.1t-2.6-3.3q-1.3-1.9-1.3-3.5v-0.1q0.1-1.6 1.3-2.8 0.4-0.4 0.9-0.4 0.1 0 0.3 0t0.3 0q0.3 0 0.5 0.1t0.3 0.5q0.1 0.4 0.6 1.6t0.4 1.3q0 0.4-0.6 1t-0.6 0.8q0 0.1 0.1 0.3 0.6 1.3 1.8 2.4 1 0.9 2.7 1.8 0.2 0.1 0.4 0.1 0.3 0 1-0.9t0.9-0.9zM14 26.9q2.3 0 4.3-0.9t3.6-2.4 2.4-3.6 0.9-4.3-0.9-4.3-2.4-3.6-3.6-2.4-4.3-0.9-4.3 0.9-3.6 2.4-2.4 3.6-0.9 4.3q0 3.6 2.1 6.6l-1.4 4.2 4.3-1.4q2.8 1.9 6.2 1.9zM14 2.2q2.7 0 5.2 1.1t4.3 2.9 2.9 4.3 1.1 5.2-1.1 5.2-2.9 4.3-4.3 2.9-5.2 1.1q-3.5 0-6.5-1.7l-7.4 2.4 2.4-7.2q-1.9-3.2-1.9-6.9 0-2.7 1.1-5.2t2.9-4.3 4.3-2.9 5.2-1.1z\"\/><\/svg><\/span><\/a><\/li><li class=\"shariff-button mailto shariff-nocustomcolor\" style=\"background-color:#a8a8a8\"><a href=\"mailto:?body=https%3A%2F%2Fmagazin.ikk-suedwest.de%2Fseptember-2025%2Fbeim-gaertnern-blueht-die-seele-auf%2F&subject=Beim%20G%C3%A4rtnern%20bl%C3%BCht%20die%20Seele%20auf\" title=\"Per E-Mail versenden\" aria-label=\"Per E-Mail versenden\" role=\"button\" rel=\"noopener nofollow\" class=\"shariff-link\" style=\"; background-color:#999; color:#fff\"><span class=\"shariff-icon\" style=\"\"><svg width=\"32px\" height=\"20px\" xmlns=\"http:\/\/www.w3.org\/2000\/svg\" viewBox=\"0 0 32 32\"><path fill=\"#999\" d=\"M32 12.7v14.2q0 1.2-0.8 2t-2 0.9h-26.3q-1.2 0-2-0.9t-0.8-2v-14.2q0.8 0.9 1.8 1.6 6.5 4.4 8.9 6.1 1 0.8 1.6 1.2t1.7 0.9 2 0.4h0.1q0.9 0 2-0.4t1.7-0.9 1.6-1.2q3-2.2 8.9-6.1 1-0.7 1.8-1.6zM32 7.4q0 1.4-0.9 2.7t-2.2 2.2q-6.7 4.7-8.4 5.8-0.2 0.1-0.7 0.5t-1 0.7-0.9 0.6-1.1 0.5-0.9 0.2h-0.1q-0.4 0-0.9-0.2t-1.1-0.5-0.9-0.6-1-0.7-0.7-0.5q-1.6-1.1-4.7-3.2t-3.6-2.6q-1.1-0.7-2.1-2t-1-2.5q0-1.4 0.7-2.3t2.1-0.9h26.3q1.2 0 2 0.8t0.9 2z\"\/><\/svg><\/span><\/a><\/li><\/ul><\/div>\n\n\n\n<div style=\"height:20px\" aria-hidden=\"true\" class=\"wp-block-spacer\"><\/div>\n\n\n\n<figure class=\"wp-block-image size-large\"><img loading=\"lazy\" decoding=\"async\" width=\"1024\" height=\"684\" src=\"https:\/\/magazin.ikk-suedwest.de\/september-2025\/wp-content\/uploads\/sites\/15\/2025\/08\/ikk_fm_2502_s12_gartenarbeit-1024x684.jpg\" alt=\"\" class=\"wp-image-8891\" srcset=\"https:\/\/magazin.ikk-suedwest.de\/september-2025\/wp-content\/uploads\/sites\/15\/2025\/08\/ikk_fm_2502_s12_gartenarbeit-1024x684.jpg 1024w, https:\/\/magazin.ikk-suedwest.de\/september-2025\/wp-content\/uploads\/sites\/15\/2025\/08\/ikk_fm_2502_s12_gartenarbeit-300x200.jpg 300w, https:\/\/magazin.ikk-suedwest.de\/september-2025\/wp-content\/uploads\/sites\/15\/2025\/08\/ikk_fm_2502_s12_gartenarbeit-768x513.jpg 768w, https:\/\/magazin.ikk-suedwest.de\/september-2025\/wp-content\/uploads\/sites\/15\/2025\/08\/ikk_fm_2502_s12_gartenarbeit-370x247.jpg 370w, https:\/\/magazin.ikk-suedwest.de\/september-2025\/wp-content\/uploads\/sites\/15\/2025\/08\/ikk_fm_2502_s12_gartenarbeit-270x180.jpg 270w, https:\/\/magazin.ikk-suedwest.de\/september-2025\/wp-content\/uploads\/sites\/15\/2025\/08\/ikk_fm_2502_s12_gartenarbeit-570x381.jpg 570w, https:\/\/magazin.ikk-suedwest.de\/september-2025\/wp-content\/uploads\/sites\/15\/2025\/08\/ikk_fm_2502_s12_gartenarbeit-749x500.jpg 749w, https:\/\/magazin.ikk-suedwest.de\/september-2025\/wp-content\/uploads\/sites\/15\/2025\/08\/ikk_fm_2502_s12_gartenarbeit-740x494.jpg 740w, https:\/\/magazin.ikk-suedwest.de\/september-2025\/wp-content\/uploads\/sites\/15\/2025\/08\/ikk_fm_2502_s12_gartenarbeit.jpg 1225w\" sizes=\"auto, (max-width: 1024px) 100vw, 1024px\" \/><figcaption class=\"wp-element-caption\">Auch mit stolzen 100 Jahren noch mit gro\u00dfer Freude dabei: Gisela Placzke<\/figcaption><\/figure>\n\n\n\n<h1 class=\"wp-block-heading\"><strong>Beim G\u00e4rtnern bl\u00fcht die Seele auf<\/strong><\/h1>\n\n\n\n<p class=\"has-gridlove-acc-color has-text-color has-link-color has-medium-font-size wp-elements-31de88b67c0c6a8ea2f1cc08b558bd47 wp-block-paragraph\">Gartenarbeit als Therapie: Im Seniorenstift St. Katharina wird das G\u00e4rtnern zum Schl\u00fcssel f\u00fcr mehr Lebensfreude, Aktivit\u00e4t und Gemeinschaft im Alter. Ein innovatives Projekt, das zeigt, wie Naturerleben heilsame Impulse setzen kann \u2013 selbst bei Demenz.<\/p>\n\n\n\n<p class=\"wp-block-paragraph\">Gisela Placzke liebt die Natur. Behutsam beugt sich die 100-j\u00e4hrige Seniorin \u00fcber einen duftenden Rosenstrauch, gie\u00dft etwas Wasser rund um die Wurzeln, streicht zart \u00fcber die samtigen Bl\u00e4tter. Wenig sp\u00e4ter spaziert sie \u2013 den Rollator fest im Griff \u2013 um den kleinen, idyllischen Gartenteich und schnuppert an den Kr\u00e4utern, die sich aus dem Hochbeet Richtung Sonne recken: Salbei, Minze, Lavendel \u2013 vertraute D\u00fcfte, die Erinnerungen an ihren fr\u00fcheren Garten wecken.<\/p>\n\n\n\n<p class=\"wp-block-paragraph\">Seit zwei Jahren lebt Gisela Placzke im Seniorenstift St. Katharina in Treis-Karden, nord\u00f6stlich von Cochem. Dass sie auch hier nicht auf ihr geliebtes G\u00e4rtnern verzichten muss, verdankt sie einem besonderen Therapieprojekt, das die Einrichtung mit Unterst\u00fctzung der IKK S\u00fcdwest und des Instituts \u201eG\u00e4rten helfen Leben\u201c seit M\u00e4rz 2025 anbietet. Seitdem bl\u00fchen hier nicht nur Blumen, Kr\u00e4uter und Str\u00e4ucher, auch das Miteinander der 74 Bewohner im Alter zwischen 62 und 100 Jahren ist sp\u00fcrbar lebendiger geworden.<\/p>\n\n\n\n<p class=\"wp-block-paragraph\">Die IKK S\u00fcdwest unterst\u00fctzt nicht nur bei der Durchf\u00fchrung des wissenschaftlich evaluierten Projekts, sondern f\u00f6rdert auch die Qualifizierung des Personals f\u00fcr eine nachhaltige Umsetzung. Zwei Mitarbeitende des Seniorenstifts lassen sich derzeit zu anerkannten gartentherapeutischen Assistenzkr\u00e4ften ausbilden, inklusive Abschlussdiplom. In 14 Praxiseinheiten, erg\u00e4nzt durch theoretische Online-Seminare, wird \u00fcber sieben Monate hinweg mit den Senioren gearbeitet \u2013 stets abgestimmt auf ihre k\u00f6rperliche und mentale Verfassung. Ziel ist es, bis Jahresende ein tragf\u00e4higes, individuelles Konzept zu entwickeln und die Gartentherapie dauerhaft im Pflegealltag zu verankern.<\/p>\n\n\n\n<figure class=\"wp-block-image size-full\"><img loading=\"lazy\" decoding=\"async\" width=\"620\" height=\"328\" src=\"https:\/\/magazin.ikk-suedwest.de\/september-2025\/wp-content\/uploads\/sites\/15\/2025\/08\/ikk_fm_2502_beitragsbild_s13_gartenarbeit.jpg\" alt=\"\" class=\"wp-image-8892\" srcset=\"https:\/\/magazin.ikk-suedwest.de\/september-2025\/wp-content\/uploads\/sites\/15\/2025\/08\/ikk_fm_2502_beitragsbild_s13_gartenarbeit.jpg 620w, https:\/\/magazin.ikk-suedwest.de\/september-2025\/wp-content\/uploads\/sites\/15\/2025\/08\/ikk_fm_2502_beitragsbild_s13_gartenarbeit-300x159.jpg 300w, https:\/\/magazin.ikk-suedwest.de\/september-2025\/wp-content\/uploads\/sites\/15\/2025\/08\/ikk_fm_2502_beitragsbild_s13_gartenarbeit-370x196.jpg 370w, https:\/\/magazin.ikk-suedwest.de\/september-2025\/wp-content\/uploads\/sites\/15\/2025\/08\/ikk_fm_2502_beitragsbild_s13_gartenarbeit-270x143.jpg 270w, https:\/\/magazin.ikk-suedwest.de\/september-2025\/wp-content\/uploads\/sites\/15\/2025\/08\/ikk_fm_2502_beitragsbild_s13_gartenarbeit-570x302.jpg 570w\" sizes=\"auto, (max-width: 620px) 100vw, 620px\" \/><figcaption class=\"wp-element-caption\"><em>Gelungenes Gemeinschaftsprojekt Gartentherapie: Nadine Fu\u00dfinger, Gesundheitsberaterin der IKK S\u00fcdwest, Diana Retterath, Leiterin Soziale Betreuung im Seniorenstift St. Katharina, Doris Schneiders, Leiterin des Seniorenstifts, und Astrid Sch\u00e4fer vom Institut \u201eG\u00e4rten helfen Leben\u201c (v. l. stehend) mit Bewohnern und ihren Betreuungskr\u00e4ften<\/em><\/figcaption><\/figure>\n\n\n\n<h2 class=\"wp-block-heading\">Kleine, aber feine Erfolgserlebnisse<\/h2>\n\n\n\n<p class=\"wp-block-paragraph\">\u201eEs geht nicht nur ums Pflanzen, Gie\u00dfen und Unkrautj\u00e4ten. Im Mittelpunkt steht das sinnliche Erleben, das kreative Gestalten, das Erinnern, die Gemeinschaft\u201c, erkl\u00e4rt Astrid Sch\u00e4fer, Garten-Coachin beim Institut \u201eG\u00e4rten helfen Leben\u201c.<\/p>\n\n\n\n<p class=\"wp-block-paragraph\">Rosen werden nicht nur gepflegt, sondern auch erschnuppert. Kr\u00e4uter werden geerntet, ertastet, besprochen \u2013 und zu aromatischem Kr\u00e4uterquark verarbeitet. Kartoffeln wachsen als kleine pers\u00f6nliche Projekte heran: Jeder Pflanzentopf wird zur Aufgabe, jeder frische Trieb zum Erfolgserlebnis. Das G\u00e4rtnern durchzieht mittlerweile den gesamten Alltag der Einrichtung \u2013 mit Blumentischen, Duftreisen und Gespr\u00e4chen \u00fcber Gartenerinnerungen.<\/p>\n\n\n\n<p class=\"wp-block-paragraph\">Diana Retterath, Leiterin Soziale Betreuung im Seniorenstift, beobachtet die positiven Effekte: \u201eGerade Bewohner mit mittlerer bis schwerer Demenz \u00f6ffnen sich durch das G\u00e4rtnern. Sie sind ausgeglichener, zugewandter, emotional zug\u00e4nglicher \u2013 das kann auch unsere Pflegekr\u00e4fte entlasten.\u201c<\/p>\n\n\n\n<p class=\"wp-block-paragraph\">Auch Nadine Fu\u00dfinger, Gesundheitsberaterin der IKK S\u00fcdwest, best\u00e4tigt: \u201eBereits nach wenigen Wochen waren positive Entwicklungen sp\u00fcrbar.\u201c Die Gartentherapie f\u00f6rdere nicht nur Lebensfreude, sondern auch k\u00f6rperliche Aktivit\u00e4t und kognitive F\u00e4higkeiten.<\/p>\n\n\n\n<h2 class=\"wp-block-heading\">Positive Wirkung wissenschaftlich belegt<\/h2>\n\n\n\n<p class=\"wp-block-paragraph\">Ihre Wirkung l\u00e4sst sich auch wissenschaftlich belegen: Studien zeigen, dass gemeinschaftliches G\u00e4rtnern das Immunsystem st\u00e4rkt, Herz und Kreislauf aktiviert und depressive Verstimmungen lindern kann. Besonders im Alter, wenn Beweglichkeit und Selbstst\u00e4ndigkeit nachlassen, wird der Garten zum vertrauten, lebendigen Ort \u2013 voller M\u00f6glichkeiten zur Teilhabe.<\/p>\n\n\n\n<p class=\"wp-block-paragraph\">Und Gisela Placzke? Sie genie\u00dft jeden Tag das Miteinander, die N\u00e4he zur Natur \u2013 und verr\u00e4t mit einem seligen L\u00e4cheln, warum ausgerechnet Nelken ihr Herz ber\u00fchren: \u201eNelken sind meine Lieblingsblumen. Denn sie erinnern mich an meinen damaligen Brautstrau\u00df.\u201c<\/p>\n\n\n\n<p class=\"wp-block-paragraph\"><a href=\"https:\/\/jobaktiv.ikk-suedwest.de\/qualitaetsversprechen\/kompetenzteam\/\" target=\"_blank\" rel=\"noreferrer noopener\"><strong><strong>Mehr Infos zur Gartentherapie erhalten Sie von Ihrem pers\u00f6nlichen<\/strong><\/strong> <em>Gesundheitsberater<\/em><\/a><\/p>\n\n\n\n<div class=\"wp-block-group has-gridlove-txt-color has-text-color has-link-color wp-elements-6558013fe7bca2d1715bc0a8ee96a826 is-layout-constrained wp-block-group-is-layout-constrained\">\n<div style=\"height:20px\" aria-hidden=\"true\" class=\"wp-block-spacer\"><\/div>\n\n\n\n<div class=\"wp-block-group is-layout-constrained wp-block-group-is-layout-constrained\"><div class=\"shariff shariff-align-left shariff-widget-align-left\"><ul class=\"shariff-buttons theme-round orientation-horizontal buttonsize-medium\"><li class=\"shariff-button facebook shariff-nocustomcolor\" style=\"background-color:#4273c8\"><a href=\"https:\/\/www.facebook.com\/sharer\/sharer.php?u=https%3A%2F%2Fmagazin.ikk-suedwest.de%2Fseptember-2025%2Fbeim-gaertnern-blueht-die-seele-auf%2F\" title=\"Bei Facebook teilen\" aria-label=\"Bei Facebook teilen\" role=\"button\" rel=\"nofollow\" class=\"shariff-link\" style=\"; background-color:#3b5998; color:#fff\" target=\"_blank\"><span class=\"shariff-icon\" style=\"\"><svg width=\"32px\" height=\"20px\" xmlns=\"http:\/\/www.w3.org\/2000\/svg\" viewBox=\"0 0 18 32\"><path fill=\"#3b5998\" d=\"M17.1 0.2v4.7h-2.8q-1.5 0-2.1 0.6t-0.5 1.9v3.4h5.2l-0.7 5.3h-4.5v13.6h-5.5v-13.6h-4.5v-5.3h4.5v-3.9q0-3.3 1.9-5.2t5-1.8q2.6 0 4.1 0.2z\"\/><\/svg><\/span><\/a><\/li><li class=\"shariff-button whatsapp shariff-nocustomcolor\" style=\"background-color:#5cbe4a\"><a href=\"https:\/\/api.whatsapp.com\/send?text=https%3A%2F%2Fmagazin.ikk-suedwest.de%2Fseptember-2025%2Fbeim-gaertnern-blueht-die-seele-auf%2F%20Beim%20G%C3%A4rtnern%20bl%C3%BCht%20die%20Seele%20auf\" title=\"Bei Whatsapp teilen\" aria-label=\"Bei Whatsapp teilen\" role=\"button\" rel=\"noopener nofollow\" class=\"shariff-link\" style=\"; background-color:#34af23; color:#fff\" target=\"_blank\"><span class=\"shariff-icon\" style=\"\"><svg width=\"32px\" height=\"20px\" xmlns=\"http:\/\/www.w3.org\/2000\/svg\" viewBox=\"0 0 32 32\"><path fill=\"#34af23\" d=\"M17.6 17.4q0.2 0 1.7 0.8t1.6 0.9q0 0.1 0 0.3 0 0.6-0.3 1.4-0.3 0.7-1.3 1.2t-1.8 0.5q-1 0-3.4-1.1-1.7-0.8-3-2.1t-2.6-3.3q-1.3-1.9-1.3-3.5v-0.1q0.1-1.6 1.3-2.8 0.4-0.4 0.9-0.4 0.1 0 0.3 0t0.3 0q0.3 0 0.5 0.1t0.3 0.5q0.1 0.4 0.6 1.6t0.4 1.3q0 0.4-0.6 1t-0.6 0.8q0 0.1 0.1 0.3 0.6 1.3 1.8 2.4 1 0.9 2.7 1.8 0.2 0.1 0.4 0.1 0.3 0 1-0.9t0.9-0.9zM14 26.9q2.3 0 4.3-0.9t3.6-2.4 2.4-3.6 0.9-4.3-0.9-4.3-2.4-3.6-3.6-2.4-4.3-0.9-4.3 0.9-3.6 2.4-2.4 3.6-0.9 4.3q0 3.6 2.1 6.6l-1.4 4.2 4.3-1.4q2.8 1.9 6.2 1.9zM14 2.2q2.7 0 5.2 1.1t4.3 2.9 2.9 4.3 1.1 5.2-1.1 5.2-2.9 4.3-4.3 2.9-5.2 1.1q-3.5 0-6.5-1.7l-7.4 2.4 2.4-7.2q-1.9-3.2-1.9-6.9 0-2.7 1.1-5.2t2.9-4.3 4.3-2.9 5.2-1.1z\"\/><\/svg><\/span><\/a><\/li><li class=\"shariff-button mailto shariff-nocustomcolor\" style=\"background-color:#a8a8a8\"><a href=\"mailto:?body=https%3A%2F%2Fmagazin.ikk-suedwest.de%2Fseptember-2025%2Fbeim-gaertnern-blueht-die-seele-auf%2F&subject=Beim%20G%C3%A4rtnern%20bl%C3%BCht%20die%20Seele%20auf\" title=\"Per E-Mail versenden\" aria-label=\"Per E-Mail versenden\" role=\"button\" rel=\"noopener nofollow\" class=\"shariff-link\" style=\"; background-color:#999; color:#fff\"><span class=\"shariff-icon\" style=\"\"><svg width=\"32px\" height=\"20px\" xmlns=\"http:\/\/www.w3.org\/2000\/svg\" viewBox=\"0 0 32 32\"><path fill=\"#999\" d=\"M32 12.7v14.2q0 1.2-0.8 2t-2 0.9h-26.3q-1.2 0-2-0.9t-0.8-2v-14.2q0.8 0.9 1.8 1.6 6.5 4.4 8.9 6.1 1 0.8 1.6 1.2t1.7 0.9 2 0.4h0.1q0.9 0 2-0.4t1.7-0.9 1.6-1.2q3-2.2 8.9-6.1 1-0.7 1.8-1.6zM32 7.4q0 1.4-0.9 2.7t-2.2 2.2q-6.7 4.7-8.4 5.8-0.2 0.1-0.7 0.5t-1 0.7-0.9 0.6-1.1 0.5-0.9 0.2h-0.1q-0.4 0-0.9-0.2t-1.1-0.5-0.9-0.6-1-0.7-0.7-0.5q-1.6-1.1-4.7-3.2t-3.6-2.6q-1.1-0.7-2.1-2t-1-2.5q0-1.4 0.7-2.3t2.1-0.9h26.3q1.2 0 2 0.8t0.9 2z\"\/><\/svg><\/span><\/a><\/li><\/ul><\/div>\n<\/div>\n<\/div>\n\n\n\n<div style=\"height:30px\" aria-hidden=\"true\" class=\"wp-block-spacer\"><\/div>\n\n\n\n<div class=\"wp-block-buttons is-horizontal is-content-justification-left is-layout-flex wp-container-core-buttons-is-layout-39697d9b wp-block-buttons-is-layout-flex\">\n<div class=\"wp-block-button\"><a class=\"wp-block-button__link has-background wp-element-button\" href=\"javascript:history.back()\" style=\"background-color:#009de9\">Zur\u00fcck<\/a><\/div>\n<\/div>\n","protected":false},"excerpt":{"rendered":"<p>Gartenarbeit als Therapie: Im Seniorenstift St. Katharina wird das G\u00e4rtnern zum Schl\u00fcssel f\u00fcr mehr Lebensfreude &#8230;<\/p>\n","protected":false},"author":1,"featured_media":8891,"comment_status":"closed","ping_status":"open","sticky":false,"template":"","format":"standard","meta":{"_acf_changed":false,"_crdt_document":"","favoriteCount":8,"footnotes":""},"categories":[54],"tags":[],"class_list":["post-8817","post","type-post","status-publish","format-standard","has-post-thumbnail","hentry","category-service"],"acf":[],"yoast_head":"<!-- This site is optimized with the Yoast SEO plugin v27.4 - https:\/\/yoast.com\/product\/yoast-seo-wordpress\/ -->\n<title>Beim G\u00e4rtnern bl\u00fcht die Seele auf - September 2025<\/title>\n<meta name=\"robots\" content=\"noindex, follow, max-snippet:-1, max-image-preview:large, max-video-preview:-1\" \/>\n<meta property=\"og:locale\" content=\"de_DE\" \/>\n<meta property=\"og:type\" content=\"article\" \/>\n<meta property=\"og:title\" content=\"Beim G\u00e4rtnern bl\u00fcht die Seele auf - September 2025\" \/>\n<meta property=\"og:description\" content=\"Gartenarbeit als Therapie: Im Seniorenstift St. Katharina wird das G\u00e4rtnern zum Schl\u00fcssel f\u00fcr mehr Lebensfreude ...\" \/>\n<meta property=\"og:url\" content=\"https:\/\/magazin.ikk-suedwest.de\/september-2025\/beim-gaertnern-blueht-die-seele-auf\/\" \/>\n<meta property=\"og:site_name\" content=\"September 2025\" \/>\n<meta property=\"article:published_time\" content=\"2025-08-21T09:03:14+00:00\" \/>\n<meta property=\"article:modified_time\" content=\"2025-08-25T11:31:13+00:00\" \/>\n<meta property=\"og:image\" content=\"https:\/\/magazin.ikk-suedwest.de\/september-2025\/wp-content\/uploads\/sites\/15\/2025\/08\/ikk_fm_2502_s12_gartenarbeit.jpg\" \/>\n\t<meta property=\"og:image:width\" content=\"1225\" \/>\n\t<meta property=\"og:image:height\" content=\"818\" \/>\n\t<meta property=\"og:image:type\" content=\"image\/jpeg\" \/>\n<meta name=\"author\" content=\"fbo_master\" \/>\n<meta name=\"twitter:card\" content=\"summary_large_image\" \/>\n<meta name=\"twitter:label1\" content=\"Geschrieben von\" \/>\n\t<meta name=\"twitter:data1\" content=\"fbo_master\" \/>\n\t<meta name=\"twitter:label2\" content=\"Gesch\u00e4tzte Lesezeit\" \/>\n\t<meta name=\"twitter:data2\" content=\"4\u00a0Minuten\" \/>\n<script type=\"application\/ld+json\" class=\"yoast-schema-graph\">{\"@context\":\"https:\\\/\\\/schema.org\",\"@graph\":[{\"@type\":\"Article\",\"@id\":\"https:\\\/\\\/magazin.ikk-suedwest.de\\\/september-2025\\\/beim-gaertnern-blueht-die-seele-auf\\\/#article\",\"isPartOf\":{\"@id\":\"https:\\\/\\\/magazin.ikk-suedwest.de\\\/september-2025\\\/beim-gaertnern-blueht-die-seele-auf\\\/\"},\"author\":{\"name\":\"fbo_master\",\"@id\":\"https:\\\/\\\/magazin.ikk-suedwest.de\\\/september-2025\\\/#\\\/schema\\\/person\\\/636237f711a5aed151e44ddcc2de114a\"},\"headline\":\"Beim G\u00e4rtnern bl\u00fcht die Seele auf\",\"datePublished\":\"2025-08-21T09:03:14+00:00\",\"dateModified\":\"2025-08-25T11:31:13+00:00\",\"mainEntityOfPage\":{\"@id\":\"https:\\\/\\\/magazin.ikk-suedwest.de\\\/september-2025\\\/beim-gaertnern-blueht-die-seele-auf\\\/\"},\"wordCount\":634,\"image\":{\"@id\":\"https:\\\/\\\/magazin.ikk-suedwest.de\\\/september-2025\\\/beim-gaertnern-blueht-die-seele-auf\\\/#primaryimage\"},\"thumbnailUrl\":\"https:\\\/\\\/magazin.ikk-suedwest.de\\\/september-2025\\\/wp-content\\\/uploads\\\/sites\\\/15\\\/2025\\\/08\\\/ikk_fm_2502_s12_gartenarbeit.jpg\",\"articleSection\":[\"Service\"],\"inLanguage\":\"de\"},{\"@type\":\"WebPage\",\"@id\":\"https:\\\/\\\/magazin.ikk-suedwest.de\\\/september-2025\\\/beim-gaertnern-blueht-die-seele-auf\\\/\",\"url\":\"https:\\\/\\\/magazin.ikk-suedwest.de\\\/september-2025\\\/beim-gaertnern-blueht-die-seele-auf\\\/\",\"name\":\"Beim G\u00e4rtnern bl\u00fcht die Seele auf - September 2025\",\"isPartOf\":{\"@id\":\"https:\\\/\\\/magazin.ikk-suedwest.de\\\/september-2025\\\/#website\"},\"primaryImageOfPage\":{\"@id\":\"https:\\\/\\\/magazin.ikk-suedwest.de\\\/september-2025\\\/beim-gaertnern-blueht-die-seele-auf\\\/#primaryimage\"},\"image\":{\"@id\":\"https:\\\/\\\/magazin.ikk-suedwest.de\\\/september-2025\\\/beim-gaertnern-blueht-die-seele-auf\\\/#primaryimage\"},\"thumbnailUrl\":\"https:\\\/\\\/magazin.ikk-suedwest.de\\\/september-2025\\\/wp-content\\\/uploads\\\/sites\\\/15\\\/2025\\\/08\\\/ikk_fm_2502_s12_gartenarbeit.jpg\",\"datePublished\":\"2025-08-21T09:03:14+00:00\",\"dateModified\":\"2025-08-25T11:31:13+00:00\",\"author\":{\"@id\":\"https:\\\/\\\/magazin.ikk-suedwest.de\\\/september-2025\\\/#\\\/schema\\\/person\\\/636237f711a5aed151e44ddcc2de114a\"},\"breadcrumb\":{\"@id\":\"https:\\\/\\\/magazin.ikk-suedwest.de\\\/september-2025\\\/beim-gaertnern-blueht-die-seele-auf\\\/#breadcrumb\"},\"inLanguage\":\"de\",\"potentialAction\":[{\"@type\":\"ReadAction\",\"target\":[\"https:\\\/\\\/magazin.ikk-suedwest.de\\\/september-2025\\\/beim-gaertnern-blueht-die-seele-auf\\\/\"]}]},{\"@type\":\"ImageObject\",\"inLanguage\":\"de\",\"@id\":\"https:\\\/\\\/magazin.ikk-suedwest.de\\\/september-2025\\\/beim-gaertnern-blueht-die-seele-auf\\\/#primaryimage\",\"url\":\"https:\\\/\\\/magazin.ikk-suedwest.de\\\/september-2025\\\/wp-content\\\/uploads\\\/sites\\\/15\\\/2025\\\/08\\\/ikk_fm_2502_s12_gartenarbeit.jpg\",\"contentUrl\":\"https:\\\/\\\/magazin.ikk-suedwest.de\\\/september-2025\\\/wp-content\\\/uploads\\\/sites\\\/15\\\/2025\\\/08\\\/ikk_fm_2502_s12_gartenarbeit.jpg\",\"width\":1225,\"height\":818},{\"@type\":\"BreadcrumbList\",\"@id\":\"https:\\\/\\\/magazin.ikk-suedwest.de\\\/september-2025\\\/beim-gaertnern-blueht-die-seele-auf\\\/#breadcrumb\",\"itemListElement\":[{\"@type\":\"ListItem\",\"position\":1,\"name\":\"Startseite\",\"item\":\"https:\\\/\\\/magazin.ikk-suedwest.de\\\/september-2025\\\/\"},{\"@type\":\"ListItem\",\"position\":2,\"name\":\"Beim G\u00e4rtnern bl\u00fcht die Seele auf\"}]},{\"@type\":\"WebSite\",\"@id\":\"https:\\\/\\\/magazin.ikk-suedwest.de\\\/september-2025\\\/#website\",\"url\":\"https:\\\/\\\/magazin.ikk-suedwest.de\\\/september-2025\\\/\",\"name\":\"September 2025\",\"description\":\"Eine weitere IKK Magazin Ausgaben Website\",\"potentialAction\":[{\"@type\":\"SearchAction\",\"target\":{\"@type\":\"EntryPoint\",\"urlTemplate\":\"https:\\\/\\\/magazin.ikk-suedwest.de\\\/september-2025\\\/?s={search_term_string}\"},\"query-input\":{\"@type\":\"PropertyValueSpecification\",\"valueRequired\":true,\"valueName\":\"search_term_string\"}}],\"inLanguage\":\"de\"},{\"@type\":\"Person\",\"@id\":\"https:\\\/\\\/magazin.ikk-suedwest.de\\\/september-2025\\\/#\\\/schema\\\/person\\\/636237f711a5aed151e44ddcc2de114a\",\"name\":\"fbo_master\",\"image\":{\"@type\":\"ImageObject\",\"inLanguage\":\"de\",\"@id\":\"https:\\\/\\\/secure.gravatar.com\\\/avatar\\\/5e042e587c1d6c68d3fadd024e871a65399da22a9ef5e23b274af331bde574af?s=96&d=mm&r=g\",\"url\":\"https:\\\/\\\/secure.gravatar.com\\\/avatar\\\/5e042e587c1d6c68d3fadd024e871a65399da22a9ef5e23b274af331bde574af?s=96&d=mm&r=g\",\"contentUrl\":\"https:\\\/\\\/secure.gravatar.com\\\/avatar\\\/5e042e587c1d6c68d3fadd024e871a65399da22a9ef5e23b274af331bde574af?s=96&d=mm&r=g\",\"caption\":\"fbo_master\"},\"sameAs\":[\"https:\\\/\\\/magazin.ikk-suedwest.de\"],\"url\":\"https:\\\/\\\/magazin.ikk-suedwest.de\\\/september-2025\\\/author\\\/fbo_master\\\/\"}]}<\/script>\n<!-- \/ Yoast SEO plugin. -->","yoast_head_json":{"title":"Beim G\u00e4rtnern bl\u00fcht die Seele auf - September 2025","robots":{"index":"noindex","follow":"follow","max-snippet":"max-snippet:-1","max-image-preview":"max-image-preview:large","max-video-preview":"max-video-preview:-1"},"og_locale":"de_DE","og_type":"article","og_title":"Beim G\u00e4rtnern bl\u00fcht die Seele auf - September 2025","og_description":"Gartenarbeit als Therapie: Im Seniorenstift St. Katharina wird das G\u00e4rtnern zum Schl\u00fcssel f\u00fcr mehr Lebensfreude ...","og_url":"https:\/\/magazin.ikk-suedwest.de\/september-2025\/beim-gaertnern-blueht-die-seele-auf\/","og_site_name":"September 2025","article_published_time":"2025-08-21T09:03:14+00:00","article_modified_time":"2025-08-25T11:31:13+00:00","og_image":[{"width":1225,"height":818,"url":"https:\/\/magazin.ikk-suedwest.de\/september-2025\/wp-content\/uploads\/sites\/15\/2025\/08\/ikk_fm_2502_s12_gartenarbeit.jpg","type":"image\/jpeg"}],"author":"fbo_master","twitter_card":"summary_large_image","twitter_misc":{"Geschrieben von":"fbo_master","Gesch\u00e4tzte Lesezeit":"4\u00a0Minuten"},"schema":{"@context":"https:\/\/schema.org","@graph":[{"@type":"Article","@id":"https:\/\/magazin.ikk-suedwest.de\/september-2025\/beim-gaertnern-blueht-die-seele-auf\/#article","isPartOf":{"@id":"https:\/\/magazin.ikk-suedwest.de\/september-2025\/beim-gaertnern-blueht-die-seele-auf\/"},"author":{"name":"fbo_master","@id":"https:\/\/magazin.ikk-suedwest.de\/september-2025\/#\/schema\/person\/636237f711a5aed151e44ddcc2de114a"},"headline":"Beim G\u00e4rtnern bl\u00fcht die Seele auf","datePublished":"2025-08-21T09:03:14+00:00","dateModified":"2025-08-25T11:31:13+00:00","mainEntityOfPage":{"@id":"https:\/\/magazin.ikk-suedwest.de\/september-2025\/beim-gaertnern-blueht-die-seele-auf\/"},"wordCount":634,"image":{"@id":"https:\/\/magazin.ikk-suedwest.de\/september-2025\/beim-gaertnern-blueht-die-seele-auf\/#primaryimage"},"thumbnailUrl":"https:\/\/magazin.ikk-suedwest.de\/september-2025\/wp-content\/uploads\/sites\/15\/2025\/08\/ikk_fm_2502_s12_gartenarbeit.jpg","articleSection":["Service"],"inLanguage":"de"},{"@type":"WebPage","@id":"https:\/\/magazin.ikk-suedwest.de\/september-2025\/beim-gaertnern-blueht-die-seele-auf\/","url":"https:\/\/magazin.ikk-suedwest.de\/september-2025\/beim-gaertnern-blueht-die-seele-auf\/","name":"Beim G\u00e4rtnern bl\u00fcht die Seele auf - September 2025","isPartOf":{"@id":"https:\/\/magazin.ikk-suedwest.de\/september-2025\/#website"},"primaryImageOfPage":{"@id":"https:\/\/magazin.ikk-suedwest.de\/september-2025\/beim-gaertnern-blueht-die-seele-auf\/#primaryimage"},"image":{"@id":"https:\/\/magazin.ikk-suedwest.de\/september-2025\/beim-gaertnern-blueht-die-seele-auf\/#primaryimage"},"thumbnailUrl":"https:\/\/magazin.ikk-suedwest.de\/september-2025\/wp-content\/uploads\/sites\/15\/2025\/08\/ikk_fm_2502_s12_gartenarbeit.jpg","datePublished":"2025-08-21T09:03:14+00:00","dateModified":"2025-08-25T11:31:13+00:00","author":{"@id":"https:\/\/magazin.ikk-suedwest.de\/september-2025\/#\/schema\/person\/636237f711a5aed151e44ddcc2de114a"},"breadcrumb":{"@id":"https:\/\/magazin.ikk-suedwest.de\/september-2025\/beim-gaertnern-blueht-die-seele-auf\/#breadcrumb"},"inLanguage":"de","potentialAction":[{"@type":"ReadAction","target":["https:\/\/magazin.ikk-suedwest.de\/september-2025\/beim-gaertnern-blueht-die-seele-auf\/"]}]},{"@type":"ImageObject","inLanguage":"de","@id":"https:\/\/magazin.ikk-suedwest.de\/september-2025\/beim-gaertnern-blueht-die-seele-auf\/#primaryimage","url":"https:\/\/magazin.ikk-suedwest.de\/september-2025\/wp-content\/uploads\/sites\/15\/2025\/08\/ikk_fm_2502_s12_gartenarbeit.jpg","contentUrl":"https:\/\/magazin.ikk-suedwest.de\/september-2025\/wp-content\/uploads\/sites\/15\/2025\/08\/ikk_fm_2502_s12_gartenarbeit.jpg","width":1225,"height":818},{"@type":"BreadcrumbList","@id":"https:\/\/magazin.ikk-suedwest.de\/september-2025\/beim-gaertnern-blueht-die-seele-auf\/#breadcrumb","itemListElement":[{"@type":"ListItem","position":1,"name":"Startseite","item":"https:\/\/magazin.ikk-suedwest.de\/september-2025\/"},{"@type":"ListItem","position":2,"name":"Beim G\u00e4rtnern bl\u00fcht die Seele auf"}]},{"@type":"WebSite","@id":"https:\/\/magazin.ikk-suedwest.de\/september-2025\/#website","url":"https:\/\/magazin.ikk-suedwest.de\/september-2025\/","name":"September 2025","description":"Eine weitere IKK Magazin Ausgaben Website","potentialAction":[{"@type":"SearchAction","target":{"@type":"EntryPoint","urlTemplate":"https:\/\/magazin.ikk-suedwest.de\/september-2025\/?s={search_term_string}"},"query-input":{"@type":"PropertyValueSpecification","valueRequired":true,"valueName":"search_term_string"}}],"inLanguage":"de"},{"@type":"Person","@id":"https:\/\/magazin.ikk-suedwest.de\/september-2025\/#\/schema\/person\/636237f711a5aed151e44ddcc2de114a","name":"fbo_master","image":{"@type":"ImageObject","inLanguage":"de","@id":"https:\/\/secure.gravatar.com\/avatar\/5e042e587c1d6c68d3fadd024e871a65399da22a9ef5e23b274af331bde574af?s=96&d=mm&r=g","url":"https:\/\/secure.gravatar.com\/avatar\/5e042e587c1d6c68d3fadd024e871a65399da22a9ef5e23b274af331bde574af?s=96&d=mm&r=g","contentUrl":"https:\/\/secure.gravatar.com\/avatar\/5e042e587c1d6c68d3fadd024e871a65399da22a9ef5e23b274af331bde574af?s=96&d=mm&r=g","caption":"fbo_master"},"sameAs":["https:\/\/magazin.ikk-suedwest.de"],"url":"https:\/\/magazin.ikk-suedwest.de\/september-2025\/author\/fbo_master\/"}]}},"_links":{"self":[{"href":"https:\/\/magazin.ikk-suedwest.de\/september-2025\/wp-json\/wp\/v2\/posts\/8817","targetHints":{"allow":["GET"]}}],"collection":[{"href":"https:\/\/magazin.ikk-suedwest.de\/september-2025\/wp-json\/wp\/v2\/posts"}],"about":[{"href":"https:\/\/magazin.ikk-suedwest.de\/september-2025\/wp-json\/wp\/v2\/types\/post"}],"author":[{"embeddable":true,"href":"https:\/\/magazin.ikk-suedwest.de\/september-2025\/wp-json\/wp\/v2\/users\/1"}],"replies":[{"embeddable":true,"href":"https:\/\/magazin.ikk-suedwest.de\/september-2025\/wp-json\/wp\/v2\/comments?post=8817"}],"version-history":[{"count":6,"href":"https:\/\/magazin.ikk-suedwest.de\/september-2025\/wp-json\/wp\/v2\/posts\/8817\/revisions"}],"predecessor-version":[{"id":9036,"href":"https:\/\/magazin.ikk-suedwest.de\/september-2025\/wp-json\/wp\/v2\/posts\/8817\/revisions\/9036"}],"wp:featuredmedia":[{"embeddable":true,"href":"https:\/\/magazin.ikk-suedwest.de\/september-2025\/wp-json\/wp\/v2\/media\/8891"}],"wp:attachment":[{"href":"https:\/\/magazin.ikk-suedwest.de\/september-2025\/wp-json\/wp\/v2\/media?parent=8817"}],"wp:term":[{"taxonomy":"category","embeddable":true,"href":"https:\/\/magazin.ikk-suedwest.de\/september-2025\/wp-json\/wp\/v2\/categories?post=8817"},{"taxonomy":"post_tag","embeddable":true,"href":"https:\/\/magazin.ikk-suedwest.de\/september-2025\/wp-json\/wp\/v2\/tags?post=8817"}],"curies":[{"name":"wp","href":"https:\/\/api.w.org\/{rel}","templated":true}]}}