{"id":8820,"date":"2025-08-21T11:03:38","date_gmt":"2025-08-21T09:03:38","guid":{"rendered":"https:\/\/magazin.ikk-suedwest.de\/september-2025\/?p=8820"},"modified":"2025-09-05T10:26:26","modified_gmt":"2025-09-05T08:26:26","slug":"mir-wurde-klar-es-musste-sich-etwas-aendern","status":"publish","type":"post","link":"https:\/\/magazin.ikk-suedwest.de\/september-2025\/mir-wurde-klar-es-musste-sich-etwas-aendern\/","title":{"rendered":"\u201eMir wurde klar: Es musste sich etwas \u00e4ndern\u201c"},"content":{"rendered":"<div class=\"shariff shariff-align-left shariff-widget-align-left\"><ul class=\"shariff-buttons theme-round orientation-horizontal buttonsize-medium\"><li class=\"shariff-button facebook shariff-nocustomcolor\" style=\"background-color:#4273c8\"><a href=\"https:\/\/www.facebook.com\/sharer\/sharer.php?u=https%3A%2F%2Fmagazin.ikk-suedwest.de%2Fseptember-2025%2Fmir-wurde-klar-es-musste-sich-etwas-aendern%2F\" title=\"Bei Facebook teilen\" aria-label=\"Bei Facebook teilen\" role=\"button\" rel=\"nofollow\" class=\"shariff-link\" style=\"; background-color:#3b5998; color:#fff\" target=\"_blank\"><span class=\"shariff-icon\" style=\"\"><svg width=\"32px\" height=\"20px\" xmlns=\"http:\/\/www.w3.org\/2000\/svg\" viewBox=\"0 0 18 32\"><path fill=\"#3b5998\" d=\"M17.1 0.2v4.7h-2.8q-1.5 0-2.1 0.6t-0.5 1.9v3.4h5.2l-0.7 5.3h-4.5v13.6h-5.5v-13.6h-4.5v-5.3h4.5v-3.9q0-3.3 1.9-5.2t5-1.8q2.6 0 4.1 0.2z\"\/><\/svg><\/span><\/a><\/li><li class=\"shariff-button whatsapp shariff-nocustomcolor\" style=\"background-color:#5cbe4a\"><a href=\"https:\/\/api.whatsapp.com\/send?text=https%3A%2F%2Fmagazin.ikk-suedwest.de%2Fseptember-2025%2Fmir-wurde-klar-es-musste-sich-etwas-aendern%2F%20%E2%80%9EMir%20wurde%20klar%3A%20Es%20musste%20sich%20etwas%20%C3%A4ndern%E2%80%9C\" title=\"Bei Whatsapp teilen\" aria-label=\"Bei Whatsapp teilen\" role=\"button\" rel=\"noopener nofollow\" class=\"shariff-link\" style=\"; background-color:#34af23; color:#fff\" target=\"_blank\"><span class=\"shariff-icon\" style=\"\"><svg width=\"32px\" height=\"20px\" xmlns=\"http:\/\/www.w3.org\/2000\/svg\" viewBox=\"0 0 32 32\"><path fill=\"#34af23\" d=\"M17.6 17.4q0.2 0 1.7 0.8t1.6 0.9q0 0.1 0 0.3 0 0.6-0.3 1.4-0.3 0.7-1.3 1.2t-1.8 0.5q-1 0-3.4-1.1-1.7-0.8-3-2.1t-2.6-3.3q-1.3-1.9-1.3-3.5v-0.1q0.1-1.6 1.3-2.8 0.4-0.4 0.9-0.4 0.1 0 0.3 0t0.3 0q0.3 0 0.5 0.1t0.3 0.5q0.1 0.4 0.6 1.6t0.4 1.3q0 0.4-0.6 1t-0.6 0.8q0 0.1 0.1 0.3 0.6 1.3 1.8 2.4 1 0.9 2.7 1.8 0.2 0.1 0.4 0.1 0.3 0 1-0.9t0.9-0.9zM14 26.9q2.3 0 4.3-0.9t3.6-2.4 2.4-3.6 0.9-4.3-0.9-4.3-2.4-3.6-3.6-2.4-4.3-0.9-4.3 0.9-3.6 2.4-2.4 3.6-0.9 4.3q0 3.6 2.1 6.6l-1.4 4.2 4.3-1.4q2.8 1.9 6.2 1.9zM14 2.2q2.7 0 5.2 1.1t4.3 2.9 2.9 4.3 1.1 5.2-1.1 5.2-2.9 4.3-4.3 2.9-5.2 1.1q-3.5 0-6.5-1.7l-7.4 2.4 2.4-7.2q-1.9-3.2-1.9-6.9 0-2.7 1.1-5.2t2.9-4.3 4.3-2.9 5.2-1.1z\"\/><\/svg><\/span><\/a><\/li><li class=\"shariff-button mailto shariff-nocustomcolor\" style=\"background-color:#a8a8a8\"><a href=\"mailto:?body=https%3A%2F%2Fmagazin.ikk-suedwest.de%2Fseptember-2025%2Fmir-wurde-klar-es-musste-sich-etwas-aendern%2F&subject=%E2%80%9EMir%20wurde%20klar%3A%20Es%20musste%20sich%20etwas%20%C3%A4ndern%E2%80%9C\" title=\"Per E-Mail versenden\" aria-label=\"Per E-Mail versenden\" role=\"button\" rel=\"noopener nofollow\" class=\"shariff-link\" style=\"; background-color:#999; color:#fff\"><span class=\"shariff-icon\" style=\"\"><svg width=\"32px\" height=\"20px\" xmlns=\"http:\/\/www.w3.org\/2000\/svg\" viewBox=\"0 0 32 32\"><path fill=\"#999\" d=\"M32 12.7v14.2q0 1.2-0.8 2t-2 0.9h-26.3q-1.2 0-2-0.9t-0.8-2v-14.2q0.8 0.9 1.8 1.6 6.5 4.4 8.9 6.1 1 0.8 1.6 1.2t1.7 0.9 2 0.4h0.1q0.9 0 2-0.4t1.7-0.9 1.6-1.2q3-2.2 8.9-6.1 1-0.7 1.8-1.6zM32 7.4q0 1.4-0.9 2.7t-2.2 2.2q-6.7 4.7-8.4 5.8-0.2 0.1-0.7 0.5t-1 0.7-0.9 0.6-1.1 0.5-0.9 0.2h-0.1q-0.4 0-0.9-0.2t-1.1-0.5-0.9-0.6-1-0.7-0.7-0.5q-1.6-1.1-4.7-3.2t-3.6-2.6q-1.1-0.7-2.1-2t-1-2.5q0-1.4 0.7-2.3t2.1-0.9h26.3q1.2 0 2 0.8t0.9 2z\"\/><\/svg><\/span><\/a><\/li><\/ul><\/div>\n\n\n\n<div style=\"height:20px\" aria-hidden=\"true\" class=\"wp-block-spacer\"><\/div>\n\n\n\n<figure class=\"wp-block-image size-large\"><img loading=\"lazy\" decoding=\"async\" width=\"1024\" height=\"684\" src=\"https:\/\/magazin.ikk-suedwest.de\/september-2025\/wp-content\/uploads\/sites\/15\/2025\/08\/ikk_fm_2502_s14_peter_maffay-1024x684.jpg\" alt=\"\" class=\"wp-image-8895\" srcset=\"https:\/\/magazin.ikk-suedwest.de\/september-2025\/wp-content\/uploads\/sites\/15\/2025\/08\/ikk_fm_2502_s14_peter_maffay-1024x684.jpg 1024w, https:\/\/magazin.ikk-suedwest.de\/september-2025\/wp-content\/uploads\/sites\/15\/2025\/08\/ikk_fm_2502_s14_peter_maffay-300x200.jpg 300w, https:\/\/magazin.ikk-suedwest.de\/september-2025\/wp-content\/uploads\/sites\/15\/2025\/08\/ikk_fm_2502_s14_peter_maffay-768x513.jpg 768w, https:\/\/magazin.ikk-suedwest.de\/september-2025\/wp-content\/uploads\/sites\/15\/2025\/08\/ikk_fm_2502_s14_peter_maffay-370x247.jpg 370w, https:\/\/magazin.ikk-suedwest.de\/september-2025\/wp-content\/uploads\/sites\/15\/2025\/08\/ikk_fm_2502_s14_peter_maffay-270x180.jpg 270w, https:\/\/magazin.ikk-suedwest.de\/september-2025\/wp-content\/uploads\/sites\/15\/2025\/08\/ikk_fm_2502_s14_peter_maffay-570x381.jpg 570w, https:\/\/magazin.ikk-suedwest.de\/september-2025\/wp-content\/uploads\/sites\/15\/2025\/08\/ikk_fm_2502_s14_peter_maffay-749x500.jpg 749w, https:\/\/magazin.ikk-suedwest.de\/september-2025\/wp-content\/uploads\/sites\/15\/2025\/08\/ikk_fm_2502_s14_peter_maffay-740x494.jpg 740w, https:\/\/magazin.ikk-suedwest.de\/september-2025\/wp-content\/uploads\/sites\/15\/2025\/08\/ikk_fm_2502_s14_peter_maffay.jpg 1225w\" sizes=\"auto, (max-width: 1024px) 100vw, 1024px\" \/><\/figure>\n\n\n\n<h1 class=\"wp-block-heading\"><strong>\u201eMir wurde klar: Es musste sich etwas \u00e4ndern\u201c<\/strong><\/h1>\n\n\n\n<p class=\"has-gridlove-acc-color has-text-color has-link-color has-medium-font-size wp-elements-15f9f8c1e9a85eb6c0df742fce363a5a wp-block-paragraph\">Mit 21 Nummer-eins-Alben und \u00fcber 50 Millionen verkauften Tontr\u00e4gern ist er der erfolgreichste Rockmusiker der Republik. Letztes Jahr feierte Peter Maffay seinen 75. Geburtstag \u2013 und verk\u00fcndete zugleich seinen Abschied von der Tournee-B\u00fchne. Im Gespr\u00e4ch verr\u00e4t uns die Rocklegende, warum er heute ges\u00fcnder lebt als je zuvor.<\/p>\n\n\n\n<p class=\"has-gridlove-acc-color has-text-color has-link-color wp-elements-86c0a2521aaf2c117d8b9f09f9dd7fa7 wp-block-paragraph\">He<em>rr Maffay, Sie haben letzten Sommer Ihren<\/em> <em>75. Geburtstag gefeiert \u2013 mit einer gro\u00dfen Farewell- Tournee. Sagen Sie dem Rock \u2018n\u2018 Roll endg\u00fcltig Goodbye?<\/em><\/p>\n\n\n\n<p class=\"wp-block-paragraph\"><strong>Peter Maffay: <\/strong>Keineswegs! Rock \u2018n\u2018 Roll ist mein Lebenselixier, Adrenalin pur! Ich brauche diese Energie, diese Dynamik, die kreative Arbeit im Studio, meine Musiker- Familie \u2013 all das h\u00e4lt mich jung. Es wird auch weiterhin einzelne Konzerte geben, aber gro\u00dfe, zusammenh\u00e4ngende Tourneen werde ich nicht mehr spielen.<\/p>\n\n\n\n<p class=\"has-gridlove-acc-color has-text-color has-link-color wp-elements-846964de42e416d033da3c809cbe67b5 wp-block-paragraph\"><em>Hei\u00dft das, Sie leben jetzt achtsamer?<\/em><\/p>\n\n\n\n<p class=\"wp-block-paragraph\">Absolut. In jungen Jahren denkt man weniger an den Wert der Lebenszeit. Heute wei\u00df ich, wie kostbar sie ist, und bem\u00fche mich, m\u00f6glichst wenig davon zu vergeuden.<\/p>\n\n\n\n<p class=\"has-gridlove-acc-color has-text-color has-link-color wp-elements-168a5b00da69b2dfe5fe57d7fe378426 wp-block-paragraph\"><em>Besch\u00e4ftigen Sie sich heute mehr mit Ihrer Gesundheit als fr\u00fcher?<\/em><\/p>\n\n\n\n<p class=\"wp-block-paragraph\">Definitiv. Ich habe mir jahrzehntelang nicht allzu viele Gedanken \u00fcber die Folgen meines Lebenswandels gemacht, weil ich von Krankheiten und \u00e4hnlichen Problemen verschont geblieben bin. Lange bildete ich mir ein, dass mich nicht wirklich etwas treffen kann, und habe ordentlich Gas gegeben. Das \u00e4nderte sich vor etlichen Jahren. Ein befreundeter Arzt stellte bei mir einen m\u00f6glichen Lungenkrebs fest. In den Stunden, die es dauerte, die Diagnose zu pr\u00fcfen, wurde mir klar, dass sich in meinem Leben etwas \u00e4ndern musste. Der Arzt hatte sich zum Gl\u00fcck geirrt, aber mir wurde vor Augen gef\u00fchrt, dass ich nicht unverletzlich bin.<\/p>\n\n\n\n<p class=\"has-gridlove-acc-color has-text-color has-link-color wp-elements-ec0617ec2274686daf83d9516d1637c8 wp-block-paragraph\"><em>Was haben Sie genau ver\u00e4ndert?<\/em><\/p>\n\n\n\n<p class=\"wp-block-paragraph\">Ich hatte bis dahin Kette geraucht und relativ viel Alkohol getrunken. Das hatte sich im Laufe der Jahre immer weiter gesteigert. Auf beides verzichtete ich von heute auf morgen. Zu meinem Erstaunen v\u00f6llig ohne Entzugserscheinungen. Zus\u00e4tzlich fing ich an, Sport zu treiben und habe meine Ern\u00e4hrung umgestellt \u2013 auch, um mein Gewicht zu halten. Innerhalb weniger Monate habe ich gemerkt, wie gut mir das bekommt und dass das genau der richtige Weg f\u00fcr mich ist.<\/p>\n\n\n\n<p class=\"has-gridlove-acc-color has-text-color has-link-color wp-elements-e5613c4a68ebc01813e24766f7025b1a wp-block-paragraph\"><em>Hat Ihre Stimme damals nicht unter Zigaretten und Alkohol gelitten?<\/em><\/p>\n\n\n\n<p class=\"wp-block-paragraph\">Doch, aber dieser Lebenswandel geh\u00f6rte einfach dazu. Einen braun gebrannten, muskelbepackten Rocker konnte sich niemand vorstellen. Man musste fertig und irgendwie gebrochen aussehen. Wir waren der Ansicht, dass wir nur so das Beste aus uns herausholen konnten. Das war damals reizvoll, aber r\u00fcckblickend betrachtet einfach nur bl\u00f6dsinnig. An diesem Lernprozess sind viele meiner Kollegen zerbrochen. Ich hatte Gl\u00fcck, dass diese Umkehr f\u00fcr mich zu einem Zeitpunkt stattfand, als sie noch machbar war. Seitdem rauche ich nicht mehr und trinke nur noch gelegentlich ein Glas Wein oder Bier, meistens jedoch Tee.<\/p>\n\n\n\n<figure class=\"wp-block-image size-full\"><img loading=\"lazy\" decoding=\"async\" width=\"620\" height=\"328\" src=\"https:\/\/magazin.ikk-suedwest.de\/september-2025\/wp-content\/uploads\/sites\/15\/2025\/08\/ikk_fm_2502_beitragsbild_s17_peter_maffay.jpg\" alt=\"\" class=\"wp-image-8903\" srcset=\"https:\/\/magazin.ikk-suedwest.de\/september-2025\/wp-content\/uploads\/sites\/15\/2025\/08\/ikk_fm_2502_beitragsbild_s17_peter_maffay.jpg 620w, https:\/\/magazin.ikk-suedwest.de\/september-2025\/wp-content\/uploads\/sites\/15\/2025\/08\/ikk_fm_2502_beitragsbild_s17_peter_maffay-300x159.jpg 300w, https:\/\/magazin.ikk-suedwest.de\/september-2025\/wp-content\/uploads\/sites\/15\/2025\/08\/ikk_fm_2502_beitragsbild_s17_peter_maffay-370x196.jpg 370w, https:\/\/magazin.ikk-suedwest.de\/september-2025\/wp-content\/uploads\/sites\/15\/2025\/08\/ikk_fm_2502_beitragsbild_s17_peter_maffay-270x143.jpg 270w, https:\/\/magazin.ikk-suedwest.de\/september-2025\/wp-content\/uploads\/sites\/15\/2025\/08\/ikk_fm_2502_beitragsbild_s17_peter_maffay-570x302.jpg 570w\" sizes=\"auto, (max-width: 620px) 100vw, 620px\" \/><\/figure>\n\n\n\n<p class=\"has-gridlove-acc-color has-text-color has-link-color wp-elements-9b03d92746124d3e0df4925d944bcb36 wp-block-paragraph\"><em>Und welchen Sport bevorzugen Sie?<\/em><\/p>\n\n\n\n<p class=\"wp-block-paragraph\">Das Motorrad lasse ich mittlerweile viel \u00f6fter in der Garage stehen, allein schon wegen der Umwelt. Stattdessen schwinge ich mich regelm\u00e4\u00dfig aufs Mountainbike. Daf\u00fcr habe ich meine zwei bis drei Hausstrecken, zwischen 10 und 15 Kilometer lang, und die werden morgens abgefahren. Zus\u00e4tzlich gibt es bei uns im Tonstudio einen kleinen Fitnessraum. Darin stehen einige Ger\u00e4te und ein Laufband, um sich auszutoben und auch mal f\u00fcr sich allein zu sein. Obendrein mache ich 100 Liegest\u00fctze pro Tag. Danach f\u00fchle ich mich einfach besser.<\/p>\n\n\n\n<p class=\"has-gridlove-acc-color has-text-color has-link-color wp-elements-62af2e68034755a5b5f5143d07140195 wp-block-paragraph\"><em>Das klingt sehr diszipliniert &#8230;<\/em><\/p>\n\n\n\n<p class=\"wp-block-paragraph\">Das stimmt. Ich merke, dass die Anforderungen nur zu leisten sind, wenn ich mit einer gewissen Disziplin und Rhythmik lebe. Ich halte mich daran, und es funktioniert gut. Zudem habe ich einen sehr geregelten Tagesablauf. Ich bin Fr\u00fchaufsteher, genie\u00dfe den Tag und arbeite viel. Morgens bringe ich unsere Tochter in den Kindergarten und bin dann um 8 Uhr im B\u00fcro. Mein Tagesplan ist ziemlich dicht, aber ich k\u00f6nnte es absolut nicht genie\u00dfen, zu Hause herumzusitzen. Das w\u00fcrde auch mein Umfeld nicht genie\u00dfen. Die sind alle froh, dass ich noch in der Gegend herumturne.<\/p>\n\n\n\n<p class=\"has-gridlove-acc-color has-text-color has-link-color wp-elements-dbaba51210a3ccf6fa2ca36a4cdd9ac6 wp-block-paragraph\"><em>Sie waren eine Zeit lang Juror bei der Casting-Show \u201eThe Voice of Germany\u201c. H\u00e4tten Sie selbst in den 1960er-Jahren an so einer Talentshow teilgenommen?<\/em><\/p>\n\n\n\n<p class=\"wp-block-paragraph\">Eher nicht. Musik und eine Jury entsprechen nicht meiner Auffassung von Rock \u2018n\u2018 Roll. Das fing schon in der Schule an. Ich fand die Notenbewertung grauenhaft. Sie hat mir komplett die Lust auf das Lernen genommen, sodass ich in meinem letzten Schuljahr 185 Tage gefehlt habe, also eigentlich gar nicht mehr hingegangen bin. Wenn dann sp\u00e4ter in einer Jury Leute sa\u00dfen, die mich musikalisch bewertet haben, lief das f\u00fcr mich auf dasselbe hinaus.<br>Die einzige Bewertung, die ich akzeptiere, kommt vom Publikum. Wenn die Leute beim Konzert lieber Bier holen gehen, hat man schlecht gespielt.<\/p>\n\n\n\n<figure class=\"wp-block-image size-full\"><img loading=\"lazy\" decoding=\"async\" width=\"620\" height=\"328\" src=\"https:\/\/magazin.ikk-suedwest.de\/september-2025\/wp-content\/uploads\/sites\/15\/2025\/08\/ikk_fm_2502_beitragsbild_s16_peter_maffay.jpg\" alt=\"\" class=\"wp-image-8902\" srcset=\"https:\/\/magazin.ikk-suedwest.de\/september-2025\/wp-content\/uploads\/sites\/15\/2025\/08\/ikk_fm_2502_beitragsbild_s16_peter_maffay.jpg 620w, https:\/\/magazin.ikk-suedwest.de\/september-2025\/wp-content\/uploads\/sites\/15\/2025\/08\/ikk_fm_2502_beitragsbild_s16_peter_maffay-300x159.jpg 300w, https:\/\/magazin.ikk-suedwest.de\/september-2025\/wp-content\/uploads\/sites\/15\/2025\/08\/ikk_fm_2502_beitragsbild_s16_peter_maffay-370x196.jpg 370w, https:\/\/magazin.ikk-suedwest.de\/september-2025\/wp-content\/uploads\/sites\/15\/2025\/08\/ikk_fm_2502_beitragsbild_s16_peter_maffay-270x143.jpg 270w, https:\/\/magazin.ikk-suedwest.de\/september-2025\/wp-content\/uploads\/sites\/15\/2025\/08\/ikk_fm_2502_beitragsbild_s16_peter_maffay-570x302.jpg 570w\" sizes=\"auto, (max-width: 620px) 100vw, 620px\" \/><\/figure>\n\n\n\n<p class=\"has-gridlove-acc-color has-text-color has-link-color wp-elements-23de1f752eb66be4998c30174e606530 wp-block-paragraph\"><em>Vor Kurzem erschien Ihr Buch \u201eKein Weg zu weit \u2013 55 Jahre Rock \u2018n\u2018 Roll in Bildern\u201c. Ist es an der Zeit, Bilanz zu ziehen?<\/em><\/p>\n\n\n\n<p class=\"wp-block-paragraph\">Ich hatte mir zum Ziel gesetzt, Erinnerungen greifbar zu machen und sie mit dem Publikum zu teilen. Das war ein ambitioniertes Vorhaben, denn es galt, Unmengen von Fotos zu sichten und zu sortieren. W\u00e4hrend dieser Zeit wurde mir einmal mehr bewusst, wie gro\u00dfartig meine Lebensreise bis hierher war. Ich kann nur dankbar sein.<\/p>\n\n\n\n<p class=\"has-gridlove-acc-color has-text-color has-link-color wp-elements-67022a500ea6822a47a2e01ebafcbcee wp-block-paragraph\"><em>Wir danken f\u00fcr das Interview und w\u00fcnschen Ihnen weiterhin alles Gute!<\/em><\/p>\n\n\n\n<div style=\"height:30px\" aria-hidden=\"true\" class=\"wp-block-spacer\"><\/div>\n\n\n\n<div class=\"wp-block-group has-background is-layout-constrained wp-block-group-is-layout-constrained\" style=\"background-color:#dbdbdb\">\n<div class=\"wp-block-media-text is-stacked-on-mobile\" style=\"grid-template-columns:34% auto\"><figure class=\"wp-block-media-text__media\"><img loading=\"lazy\" decoding=\"async\" width=\"256\" height=\"321\" src=\"https:\/\/magazin.ikk-suedwest.de\/september-2025\/wp-content\/uploads\/sites\/15\/2025\/08\/ikk_fm_2502_beitragsbild_s17_maffay_buch.png\" alt=\"\" class=\"wp-image-8897 size-full\" srcset=\"https:\/\/magazin.ikk-suedwest.de\/september-2025\/wp-content\/uploads\/sites\/15\/2025\/08\/ikk_fm_2502_beitragsbild_s17_maffay_buch.png 256w, https:\/\/magazin.ikk-suedwest.de\/september-2025\/wp-content\/uploads\/sites\/15\/2025\/08\/ikk_fm_2502_beitragsbild_s17_maffay_buch-239x300.png 239w\" sizes=\"auto, (max-width: 256px) 100vw, 256px\" \/><\/figure><div class=\"wp-block-media-text__content\">\n<p class=\"has-gridlove-meta-color has-text-color has-link-color wp-elements-eab06ae325942589d72c28d37e8662fb wp-block-paragraph\">Erfahren Sie mehr u\u0308ber das bewegte Leben von Peter Maffay in seinem Buch \u201eKein Weg zu weit \u2013 55 Jahre Rock \u2018n\u2018 Roll in Bildern\u201c (Klartext Verlag, 240 Seiten, 49,95 Euro).<\/p>\n<\/div><\/div>\n<\/div>\n\n\n\n<div class=\"wp-block-group has-gridlove-txt-color has-text-color has-link-color wp-elements-6558013fe7bca2d1715bc0a8ee96a826 is-layout-constrained wp-block-group-is-layout-constrained\">\n<div style=\"height:20px\" aria-hidden=\"true\" class=\"wp-block-spacer\"><\/div>\n\n\n\n<div class=\"wp-block-group is-layout-constrained wp-block-group-is-layout-constrained\"><div class=\"shariff shariff-align-left shariff-widget-align-left\"><ul class=\"shariff-buttons theme-round orientation-horizontal buttonsize-medium\"><li class=\"shariff-button facebook shariff-nocustomcolor\" style=\"background-color:#4273c8\"><a href=\"https:\/\/www.facebook.com\/sharer\/sharer.php?u=https%3A%2F%2Fmagazin.ikk-suedwest.de%2Fseptember-2025%2Fmir-wurde-klar-es-musste-sich-etwas-aendern%2F\" title=\"Bei Facebook teilen\" aria-label=\"Bei Facebook teilen\" role=\"button\" rel=\"nofollow\" class=\"shariff-link\" style=\"; background-color:#3b5998; color:#fff\" target=\"_blank\"><span class=\"shariff-icon\" style=\"\"><svg width=\"32px\" height=\"20px\" xmlns=\"http:\/\/www.w3.org\/2000\/svg\" viewBox=\"0 0 18 32\"><path fill=\"#3b5998\" d=\"M17.1 0.2v4.7h-2.8q-1.5 0-2.1 0.6t-0.5 1.9v3.4h5.2l-0.7 5.3h-4.5v13.6h-5.5v-13.6h-4.5v-5.3h4.5v-3.9q0-3.3 1.9-5.2t5-1.8q2.6 0 4.1 0.2z\"\/><\/svg><\/span><\/a><\/li><li class=\"shariff-button whatsapp shariff-nocustomcolor\" style=\"background-color:#5cbe4a\"><a href=\"https:\/\/api.whatsapp.com\/send?text=https%3A%2F%2Fmagazin.ikk-suedwest.de%2Fseptember-2025%2Fmir-wurde-klar-es-musste-sich-etwas-aendern%2F%20%E2%80%9EMir%20wurde%20klar%3A%20Es%20musste%20sich%20etwas%20%C3%A4ndern%E2%80%9C\" title=\"Bei Whatsapp teilen\" aria-label=\"Bei Whatsapp teilen\" role=\"button\" rel=\"noopener nofollow\" class=\"shariff-link\" style=\"; background-color:#34af23; color:#fff\" target=\"_blank\"><span class=\"shariff-icon\" style=\"\"><svg width=\"32px\" height=\"20px\" xmlns=\"http:\/\/www.w3.org\/2000\/svg\" viewBox=\"0 0 32 32\"><path fill=\"#34af23\" d=\"M17.6 17.4q0.2 0 1.7 0.8t1.6 0.9q0 0.1 0 0.3 0 0.6-0.3 1.4-0.3 0.7-1.3 1.2t-1.8 0.5q-1 0-3.4-1.1-1.7-0.8-3-2.1t-2.6-3.3q-1.3-1.9-1.3-3.5v-0.1q0.1-1.6 1.3-2.8 0.4-0.4 0.9-0.4 0.1 0 0.3 0t0.3 0q0.3 0 0.5 0.1t0.3 0.5q0.1 0.4 0.6 1.6t0.4 1.3q0 0.4-0.6 1t-0.6 0.8q0 0.1 0.1 0.3 0.6 1.3 1.8 2.4 1 0.9 2.7 1.8 0.2 0.1 0.4 0.1 0.3 0 1-0.9t0.9-0.9zM14 26.9q2.3 0 4.3-0.9t3.6-2.4 2.4-3.6 0.9-4.3-0.9-4.3-2.4-3.6-3.6-2.4-4.3-0.9-4.3 0.9-3.6 2.4-2.4 3.6-0.9 4.3q0 3.6 2.1 6.6l-1.4 4.2 4.3-1.4q2.8 1.9 6.2 1.9zM14 2.2q2.7 0 5.2 1.1t4.3 2.9 2.9 4.3 1.1 5.2-1.1 5.2-2.9 4.3-4.3 2.9-5.2 1.1q-3.5 0-6.5-1.7l-7.4 2.4 2.4-7.2q-1.9-3.2-1.9-6.9 0-2.7 1.1-5.2t2.9-4.3 4.3-2.9 5.2-1.1z\"\/><\/svg><\/span><\/a><\/li><li class=\"shariff-button mailto shariff-nocustomcolor\" style=\"background-color:#a8a8a8\"><a href=\"mailto:?body=https%3A%2F%2Fmagazin.ikk-suedwest.de%2Fseptember-2025%2Fmir-wurde-klar-es-musste-sich-etwas-aendern%2F&subject=%E2%80%9EMir%20wurde%20klar%3A%20Es%20musste%20sich%20etwas%20%C3%A4ndern%E2%80%9C\" title=\"Per E-Mail versenden\" aria-label=\"Per E-Mail versenden\" role=\"button\" rel=\"noopener nofollow\" class=\"shariff-link\" style=\"; background-color:#999; color:#fff\"><span class=\"shariff-icon\" style=\"\"><svg width=\"32px\" height=\"20px\" xmlns=\"http:\/\/www.w3.org\/2000\/svg\" viewBox=\"0 0 32 32\"><path fill=\"#999\" d=\"M32 12.7v14.2q0 1.2-0.8 2t-2 0.9h-26.3q-1.2 0-2-0.9t-0.8-2v-14.2q0.8 0.9 1.8 1.6 6.5 4.4 8.9 6.1 1 0.8 1.6 1.2t1.7 0.9 2 0.4h0.1q0.9 0 2-0.4t1.7-0.9 1.6-1.2q3-2.2 8.9-6.1 1-0.7 1.8-1.6zM32 7.4q0 1.4-0.9 2.7t-2.2 2.2q-6.7 4.7-8.4 5.8-0.2 0.1-0.7 0.5t-1 0.7-0.9 0.6-1.1 0.5-0.9 0.2h-0.1q-0.4 0-0.9-0.2t-1.1-0.5-0.9-0.6-1-0.7-0.7-0.5q-1.6-1.1-4.7-3.2t-3.6-2.6q-1.1-0.7-2.1-2t-1-2.5q0-1.4 0.7-2.3t2.1-0.9h26.3q1.2 0 2 0.8t0.9 2z\"\/><\/svg><\/span><\/a><\/li><\/ul><\/div>\n<\/div>\n<\/div>\n\n\n\n<div style=\"height:30px\" aria-hidden=\"true\" class=\"wp-block-spacer\"><\/div>\n\n\n\n<div class=\"wp-block-buttons is-horizontal is-content-justification-left is-layout-flex wp-container-core-buttons-is-layout-39697d9b wp-block-buttons-is-layout-flex\">\n<div class=\"wp-block-button\"><a class=\"wp-block-button__link has-background wp-element-button\" href=\"javascript:history.back()\" style=\"background-color:#009de9\">Zur\u00fcck<\/a><\/div>\n<\/div>\n","protected":false},"excerpt":{"rendered":"<p>Mit 21 Nummer-eins-Alben und \u00fcber 50 Millionen verkauften Tontr\u00e4gern ist er der erfolgreichste Rockmusiker der Republik &#8230;<\/p>\n","protected":false},"author":1,"featured_media":9044,"comment_status":"closed","ping_status":"open","sticky":false,"template":"","format":"standard","meta":{"_acf_changed":false,"_crdt_document":"","favoriteCount":10,"footnotes":""},"categories":[8],"tags":[],"class_list":["post-8820","post","type-post","status-publish","format-standard","has-post-thumbnail","hentry","category-topthema"],"acf":[],"yoast_head":"<!-- This site is optimized with the Yoast SEO plugin v27.4 - https:\/\/yoast.com\/product\/yoast-seo-wordpress\/ -->\n<title>\u201eMir wurde klar: Es musste sich etwas \u00e4ndern\u201c - September 2025<\/title>\n<meta name=\"robots\" content=\"noindex, follow, max-snippet:-1, max-image-preview:large, max-video-preview:-1\" \/>\n<meta property=\"og:locale\" content=\"de_DE\" \/>\n<meta property=\"og:type\" content=\"article\" \/>\n<meta property=\"og:title\" content=\"\u201eMir wurde klar: Es musste sich etwas \u00e4ndern\u201c - September 2025\" \/>\n<meta property=\"og:description\" content=\"Mit 21 Nummer-eins-Alben und \u00fcber 50 Millionen verkauften Tontr\u00e4gern ist er der erfolgreichste Rockmusiker der Republik ...\" \/>\n<meta property=\"og:url\" content=\"https:\/\/magazin.ikk-suedwest.de\/september-2025\/mir-wurde-klar-es-musste-sich-etwas-aendern\/\" \/>\n<meta property=\"og:site_name\" content=\"September 2025\" \/>\n<meta property=\"article:published_time\" content=\"2025-08-21T09:03:38+00:00\" \/>\n<meta property=\"article:modified_time\" content=\"2025-09-05T08:26:26+00:00\" \/>\n<meta property=\"og:image\" content=\"https:\/\/magazin.ikk-suedwest.de\/september-2025\/wp-content\/uploads\/sites\/15\/2025\/08\/ikk_onlinemagazin_titel_2502_1500x768px_rgb.jpg\" \/>\n\t<meta property=\"og:image:width\" content=\"1500\" \/>\n\t<meta property=\"og:image:height\" content=\"768\" \/>\n\t<meta property=\"og:image:type\" content=\"image\/jpeg\" \/>\n<meta name=\"author\" content=\"fbo_master\" \/>\n<meta name=\"twitter:card\" content=\"summary_large_image\" \/>\n<meta name=\"twitter:label1\" content=\"Geschrieben von\" \/>\n\t<meta name=\"twitter:data1\" content=\"fbo_master\" \/>\n\t<meta name=\"twitter:label2\" content=\"Gesch\u00e4tzte Lesezeit\" \/>\n\t<meta name=\"twitter:data2\" content=\"6\u00a0Minuten\" \/>\n<script type=\"application\/ld+json\" class=\"yoast-schema-graph\">{\"@context\":\"https:\\\/\\\/schema.org\",\"@graph\":[{\"@type\":\"Article\",\"@id\":\"https:\\\/\\\/magazin.ikk-suedwest.de\\\/september-2025\\\/mir-wurde-klar-es-musste-sich-etwas-aendern\\\/#article\",\"isPartOf\":{\"@id\":\"https:\\\/\\\/magazin.ikk-suedwest.de\\\/september-2025\\\/mir-wurde-klar-es-musste-sich-etwas-aendern\\\/\"},\"author\":{\"name\":\"fbo_master\",\"@id\":\"https:\\\/\\\/magazin.ikk-suedwest.de\\\/september-2025\\\/#\\\/schema\\\/person\\\/636237f711a5aed151e44ddcc2de114a\"},\"headline\":\"\u201eMir wurde klar: Es musste sich etwas \u00e4ndern\u201c\",\"datePublished\":\"2025-08-21T09:03:38+00:00\",\"dateModified\":\"2025-09-05T08:26:26+00:00\",\"mainEntityOfPage\":{\"@id\":\"https:\\\/\\\/magazin.ikk-suedwest.de\\\/september-2025\\\/mir-wurde-klar-es-musste-sich-etwas-aendern\\\/\"},\"wordCount\":916,\"image\":{\"@id\":\"https:\\\/\\\/magazin.ikk-suedwest.de\\\/september-2025\\\/mir-wurde-klar-es-musste-sich-etwas-aendern\\\/#primaryimage\"},\"thumbnailUrl\":\"https:\\\/\\\/magazin.ikk-suedwest.de\\\/september-2025\\\/wp-content\\\/uploads\\\/sites\\\/15\\\/2025\\\/08\\\/ikk_onlinemagazin_titel_2502_1500x768px_rgb.jpg\",\"articleSection\":[\"Top-Thema\"],\"inLanguage\":\"de\"},{\"@type\":\"WebPage\",\"@id\":\"https:\\\/\\\/magazin.ikk-suedwest.de\\\/september-2025\\\/mir-wurde-klar-es-musste-sich-etwas-aendern\\\/\",\"url\":\"https:\\\/\\\/magazin.ikk-suedwest.de\\\/september-2025\\\/mir-wurde-klar-es-musste-sich-etwas-aendern\\\/\",\"name\":\"\u201eMir wurde klar: Es musste sich etwas \u00e4ndern\u201c - September 2025\",\"isPartOf\":{\"@id\":\"https:\\\/\\\/magazin.ikk-suedwest.de\\\/september-2025\\\/#website\"},\"primaryImageOfPage\":{\"@id\":\"https:\\\/\\\/magazin.ikk-suedwest.de\\\/september-2025\\\/mir-wurde-klar-es-musste-sich-etwas-aendern\\\/#primaryimage\"},\"image\":{\"@id\":\"https:\\\/\\\/magazin.ikk-suedwest.de\\\/september-2025\\\/mir-wurde-klar-es-musste-sich-etwas-aendern\\\/#primaryimage\"},\"thumbnailUrl\":\"https:\\\/\\\/magazin.ikk-suedwest.de\\\/september-2025\\\/wp-content\\\/uploads\\\/sites\\\/15\\\/2025\\\/08\\\/ikk_onlinemagazin_titel_2502_1500x768px_rgb.jpg\",\"datePublished\":\"2025-08-21T09:03:38+00:00\",\"dateModified\":\"2025-09-05T08:26:26+00:00\",\"author\":{\"@id\":\"https:\\\/\\\/magazin.ikk-suedwest.de\\\/september-2025\\\/#\\\/schema\\\/person\\\/636237f711a5aed151e44ddcc2de114a\"},\"breadcrumb\":{\"@id\":\"https:\\\/\\\/magazin.ikk-suedwest.de\\\/september-2025\\\/mir-wurde-klar-es-musste-sich-etwas-aendern\\\/#breadcrumb\"},\"inLanguage\":\"de\",\"potentialAction\":[{\"@type\":\"ReadAction\",\"target\":[\"https:\\\/\\\/magazin.ikk-suedwest.de\\\/september-2025\\\/mir-wurde-klar-es-musste-sich-etwas-aendern\\\/\"]}]},{\"@type\":\"ImageObject\",\"inLanguage\":\"de\",\"@id\":\"https:\\\/\\\/magazin.ikk-suedwest.de\\\/september-2025\\\/mir-wurde-klar-es-musste-sich-etwas-aendern\\\/#primaryimage\",\"url\":\"https:\\\/\\\/magazin.ikk-suedwest.de\\\/september-2025\\\/wp-content\\\/uploads\\\/sites\\\/15\\\/2025\\\/08\\\/ikk_onlinemagazin_titel_2502_1500x768px_rgb.jpg\",\"contentUrl\":\"https:\\\/\\\/magazin.ikk-suedwest.de\\\/september-2025\\\/wp-content\\\/uploads\\\/sites\\\/15\\\/2025\\\/08\\\/ikk_onlinemagazin_titel_2502_1500x768px_rgb.jpg\",\"width\":1500,\"height\":768},{\"@type\":\"BreadcrumbList\",\"@id\":\"https:\\\/\\\/magazin.ikk-suedwest.de\\\/september-2025\\\/mir-wurde-klar-es-musste-sich-etwas-aendern\\\/#breadcrumb\",\"itemListElement\":[{\"@type\":\"ListItem\",\"position\":1,\"name\":\"Startseite\",\"item\":\"https:\\\/\\\/magazin.ikk-suedwest.de\\\/september-2025\\\/\"},{\"@type\":\"ListItem\",\"position\":2,\"name\":\"\u201eMir wurde klar: Es musste sich etwas \u00e4ndern\u201c\"}]},{\"@type\":\"WebSite\",\"@id\":\"https:\\\/\\\/magazin.ikk-suedwest.de\\\/september-2025\\\/#website\",\"url\":\"https:\\\/\\\/magazin.ikk-suedwest.de\\\/september-2025\\\/\",\"name\":\"September 2025\",\"description\":\"Eine weitere IKK Magazin Ausgaben Website\",\"potentialAction\":[{\"@type\":\"SearchAction\",\"target\":{\"@type\":\"EntryPoint\",\"urlTemplate\":\"https:\\\/\\\/magazin.ikk-suedwest.de\\\/september-2025\\\/?s={search_term_string}\"},\"query-input\":{\"@type\":\"PropertyValueSpecification\",\"valueRequired\":true,\"valueName\":\"search_term_string\"}}],\"inLanguage\":\"de\"},{\"@type\":\"Person\",\"@id\":\"https:\\\/\\\/magazin.ikk-suedwest.de\\\/september-2025\\\/#\\\/schema\\\/person\\\/636237f711a5aed151e44ddcc2de114a\",\"name\":\"fbo_master\",\"image\":{\"@type\":\"ImageObject\",\"inLanguage\":\"de\",\"@id\":\"https:\\\/\\\/secure.gravatar.com\\\/avatar\\\/5e042e587c1d6c68d3fadd024e871a65399da22a9ef5e23b274af331bde574af?s=96&d=mm&r=g\",\"url\":\"https:\\\/\\\/secure.gravatar.com\\\/avatar\\\/5e042e587c1d6c68d3fadd024e871a65399da22a9ef5e23b274af331bde574af?s=96&d=mm&r=g\",\"contentUrl\":\"https:\\\/\\\/secure.gravatar.com\\\/avatar\\\/5e042e587c1d6c68d3fadd024e871a65399da22a9ef5e23b274af331bde574af?s=96&d=mm&r=g\",\"caption\":\"fbo_master\"},\"sameAs\":[\"https:\\\/\\\/magazin.ikk-suedwest.de\"],\"url\":\"https:\\\/\\\/magazin.ikk-suedwest.de\\\/september-2025\\\/author\\\/fbo_master\\\/\"}]}<\/script>\n<!-- \/ Yoast SEO plugin. -->","yoast_head_json":{"title":"\u201eMir wurde klar: Es musste sich etwas \u00e4ndern\u201c - September 2025","robots":{"index":"noindex","follow":"follow","max-snippet":"max-snippet:-1","max-image-preview":"max-image-preview:large","max-video-preview":"max-video-preview:-1"},"og_locale":"de_DE","og_type":"article","og_title":"\u201eMir wurde klar: Es musste sich etwas \u00e4ndern\u201c - September 2025","og_description":"Mit 21 Nummer-eins-Alben und \u00fcber 50 Millionen verkauften Tontr\u00e4gern ist er der erfolgreichste Rockmusiker der Republik ...","og_url":"https:\/\/magazin.ikk-suedwest.de\/september-2025\/mir-wurde-klar-es-musste-sich-etwas-aendern\/","og_site_name":"September 2025","article_published_time":"2025-08-21T09:03:38+00:00","article_modified_time":"2025-09-05T08:26:26+00:00","og_image":[{"width":1500,"height":768,"url":"https:\/\/magazin.ikk-suedwest.de\/september-2025\/wp-content\/uploads\/sites\/15\/2025\/08\/ikk_onlinemagazin_titel_2502_1500x768px_rgb.jpg","type":"image\/jpeg"}],"author":"fbo_master","twitter_card":"summary_large_image","twitter_misc":{"Geschrieben von":"fbo_master","Gesch\u00e4tzte Lesezeit":"6\u00a0Minuten"},"schema":{"@context":"https:\/\/schema.org","@graph":[{"@type":"Article","@id":"https:\/\/magazin.ikk-suedwest.de\/september-2025\/mir-wurde-klar-es-musste-sich-etwas-aendern\/#article","isPartOf":{"@id":"https:\/\/magazin.ikk-suedwest.de\/september-2025\/mir-wurde-klar-es-musste-sich-etwas-aendern\/"},"author":{"name":"fbo_master","@id":"https:\/\/magazin.ikk-suedwest.de\/september-2025\/#\/schema\/person\/636237f711a5aed151e44ddcc2de114a"},"headline":"\u201eMir wurde klar: Es musste sich etwas \u00e4ndern\u201c","datePublished":"2025-08-21T09:03:38+00:00","dateModified":"2025-09-05T08:26:26+00:00","mainEntityOfPage":{"@id":"https:\/\/magazin.ikk-suedwest.de\/september-2025\/mir-wurde-klar-es-musste-sich-etwas-aendern\/"},"wordCount":916,"image":{"@id":"https:\/\/magazin.ikk-suedwest.de\/september-2025\/mir-wurde-klar-es-musste-sich-etwas-aendern\/#primaryimage"},"thumbnailUrl":"https:\/\/magazin.ikk-suedwest.de\/september-2025\/wp-content\/uploads\/sites\/15\/2025\/08\/ikk_onlinemagazin_titel_2502_1500x768px_rgb.jpg","articleSection":["Top-Thema"],"inLanguage":"de"},{"@type":"WebPage","@id":"https:\/\/magazin.ikk-suedwest.de\/september-2025\/mir-wurde-klar-es-musste-sich-etwas-aendern\/","url":"https:\/\/magazin.ikk-suedwest.de\/september-2025\/mir-wurde-klar-es-musste-sich-etwas-aendern\/","name":"\u201eMir wurde klar: Es musste sich etwas \u00e4ndern\u201c - September 2025","isPartOf":{"@id":"https:\/\/magazin.ikk-suedwest.de\/september-2025\/#website"},"primaryImageOfPage":{"@id":"https:\/\/magazin.ikk-suedwest.de\/september-2025\/mir-wurde-klar-es-musste-sich-etwas-aendern\/#primaryimage"},"image":{"@id":"https:\/\/magazin.ikk-suedwest.de\/september-2025\/mir-wurde-klar-es-musste-sich-etwas-aendern\/#primaryimage"},"thumbnailUrl":"https:\/\/magazin.ikk-suedwest.de\/september-2025\/wp-content\/uploads\/sites\/15\/2025\/08\/ikk_onlinemagazin_titel_2502_1500x768px_rgb.jpg","datePublished":"2025-08-21T09:03:38+00:00","dateModified":"2025-09-05T08:26:26+00:00","author":{"@id":"https:\/\/magazin.ikk-suedwest.de\/september-2025\/#\/schema\/person\/636237f711a5aed151e44ddcc2de114a"},"breadcrumb":{"@id":"https:\/\/magazin.ikk-suedwest.de\/september-2025\/mir-wurde-klar-es-musste-sich-etwas-aendern\/#breadcrumb"},"inLanguage":"de","potentialAction":[{"@type":"ReadAction","target":["https:\/\/magazin.ikk-suedwest.de\/september-2025\/mir-wurde-klar-es-musste-sich-etwas-aendern\/"]}]},{"@type":"ImageObject","inLanguage":"de","@id":"https:\/\/magazin.ikk-suedwest.de\/september-2025\/mir-wurde-klar-es-musste-sich-etwas-aendern\/#primaryimage","url":"https:\/\/magazin.ikk-suedwest.de\/september-2025\/wp-content\/uploads\/sites\/15\/2025\/08\/ikk_onlinemagazin_titel_2502_1500x768px_rgb.jpg","contentUrl":"https:\/\/magazin.ikk-suedwest.de\/september-2025\/wp-content\/uploads\/sites\/15\/2025\/08\/ikk_onlinemagazin_titel_2502_1500x768px_rgb.jpg","width":1500,"height":768},{"@type":"BreadcrumbList","@id":"https:\/\/magazin.ikk-suedwest.de\/september-2025\/mir-wurde-klar-es-musste-sich-etwas-aendern\/#breadcrumb","itemListElement":[{"@type":"ListItem","position":1,"name":"Startseite","item":"https:\/\/magazin.ikk-suedwest.de\/september-2025\/"},{"@type":"ListItem","position":2,"name":"\u201eMir wurde klar: Es musste sich etwas \u00e4ndern\u201c"}]},{"@type":"WebSite","@id":"https:\/\/magazin.ikk-suedwest.de\/september-2025\/#website","url":"https:\/\/magazin.ikk-suedwest.de\/september-2025\/","name":"September 2025","description":"Eine weitere IKK Magazin Ausgaben Website","potentialAction":[{"@type":"SearchAction","target":{"@type":"EntryPoint","urlTemplate":"https:\/\/magazin.ikk-suedwest.de\/september-2025\/?s={search_term_string}"},"query-input":{"@type":"PropertyValueSpecification","valueRequired":true,"valueName":"search_term_string"}}],"inLanguage":"de"},{"@type":"Person","@id":"https:\/\/magazin.ikk-suedwest.de\/september-2025\/#\/schema\/person\/636237f711a5aed151e44ddcc2de114a","name":"fbo_master","image":{"@type":"ImageObject","inLanguage":"de","@id":"https:\/\/secure.gravatar.com\/avatar\/5e042e587c1d6c68d3fadd024e871a65399da22a9ef5e23b274af331bde574af?s=96&d=mm&r=g","url":"https:\/\/secure.gravatar.com\/avatar\/5e042e587c1d6c68d3fadd024e871a65399da22a9ef5e23b274af331bde574af?s=96&d=mm&r=g","contentUrl":"https:\/\/secure.gravatar.com\/avatar\/5e042e587c1d6c68d3fadd024e871a65399da22a9ef5e23b274af331bde574af?s=96&d=mm&r=g","caption":"fbo_master"},"sameAs":["https:\/\/magazin.ikk-suedwest.de"],"url":"https:\/\/magazin.ikk-suedwest.de\/september-2025\/author\/fbo_master\/"}]}},"_links":{"self":[{"href":"https:\/\/magazin.ikk-suedwest.de\/september-2025\/wp-json\/wp\/v2\/posts\/8820","targetHints":{"allow":["GET"]}}],"collection":[{"href":"https:\/\/magazin.ikk-suedwest.de\/september-2025\/wp-json\/wp\/v2\/posts"}],"about":[{"href":"https:\/\/magazin.ikk-suedwest.de\/september-2025\/wp-json\/wp\/v2\/types\/post"}],"author":[{"embeddable":true,"href":"https:\/\/magazin.ikk-suedwest.de\/september-2025\/wp-json\/wp\/v2\/users\/1"}],"replies":[{"embeddable":true,"href":"https:\/\/magazin.ikk-suedwest.de\/september-2025\/wp-json\/wp\/v2\/comments?post=8820"}],"version-history":[{"count":10,"href":"https:\/\/magazin.ikk-suedwest.de\/september-2025\/wp-json\/wp\/v2\/posts\/8820\/revisions"}],"predecessor-version":[{"id":9103,"href":"https:\/\/magazin.ikk-suedwest.de\/september-2025\/wp-json\/wp\/v2\/posts\/8820\/revisions\/9103"}],"wp:featuredmedia":[{"embeddable":true,"href":"https:\/\/magazin.ikk-suedwest.de\/september-2025\/wp-json\/wp\/v2\/media\/9044"}],"wp:attachment":[{"href":"https:\/\/magazin.ikk-suedwest.de\/september-2025\/wp-json\/wp\/v2\/media?parent=8820"}],"wp:term":[{"taxonomy":"category","embeddable":true,"href":"https:\/\/magazin.ikk-suedwest.de\/september-2025\/wp-json\/wp\/v2\/categories?post=8820"},{"taxonomy":"post_tag","embeddable":true,"href":"https:\/\/magazin.ikk-suedwest.de\/september-2025\/wp-json\/wp\/v2\/tags?post=8820"}],"curies":[{"name":"wp","href":"https:\/\/api.w.org\/{rel}","templated":true}]}}