{"id":8823,"date":"2025-08-21T11:11:15","date_gmt":"2025-08-21T09:11:15","guid":{"rendered":"https:\/\/magazin.ikk-suedwest.de\/september-2025\/?p=8823"},"modified":"2025-09-08T11:10:27","modified_gmt":"2025-09-08T09:10:27","slug":"gewusst-wie-die-frickes-und-das-e-rezept","status":"publish","type":"post","link":"https:\/\/magazin.ikk-suedwest.de\/september-2025\/gewusst-wie-die-frickes-und-das-e-rezept\/","title":{"rendered":"Gewusst, wie \u2013 Die Frickes und das E-Rezept"},"content":{"rendered":"<div class=\"shariff shariff-align-left shariff-widget-align-left\"><ul class=\"shariff-buttons theme-round orientation-horizontal buttonsize-medium\"><li class=\"shariff-button facebook shariff-nocustomcolor\" style=\"background-color:#4273c8\"><a href=\"https:\/\/www.facebook.com\/sharer\/sharer.php?u=https%3A%2F%2Fmagazin.ikk-suedwest.de%2Fseptember-2025%2Fgewusst-wie-die-frickes-und-das-e-rezept%2F\" title=\"Bei Facebook teilen\" aria-label=\"Bei Facebook teilen\" role=\"button\" rel=\"nofollow\" class=\"shariff-link\" style=\"; background-color:#3b5998; color:#fff\" target=\"_blank\"><span class=\"shariff-icon\" style=\"\"><svg width=\"32px\" height=\"20px\" xmlns=\"http:\/\/www.w3.org\/2000\/svg\" viewBox=\"0 0 18 32\"><path fill=\"#3b5998\" d=\"M17.1 0.2v4.7h-2.8q-1.5 0-2.1 0.6t-0.5 1.9v3.4h5.2l-0.7 5.3h-4.5v13.6h-5.5v-13.6h-4.5v-5.3h4.5v-3.9q0-3.3 1.9-5.2t5-1.8q2.6 0 4.1 0.2z\"\/><\/svg><\/span><\/a><\/li><li class=\"shariff-button whatsapp shariff-nocustomcolor\" style=\"background-color:#5cbe4a\"><a href=\"https:\/\/api.whatsapp.com\/send?text=https%3A%2F%2Fmagazin.ikk-suedwest.de%2Fseptember-2025%2Fgewusst-wie-die-frickes-und-das-e-rezept%2F%20Gewusst%2C%20wie%20%E2%80%93%20Die%20Frickes%20und%20das%20E-Rezept\" title=\"Bei Whatsapp teilen\" aria-label=\"Bei Whatsapp teilen\" role=\"button\" rel=\"noopener nofollow\" class=\"shariff-link\" style=\"; background-color:#34af23; color:#fff\" target=\"_blank\"><span class=\"shariff-icon\" style=\"\"><svg width=\"32px\" height=\"20px\" xmlns=\"http:\/\/www.w3.org\/2000\/svg\" viewBox=\"0 0 32 32\"><path fill=\"#34af23\" d=\"M17.6 17.4q0.2 0 1.7 0.8t1.6 0.9q0 0.1 0 0.3 0 0.6-0.3 1.4-0.3 0.7-1.3 1.2t-1.8 0.5q-1 0-3.4-1.1-1.7-0.8-3-2.1t-2.6-3.3q-1.3-1.9-1.3-3.5v-0.1q0.1-1.6 1.3-2.8 0.4-0.4 0.9-0.4 0.1 0 0.3 0t0.3 0q0.3 0 0.5 0.1t0.3 0.5q0.1 0.4 0.6 1.6t0.4 1.3q0 0.4-0.6 1t-0.6 0.8q0 0.1 0.1 0.3 0.6 1.3 1.8 2.4 1 0.9 2.7 1.8 0.2 0.1 0.4 0.1 0.3 0 1-0.9t0.9-0.9zM14 26.9q2.3 0 4.3-0.9t3.6-2.4 2.4-3.6 0.9-4.3-0.9-4.3-2.4-3.6-3.6-2.4-4.3-0.9-4.3 0.9-3.6 2.4-2.4 3.6-0.9 4.3q0 3.6 2.1 6.6l-1.4 4.2 4.3-1.4q2.8 1.9 6.2 1.9zM14 2.2q2.7 0 5.2 1.1t4.3 2.9 2.9 4.3 1.1 5.2-1.1 5.2-2.9 4.3-4.3 2.9-5.2 1.1q-3.5 0-6.5-1.7l-7.4 2.4 2.4-7.2q-1.9-3.2-1.9-6.9 0-2.7 1.1-5.2t2.9-4.3 4.3-2.9 5.2-1.1z\"\/><\/svg><\/span><\/a><\/li><li class=\"shariff-button mailto shariff-nocustomcolor\" style=\"background-color:#a8a8a8\"><a href=\"mailto:?body=https%3A%2F%2Fmagazin.ikk-suedwest.de%2Fseptember-2025%2Fgewusst-wie-die-frickes-und-das-e-rezept%2F&subject=Gewusst%2C%20wie%20%E2%80%93%20Die%20Frickes%20und%20das%20E-Rezept\" title=\"Per E-Mail versenden\" aria-label=\"Per E-Mail versenden\" role=\"button\" rel=\"noopener nofollow\" class=\"shariff-link\" style=\"; background-color:#999; color:#fff\"><span class=\"shariff-icon\" style=\"\"><svg width=\"32px\" height=\"20px\" xmlns=\"http:\/\/www.w3.org\/2000\/svg\" viewBox=\"0 0 32 32\"><path fill=\"#999\" d=\"M32 12.7v14.2q0 1.2-0.8 2t-2 0.9h-26.3q-1.2 0-2-0.9t-0.8-2v-14.2q0.8 0.9 1.8 1.6 6.5 4.4 8.9 6.1 1 0.8 1.6 1.2t1.7 0.9 2 0.4h0.1q0.9 0 2-0.4t1.7-0.9 1.6-1.2q3-2.2 8.9-6.1 1-0.7 1.8-1.6zM32 7.4q0 1.4-0.9 2.7t-2.2 2.2q-6.7 4.7-8.4 5.8-0.2 0.1-0.7 0.5t-1 0.7-0.9 0.6-1.1 0.5-0.9 0.2h-0.1q-0.4 0-0.9-0.2t-1.1-0.5-0.9-0.6-1-0.7-0.7-0.5q-1.6-1.1-4.7-3.2t-3.6-2.6q-1.1-0.7-2.1-2t-1-2.5q0-1.4 0.7-2.3t2.1-0.9h26.3q1.2 0 2 0.8t0.9 2z\"\/><\/svg><\/span><\/a><\/li><\/ul><\/div>\n\n\n\n<div style=\"height:20px\" aria-hidden=\"true\" class=\"wp-block-spacer\"><\/div>\n\n\n\n<figure class=\"wp-block-image size-large\"><img loading=\"lazy\" decoding=\"async\" width=\"1024\" height=\"684\" src=\"https:\/\/magazin.ikk-suedwest.de\/september-2025\/wp-content\/uploads\/sites\/15\/2025\/08\/ikk_fm_2502_s18_familie_fricke_cae-1-1024x684.jpg\" alt=\"\" class=\"wp-image-9125\" srcset=\"https:\/\/magazin.ikk-suedwest.de\/september-2025\/wp-content\/uploads\/sites\/15\/2025\/08\/ikk_fm_2502_s18_familie_fricke_cae-1-1024x684.jpg 1024w, https:\/\/magazin.ikk-suedwest.de\/september-2025\/wp-content\/uploads\/sites\/15\/2025\/08\/ikk_fm_2502_s18_familie_fricke_cae-1-300x200.jpg 300w, https:\/\/magazin.ikk-suedwest.de\/september-2025\/wp-content\/uploads\/sites\/15\/2025\/08\/ikk_fm_2502_s18_familie_fricke_cae-1-768x513.jpg 768w, https:\/\/magazin.ikk-suedwest.de\/september-2025\/wp-content\/uploads\/sites\/15\/2025\/08\/ikk_fm_2502_s18_familie_fricke_cae-1-370x247.jpg 370w, https:\/\/magazin.ikk-suedwest.de\/september-2025\/wp-content\/uploads\/sites\/15\/2025\/08\/ikk_fm_2502_s18_familie_fricke_cae-1-270x180.jpg 270w, https:\/\/magazin.ikk-suedwest.de\/september-2025\/wp-content\/uploads\/sites\/15\/2025\/08\/ikk_fm_2502_s18_familie_fricke_cae-1-570x381.jpg 570w, https:\/\/magazin.ikk-suedwest.de\/september-2025\/wp-content\/uploads\/sites\/15\/2025\/08\/ikk_fm_2502_s18_familie_fricke_cae-1-749x500.jpg 749w, https:\/\/magazin.ikk-suedwest.de\/september-2025\/wp-content\/uploads\/sites\/15\/2025\/08\/ikk_fm_2502_s18_familie_fricke_cae-1-740x494.jpg 740w, https:\/\/magazin.ikk-suedwest.de\/september-2025\/wp-content\/uploads\/sites\/15\/2025\/08\/ikk_fm_2502_s18_familie_fricke_cae-1.jpg 1225w\" sizes=\"auto, (max-width: 1024px) 100vw, 1024px\" \/><\/figure>\n\n\n\n<div class=\"wp-block-group is-vertical is-layout-flex wp-container-core-group-is-layout-44769ffa wp-block-group-is-layout-flex\">\n<h1 class=\"wp-block-heading has-gridlove-acc-color has-text-color has-link-color wp-elements-9b1bbd54bd219084fd0509a7a12517a3\" style=\"font-size:54px\"><strong>Gewusst, wie<\/strong><\/h1>\n\n\n\n<h2 class=\"wp-block-heading has-medium-font-size\" style=\"margin-bottom: 0;\">Die Frickes und das E-Rezept<\/h2>\n\n\n\n<div style=\"height:0px\" aria-hidden=\"true\" class=\"wp-block-spacer wp-container-content-cf2db169\"><\/div>\n<\/div>\n\n\n\n<div class=\"wp-block-columns is-layout-flex wp-container-core-columns-is-layout-8f761849 wp-block-columns-is-layout-flex\">\n<div class=\"wp-block-column is-layout-flow wp-block-column-is-layout-flow\" style=\"flex-basis:60%\">\n<p class=\"has-gridlove-acc-color has-text-color has-link-color has-medium-font-size wp-elements-855bf70563f6419c5ed65d49a3bb979b wp-block-paragraph\">Das Gesundheitssystem wird immer digitaler, das merken auch die Frickes. Als Papa Fricke k\u00fcrzlich beim Arzt war, gab es beispielsweise kein ausgedrucktes Rezept mehr. Die Praxis hat die Verschreibung als sogenanntes E-Rezept ausgestellt. Dazu wollte er mehr wissen. Antworten auf seine Fragen hat IKK-S\u00fcdwest-Experte Sascha M\u00fcller.<\/p>\n<\/div>\n\n\n\n<div class=\"wp-block-column is-layout-flow wp-block-column-is-layout-flow\">\n<figure class=\"wp-block-image aligncenter size-full\"><img loading=\"lazy\" decoding=\"async\" width=\"250\" height=\"250\" src=\"https:\/\/magazin.ikk-suedwest.de\/september-2025\/wp-content\/uploads\/sites\/15\/2025\/08\/ikk_fm_2502_beitragsbild_s18_sascha_mueller.png\" alt=\"\" class=\"wp-image-8905\" srcset=\"https:\/\/magazin.ikk-suedwest.de\/september-2025\/wp-content\/uploads\/sites\/15\/2025\/08\/ikk_fm_2502_beitragsbild_s18_sascha_mueller.png 250w, https:\/\/magazin.ikk-suedwest.de\/september-2025\/wp-content\/uploads\/sites\/15\/2025\/08\/ikk_fm_2502_beitragsbild_s18_sascha_mueller-150x150.png 150w\" sizes=\"auto, (max-width: 250px) 100vw, 250px\" \/><\/figure>\n\n\n\n<p class=\"has-text-align-center wp-block-paragraph\"><em>Sascha M\u00fcller,<br>Referent Arzneimittel<\/em><\/p>\n<\/div>\n<\/div>\n\n\n\n<div style=\"height:80px\" aria-hidden=\"true\" class=\"wp-block-spacer\"><\/div>\n\n\n\n<h2 class=\"wp-block-heading\">Was ist ein E-Rezept?<\/h2>\n\n\n\n<p class=\"wp-block-paragraph\">Das E-Rezept ersetzt seit dem 1. Januar 2024 verbindlich die vorher gebr\u00e4uchliche gedruckte Variante. Es ist damit der neue Standard im Gesundheitswesen.<\/p>\n\n\n\n<h2 class=\"wp-block-heading\">Gibt es immer noch ausgedruckte Rezepte?<\/h2>\n\n\n\n<p class=\"wp-block-paragraph\">Aktuell gilt das E-Rezept nur f\u00fcr apothekenpflichtige Arzneimittel. Das hei\u00dft, dass es beispielsweise f\u00fcr Bet\u00e4ubungsmittel, Heil- oder Hilfsmittel wie Einlagen oder digitale Gesundheitsanwendungen noch gedruckte Rezepte gibt \u2013 es ist aber bereits fest geplant, dass sie zu einem sp\u00e4teren Zeitpunkt auch \u00fcber das E-Rezept funktionieren.<\/p>\n\n\n\n<h2 class=\"wp-block-heading\">Wie genau funktioniert das E-Rezept?<\/h2>\n\n\n\n<p class=\"wp-block-paragraph\">Es gibt verschiedene Wege, das E-Rezept zu nutzen. Zum einen k\u00f6nnen Sie von der behandelnden Arztpraxis einen Ausdruck mit einem QR-Code erhalten. Zum anderen gibt es die M\u00f6glichkeit, auf das E-Rezept \u00fcber Ihre eGK zuzugreifen. Bei beiden Anwendungen wird es automatisch in der E-Rezept-App hinterlegt.<\/p>\n\n\n\n<p class=\"wp-block-paragraph\">Im Anschluss daran gehen Sie mit dem Ausdruck, Ihrer eGK oder der E-Rezept-App in die Apotheke, wo das Rezept ausgelesen wird. Sie erhalten wie gewohnt Ihre Arzneimittel. Alternativ dazu k\u00f6nnen Sie das Rezept auch &nbsp;online einl\u00f6sen.<\/p>\n\n\n\n<h2 class=\"wp-block-heading\">Muss ich die E-Rezept-App nutzen?<\/h2>\n\n\n\n<p class=\"wp-block-paragraph\">Nein, die App ist nicht verpflichtend. Sie erhalten Ihr Rezept auch weiterhin ohne Probleme, wenn Sie die App nicht nutzen. Die App hilft Ihnen lediglich dabei, Zugang zu Ihren Rezeptdaten zu erhalten.<\/p>\n\n\n\n<h2 class=\"wp-block-heading\">Wie lange ist das E-Rezept g\u00fcltig?<\/h2>\n\n\n\n<p class=\"wp-block-paragraph\">Das E-Rezept hat mit 28 Tagen die gleiche G\u00fcltigkeitsdauer wie die bisherigen ausgedruckten Varianten.<\/p>\n\n\n\n<h2 class=\"wp-block-heading\">Kann ich auch E-Rezepte f\u00fcr Verwandte oder Kinder einl\u00f6sen?<\/h2>\n\n\n\n<p class=\"wp-block-paragraph\">Das geht wie bisher auch. Sie ben\u00f6tigen daf\u00fcr lediglich die eGK der entsprechenden Person.<\/p>\n\n\n\n<h2 class=\"wp-block-heading\">Welche Vorteile hat das E-Rezept?<\/h2>\n\n\n\n<p class=\"wp-block-paragraph\">Abgesehen von der einfachen Einsehbarkeit der Rezeptdaten \u00fcber die App macht das E-Rezept vieles komfortabler und einfacher. Sie m\u00fcssen beispielsweise bei Folgerezepten nicht mehr in die Arztpraxis. Und auch bei Videosprechstunden k\u00f6nnen Sie sich einfach ein E-Rezept ausstellen lassen. Zudem hilft das E-Rezept beim Management von Medikamenten, insbesondere wenn Sie auch den Medikationsplan der elektronischen Patientenakte nutzen.<\/p>\n\n\n\n<h2 class=\"wp-block-heading\">Was passiert, wenn die Arztpraxis das E-Rezept nicht ausstellen kann?<\/h2>\n\n\n\n<p class=\"wp-block-paragraph\">Die Arztpraxis kann in diesem Fall das gewohnte Papierrezept ausstellen.<\/p>\n\n\n\n<h2 class=\"wp-block-heading\">Und was, wenn die Apotheke das Rezept nicht abrufen kann?<\/h2>\n\n\n\n<p class=\"wp-block-paragraph\">Damit die Apotheke das Rezept abrufen kann, muss der Arzt es vorher elektronisch unterzeichnen und an den Fachdienst \u00fcbermitteln. Hier lohnt sich eine R\u00fccksprache mit der Arztpraxis, ob dies bereits erfolgt ist.<\/p>\n\n\n\n<p class=\"wp-block-paragraph\"><a href=\"https:\/\/www.ikk-suedwest.de\/service\/digital\/e-rezept\/\" target=\"_blank\" rel=\"noreferrer noopener\"><strong><strong>Mehr zum<\/strong><\/strong> <em>E-Rezept<\/em><\/a><\/p>\n\n\n\n<div class=\"wp-block-group has-gridlove-txt-color has-text-color has-link-color wp-elements-6558013fe7bca2d1715bc0a8ee96a826 is-layout-constrained wp-block-group-is-layout-constrained\">\n<div style=\"height:20px\" aria-hidden=\"true\" class=\"wp-block-spacer\"><\/div>\n\n\n\n<div class=\"wp-block-group is-layout-constrained wp-block-group-is-layout-constrained\"><div class=\"shariff shariff-align-left shariff-widget-align-left\"><ul class=\"shariff-buttons theme-round orientation-horizontal buttonsize-medium\"><li class=\"shariff-button facebook shariff-nocustomcolor\" style=\"background-color:#4273c8\"><a href=\"https:\/\/www.facebook.com\/sharer\/sharer.php?u=https%3A%2F%2Fmagazin.ikk-suedwest.de%2Fseptember-2025%2Fgewusst-wie-die-frickes-und-das-e-rezept%2F\" title=\"Bei Facebook teilen\" aria-label=\"Bei Facebook teilen\" role=\"button\" rel=\"nofollow\" class=\"shariff-link\" style=\"; background-color:#3b5998; color:#fff\" target=\"_blank\"><span class=\"shariff-icon\" style=\"\"><svg width=\"32px\" height=\"20px\" xmlns=\"http:\/\/www.w3.org\/2000\/svg\" viewBox=\"0 0 18 32\"><path fill=\"#3b5998\" d=\"M17.1 0.2v4.7h-2.8q-1.5 0-2.1 0.6t-0.5 1.9v3.4h5.2l-0.7 5.3h-4.5v13.6h-5.5v-13.6h-4.5v-5.3h4.5v-3.9q0-3.3 1.9-5.2t5-1.8q2.6 0 4.1 0.2z\"\/><\/svg><\/span><\/a><\/li><li class=\"shariff-button whatsapp shariff-nocustomcolor\" style=\"background-color:#5cbe4a\"><a href=\"https:\/\/api.whatsapp.com\/send?text=https%3A%2F%2Fmagazin.ikk-suedwest.de%2Fseptember-2025%2Fgewusst-wie-die-frickes-und-das-e-rezept%2F%20Gewusst%2C%20wie%20%E2%80%93%20Die%20Frickes%20und%20das%20E-Rezept\" title=\"Bei Whatsapp teilen\" aria-label=\"Bei Whatsapp teilen\" role=\"button\" rel=\"noopener nofollow\" class=\"shariff-link\" style=\"; background-color:#34af23; color:#fff\" target=\"_blank\"><span class=\"shariff-icon\" style=\"\"><svg width=\"32px\" height=\"20px\" xmlns=\"http:\/\/www.w3.org\/2000\/svg\" viewBox=\"0 0 32 32\"><path fill=\"#34af23\" d=\"M17.6 17.4q0.2 0 1.7 0.8t1.6 0.9q0 0.1 0 0.3 0 0.6-0.3 1.4-0.3 0.7-1.3 1.2t-1.8 0.5q-1 0-3.4-1.1-1.7-0.8-3-2.1t-2.6-3.3q-1.3-1.9-1.3-3.5v-0.1q0.1-1.6 1.3-2.8 0.4-0.4 0.9-0.4 0.1 0 0.3 0t0.3 0q0.3 0 0.5 0.1t0.3 0.5q0.1 0.4 0.6 1.6t0.4 1.3q0 0.4-0.6 1t-0.6 0.8q0 0.1 0.1 0.3 0.6 1.3 1.8 2.4 1 0.9 2.7 1.8 0.2 0.1 0.4 0.1 0.3 0 1-0.9t0.9-0.9zM14 26.9q2.3 0 4.3-0.9t3.6-2.4 2.4-3.6 0.9-4.3-0.9-4.3-2.4-3.6-3.6-2.4-4.3-0.9-4.3 0.9-3.6 2.4-2.4 3.6-0.9 4.3q0 3.6 2.1 6.6l-1.4 4.2 4.3-1.4q2.8 1.9 6.2 1.9zM14 2.2q2.7 0 5.2 1.1t4.3 2.9 2.9 4.3 1.1 5.2-1.1 5.2-2.9 4.3-4.3 2.9-5.2 1.1q-3.5 0-6.5-1.7l-7.4 2.4 2.4-7.2q-1.9-3.2-1.9-6.9 0-2.7 1.1-5.2t2.9-4.3 4.3-2.9 5.2-1.1z\"\/><\/svg><\/span><\/a><\/li><li class=\"shariff-button mailto shariff-nocustomcolor\" style=\"background-color:#a8a8a8\"><a href=\"mailto:?body=https%3A%2F%2Fmagazin.ikk-suedwest.de%2Fseptember-2025%2Fgewusst-wie-die-frickes-und-das-e-rezept%2F&subject=Gewusst%2C%20wie%20%E2%80%93%20Die%20Frickes%20und%20das%20E-Rezept\" title=\"Per E-Mail versenden\" aria-label=\"Per E-Mail versenden\" role=\"button\" rel=\"noopener nofollow\" class=\"shariff-link\" style=\"; background-color:#999; color:#fff\"><span class=\"shariff-icon\" style=\"\"><svg width=\"32px\" height=\"20px\" xmlns=\"http:\/\/www.w3.org\/2000\/svg\" viewBox=\"0 0 32 32\"><path fill=\"#999\" d=\"M32 12.7v14.2q0 1.2-0.8 2t-2 0.9h-26.3q-1.2 0-2-0.9t-0.8-2v-14.2q0.8 0.9 1.8 1.6 6.5 4.4 8.9 6.1 1 0.8 1.6 1.2t1.7 0.9 2 0.4h0.1q0.9 0 2-0.4t1.7-0.9 1.6-1.2q3-2.2 8.9-6.1 1-0.7 1.8-1.6zM32 7.4q0 1.4-0.9 2.7t-2.2 2.2q-6.7 4.7-8.4 5.8-0.2 0.1-0.7 0.5t-1 0.7-0.9 0.6-1.1 0.5-0.9 0.2h-0.1q-0.4 0-0.9-0.2t-1.1-0.5-0.9-0.6-1-0.7-0.7-0.5q-1.6-1.1-4.7-3.2t-3.6-2.6q-1.1-0.7-2.1-2t-1-2.5q0-1.4 0.7-2.3t2.1-0.9h26.3q1.2 0 2 0.8t0.9 2z\"\/><\/svg><\/span><\/a><\/li><\/ul><\/div>\n<\/div>\n<\/div>\n\n\n\n<div style=\"height:30px\" aria-hidden=\"true\" class=\"wp-block-spacer\"><\/div>\n\n\n\n<div class=\"wp-block-buttons is-horizontal is-content-justification-left is-layout-flex wp-container-core-buttons-is-layout-39697d9b wp-block-buttons-is-layout-flex\">\n<div class=\"wp-block-button\"><a class=\"wp-block-button__link has-background wp-element-button\" href=\"javascript:history.back()\" style=\"background-color:#009de9\">Zur\u00fcck<\/a><\/div>\n<\/div>\n","protected":false},"excerpt":{"rendered":"<p>Das Gesundheitssystem wird immer digitaler, das merken auch die Frickes. Als Papa Fricke k\u00fcrzlich beim Arzt &#8230;<\/p>\n","protected":false},"author":1,"featured_media":9125,"comment_status":"closed","ping_status":"open","sticky":false,"template":"","format":"standard","meta":{"_acf_changed":false,"_crdt_document":"","favoriteCount":10,"footnotes":""},"categories":[57],"tags":[],"class_list":["post-8823","post","type-post","status-publish","format-standard","has-post-thumbnail","hentry","category-ratgeber"],"acf":[],"yoast_head":"<!-- This site is optimized with the Yoast SEO plugin v27.4 - https:\/\/yoast.com\/product\/yoast-seo-wordpress\/ -->\n<title>Gewusst, wie \u2013 Die Frickes und das E-Rezept - September 2025<\/title>\n<meta name=\"robots\" content=\"noindex, follow, max-snippet:-1, max-image-preview:large, max-video-preview:-1\" \/>\n<meta property=\"og:locale\" content=\"de_DE\" \/>\n<meta property=\"og:type\" content=\"article\" \/>\n<meta property=\"og:title\" content=\"Gewusst, wie \u2013 Die Frickes und das E-Rezept - September 2025\" \/>\n<meta property=\"og:description\" content=\"Das Gesundheitssystem wird immer digitaler, das merken auch die Frickes. Als Papa Fricke k\u00fcrzlich beim Arzt ...\" \/>\n<meta property=\"og:url\" content=\"https:\/\/magazin.ikk-suedwest.de\/september-2025\/gewusst-wie-die-frickes-und-das-e-rezept\/\" \/>\n<meta property=\"og:site_name\" content=\"September 2025\" \/>\n<meta property=\"article:published_time\" content=\"2025-08-21T09:11:15+00:00\" \/>\n<meta property=\"article:modified_time\" content=\"2025-09-08T09:10:27+00:00\" \/>\n<meta property=\"og:image\" content=\"https:\/\/magazin.ikk-suedwest.de\/september-2025\/wp-content\/uploads\/sites\/15\/2025\/08\/ikk_fm_2502_s18_familie_fricke_cae-1.jpg\" \/>\n\t<meta property=\"og:image:width\" content=\"1225\" \/>\n\t<meta property=\"og:image:height\" content=\"818\" \/>\n\t<meta property=\"og:image:type\" content=\"image\/jpeg\" \/>\n<meta name=\"author\" content=\"fbo_master\" \/>\n<meta name=\"twitter:card\" content=\"summary_large_image\" \/>\n<meta name=\"twitter:label1\" content=\"Geschrieben von\" \/>\n\t<meta name=\"twitter:data1\" content=\"fbo_master\" \/>\n\t<meta name=\"twitter:label2\" content=\"Gesch\u00e4tzte Lesezeit\" \/>\n\t<meta name=\"twitter:data2\" content=\"3\u00a0Minuten\" \/>\n<script type=\"application\/ld+json\" class=\"yoast-schema-graph\">{\"@context\":\"https:\\\/\\\/schema.org\",\"@graph\":[{\"@type\":\"Article\",\"@id\":\"https:\\\/\\\/magazin.ikk-suedwest.de\\\/september-2025\\\/gewusst-wie-die-frickes-und-das-e-rezept\\\/#article\",\"isPartOf\":{\"@id\":\"https:\\\/\\\/magazin.ikk-suedwest.de\\\/september-2025\\\/gewusst-wie-die-frickes-und-das-e-rezept\\\/\"},\"author\":{\"name\":\"fbo_master\",\"@id\":\"https:\\\/\\\/magazin.ikk-suedwest.de\\\/september-2025\\\/#\\\/schema\\\/person\\\/636237f711a5aed151e44ddcc2de114a\"},\"headline\":\"Gewusst, wie \u2013 Die Frickes und das E-Rezept\",\"datePublished\":\"2025-08-21T09:11:15+00:00\",\"dateModified\":\"2025-09-08T09:10:27+00:00\",\"mainEntityOfPage\":{\"@id\":\"https:\\\/\\\/magazin.ikk-suedwest.de\\\/september-2025\\\/gewusst-wie-die-frickes-und-das-e-rezept\\\/\"},\"wordCount\":458,\"image\":{\"@id\":\"https:\\\/\\\/magazin.ikk-suedwest.de\\\/september-2025\\\/gewusst-wie-die-frickes-und-das-e-rezept\\\/#primaryimage\"},\"thumbnailUrl\":\"https:\\\/\\\/magazin.ikk-suedwest.de\\\/september-2025\\\/wp-content\\\/uploads\\\/sites\\\/15\\\/2025\\\/08\\\/ikk_fm_2502_s18_familie_fricke_cae-1.jpg\",\"articleSection\":[\"Ratgeber\"],\"inLanguage\":\"de\"},{\"@type\":\"WebPage\",\"@id\":\"https:\\\/\\\/magazin.ikk-suedwest.de\\\/september-2025\\\/gewusst-wie-die-frickes-und-das-e-rezept\\\/\",\"url\":\"https:\\\/\\\/magazin.ikk-suedwest.de\\\/september-2025\\\/gewusst-wie-die-frickes-und-das-e-rezept\\\/\",\"name\":\"Gewusst, wie \u2013 Die Frickes und das E-Rezept - September 2025\",\"isPartOf\":{\"@id\":\"https:\\\/\\\/magazin.ikk-suedwest.de\\\/september-2025\\\/#website\"},\"primaryImageOfPage\":{\"@id\":\"https:\\\/\\\/magazin.ikk-suedwest.de\\\/september-2025\\\/gewusst-wie-die-frickes-und-das-e-rezept\\\/#primaryimage\"},\"image\":{\"@id\":\"https:\\\/\\\/magazin.ikk-suedwest.de\\\/september-2025\\\/gewusst-wie-die-frickes-und-das-e-rezept\\\/#primaryimage\"},\"thumbnailUrl\":\"https:\\\/\\\/magazin.ikk-suedwest.de\\\/september-2025\\\/wp-content\\\/uploads\\\/sites\\\/15\\\/2025\\\/08\\\/ikk_fm_2502_s18_familie_fricke_cae-1.jpg\",\"datePublished\":\"2025-08-21T09:11:15+00:00\",\"dateModified\":\"2025-09-08T09:10:27+00:00\",\"author\":{\"@id\":\"https:\\\/\\\/magazin.ikk-suedwest.de\\\/september-2025\\\/#\\\/schema\\\/person\\\/636237f711a5aed151e44ddcc2de114a\"},\"breadcrumb\":{\"@id\":\"https:\\\/\\\/magazin.ikk-suedwest.de\\\/september-2025\\\/gewusst-wie-die-frickes-und-das-e-rezept\\\/#breadcrumb\"},\"inLanguage\":\"de\",\"potentialAction\":[{\"@type\":\"ReadAction\",\"target\":[\"https:\\\/\\\/magazin.ikk-suedwest.de\\\/september-2025\\\/gewusst-wie-die-frickes-und-das-e-rezept\\\/\"]}]},{\"@type\":\"ImageObject\",\"inLanguage\":\"de\",\"@id\":\"https:\\\/\\\/magazin.ikk-suedwest.de\\\/september-2025\\\/gewusst-wie-die-frickes-und-das-e-rezept\\\/#primaryimage\",\"url\":\"https:\\\/\\\/magazin.ikk-suedwest.de\\\/september-2025\\\/wp-content\\\/uploads\\\/sites\\\/15\\\/2025\\\/08\\\/ikk_fm_2502_s18_familie_fricke_cae-1.jpg\",\"contentUrl\":\"https:\\\/\\\/magazin.ikk-suedwest.de\\\/september-2025\\\/wp-content\\\/uploads\\\/sites\\\/15\\\/2025\\\/08\\\/ikk_fm_2502_s18_familie_fricke_cae-1.jpg\",\"width\":1225,\"height\":818},{\"@type\":\"BreadcrumbList\",\"@id\":\"https:\\\/\\\/magazin.ikk-suedwest.de\\\/september-2025\\\/gewusst-wie-die-frickes-und-das-e-rezept\\\/#breadcrumb\",\"itemListElement\":[{\"@type\":\"ListItem\",\"position\":1,\"name\":\"Startseite\",\"item\":\"https:\\\/\\\/magazin.ikk-suedwest.de\\\/september-2025\\\/\"},{\"@type\":\"ListItem\",\"position\":2,\"name\":\"Gewusst, wie \u2013 Die Frickes und das E-Rezept\"}]},{\"@type\":\"WebSite\",\"@id\":\"https:\\\/\\\/magazin.ikk-suedwest.de\\\/september-2025\\\/#website\",\"url\":\"https:\\\/\\\/magazin.ikk-suedwest.de\\\/september-2025\\\/\",\"name\":\"September 2025\",\"description\":\"Eine weitere IKK Magazin Ausgaben Website\",\"potentialAction\":[{\"@type\":\"SearchAction\",\"target\":{\"@type\":\"EntryPoint\",\"urlTemplate\":\"https:\\\/\\\/magazin.ikk-suedwest.de\\\/september-2025\\\/?s={search_term_string}\"},\"query-input\":{\"@type\":\"PropertyValueSpecification\",\"valueRequired\":true,\"valueName\":\"search_term_string\"}}],\"inLanguage\":\"de\"},{\"@type\":\"Person\",\"@id\":\"https:\\\/\\\/magazin.ikk-suedwest.de\\\/september-2025\\\/#\\\/schema\\\/person\\\/636237f711a5aed151e44ddcc2de114a\",\"name\":\"fbo_master\",\"image\":{\"@type\":\"ImageObject\",\"inLanguage\":\"de\",\"@id\":\"https:\\\/\\\/secure.gravatar.com\\\/avatar\\\/5e042e587c1d6c68d3fadd024e871a65399da22a9ef5e23b274af331bde574af?s=96&d=mm&r=g\",\"url\":\"https:\\\/\\\/secure.gravatar.com\\\/avatar\\\/5e042e587c1d6c68d3fadd024e871a65399da22a9ef5e23b274af331bde574af?s=96&d=mm&r=g\",\"contentUrl\":\"https:\\\/\\\/secure.gravatar.com\\\/avatar\\\/5e042e587c1d6c68d3fadd024e871a65399da22a9ef5e23b274af331bde574af?s=96&d=mm&r=g\",\"caption\":\"fbo_master\"},\"sameAs\":[\"https:\\\/\\\/magazin.ikk-suedwest.de\"],\"url\":\"https:\\\/\\\/magazin.ikk-suedwest.de\\\/september-2025\\\/author\\\/fbo_master\\\/\"}]}<\/script>\n<!-- \/ Yoast SEO plugin. -->","yoast_head_json":{"title":"Gewusst, wie \u2013 Die Frickes und das E-Rezept - September 2025","robots":{"index":"noindex","follow":"follow","max-snippet":"max-snippet:-1","max-image-preview":"max-image-preview:large","max-video-preview":"max-video-preview:-1"},"og_locale":"de_DE","og_type":"article","og_title":"Gewusst, wie \u2013 Die Frickes und das E-Rezept - September 2025","og_description":"Das Gesundheitssystem wird immer digitaler, das merken auch die Frickes. Als Papa Fricke k\u00fcrzlich beim Arzt ...","og_url":"https:\/\/magazin.ikk-suedwest.de\/september-2025\/gewusst-wie-die-frickes-und-das-e-rezept\/","og_site_name":"September 2025","article_published_time":"2025-08-21T09:11:15+00:00","article_modified_time":"2025-09-08T09:10:27+00:00","og_image":[{"width":1225,"height":818,"url":"https:\/\/magazin.ikk-suedwest.de\/september-2025\/wp-content\/uploads\/sites\/15\/2025\/08\/ikk_fm_2502_s18_familie_fricke_cae-1.jpg","type":"image\/jpeg"}],"author":"fbo_master","twitter_card":"summary_large_image","twitter_misc":{"Geschrieben von":"fbo_master","Gesch\u00e4tzte Lesezeit":"3\u00a0Minuten"},"schema":{"@context":"https:\/\/schema.org","@graph":[{"@type":"Article","@id":"https:\/\/magazin.ikk-suedwest.de\/september-2025\/gewusst-wie-die-frickes-und-das-e-rezept\/#article","isPartOf":{"@id":"https:\/\/magazin.ikk-suedwest.de\/september-2025\/gewusst-wie-die-frickes-und-das-e-rezept\/"},"author":{"name":"fbo_master","@id":"https:\/\/magazin.ikk-suedwest.de\/september-2025\/#\/schema\/person\/636237f711a5aed151e44ddcc2de114a"},"headline":"Gewusst, wie \u2013 Die Frickes und das E-Rezept","datePublished":"2025-08-21T09:11:15+00:00","dateModified":"2025-09-08T09:10:27+00:00","mainEntityOfPage":{"@id":"https:\/\/magazin.ikk-suedwest.de\/september-2025\/gewusst-wie-die-frickes-und-das-e-rezept\/"},"wordCount":458,"image":{"@id":"https:\/\/magazin.ikk-suedwest.de\/september-2025\/gewusst-wie-die-frickes-und-das-e-rezept\/#primaryimage"},"thumbnailUrl":"https:\/\/magazin.ikk-suedwest.de\/september-2025\/wp-content\/uploads\/sites\/15\/2025\/08\/ikk_fm_2502_s18_familie_fricke_cae-1.jpg","articleSection":["Ratgeber"],"inLanguage":"de"},{"@type":"WebPage","@id":"https:\/\/magazin.ikk-suedwest.de\/september-2025\/gewusst-wie-die-frickes-und-das-e-rezept\/","url":"https:\/\/magazin.ikk-suedwest.de\/september-2025\/gewusst-wie-die-frickes-und-das-e-rezept\/","name":"Gewusst, wie \u2013 Die Frickes und das E-Rezept - September 2025","isPartOf":{"@id":"https:\/\/magazin.ikk-suedwest.de\/september-2025\/#website"},"primaryImageOfPage":{"@id":"https:\/\/magazin.ikk-suedwest.de\/september-2025\/gewusst-wie-die-frickes-und-das-e-rezept\/#primaryimage"},"image":{"@id":"https:\/\/magazin.ikk-suedwest.de\/september-2025\/gewusst-wie-die-frickes-und-das-e-rezept\/#primaryimage"},"thumbnailUrl":"https:\/\/magazin.ikk-suedwest.de\/september-2025\/wp-content\/uploads\/sites\/15\/2025\/08\/ikk_fm_2502_s18_familie_fricke_cae-1.jpg","datePublished":"2025-08-21T09:11:15+00:00","dateModified":"2025-09-08T09:10:27+00:00","author":{"@id":"https:\/\/magazin.ikk-suedwest.de\/september-2025\/#\/schema\/person\/636237f711a5aed151e44ddcc2de114a"},"breadcrumb":{"@id":"https:\/\/magazin.ikk-suedwest.de\/september-2025\/gewusst-wie-die-frickes-und-das-e-rezept\/#breadcrumb"},"inLanguage":"de","potentialAction":[{"@type":"ReadAction","target":["https:\/\/magazin.ikk-suedwest.de\/september-2025\/gewusst-wie-die-frickes-und-das-e-rezept\/"]}]},{"@type":"ImageObject","inLanguage":"de","@id":"https:\/\/magazin.ikk-suedwest.de\/september-2025\/gewusst-wie-die-frickes-und-das-e-rezept\/#primaryimage","url":"https:\/\/magazin.ikk-suedwest.de\/september-2025\/wp-content\/uploads\/sites\/15\/2025\/08\/ikk_fm_2502_s18_familie_fricke_cae-1.jpg","contentUrl":"https:\/\/magazin.ikk-suedwest.de\/september-2025\/wp-content\/uploads\/sites\/15\/2025\/08\/ikk_fm_2502_s18_familie_fricke_cae-1.jpg","width":1225,"height":818},{"@type":"BreadcrumbList","@id":"https:\/\/magazin.ikk-suedwest.de\/september-2025\/gewusst-wie-die-frickes-und-das-e-rezept\/#breadcrumb","itemListElement":[{"@type":"ListItem","position":1,"name":"Startseite","item":"https:\/\/magazin.ikk-suedwest.de\/september-2025\/"},{"@type":"ListItem","position":2,"name":"Gewusst, wie \u2013 Die Frickes und das E-Rezept"}]},{"@type":"WebSite","@id":"https:\/\/magazin.ikk-suedwest.de\/september-2025\/#website","url":"https:\/\/magazin.ikk-suedwest.de\/september-2025\/","name":"September 2025","description":"Eine weitere IKK Magazin Ausgaben Website","potentialAction":[{"@type":"SearchAction","target":{"@type":"EntryPoint","urlTemplate":"https:\/\/magazin.ikk-suedwest.de\/september-2025\/?s={search_term_string}"},"query-input":{"@type":"PropertyValueSpecification","valueRequired":true,"valueName":"search_term_string"}}],"inLanguage":"de"},{"@type":"Person","@id":"https:\/\/magazin.ikk-suedwest.de\/september-2025\/#\/schema\/person\/636237f711a5aed151e44ddcc2de114a","name":"fbo_master","image":{"@type":"ImageObject","inLanguage":"de","@id":"https:\/\/secure.gravatar.com\/avatar\/5e042e587c1d6c68d3fadd024e871a65399da22a9ef5e23b274af331bde574af?s=96&d=mm&r=g","url":"https:\/\/secure.gravatar.com\/avatar\/5e042e587c1d6c68d3fadd024e871a65399da22a9ef5e23b274af331bde574af?s=96&d=mm&r=g","contentUrl":"https:\/\/secure.gravatar.com\/avatar\/5e042e587c1d6c68d3fadd024e871a65399da22a9ef5e23b274af331bde574af?s=96&d=mm&r=g","caption":"fbo_master"},"sameAs":["https:\/\/magazin.ikk-suedwest.de"],"url":"https:\/\/magazin.ikk-suedwest.de\/september-2025\/author\/fbo_master\/"}]}},"_links":{"self":[{"href":"https:\/\/magazin.ikk-suedwest.de\/september-2025\/wp-json\/wp\/v2\/posts\/8823","targetHints":{"allow":["GET"]}}],"collection":[{"href":"https:\/\/magazin.ikk-suedwest.de\/september-2025\/wp-json\/wp\/v2\/posts"}],"about":[{"href":"https:\/\/magazin.ikk-suedwest.de\/september-2025\/wp-json\/wp\/v2\/types\/post"}],"author":[{"embeddable":true,"href":"https:\/\/magazin.ikk-suedwest.de\/september-2025\/wp-json\/wp\/v2\/users\/1"}],"replies":[{"embeddable":true,"href":"https:\/\/magazin.ikk-suedwest.de\/september-2025\/wp-json\/wp\/v2\/comments?post=8823"}],"version-history":[{"count":10,"href":"https:\/\/magazin.ikk-suedwest.de\/september-2025\/wp-json\/wp\/v2\/posts\/8823\/revisions"}],"predecessor-version":[{"id":9126,"href":"https:\/\/magazin.ikk-suedwest.de\/september-2025\/wp-json\/wp\/v2\/posts\/8823\/revisions\/9126"}],"wp:featuredmedia":[{"embeddable":true,"href":"https:\/\/magazin.ikk-suedwest.de\/september-2025\/wp-json\/wp\/v2\/media\/9125"}],"wp:attachment":[{"href":"https:\/\/magazin.ikk-suedwest.de\/september-2025\/wp-json\/wp\/v2\/media?parent=8823"}],"wp:term":[{"taxonomy":"category","embeddable":true,"href":"https:\/\/magazin.ikk-suedwest.de\/september-2025\/wp-json\/wp\/v2\/categories?post=8823"},{"taxonomy":"post_tag","embeddable":true,"href":"https:\/\/magazin.ikk-suedwest.de\/september-2025\/wp-json\/wp\/v2\/tags?post=8823"}],"curies":[{"name":"wp","href":"https:\/\/api.w.org\/{rel}","templated":true}]}}