{"id":8855,"date":"2025-08-21T11:25:10","date_gmt":"2025-08-21T09:25:10","guid":{"rendered":"https:\/\/magazin.ikk-suedwest.de\/september-2025\/?p=8855"},"modified":"2025-08-21T11:25:10","modified_gmt":"2025-08-21T09:25:10","slug":"ausgezeichnet","status":"publish","type":"post","link":"https:\/\/magazin.ikk-suedwest.de\/september-2025\/ausgezeichnet\/","title":{"rendered":"Ausgezeichnet!"},"content":{"rendered":"<div class=\"shariff shariff-align-left shariff-widget-align-left\"><ul class=\"shariff-buttons theme-round orientation-horizontal buttonsize-medium\"><li class=\"shariff-button facebook shariff-nocustomcolor\" style=\"background-color:#4273c8\"><a href=\"https:\/\/www.facebook.com\/sharer\/sharer.php?u=https%3A%2F%2Fmagazin.ikk-suedwest.de%2Fseptember-2025%2Fausgezeichnet%2F\" title=\"Bei Facebook teilen\" aria-label=\"Bei Facebook teilen\" role=\"button\" rel=\"nofollow\" class=\"shariff-link\" style=\"; background-color:#3b5998; color:#fff\" target=\"_blank\"><span class=\"shariff-icon\" style=\"\"><svg width=\"32px\" height=\"20px\" xmlns=\"http:\/\/www.w3.org\/2000\/svg\" viewBox=\"0 0 18 32\"><path fill=\"#3b5998\" d=\"M17.1 0.2v4.7h-2.8q-1.5 0-2.1 0.6t-0.5 1.9v3.4h5.2l-0.7 5.3h-4.5v13.6h-5.5v-13.6h-4.5v-5.3h4.5v-3.9q0-3.3 1.9-5.2t5-1.8q2.6 0 4.1 0.2z\"\/><\/svg><\/span><\/a><\/li><li class=\"shariff-button whatsapp shariff-nocustomcolor\" style=\"background-color:#5cbe4a\"><a href=\"https:\/\/api.whatsapp.com\/send?text=https%3A%2F%2Fmagazin.ikk-suedwest.de%2Fseptember-2025%2Fausgezeichnet%2F%20Ausgezeichnet%21\" title=\"Bei Whatsapp teilen\" aria-label=\"Bei Whatsapp teilen\" role=\"button\" rel=\"noopener nofollow\" class=\"shariff-link\" style=\"; background-color:#34af23; color:#fff\" target=\"_blank\"><span class=\"shariff-icon\" style=\"\"><svg width=\"32px\" height=\"20px\" xmlns=\"http:\/\/www.w3.org\/2000\/svg\" viewBox=\"0 0 32 32\"><path fill=\"#34af23\" d=\"M17.6 17.4q0.2 0 1.7 0.8t1.6 0.9q0 0.1 0 0.3 0 0.6-0.3 1.4-0.3 0.7-1.3 1.2t-1.8 0.5q-1 0-3.4-1.1-1.7-0.8-3-2.1t-2.6-3.3q-1.3-1.9-1.3-3.5v-0.1q0.1-1.6 1.3-2.8 0.4-0.4 0.9-0.4 0.1 0 0.3 0t0.3 0q0.3 0 0.5 0.1t0.3 0.5q0.1 0.4 0.6 1.6t0.4 1.3q0 0.4-0.6 1t-0.6 0.8q0 0.1 0.1 0.3 0.6 1.3 1.8 2.4 1 0.9 2.7 1.8 0.2 0.1 0.4 0.1 0.3 0 1-0.9t0.9-0.9zM14 26.9q2.3 0 4.3-0.9t3.6-2.4 2.4-3.6 0.9-4.3-0.9-4.3-2.4-3.6-3.6-2.4-4.3-0.9-4.3 0.9-3.6 2.4-2.4 3.6-0.9 4.3q0 3.6 2.1 6.6l-1.4 4.2 4.3-1.4q2.8 1.9 6.2 1.9zM14 2.2q2.7 0 5.2 1.1t4.3 2.9 2.9 4.3 1.1 5.2-1.1 5.2-2.9 4.3-4.3 2.9-5.2 1.1q-3.5 0-6.5-1.7l-7.4 2.4 2.4-7.2q-1.9-3.2-1.9-6.9 0-2.7 1.1-5.2t2.9-4.3 4.3-2.9 5.2-1.1z\"\/><\/svg><\/span><\/a><\/li><li class=\"shariff-button mailto shariff-nocustomcolor\" style=\"background-color:#a8a8a8\"><a href=\"mailto:?body=https%3A%2F%2Fmagazin.ikk-suedwest.de%2Fseptember-2025%2Fausgezeichnet%2F&subject=Ausgezeichnet%21\" title=\"Per E-Mail versenden\" aria-label=\"Per E-Mail versenden\" role=\"button\" rel=\"noopener nofollow\" class=\"shariff-link\" style=\"; background-color:#999; color:#fff\"><span class=\"shariff-icon\" style=\"\"><svg width=\"32px\" height=\"20px\" xmlns=\"http:\/\/www.w3.org\/2000\/svg\" viewBox=\"0 0 32 32\"><path fill=\"#999\" d=\"M32 12.7v14.2q0 1.2-0.8 2t-2 0.9h-26.3q-1.2 0-2-0.9t-0.8-2v-14.2q0.8 0.9 1.8 1.6 6.5 4.4 8.9 6.1 1 0.8 1.6 1.2t1.7 0.9 2 0.4h0.1q0.9 0 2-0.4t1.7-0.9 1.6-1.2q3-2.2 8.9-6.1 1-0.7 1.8-1.6zM32 7.4q0 1.4-0.9 2.7t-2.2 2.2q-6.7 4.7-8.4 5.8-0.2 0.1-0.7 0.5t-1 0.7-0.9 0.6-1.1 0.5-0.9 0.2h-0.1q-0.4 0-0.9-0.2t-1.1-0.5-0.9-0.6-1-0.7-0.7-0.5q-1.6-1.1-4.7-3.2t-3.6-2.6q-1.1-0.7-2.1-2t-1-2.5q0-1.4 0.7-2.3t2.1-0.9h26.3q1.2 0 2 0.8t0.9 2z\"\/><\/svg><\/span><\/a><\/li><\/ul><\/div>\n\n\n\n<div style=\"height:20px\" aria-hidden=\"true\" class=\"wp-block-spacer\"><\/div>\n\n\n\n<figure class=\"wp-block-image size-large\"><img loading=\"lazy\" decoding=\"async\" width=\"1024\" height=\"684\" src=\"https:\/\/magazin.ikk-suedwest.de\/september-2025\/wp-content\/uploads\/sites\/15\/2025\/08\/ikk_fm_2502_s32_ernaehrungspreis-1024x684.jpg\" alt=\"\" class=\"wp-image-8936\" srcset=\"https:\/\/magazin.ikk-suedwest.de\/september-2025\/wp-content\/uploads\/sites\/15\/2025\/08\/ikk_fm_2502_s32_ernaehrungspreis-1024x684.jpg 1024w, https:\/\/magazin.ikk-suedwest.de\/september-2025\/wp-content\/uploads\/sites\/15\/2025\/08\/ikk_fm_2502_s32_ernaehrungspreis-300x200.jpg 300w, https:\/\/magazin.ikk-suedwest.de\/september-2025\/wp-content\/uploads\/sites\/15\/2025\/08\/ikk_fm_2502_s32_ernaehrungspreis-768x513.jpg 768w, https:\/\/magazin.ikk-suedwest.de\/september-2025\/wp-content\/uploads\/sites\/15\/2025\/08\/ikk_fm_2502_s32_ernaehrungspreis-370x247.jpg 370w, https:\/\/magazin.ikk-suedwest.de\/september-2025\/wp-content\/uploads\/sites\/15\/2025\/08\/ikk_fm_2502_s32_ernaehrungspreis-270x180.jpg 270w, https:\/\/magazin.ikk-suedwest.de\/september-2025\/wp-content\/uploads\/sites\/15\/2025\/08\/ikk_fm_2502_s32_ernaehrungspreis-570x381.jpg 570w, https:\/\/magazin.ikk-suedwest.de\/september-2025\/wp-content\/uploads\/sites\/15\/2025\/08\/ikk_fm_2502_s32_ernaehrungspreis-749x500.jpg 749w, https:\/\/magazin.ikk-suedwest.de\/september-2025\/wp-content\/uploads\/sites\/15\/2025\/08\/ikk_fm_2502_s32_ernaehrungspreis-740x494.jpg 740w, https:\/\/magazin.ikk-suedwest.de\/september-2025\/wp-content\/uploads\/sites\/15\/2025\/08\/ikk_fm_2502_s32_ernaehrungspreis.jpg 1225w\" sizes=\"auto, (max-width: 1024px) 100vw, 1024px\" \/><\/figure>\n\n\n\n<h1 class=\"wp-block-heading\">Ausgezeichnet!<\/h1>\n\n\n\n<p class=\"wp-block-paragraph\">Bereits zum dritten Mal verlieh die IKK S\u00fcdwest zusammen mit dem Ministerium f\u00fcr Umwelt, Klima, Mobilit\u00e4t, Agrar und Verbraucherschutz im Juli den Saarl\u00e4ndischen Ern\u00e4hrungspreis. Der Preis w\u00fcrdigt das Engagement von Kitas und Schulen, die sich im Rahmen besonderer Projekte im Schuljahr 2024\/2025 um die Ern\u00e4hrung von Kindern und Jugendlichen verdient gemacht haben.<\/p>\n\n\n\n<p class=\"wp-block-paragraph\">IKK-S\u00fcdwest-Vorstand Prof. Dr. J\u00f6rg Loth (6. v. l.), Verbraucherschutzministerin Petra Berg (5. v. l.) und Staatssekret\u00e4rin f\u00fcr Bildung und Kultur Jessica Heide (9. v. l.) zeichneten bei der feierlichen Verleihung insgesamt acht Bildungseinrichtungen aus. Zudem ehrten sie die drei Einrichtungen, deren Ma\u00dfnahmen mit dem gr\u00f6\u00dften Erfolg umgesetzt werden konnten: die Grundschule Hilbringen, die Johannes-Gutenberg-Schule Schwalbach und die Katholische Kita St. Raphael Bous.<\/p>\n\n\n\n<div class=\"wp-block-group has-gridlove-txt-color has-text-color has-link-color wp-elements-6558013fe7bca2d1715bc0a8ee96a826 is-layout-constrained wp-block-group-is-layout-constrained\">\n<div style=\"height:20px\" aria-hidden=\"true\" class=\"wp-block-spacer\"><\/div>\n\n\n\n<div class=\"wp-block-group is-layout-constrained wp-block-group-is-layout-constrained\"><div class=\"shariff shariff-align-left shariff-widget-align-left\"><ul class=\"shariff-buttons theme-round orientation-horizontal buttonsize-medium\"><li class=\"shariff-button facebook shariff-nocustomcolor\" style=\"background-color:#4273c8\"><a href=\"https:\/\/www.facebook.com\/sharer\/sharer.php?u=https%3A%2F%2Fmagazin.ikk-suedwest.de%2Fseptember-2025%2Fausgezeichnet%2F\" title=\"Bei Facebook teilen\" aria-label=\"Bei Facebook teilen\" role=\"button\" rel=\"nofollow\" class=\"shariff-link\" style=\"; background-color:#3b5998; color:#fff\" target=\"_blank\"><span class=\"shariff-icon\" style=\"\"><svg width=\"32px\" height=\"20px\" xmlns=\"http:\/\/www.w3.org\/2000\/svg\" viewBox=\"0 0 18 32\"><path fill=\"#3b5998\" d=\"M17.1 0.2v4.7h-2.8q-1.5 0-2.1 0.6t-0.5 1.9v3.4h5.2l-0.7 5.3h-4.5v13.6h-5.5v-13.6h-4.5v-5.3h4.5v-3.9q0-3.3 1.9-5.2t5-1.8q2.6 0 4.1 0.2z\"\/><\/svg><\/span><\/a><\/li><li class=\"shariff-button whatsapp shariff-nocustomcolor\" style=\"background-color:#5cbe4a\"><a href=\"https:\/\/api.whatsapp.com\/send?text=https%3A%2F%2Fmagazin.ikk-suedwest.de%2Fseptember-2025%2Fausgezeichnet%2F%20Ausgezeichnet%21\" title=\"Bei Whatsapp teilen\" aria-label=\"Bei Whatsapp teilen\" role=\"button\" rel=\"noopener nofollow\" class=\"shariff-link\" style=\"; background-color:#34af23; color:#fff\" target=\"_blank\"><span class=\"shariff-icon\" style=\"\"><svg width=\"32px\" height=\"20px\" xmlns=\"http:\/\/www.w3.org\/2000\/svg\" viewBox=\"0 0 32 32\"><path fill=\"#34af23\" d=\"M17.6 17.4q0.2 0 1.7 0.8t1.6 0.9q0 0.1 0 0.3 0 0.6-0.3 1.4-0.3 0.7-1.3 1.2t-1.8 0.5q-1 0-3.4-1.1-1.7-0.8-3-2.1t-2.6-3.3q-1.3-1.9-1.3-3.5v-0.1q0.1-1.6 1.3-2.8 0.4-0.4 0.9-0.4 0.1 0 0.3 0t0.3 0q0.3 0 0.5 0.1t0.3 0.5q0.1 0.4 0.6 1.6t0.4 1.3q0 0.4-0.6 1t-0.6 0.8q0 0.1 0.1 0.3 0.6 1.3 1.8 2.4 1 0.9 2.7 1.8 0.2 0.1 0.4 0.1 0.3 0 1-0.9t0.9-0.9zM14 26.9q2.3 0 4.3-0.9t3.6-2.4 2.4-3.6 0.9-4.3-0.9-4.3-2.4-3.6-3.6-2.4-4.3-0.9-4.3 0.9-3.6 2.4-2.4 3.6-0.9 4.3q0 3.6 2.1 6.6l-1.4 4.2 4.3-1.4q2.8 1.9 6.2 1.9zM14 2.2q2.7 0 5.2 1.1t4.3 2.9 2.9 4.3 1.1 5.2-1.1 5.2-2.9 4.3-4.3 2.9-5.2 1.1q-3.5 0-6.5-1.7l-7.4 2.4 2.4-7.2q-1.9-3.2-1.9-6.9 0-2.7 1.1-5.2t2.9-4.3 4.3-2.9 5.2-1.1z\"\/><\/svg><\/span><\/a><\/li><li class=\"shariff-button mailto shariff-nocustomcolor\" style=\"background-color:#a8a8a8\"><a href=\"mailto:?body=https%3A%2F%2Fmagazin.ikk-suedwest.de%2Fseptember-2025%2Fausgezeichnet%2F&subject=Ausgezeichnet%21\" title=\"Per E-Mail versenden\" aria-label=\"Per E-Mail versenden\" role=\"button\" rel=\"noopener nofollow\" class=\"shariff-link\" style=\"; background-color:#999; color:#fff\"><span class=\"shariff-icon\" style=\"\"><svg width=\"32px\" height=\"20px\" xmlns=\"http:\/\/www.w3.org\/2000\/svg\" viewBox=\"0 0 32 32\"><path fill=\"#999\" d=\"M32 12.7v14.2q0 1.2-0.8 2t-2 0.9h-26.3q-1.2 0-2-0.9t-0.8-2v-14.2q0.8 0.9 1.8 1.6 6.5 4.4 8.9 6.1 1 0.8 1.6 1.2t1.7 0.9 2 0.4h0.1q0.9 0 2-0.4t1.7-0.9 1.6-1.2q3-2.2 8.9-6.1 1-0.7 1.8-1.6zM32 7.4q0 1.4-0.9 2.7t-2.2 2.2q-6.7 4.7-8.4 5.8-0.2 0.1-0.7 0.5t-1 0.7-0.9 0.6-1.1 0.5-0.9 0.2h-0.1q-0.4 0-0.9-0.2t-1.1-0.5-0.9-0.6-1-0.7-0.7-0.5q-1.6-1.1-4.7-3.2t-3.6-2.6q-1.1-0.7-2.1-2t-1-2.5q0-1.4 0.7-2.3t2.1-0.9h26.3q1.2 0 2 0.8t0.9 2z\"\/><\/svg><\/span><\/a><\/li><\/ul><\/div>\n<\/div>\n<\/div>\n\n\n\n<div style=\"height:30px\" aria-hidden=\"true\" class=\"wp-block-spacer\"><\/div>\n\n\n\n<div class=\"wp-block-buttons is-horizontal is-content-justification-left is-layout-flex wp-container-core-buttons-is-layout-39697d9b wp-block-buttons-is-layout-flex\">\n<div class=\"wp-block-button\"><a class=\"wp-block-button__link has-background wp-element-button\" href=\"javascript:history.back()\" style=\"background-color:#009de9\">Zur\u00fcck<\/a><\/div>\n<\/div>\n","protected":false},"excerpt":{"rendered":"<p>Bereits zum dritten Mal verlieh die IKK S\u00fcdwest zusammen mit dem Ministerium f\u00fcr Umwelt, Klima, Mobilit\u00e4t &#8230;<\/p>\n","protected":false},"author":1,"featured_media":8936,"comment_status":"closed","ping_status":"open","sticky":false,"template":"","format":"standard","meta":{"_acf_changed":false,"_crdt_document":"","favoriteCount":6,"footnotes":""},"categories":[2],"tags":[],"class_list":["post-8855","post","type-post","status-publish","format-standard","has-post-thumbnail","hentry","category-aus-der-region"],"acf":[],"yoast_head":"<!-- This site is optimized with the Yoast SEO plugin v27.4 - https:\/\/yoast.com\/product\/yoast-seo-wordpress\/ -->\n<title>Ausgezeichnet! - September 2025<\/title>\n<meta name=\"robots\" content=\"noindex, follow, max-snippet:-1, max-image-preview:large, max-video-preview:-1\" \/>\n<meta property=\"og:locale\" content=\"de_DE\" \/>\n<meta property=\"og:type\" content=\"article\" \/>\n<meta property=\"og:title\" content=\"Ausgezeichnet! - September 2025\" \/>\n<meta property=\"og:description\" content=\"Bereits zum dritten Mal verlieh die IKK S\u00fcdwest zusammen mit dem Ministerium f\u00fcr Umwelt, Klima, Mobilit\u00e4t ...\" \/>\n<meta property=\"og:url\" content=\"https:\/\/magazin.ikk-suedwest.de\/september-2025\/ausgezeichnet\/\" \/>\n<meta property=\"og:site_name\" content=\"September 2025\" \/>\n<meta property=\"article:published_time\" content=\"2025-08-21T09:25:10+00:00\" \/>\n<meta property=\"og:image\" content=\"https:\/\/magazin.ikk-suedwest.de\/september-2025\/wp-content\/uploads\/sites\/15\/2025\/08\/ikk_fm_2502_s32_ernaehrungspreis.jpg\" \/>\n\t<meta property=\"og:image:width\" content=\"1225\" \/>\n\t<meta property=\"og:image:height\" content=\"818\" \/>\n\t<meta property=\"og:image:type\" content=\"image\/jpeg\" \/>\n<meta name=\"author\" content=\"fbo_master\" \/>\n<meta name=\"twitter:card\" content=\"summary_large_image\" \/>\n<meta name=\"twitter:label1\" content=\"Geschrieben von\" \/>\n\t<meta name=\"twitter:data1\" content=\"fbo_master\" \/>\n\t<meta name=\"twitter:label2\" content=\"Gesch\u00e4tzte Lesezeit\" \/>\n\t<meta name=\"twitter:data2\" content=\"2\u00a0Minuten\" \/>\n<script type=\"application\/ld+json\" class=\"yoast-schema-graph\">{\"@context\":\"https:\\\/\\\/schema.org\",\"@graph\":[{\"@type\":\"Article\",\"@id\":\"https:\\\/\\\/magazin.ikk-suedwest.de\\\/september-2025\\\/ausgezeichnet\\\/#article\",\"isPartOf\":{\"@id\":\"https:\\\/\\\/magazin.ikk-suedwest.de\\\/september-2025\\\/ausgezeichnet\\\/\"},\"author\":{\"name\":\"fbo_master\",\"@id\":\"https:\\\/\\\/magazin.ikk-suedwest.de\\\/september-2025\\\/#\\\/schema\\\/person\\\/636237f711a5aed151e44ddcc2de114a\"},\"headline\":\"Ausgezeichnet!\",\"datePublished\":\"2025-08-21T09:25:10+00:00\",\"mainEntityOfPage\":{\"@id\":\"https:\\\/\\\/magazin.ikk-suedwest.de\\\/september-2025\\\/ausgezeichnet\\\/\"},\"wordCount\":129,\"image\":{\"@id\":\"https:\\\/\\\/magazin.ikk-suedwest.de\\\/september-2025\\\/ausgezeichnet\\\/#primaryimage\"},\"thumbnailUrl\":\"https:\\\/\\\/magazin.ikk-suedwest.de\\\/september-2025\\\/wp-content\\\/uploads\\\/sites\\\/15\\\/2025\\\/08\\\/ikk_fm_2502_s32_ernaehrungspreis.jpg\",\"articleSection\":[\"Aus der Region\"],\"inLanguage\":\"de\"},{\"@type\":\"WebPage\",\"@id\":\"https:\\\/\\\/magazin.ikk-suedwest.de\\\/september-2025\\\/ausgezeichnet\\\/\",\"url\":\"https:\\\/\\\/magazin.ikk-suedwest.de\\\/september-2025\\\/ausgezeichnet\\\/\",\"name\":\"Ausgezeichnet! - September 2025\",\"isPartOf\":{\"@id\":\"https:\\\/\\\/magazin.ikk-suedwest.de\\\/september-2025\\\/#website\"},\"primaryImageOfPage\":{\"@id\":\"https:\\\/\\\/magazin.ikk-suedwest.de\\\/september-2025\\\/ausgezeichnet\\\/#primaryimage\"},\"image\":{\"@id\":\"https:\\\/\\\/magazin.ikk-suedwest.de\\\/september-2025\\\/ausgezeichnet\\\/#primaryimage\"},\"thumbnailUrl\":\"https:\\\/\\\/magazin.ikk-suedwest.de\\\/september-2025\\\/wp-content\\\/uploads\\\/sites\\\/15\\\/2025\\\/08\\\/ikk_fm_2502_s32_ernaehrungspreis.jpg\",\"datePublished\":\"2025-08-21T09:25:10+00:00\",\"author\":{\"@id\":\"https:\\\/\\\/magazin.ikk-suedwest.de\\\/september-2025\\\/#\\\/schema\\\/person\\\/636237f711a5aed151e44ddcc2de114a\"},\"breadcrumb\":{\"@id\":\"https:\\\/\\\/magazin.ikk-suedwest.de\\\/september-2025\\\/ausgezeichnet\\\/#breadcrumb\"},\"inLanguage\":\"de\",\"potentialAction\":[{\"@type\":\"ReadAction\",\"target\":[\"https:\\\/\\\/magazin.ikk-suedwest.de\\\/september-2025\\\/ausgezeichnet\\\/\"]}]},{\"@type\":\"ImageObject\",\"inLanguage\":\"de\",\"@id\":\"https:\\\/\\\/magazin.ikk-suedwest.de\\\/september-2025\\\/ausgezeichnet\\\/#primaryimage\",\"url\":\"https:\\\/\\\/magazin.ikk-suedwest.de\\\/september-2025\\\/wp-content\\\/uploads\\\/sites\\\/15\\\/2025\\\/08\\\/ikk_fm_2502_s32_ernaehrungspreis.jpg\",\"contentUrl\":\"https:\\\/\\\/magazin.ikk-suedwest.de\\\/september-2025\\\/wp-content\\\/uploads\\\/sites\\\/15\\\/2025\\\/08\\\/ikk_fm_2502_s32_ernaehrungspreis.jpg\",\"width\":1225,\"height\":818},{\"@type\":\"BreadcrumbList\",\"@id\":\"https:\\\/\\\/magazin.ikk-suedwest.de\\\/september-2025\\\/ausgezeichnet\\\/#breadcrumb\",\"itemListElement\":[{\"@type\":\"ListItem\",\"position\":1,\"name\":\"Startseite\",\"item\":\"https:\\\/\\\/magazin.ikk-suedwest.de\\\/september-2025\\\/\"},{\"@type\":\"ListItem\",\"position\":2,\"name\":\"Ausgezeichnet!\"}]},{\"@type\":\"WebSite\",\"@id\":\"https:\\\/\\\/magazin.ikk-suedwest.de\\\/september-2025\\\/#website\",\"url\":\"https:\\\/\\\/magazin.ikk-suedwest.de\\\/september-2025\\\/\",\"name\":\"September 2025\",\"description\":\"Eine weitere IKK Magazin Ausgaben Website\",\"potentialAction\":[{\"@type\":\"SearchAction\",\"target\":{\"@type\":\"EntryPoint\",\"urlTemplate\":\"https:\\\/\\\/magazin.ikk-suedwest.de\\\/september-2025\\\/?s={search_term_string}\"},\"query-input\":{\"@type\":\"PropertyValueSpecification\",\"valueRequired\":true,\"valueName\":\"search_term_string\"}}],\"inLanguage\":\"de\"},{\"@type\":\"Person\",\"@id\":\"https:\\\/\\\/magazin.ikk-suedwest.de\\\/september-2025\\\/#\\\/schema\\\/person\\\/636237f711a5aed151e44ddcc2de114a\",\"name\":\"fbo_master\",\"image\":{\"@type\":\"ImageObject\",\"inLanguage\":\"de\",\"@id\":\"https:\\\/\\\/secure.gravatar.com\\\/avatar\\\/5e042e587c1d6c68d3fadd024e871a65399da22a9ef5e23b274af331bde574af?s=96&d=mm&r=g\",\"url\":\"https:\\\/\\\/secure.gravatar.com\\\/avatar\\\/5e042e587c1d6c68d3fadd024e871a65399da22a9ef5e23b274af331bde574af?s=96&d=mm&r=g\",\"contentUrl\":\"https:\\\/\\\/secure.gravatar.com\\\/avatar\\\/5e042e587c1d6c68d3fadd024e871a65399da22a9ef5e23b274af331bde574af?s=96&d=mm&r=g\",\"caption\":\"fbo_master\"},\"sameAs\":[\"https:\\\/\\\/magazin.ikk-suedwest.de\"],\"url\":\"https:\\\/\\\/magazin.ikk-suedwest.de\\\/september-2025\\\/author\\\/fbo_master\\\/\"}]}<\/script>\n<!-- \/ Yoast SEO plugin. -->","yoast_head_json":{"title":"Ausgezeichnet! - September 2025","robots":{"index":"noindex","follow":"follow","max-snippet":"max-snippet:-1","max-image-preview":"max-image-preview:large","max-video-preview":"max-video-preview:-1"},"og_locale":"de_DE","og_type":"article","og_title":"Ausgezeichnet! - September 2025","og_description":"Bereits zum dritten Mal verlieh die IKK S\u00fcdwest zusammen mit dem Ministerium f\u00fcr Umwelt, Klima, Mobilit\u00e4t ...","og_url":"https:\/\/magazin.ikk-suedwest.de\/september-2025\/ausgezeichnet\/","og_site_name":"September 2025","article_published_time":"2025-08-21T09:25:10+00:00","og_image":[{"width":1225,"height":818,"url":"https:\/\/magazin.ikk-suedwest.de\/september-2025\/wp-content\/uploads\/sites\/15\/2025\/08\/ikk_fm_2502_s32_ernaehrungspreis.jpg","type":"image\/jpeg"}],"author":"fbo_master","twitter_card":"summary_large_image","twitter_misc":{"Geschrieben von":"fbo_master","Gesch\u00e4tzte Lesezeit":"2\u00a0Minuten"},"schema":{"@context":"https:\/\/schema.org","@graph":[{"@type":"Article","@id":"https:\/\/magazin.ikk-suedwest.de\/september-2025\/ausgezeichnet\/#article","isPartOf":{"@id":"https:\/\/magazin.ikk-suedwest.de\/september-2025\/ausgezeichnet\/"},"author":{"name":"fbo_master","@id":"https:\/\/magazin.ikk-suedwest.de\/september-2025\/#\/schema\/person\/636237f711a5aed151e44ddcc2de114a"},"headline":"Ausgezeichnet!","datePublished":"2025-08-21T09:25:10+00:00","mainEntityOfPage":{"@id":"https:\/\/magazin.ikk-suedwest.de\/september-2025\/ausgezeichnet\/"},"wordCount":129,"image":{"@id":"https:\/\/magazin.ikk-suedwest.de\/september-2025\/ausgezeichnet\/#primaryimage"},"thumbnailUrl":"https:\/\/magazin.ikk-suedwest.de\/september-2025\/wp-content\/uploads\/sites\/15\/2025\/08\/ikk_fm_2502_s32_ernaehrungspreis.jpg","articleSection":["Aus der Region"],"inLanguage":"de"},{"@type":"WebPage","@id":"https:\/\/magazin.ikk-suedwest.de\/september-2025\/ausgezeichnet\/","url":"https:\/\/magazin.ikk-suedwest.de\/september-2025\/ausgezeichnet\/","name":"Ausgezeichnet! - September 2025","isPartOf":{"@id":"https:\/\/magazin.ikk-suedwest.de\/september-2025\/#website"},"primaryImageOfPage":{"@id":"https:\/\/magazin.ikk-suedwest.de\/september-2025\/ausgezeichnet\/#primaryimage"},"image":{"@id":"https:\/\/magazin.ikk-suedwest.de\/september-2025\/ausgezeichnet\/#primaryimage"},"thumbnailUrl":"https:\/\/magazin.ikk-suedwest.de\/september-2025\/wp-content\/uploads\/sites\/15\/2025\/08\/ikk_fm_2502_s32_ernaehrungspreis.jpg","datePublished":"2025-08-21T09:25:10+00:00","author":{"@id":"https:\/\/magazin.ikk-suedwest.de\/september-2025\/#\/schema\/person\/636237f711a5aed151e44ddcc2de114a"},"breadcrumb":{"@id":"https:\/\/magazin.ikk-suedwest.de\/september-2025\/ausgezeichnet\/#breadcrumb"},"inLanguage":"de","potentialAction":[{"@type":"ReadAction","target":["https:\/\/magazin.ikk-suedwest.de\/september-2025\/ausgezeichnet\/"]}]},{"@type":"ImageObject","inLanguage":"de","@id":"https:\/\/magazin.ikk-suedwest.de\/september-2025\/ausgezeichnet\/#primaryimage","url":"https:\/\/magazin.ikk-suedwest.de\/september-2025\/wp-content\/uploads\/sites\/15\/2025\/08\/ikk_fm_2502_s32_ernaehrungspreis.jpg","contentUrl":"https:\/\/magazin.ikk-suedwest.de\/september-2025\/wp-content\/uploads\/sites\/15\/2025\/08\/ikk_fm_2502_s32_ernaehrungspreis.jpg","width":1225,"height":818},{"@type":"BreadcrumbList","@id":"https:\/\/magazin.ikk-suedwest.de\/september-2025\/ausgezeichnet\/#breadcrumb","itemListElement":[{"@type":"ListItem","position":1,"name":"Startseite","item":"https:\/\/magazin.ikk-suedwest.de\/september-2025\/"},{"@type":"ListItem","position":2,"name":"Ausgezeichnet!"}]},{"@type":"WebSite","@id":"https:\/\/magazin.ikk-suedwest.de\/september-2025\/#website","url":"https:\/\/magazin.ikk-suedwest.de\/september-2025\/","name":"September 2025","description":"Eine weitere IKK Magazin Ausgaben Website","potentialAction":[{"@type":"SearchAction","target":{"@type":"EntryPoint","urlTemplate":"https:\/\/magazin.ikk-suedwest.de\/september-2025\/?s={search_term_string}"},"query-input":{"@type":"PropertyValueSpecification","valueRequired":true,"valueName":"search_term_string"}}],"inLanguage":"de"},{"@type":"Person","@id":"https:\/\/magazin.ikk-suedwest.de\/september-2025\/#\/schema\/person\/636237f711a5aed151e44ddcc2de114a","name":"fbo_master","image":{"@type":"ImageObject","inLanguage":"de","@id":"https:\/\/secure.gravatar.com\/avatar\/5e042e587c1d6c68d3fadd024e871a65399da22a9ef5e23b274af331bde574af?s=96&d=mm&r=g","url":"https:\/\/secure.gravatar.com\/avatar\/5e042e587c1d6c68d3fadd024e871a65399da22a9ef5e23b274af331bde574af?s=96&d=mm&r=g","contentUrl":"https:\/\/secure.gravatar.com\/avatar\/5e042e587c1d6c68d3fadd024e871a65399da22a9ef5e23b274af331bde574af?s=96&d=mm&r=g","caption":"fbo_master"},"sameAs":["https:\/\/magazin.ikk-suedwest.de"],"url":"https:\/\/magazin.ikk-suedwest.de\/september-2025\/author\/fbo_master\/"}]}},"_links":{"self":[{"href":"https:\/\/magazin.ikk-suedwest.de\/september-2025\/wp-json\/wp\/v2\/posts\/8855","targetHints":{"allow":["GET"]}}],"collection":[{"href":"https:\/\/magazin.ikk-suedwest.de\/september-2025\/wp-json\/wp\/v2\/posts"}],"about":[{"href":"https:\/\/magazin.ikk-suedwest.de\/september-2025\/wp-json\/wp\/v2\/types\/post"}],"author":[{"embeddable":true,"href":"https:\/\/magazin.ikk-suedwest.de\/september-2025\/wp-json\/wp\/v2\/users\/1"}],"replies":[{"embeddable":true,"href":"https:\/\/magazin.ikk-suedwest.de\/september-2025\/wp-json\/wp\/v2\/comments?post=8855"}],"version-history":[{"count":2,"href":"https:\/\/magazin.ikk-suedwest.de\/september-2025\/wp-json\/wp\/v2\/posts\/8855\/revisions"}],"predecessor-version":[{"id":8937,"href":"https:\/\/magazin.ikk-suedwest.de\/september-2025\/wp-json\/wp\/v2\/posts\/8855\/revisions\/8937"}],"wp:featuredmedia":[{"embeddable":true,"href":"https:\/\/magazin.ikk-suedwest.de\/september-2025\/wp-json\/wp\/v2\/media\/8936"}],"wp:attachment":[{"href":"https:\/\/magazin.ikk-suedwest.de\/september-2025\/wp-json\/wp\/v2\/media?parent=8855"}],"wp:term":[{"taxonomy":"category","embeddable":true,"href":"https:\/\/magazin.ikk-suedwest.de\/september-2025\/wp-json\/wp\/v2\/categories?post=8855"},{"taxonomy":"post_tag","embeddable":true,"href":"https:\/\/magazin.ikk-suedwest.de\/september-2025\/wp-json\/wp\/v2\/tags?post=8855"}],"curies":[{"name":"wp","href":"https:\/\/api.w.org\/{rel}","templated":true}]}}